{"id":4079,"date":"2023-04-05T18:22:43","date_gmt":"2023-04-05T21:22:43","guid":{"rendered":"http:\/\/www.fmtrance.com\/online\/?p=4079"},"modified":"2023-04-25T18:25:13","modified_gmt":"2023-04-25T21:25:13","slug":"distinguieron-a-eruca-sativa-como-personalidad-destacada-de-la-cultura-en-la-legislatura","status":"publish","type":"post","link":"https:\/\/www.fmtrance.com\/online\/distinguieron-a-eruca-sativa-como-personalidad-destacada-de-la-cultura-en-la-legislatura\/","title":{"rendered":"Distinguieron a Eruca Sativa como Personalidad Destacada de la Cultura en la Legislatura"},"content":{"rendered":"<p><strong><em>Conformada por Lula Bertoldi, Brenda Martin y Gabriel Pedernera, recibi\u00f3 la distinci\u00f3n en el \u00e1mbito de la Cultura de la Ciudad de Buenos Aires, en un acto que cerr\u00f3 con un mini recital del tr\u00edo rockero.<\/em><\/strong><\/p>\n<p>La banda\u00a0<strong>Eruca Sativa<\/strong>, conformada por\u00a0<strong>Lula Bertoldi, Brenda Martin y Gabriel Pedernera,<\/strong>\u00a0recibi\u00f3 ayer martes la distinci\u00f3n de\u00a0<strong>Personalidad Destacada en el \u00e1mbito de la Cultura de la Ciudad de Buenos Aires<\/strong>, en un acto en la\u00a0<strong>Legislatura porte\u00f1a\u00a0<\/strong>que cerr\u00f3 con un mini recital del tr\u00edo rockero.<\/p>\n<p>La celebraci\u00f3n fue en el<strong>\u00a0Sal\u00f3n Dorado de la Legislatura,<\/strong>\u00a0a instancias de un proyecto del diputado del\u00a0<strong>Frente de Todos Juan Pablo Modarelli<\/strong>\u00a0que fue aprobado en noviembre pasado, y cont\u00f3 con la presencia de amigos y familiares de la banda, entre ellos,\u00a0<strong>Marilina Bertoldi.<\/strong><\/p>\n<p><em>\u201cEstamos muy felices por este homenaje<\/em>\u201d, dijo\u00a0<strong>Lula<\/strong>\u00a0tras recibir el diploma de reconocimiento junto a sus dos compa\u00f1eros y se\u00f1al\u00f3 que\u00a0<em>\u201chay que recordar que el arte es una herramienta de cambio social y que cada canci\u00f3n es una oportunidad de cambiar algo\u201d.<\/em>\u00a0Agreg\u00f3 que\u00a0<em>\u201chace 15 a\u00f1os que estamos juntos y seguimos eligiendo estar juntos como compa\u00f1eros de banda y como hermanos\u201d.<br \/>\n<\/em><br \/>\nPor su parte,\u00a0<strong>Brenda<\/strong>\u00a0agradeci\u00f3 la distinci\u00f3n como\u00a0<strong>Personalidad Destacada en el \u00e1mbito de la Cultura\u00a0<\/strong>a la banda\u00a0<em>\u201ccomo una identidad construida en conjunto y por encima de las individualidades\u201d.<\/em><\/p>\n<p><em>\u201cEl reconocimiento a\u00a0<strong>Eruca Sativa<\/strong>\u00a0como es un merecido homenaje a su trayectoria y a su importante contribuci\u00f3n al enriquecimiento de la cultura musical de nuestro pa\u00eds\u201d<\/em>, explic\u00f3\u00a0<strong>Modarelli.<\/strong>\u00a0Y sostuvo que la declaraci\u00f3n apunta tambi\u00e9n a destacar su rol de\u00a0<em>\u201cartistas populares\u201d y les pidi\u00f3 que \u201cnunca dejen de luchar por sus ideales\u201d.<\/em><\/p>\n<p>Al cierre del acto, los m\u00fasicos homenajeados ofrecieron a los presentes un repaso de su carrera con canciones como \u201c<strong>Seremos primavera\u201d, \u201cPara que sigamos siendo\u201d, \u201cMagoo\u201d y \u201cSorojchi\u201d.<\/strong><\/p>\n<p>El tr\u00edo lanz\u00f3\u00a0<strong>&#8220;Dopelganga&#8221;<\/strong>\u00a0a finales del 2022 un nuevo disco de estudio en el que reversiona\u00a0<strong>cl\u00e1sicos del rock argentino\u00a0<\/strong>y de la\u00a0<strong>m\u00fasica latinoamericana.\u00a0<\/strong>Entre las composiciones abordadas desde la reconocida est\u00e9tica sonora rockera de la banda aparecen\u00a0<strong>&#8220;Coraz\u00f3n delator&#8221; de Soda Stereo, &#8220;Las habladur\u00edas del mundo&#8221; de Pescado Rabioso y &#8220;Sola en los bares&#8221; de Man Ray.<\/strong><\/p>\n<p>El lanzamiento de\u00a0<strong>&#8220;Dopelganga&#8221;<\/strong>, grabado en los\u00a0<strong>estudios Woman<\/strong>, coincide con los 15 a\u00f1os de vida del tr\u00edo que integran\u00a0<strong>Lula Bertoli\u00a0<\/strong>en guitarra y voz,\u00a0<strong>Brenda Martin\u00a0<\/strong>en bajo y coros, y\u00a0<strong>Gabriel Pedernera<\/strong>\u00a0en bater\u00eda y coros.<\/p>\n","protected":false},"excerpt":{"rendered":"<p>Conformada por Lula Bertoldi, Brenda Martin y Gabriel Pedernera, recibi\u00f3 la distinci\u00f3n en el \u00e1mbito de la Cultura de la<\/p>\n","protected":false},"author":1,"featured_media":4080,"comment_status":"open","ping_status":"closed","sticky":false,"template":"","format":"standard","meta":{"footnotes":""},"categories":[1],"tags":[1726],"class_list":["post-4079","post","type-post","status-publish","format-standard","has-post-thumbnail","hentry","category-uncategorized","tag-uncategorized"],"yoast_head":"<!-- This site is optimized with the Yoast SEO plugin v24.6 - https:\/\/yoast.com\/wordpress\/plugins\/seo\/ -->\n<title>Distinguieron a Eruca Sativa como Personalidad Destacada de la Cultura en la Legislatura | FM Trance 103.3<\/title>\n<meta name=\"robots\" content=\"index, follow, max-snippet:-1, max-image-preview:large, max-video-preview:-1\" \/>\n<link rel=\"canonical\" href=\"https:\/\/www.fmtrance.com\/online\/distinguieron-a-eruca-sativa-como-personalidad-destacada-de-la-cultura-en-la-legislatura\/\" \/>\n<meta property=\"og:locale\" content=\"es_ES\" \/>\n<meta property=\"og:type\" content=\"article\" \/>\n<meta property=\"og:title\" content=\"Distinguieron a Eruca Sativa como Personalidad Destacada de la Cultura en la Legislatura | FM Trance 103.3\" \/>\n<meta property=\"og:description\" content=\"Conformada por Lula Bertoldi, Brenda Martin y Gabriel Pedernera, recibi\u00f3 la distinci\u00f3n en el \u00e1mbito de la Cultura de la\" \/>\n<meta property=\"og:url\" content=\"https:\/\/www.fmtrance.com\/online\/distinguieron-a-eruca-sativa-como-personalidad-destacada-de-la-cultura-en-la-legislatura\/\" \/>\n<meta property=\"og:site_name\" content=\"FM Trance 103.3\" \/>\n<meta property=\"article:publisher\" content=\"https:\/\/www.facebook.com\/fmtrance\" \/>\n<meta property=\"article:published_time\" content=\"2023-04-05T21:22:43+00:00\" \/>\n<meta property=\"article:modified_time\" content=\"2023-04-25T21:25:13+00:00\" \/>\n<meta property=\"og:image\" content=\"https:\/\/www.fmtrance.com\/online\/wp-content\/uploads\/2023\/04\/642d729763ff3_800x488.jpg\" \/>\n\t<meta property=\"og:image:width\" content=\"800\" \/>\n\t<meta property=\"og:image:height\" content=\"488\" \/>\n\t<meta property=\"og:image:type\" content=\"image\/jpeg\" \/>\n<meta name=\"author\" content=\"Redaccion FM Trance\" \/>\n<meta name=\"twitter:card\" content=\"summary_large_image\" \/>\n<meta name=\"twitter:creator\" content=\"@fmtrance\" \/>\n<meta name=\"twitter:site\" content=\"@fmtrance\" \/>\n<meta name=\"twitter:label1\" content=\"Escrito por\" \/>\n\t<meta name=\"twitter:data1\" content=\"Redaccion FM Trance\" \/>\n\t<meta name=\"twitter:label2\" content=\"Tiempo de lectura\" \/>\n\t<meta name=\"twitter:data2\" content=\"2 minutos\" \/>\n<script type=\"application\/ld+json\" class=\"yoast-schema-graph\">{\"@context\":\"https:\/\/schema.org\",\"@graph\":[{\"@type\":\"Article\",\"@id\":\"https:\/\/www.fmtrance.com\/online\/distinguieron-a-eruca-sativa-como-personalidad-destacada-de-la-cultura-en-la-legislatura\/#article\",\"isPartOf\":{\"@id\":\"https:\/\/www.fmtrance.com\/online\/distinguieron-a-eruca-sativa-como-personalidad-destacada-de-la-cultura-en-la-legislatura\/\"},\"author\":{\"name\":\"Redaccion FM Trance\",\"@id\":\"https:\/\/www.fmtrance.com\/online\/#\/schema\/person\/686af7f826dd2f08b36b4760b7dcdddd\"},\"headline\":\"Distinguieron a Eruca Sativa como Personalidad Destacada de la Cultura en la Legislatura\",\"datePublished\":\"2023-04-05T21:22:43+00:00\",\"dateModified\":\"2023-04-25T21:25:13+00:00\",\"mainEntityOfPage\":{\"@id\":\"https:\/\/www.fmtrance.com\/online\/distinguieron-a-eruca-sativa-como-personalidad-destacada-de-la-cultura-en-la-legislatura\/\"},\"wordCount\":444,\"commentCount\":0,\"publisher\":{\"@id\":\"https:\/\/www.fmtrance.com\/online\/#organization\"},\"image\":{\"@id\":\"https:\/\/www.fmtrance.com\/online\/distinguieron-a-eruca-sativa-como-personalidad-destacada-de-la-cultura-en-la-legislatura\/#primaryimage\"},\"thumbnailUrl\":\"https:\/\/www.fmtrance.com\/online\/wp-content\/uploads\/2023\/04\/642d729763ff3_800x488.jpg\",\"keywords\":[\"Uncategorized\"],\"articleSection\":[\"Noticias\"],\"inLanguage\":\"es-AR\",\"potentialAction\":[{\"@type\":\"CommentAction\",\"name\":\"Comment\",\"target\":[\"https:\/\/www.fmtrance.com\/online\/distinguieron-a-eruca-sativa-como-personalidad-destacada-de-la-cultura-en-la-legislatura\/#respond\"]}]},{\"@type\":\"WebPage\",\"@id\":\"https:\/\/www.fmtrance.com\/online\/distinguieron-a-eruca-sativa-como-personalidad-destacada-de-la-cultura-en-la-legislatura\/\",\"url\":\"https:\/\/www.fmtrance.com\/online\/distinguieron-a-eruca-sativa-como-personalidad-destacada-de-la-cultura-en-la-legislatura\/\",\"name\":\"Distinguieron a Eruca Sativa como Personalidad Destacada de la Cultura en la Legislatura | FM Trance 103.3\",\"isPartOf\":{\"@id\":\"https:\/\/www.fmtrance.com\/online\/#website\"},\"primaryImageOfPage\":{\"@id\":\"https:\/\/www.fmtrance.com\/online\/distinguieron-a-eruca-sativa-como-personalidad-destacada-de-la-cultura-en-la-legislatura\/#primaryimage\"},\"image\":{\"@id\":\"https:\/\/www.fmtrance.com\/online\/distinguieron-a-eruca-sativa-como-personalidad-destacada-de-la-cultura-en-la-legislatura\/#primaryimage\"},\"thumbnailUrl\":\"https:\/\/www.fmtrance.com\/online\/wp-content\/uploads\/2023\/04\/642d729763ff3_800x488.jpg\",\"datePublished\":\"2023-04-05T21:22:43+00:00\",\"dateModified\":\"2023-04-25T21:25:13+00:00\",\"breadcrumb\":{\"@id\":\"https:\/\/www.fmtrance.com\/online\/distinguieron-a-eruca-sativa-como-personalidad-destacada-de-la-cultura-en-la-legislatura\/#breadcrumb\"},\"inLanguage\":\"es-AR\",\"potentialAction\":[{\"@type\":\"ReadAction\",\"target\":[\"https:\/\/www.fmtrance.com\/online\/distinguieron-a-eruca-sativa-como-personalidad-destacada-de-la-cultura-en-la-legislatura\/\"]}]},{\"@type\":\"ImageObject\",\"inLanguage\":\"es-AR\",\"@id\":\"https:\/\/www.fmtrance.com\/online\/distinguieron-a-eruca-sativa-como-personalidad-destacada-de-la-cultura-en-la-legislatura\/#primaryimage\",\"url\":\"https:\/\/www.fmtrance.com\/online\/wp-content\/uploads\/2023\/04\/642d729763ff3_800x488.jpg\",\"contentUrl\":\"https:\/\/www.fmtrance.com\/online\/wp-content\/uploads\/2023\/04\/642d729763ff3_800x488.jpg\",\"width\":800,\"height\":488},{\"@type\":\"BreadcrumbList\",\"@id\":\"https:\/\/www.fmtrance.com\/online\/distinguieron-a-eruca-sativa-como-personalidad-destacada-de-la-cultura-en-la-legislatura\/#breadcrumb\",\"itemListElement\":[{\"@type\":\"ListItem\",\"position\":1,\"name\":\"Inicio\",\"item\":\"https:\/\/www.fmtrance.com\/online\/\"},{\"@type\":\"ListItem\",\"position\":2,\"name\":\"Distinguieron a Eruca Sativa como Personalidad Destacada de la Cultura en la Legislatura\"}]},{\"@type\":\"WebSite\",\"@id\":\"https:\/\/www.fmtrance.com\/online\/#website\",\"url\":\"https:\/\/www.fmtrance.com\/online\/\",\"name\":\"FM Trance 103.3\",\"description\":\"CABA. Radio de musica electronica\",\"publisher\":{\"@id\":\"https:\/\/www.fmtrance.com\/online\/#organization\"},\"potentialAction\":[{\"@type\":\"SearchAction\",\"target\":{\"@type\":\"EntryPoint\",\"urlTemplate\":\"https:\/\/www.fmtrance.com\/online\/?s={search_term_string}\"},\"query-input\":{\"@type\":\"PropertyValueSpecification\",\"valueRequired\":true,\"valueName\":\"search_term_string\"}}],\"inLanguage\":\"es-AR\"},{\"@type\":\"Organization\",\"@id\":\"https:\/\/www.fmtrance.com\/online\/#organization\",\"name\":\"FM TRANCE\",\"url\":\"https:\/\/www.fmtrance.com\/online\/\",\"logo\":{\"@type\":\"ImageObject\",\"inLanguage\":\"es-AR\",\"@id\":\"https:\/\/www.fmtrance.com\/online\/#\/schema\/logo\/image\/\",\"url\":\"https:\/\/www.fmtrance.com\/online\/wp-content\/uploads\/2025\/03\/LOGO-WEB.png\",\"contentUrl\":\"https:\/\/www.fmtrance.com\/online\/wp-content\/uploads\/2025\/03\/LOGO-WEB.png\",\"width\":500,\"height\":500,\"caption\":\"FM TRANCE\"},\"image\":{\"@id\":\"https:\/\/www.fmtrance.com\/online\/#\/schema\/logo\/image\/\"},\"sameAs\":[\"https:\/\/www.facebook.com\/fmtrance\",\"https:\/\/x.com\/fmtrance\",\"https:\/\/www.instagram.com\/fmtrance\"]},{\"@type\":\"Person\",\"@id\":\"https:\/\/www.fmtrance.com\/online\/#\/schema\/person\/686af7f826dd2f08b36b4760b7dcdddd\",\"name\":\"Redaccion FM Trance\",\"image\":{\"@type\":\"ImageObject\",\"inLanguage\":\"es-AR\",\"@id\":\"https:\/\/www.fmtrance.com\/online\/#\/schema\/person\/image\/\",\"url\":\"https:\/\/secure.gravatar.com\/avatar\/c9d0afa8b0785bea8046a42861739f0a26fb9e8da739ce032e6598dc2981bc38?s=96&r=g\",\"contentUrl\":\"https:\/\/secure.gravatar.com\/avatar\/c9d0afa8b0785bea8046a42861739f0a26fb9e8da739ce032e6598dc2981bc38?s=96&r=g\",\"caption\":\"Redaccion FM Trance\"},\"description\":\"Fundador y Director general de FM Trance. Nacido el 24 de Septiembre de 1987, en Caballito, Ciudad Autonoma de Buenos Aires. Alguien de Radio desde siempre: ya a los 9 a\u00f1os de edad como radioescucha, sintonizando estaci\u00f3nes de AM, FM, onda corta, TV UHF\/VHF, y dem\u00e1s servicios. Se desempe\u00f1\u00f3 como Operador T\u00e9cnico en diferentes emisoras locales de CABA y GBA, y hasta el dia de hoy sigue ejerciendo desde la parte t\u00e9cnica, realizando trabajos en varias Radios. Egresado del ISER de la carrera de Operador Tecnico de Planta Transmisora, cursando actualmente la carrera de Operador Tecnico de Estudios de Radio en dicha instituci\u00f3n, y flamante radioaficionado (habiendo completado el curso en el Radioclub Buenos Aires), distintiva LU2DBK.\",\"url\":\"https:\/\/www.fmtrance.com\/online\/author\/fmtrance\/\"}]}<\/script>\n<!-- \/ Yoast SEO plugin. -->","yoast_head_json":{"title":"Distinguieron a Eruca Sativa como Personalidad Destacada de la Cultura en la Legislatura | FM Trance 103.3","robots":{"index":"index","follow":"follow","max-snippet":"max-snippet:-1","max-image-preview":"max-image-preview:large","max-video-preview":"max-video-preview:-1"},"canonical":"https:\/\/www.fmtrance.com\/online\/distinguieron-a-eruca-sativa-como-personalidad-destacada-de-la-cultura-en-la-legislatura\/","og_locale":"es_ES","og_type":"article","og_title":"Distinguieron a Eruca Sativa como Personalidad Destacada de la Cultura en la Legislatura | FM Trance 103.3","og_description":"Conformada por Lula Bertoldi, Brenda Martin y Gabriel Pedernera, recibi\u00f3 la distinci\u00f3n en el \u00e1mbito de la Cultura de la","og_url":"https:\/\/www.fmtrance.com\/online\/distinguieron-a-eruca-sativa-como-personalidad-destacada-de-la-cultura-en-la-legislatura\/","og_site_name":"FM Trance 103.3","article_publisher":"https:\/\/www.facebook.com\/fmtrance","article_published_time":"2023-04-05T21:22:43+00:00","article_modified_time":"2023-04-25T21:25:13+00:00","og_image":[{"width":800,"height":488,"url":"https:\/\/www.fmtrance.com\/online\/wp-content\/uploads\/2023\/04\/642d729763ff3_800x488.jpg","type":"image\/jpeg"}],"author":"Redaccion FM Trance","twitter_card":"summary_large_image","twitter_creator":"@fmtrance","twitter_site":"@fmtrance","twitter_misc":{"Escrito por":"Redaccion FM Trance","Tiempo de lectura":"2 minutos"},"schema":{"@context":"https:\/\/schema.org","@graph":[{"@type":"Article","@id":"https:\/\/www.fmtrance.com\/online\/distinguieron-a-eruca-sativa-como-personalidad-destacada-de-la-cultura-en-la-legislatura\/#article","isPartOf":{"@id":"https:\/\/www.fmtrance.com\/online\/distinguieron-a-eruca-sativa-como-personalidad-destacada-de-la-cultura-en-la-legislatura\/"},"author":{"name":"Redaccion FM Trance","@id":"https:\/\/www.fmtrance.com\/online\/#\/schema\/person\/686af7f826dd2f08b36b4760b7dcdddd"},"headline":"Distinguieron a Eruca Sativa como Personalidad Destacada de la Cultura en la Legislatura","datePublished":"2023-04-05T21:22:43+00:00","dateModified":"2023-04-25T21:25:13+00:00","mainEntityOfPage":{"@id":"https:\/\/www.fmtrance.com\/online\/distinguieron-a-eruca-sativa-como-personalidad-destacada-de-la-cultura-en-la-legislatura\/"},"wordCount":444,"commentCount":0,"publisher":{"@id":"https:\/\/www.fmtrance.com\/online\/#organization"},"image":{"@id":"https:\/\/www.fmtrance.com\/online\/distinguieron-a-eruca-sativa-como-personalidad-destacada-de-la-cultura-en-la-legislatura\/#primaryimage"},"thumbnailUrl":"https:\/\/www.fmtrance.com\/online\/wp-content\/uploads\/2023\/04\/642d729763ff3_800x488.jpg","keywords":["Uncategorized"],"articleSection":["Noticias"],"inLanguage":"es-AR","potentialAction":[{"@type":"CommentAction","name":"Comment","target":["https:\/\/www.fmtrance.com\/online\/distinguieron-a-eruca-sativa-como-personalidad-destacada-de-la-cultura-en-la-legislatura\/#respond"]}]},{"@type":"WebPage","@id":"https:\/\/www.fmtrance.com\/online\/distinguieron-a-eruca-sativa-como-personalidad-destacada-de-la-cultura-en-la-legislatura\/","url":"https:\/\/www.fmtrance.com\/online\/distinguieron-a-eruca-sativa-como-personalidad-destacada-de-la-cultura-en-la-legislatura\/","name":"Distinguieron a Eruca Sativa como Personalidad Destacada de la Cultura en la Legislatura | FM Trance 103.3","isPartOf":{"@id":"https:\/\/www.fmtrance.com\/online\/#website"},"primaryImageOfPage":{"@id":"https:\/\/www.fmtrance.com\/online\/distinguieron-a-eruca-sativa-como-personalidad-destacada-de-la-cultura-en-la-legislatura\/#primaryimage"},"image":{"@id":"https:\/\/www.fmtrance.com\/online\/distinguieron-a-eruca-sativa-como-personalidad-destacada-de-la-cultura-en-la-legislatura\/#primaryimage"},"thumbnailUrl":"https:\/\/www.fmtrance.com\/online\/wp-content\/uploads\/2023\/04\/642d729763ff3_800x488.jpg","datePublished":"2023-04-05T21:22:43+00:00","dateModified":"2023-04-25T21:25:13+00:00","breadcrumb":{"@id":"https:\/\/www.fmtrance.com\/online\/distinguieron-a-eruca-sativa-como-personalidad-destacada-de-la-cultura-en-la-legislatura\/#breadcrumb"},"inLanguage":"es-AR","potentialAction":[{"@type":"ReadAction","target":["https:\/\/www.fmtrance.com\/online\/distinguieron-a-eruca-sativa-como-personalidad-destacada-de-la-cultura-en-la-legislatura\/"]}]},{"@type":"ImageObject","inLanguage":"es-AR","@id":"https:\/\/www.fmtrance.com\/online\/distinguieron-a-eruca-sativa-como-personalidad-destacada-de-la-cultura-en-la-legislatura\/#primaryimage","url":"https:\/\/www.fmtrance.com\/online\/wp-content\/uploads\/2023\/04\/642d729763ff3_800x488.jpg","contentUrl":"https:\/\/www.fmtrance.com\/online\/wp-content\/uploads\/2023\/04\/642d729763ff3_800x488.jpg","width":800,"height":488},{"@type":"BreadcrumbList","@id":"https:\/\/www.fmtrance.com\/online\/distinguieron-a-eruca-sativa-como-personalidad-destacada-de-la-cultura-en-la-legislatura\/#breadcrumb","itemListElement":[{"@type":"ListItem","position":1,"name":"Inicio","item":"https:\/\/www.fmtrance.com\/online\/"},{"@type":"ListItem","position":2,"name":"Distinguieron a Eruca Sativa como Personalidad Destacada de la Cultura en la Legislatura"}]},{"@type":"WebSite","@id":"https:\/\/www.fmtrance.com\/online\/#website","url":"https:\/\/www.fmtrance.com\/online\/","name":"FM Trance 103.3","description":"CABA. Radio de musica electronica","publisher":{"@id":"https:\/\/www.fmtrance.com\/online\/#organization"},"potentialAction":[{"@type":"SearchAction","target":{"@type":"EntryPoint","urlTemplate":"https:\/\/www.fmtrance.com\/online\/?s={search_term_string}"},"query-input":{"@type":"PropertyValueSpecification","valueRequired":true,"valueName":"search_term_string"}}],"inLanguage":"es-AR"},{"@type":"Organization","@id":"https:\/\/www.fmtrance.com\/online\/#organization","name":"FM TRANCE","url":"https:\/\/www.fmtrance.com\/online\/","logo":{"@type":"ImageObject","inLanguage":"es-AR","@id":"https:\/\/www.fmtrance.com\/online\/#\/schema\/logo\/image\/","url":"https:\/\/www.fmtrance.com\/online\/wp-content\/uploads\/2025\/03\/LOGO-WEB.png","contentUrl":"https:\/\/www.fmtrance.com\/online\/wp-content\/uploads\/2025\/03\/LOGO-WEB.png","width":500,"height":500,"caption":"FM TRANCE"},"image":{"@id":"https:\/\/www.fmtrance.com\/online\/#\/schema\/logo\/image\/"},"sameAs":["https:\/\/www.facebook.com\/fmtrance","https:\/\/x.com\/fmtrance","https:\/\/www.instagram.com\/fmtrance"]},{"@type":"Person","@id":"https:\/\/www.fmtrance.com\/online\/#\/schema\/person\/686af7f826dd2f08b36b4760b7dcdddd","name":"Redaccion FM Trance","image":{"@type":"ImageObject","inLanguage":"es-AR","@id":"https:\/\/www.fmtrance.com\/online\/#\/schema\/person\/image\/","url":"https:\/\/secure.gravatar.com\/avatar\/c9d0afa8b0785bea8046a42861739f0a26fb9e8da739ce032e6598dc2981bc38?s=96&r=g","contentUrl":"https:\/\/secure.gravatar.com\/avatar\/c9d0afa8b0785bea8046a42861739f0a26fb9e8da739ce032e6598dc2981bc38?s=96&r=g","caption":"Redaccion FM Trance"},"description":"Fundador y Director general de FM Trance. Nacido el 24 de Septiembre de 1987, en Caballito, Ciudad Autonoma de Buenos Aires. Alguien de Radio desde siempre: ya a los 9 a\u00f1os de edad como radioescucha, sintonizando estaci\u00f3nes de AM, FM, onda corta, TV UHF\/VHF, y dem\u00e1s servicios. Se desempe\u00f1\u00f3 como Operador T\u00e9cnico en diferentes emisoras locales de CABA y GBA, y hasta el dia de hoy sigue ejerciendo desde la parte t\u00e9cnica, realizando trabajos en varias Radios. Egresado del ISER de la carrera de Operador Tecnico de Planta Transmisora, cursando actualmente la carrera de Operador Tecnico de Estudios de Radio en dicha instituci\u00f3n, y flamante radioaficionado (habiendo completado el curso en el Radioclub Buenos Aires), distintiva LU2DBK.","url":"https:\/\/www.fmtrance.com\/online\/author\/fmtrance\/"}]}},"_links":{"self":[{"href":"https:\/\/www.fmtrance.com\/online\/wp-json\/wp\/v2\/posts\/4079","targetHints":{"allow":["GET"]}}],"collection":[{"href":"https:\/\/www.fmtrance.com\/online\/wp-json\/wp\/v2\/posts"}],"about":[{"href":"https:\/\/www.fmtrance.com\/online\/wp-json\/wp\/v2\/types\/post"}],"author":[{"embeddable":true,"href":"https:\/\/www.fmtrance.com\/online\/wp-json\/wp\/v2\/users\/1"}],"replies":[{"embeddable":true,"href":"https:\/\/www.fmtrance.com\/online\/wp-json\/wp\/v2\/comments?post=4079"}],"version-history":[{"count":1,"href":"https:\/\/www.fmtrance.com\/online\/wp-json\/wp\/v2\/posts\/4079\/revisions"}],"predecessor-version":[{"id":4081,"href":"https:\/\/www.fmtrance.com\/online\/wp-json\/wp\/v2\/posts\/4079\/revisions\/4081"}],"wp:featuredmedia":[{"embeddable":true,"href":"https:\/\/www.fmtrance.com\/online\/wp-json\/wp\/v2\/media\/4080"}],"wp:attachment":[{"href":"https:\/\/www.fmtrance.com\/online\/wp-json\/wp\/v2\/media?parent=4079"}],"wp:term":[{"taxonomy":"category","embeddable":true,"href":"https:\/\/www.fmtrance.com\/online\/wp-json\/wp\/v2\/categories?post=4079"},{"taxonomy":"post_tag","embeddable":true,"href":"https:\/\/www.fmtrance.com\/online\/wp-json\/wp\/v2\/tags?post=4079"}],"curies":[{"name":"wp","href":"https:\/\/api.w.org\/{rel}","templated":true}]}}