{"id":4073,"date":"2023-04-04T18:15:16","date_gmt":"2023-04-04T21:15:16","guid":{"rendered":"http:\/\/www.fmtrance.com\/online\/?p=4073"},"modified":"2023-04-25T18:16:13","modified_gmt":"2023-04-25T21:16:13","slug":"continua-el-paro-de-trabajadores-de-la-salud-de-la-ciudad-para-exigir-aumentos-salariales","status":"publish","type":"post","link":"https:\/\/www.fmtrance.com\/online\/continua-el-paro-de-trabajadores-de-la-salud-de-la-ciudad-para-exigir-aumentos-salariales\/","title":{"rendered":"Contin\u00faa el paro de trabajadores de la salud de la Ciudad para exigir aumentos salariales"},"content":{"rendered":"<p><strong>Las y los trabajadores de ATE sostienen un paro de 72 hs en reclamo del reconocimiento a la carrera profesional de enfermer\u00eda y por un reajuste salarial para el sector.<\/strong><\/p>\n<p>Sigue el paro de 72 horas de trabajadores de la salud nucleados en\u00a0<strong>ATE\u00a0<\/strong>y hoy realizaron una concentraci\u00f3n en el Obelisco porte\u00f1o. La medida de lucha exige el reconocimiento a la carrera profesional de enfermer\u00eda y un aumento de salarios para los trabajadores del sector.<\/p>\n<p>&#8220;Estamos cumpliendo con 72 horas de paro con movilizaciones en todos los centros de salud porte\u00f1os (Cesacs) reclamando que se pague la totalidad del monto de la recaudaci\u00f3n de las obras sociales, donde solamente los trabajadores de la enfermer\u00eda se encuentran discriminados&#8221;, asegur\u00f3 a T\u00e9lam\u00a0<strong>H\u00e9ctor Ortiz,<\/strong>\u00a0dirigente gremial de ATE-Salud en los hospitales Durand y Pedro de Elizalde, ex Casa Cuna.<\/p>\n<p>En ese sentido, hoy se concentraron en el Obelisco porte\u00f1o y posteriormente se movilizaron al despacho del ministro de Salud de la Ciudad de Buenos Aires, ubicado ubicado en Bol\u00edvar 1, donde reclamar\u00e1n ser recibidos por el titular de la cartera, Fern\u00e1n Quir\u00f3z<\/p>\n<p>Ortiz agreg\u00f3: &#8220;Durante estos tres d\u00edas de plan de lucha, que culminar\u00e1n ma\u00f1ana en una movilizaci\u00f3n, reclamamos tambi\u00e9n un reajuste salarial, que est\u00e1 tremendamente atrasado y como siempre un reconocimiento de la carrera profesional&#8221; para los trabajadores enfermeros.<\/p>\n<p>&#8220;En ese marco tambi\u00e9n -a\u00f1adi\u00f3 el dirigente de ATE- el d\u00eda de ma\u00f1ana ser\u00e1 con movilizaci\u00f3n, manteniendo el paro de actividades, y llegando hasta al despacho del ministro (de Salud) Fern\u00e1n Quir\u00f3z, donde vamos a gritar basta de violencia institucional y discriminaci\u00f3n laboral para los trabajadores de la salud&#8221;.<\/p>\n<p>Finalmente, Ortiz advirti\u00f3: &#8220;Si ma\u00f1ana no tenemos respuestas a nuestros reclamos, las medidas de fuerza se profundizar\u00e1n en los pr\u00f3ximo d\u00edas, para ver si de una vez este Jefe de Gobierno y este Ministro de Salud de la Ciudad de Buenos Aires entienden que el maltrato laboral y la discriminaci\u00f3n laboral no puede ocurrir en la Ciudad ni en ninguna parte del pa\u00eds&#8221;.<\/p>\n","protected":false},"excerpt":{"rendered":"<p>Las y los trabajadores de ATE sostienen un paro de 72 hs en reclamo del reconocimiento a la carrera profesional<\/p>\n","protected":false},"author":1,"featured_media":4074,"comment_status":"open","ping_status":"closed","sticky":false,"template":"","format":"standard","meta":{"footnotes":""},"categories":[1],"tags":[1726],"class_list":["post-4073","post","type-post","status-publish","format-standard","has-post-thumbnail","hentry","category-uncategorized","tag-uncategorized"],"yoast_head":"<!-- This site is optimized with the Yoast SEO plugin v24.6 - https:\/\/yoast.com\/wordpress\/plugins\/seo\/ -->\n<title>Contin\u00faa el paro de trabajadores de la salud de la Ciudad para exigir aumentos salariales | FM Trance 103.3<\/title>\n<meta name=\"robots\" content=\"index, follow, max-snippet:-1, max-image-preview:large, max-video-preview:-1\" \/>\n<link rel=\"canonical\" href=\"https:\/\/www.fmtrance.com\/online\/continua-el-paro-de-trabajadores-de-la-salud-de-la-ciudad-para-exigir-aumentos-salariales\/\" \/>\n<meta property=\"og:locale\" content=\"es_ES\" \/>\n<meta property=\"og:type\" content=\"article\" \/>\n<meta property=\"og:title\" content=\"Contin\u00faa el paro de trabajadores de la salud de la Ciudad para exigir aumentos salariales | FM Trance 103.3\" \/>\n<meta property=\"og:description\" content=\"Las y los trabajadores de ATE sostienen un paro de 72 hs en reclamo del reconocimiento a la carrera profesional\" \/>\n<meta property=\"og:url\" content=\"https:\/\/www.fmtrance.com\/online\/continua-el-paro-de-trabajadores-de-la-salud-de-la-ciudad-para-exigir-aumentos-salariales\/\" \/>\n<meta property=\"og:site_name\" content=\"FM Trance 103.3\" \/>\n<meta property=\"article:publisher\" content=\"https:\/\/www.facebook.com\/fmtrance\" \/>\n<meta property=\"article:published_time\" content=\"2023-04-04T21:15:16+00:00\" \/>\n<meta property=\"article:modified_time\" content=\"2023-04-25T21:16:13+00:00\" \/>\n<meta property=\"og:image\" content=\"https:\/\/www.fmtrance.com\/online\/wp-content\/uploads\/2023\/04\/642c605da81c0_800x450.jpg\" \/>\n\t<meta property=\"og:image:width\" content=\"800\" \/>\n\t<meta property=\"og:image:height\" content=\"450\" \/>\n\t<meta property=\"og:image:type\" content=\"image\/jpeg\" \/>\n<meta name=\"author\" content=\"Redaccion FM Trance\" \/>\n<meta name=\"twitter:card\" content=\"summary_large_image\" \/>\n<meta name=\"twitter:creator\" content=\"@fmtrance\" \/>\n<meta name=\"twitter:site\" content=\"@fmtrance\" \/>\n<meta name=\"twitter:label1\" content=\"Escrito por\" \/>\n\t<meta name=\"twitter:data1\" content=\"Redaccion FM Trance\" \/>\n\t<meta name=\"twitter:label2\" content=\"Tiempo de lectura\" \/>\n\t<meta name=\"twitter:data2\" content=\"2 minutos\" \/>\n<script type=\"application\/ld+json\" class=\"yoast-schema-graph\">{\"@context\":\"https:\/\/schema.org\",\"@graph\":[{\"@type\":\"Article\",\"@id\":\"https:\/\/www.fmtrance.com\/online\/continua-el-paro-de-trabajadores-de-la-salud-de-la-ciudad-para-exigir-aumentos-salariales\/#article\",\"isPartOf\":{\"@id\":\"https:\/\/www.fmtrance.com\/online\/continua-el-paro-de-trabajadores-de-la-salud-de-la-ciudad-para-exigir-aumentos-salariales\/\"},\"author\":{\"name\":\"Redaccion FM Trance\",\"@id\":\"https:\/\/www.fmtrance.com\/online\/#\/schema\/person\/686af7f826dd2f08b36b4760b7dcdddd\"},\"headline\":\"Contin\u00faa el paro de trabajadores de la salud de la Ciudad para exigir aumentos salariales\",\"datePublished\":\"2023-04-04T21:15:16+00:00\",\"dateModified\":\"2023-04-25T21:16:13+00:00\",\"mainEntityOfPage\":{\"@id\":\"https:\/\/www.fmtrance.com\/online\/continua-el-paro-de-trabajadores-de-la-salud-de-la-ciudad-para-exigir-aumentos-salariales\/\"},\"wordCount\":376,\"commentCount\":0,\"publisher\":{\"@id\":\"https:\/\/www.fmtrance.com\/online\/#organization\"},\"image\":{\"@id\":\"https:\/\/www.fmtrance.com\/online\/continua-el-paro-de-trabajadores-de-la-salud-de-la-ciudad-para-exigir-aumentos-salariales\/#primaryimage\"},\"thumbnailUrl\":\"https:\/\/www.fmtrance.com\/online\/wp-content\/uploads\/2023\/04\/642c605da81c0_800x450.jpg\",\"keywords\":[\"Uncategorized\"],\"articleSection\":[\"Noticias\"],\"inLanguage\":\"es-AR\",\"potentialAction\":[{\"@type\":\"CommentAction\",\"name\":\"Comment\",\"target\":[\"https:\/\/www.fmtrance.com\/online\/continua-el-paro-de-trabajadores-de-la-salud-de-la-ciudad-para-exigir-aumentos-salariales\/#respond\"]}]},{\"@type\":\"WebPage\",\"@id\":\"https:\/\/www.fmtrance.com\/online\/continua-el-paro-de-trabajadores-de-la-salud-de-la-ciudad-para-exigir-aumentos-salariales\/\",\"url\":\"https:\/\/www.fmtrance.com\/online\/continua-el-paro-de-trabajadores-de-la-salud-de-la-ciudad-para-exigir-aumentos-salariales\/\",\"name\":\"Contin\u00faa el paro de trabajadores de la salud de la Ciudad para exigir aumentos salariales | FM Trance 103.3\",\"isPartOf\":{\"@id\":\"https:\/\/www.fmtrance.com\/online\/#website\"},\"primaryImageOfPage\":{\"@id\":\"https:\/\/www.fmtrance.com\/online\/continua-el-paro-de-trabajadores-de-la-salud-de-la-ciudad-para-exigir-aumentos-salariales\/#primaryimage\"},\"image\":{\"@id\":\"https:\/\/www.fmtrance.com\/online\/continua-el-paro-de-trabajadores-de-la-salud-de-la-ciudad-para-exigir-aumentos-salariales\/#primaryimage\"},\"thumbnailUrl\":\"https:\/\/www.fmtrance.com\/online\/wp-content\/uploads\/2023\/04\/642c605da81c0_800x450.jpg\",\"datePublished\":\"2023-04-04T21:15:16+00:00\",\"dateModified\":\"2023-04-25T21:16:13+00:00\",\"breadcrumb\":{\"@id\":\"https:\/\/www.fmtrance.com\/online\/continua-el-paro-de-trabajadores-de-la-salud-de-la-ciudad-para-exigir-aumentos-salariales\/#breadcrumb\"},\"inLanguage\":\"es-AR\",\"potentialAction\":[{\"@type\":\"ReadAction\",\"target\":[\"https:\/\/www.fmtrance.com\/online\/continua-el-paro-de-trabajadores-de-la-salud-de-la-ciudad-para-exigir-aumentos-salariales\/\"]}]},{\"@type\":\"ImageObject\",\"inLanguage\":\"es-AR\",\"@id\":\"https:\/\/www.fmtrance.com\/online\/continua-el-paro-de-trabajadores-de-la-salud-de-la-ciudad-para-exigir-aumentos-salariales\/#primaryimage\",\"url\":\"https:\/\/www.fmtrance.com\/online\/wp-content\/uploads\/2023\/04\/642c605da81c0_800x450.jpg\",\"contentUrl\":\"https:\/\/www.fmtrance.com\/online\/wp-content\/uploads\/2023\/04\/642c605da81c0_800x450.jpg\",\"width\":800,\"height\":450},{\"@type\":\"BreadcrumbList\",\"@id\":\"https:\/\/www.fmtrance.com\/online\/continua-el-paro-de-trabajadores-de-la-salud-de-la-ciudad-para-exigir-aumentos-salariales\/#breadcrumb\",\"itemListElement\":[{\"@type\":\"ListItem\",\"position\":1,\"name\":\"Inicio\",\"item\":\"https:\/\/www.fmtrance.com\/online\/\"},{\"@type\":\"ListItem\",\"position\":2,\"name\":\"Contin\u00faa el paro de trabajadores de la salud de la Ciudad para exigir aumentos salariales\"}]},{\"@type\":\"WebSite\",\"@id\":\"https:\/\/www.fmtrance.com\/online\/#website\",\"url\":\"https:\/\/www.fmtrance.com\/online\/\",\"name\":\"FM Trance 103.3\",\"description\":\"CABA. Radio de musica electronica\",\"publisher\":{\"@id\":\"https:\/\/www.fmtrance.com\/online\/#organization\"},\"potentialAction\":[{\"@type\":\"SearchAction\",\"target\":{\"@type\":\"EntryPoint\",\"urlTemplate\":\"https:\/\/www.fmtrance.com\/online\/?s={search_term_string}\"},\"query-input\":{\"@type\":\"PropertyValueSpecification\",\"valueRequired\":true,\"valueName\":\"search_term_string\"}}],\"inLanguage\":\"es-AR\"},{\"@type\":\"Organization\",\"@id\":\"https:\/\/www.fmtrance.com\/online\/#organization\",\"name\":\"FM TRANCE\",\"url\":\"https:\/\/www.fmtrance.com\/online\/\",\"logo\":{\"@type\":\"ImageObject\",\"inLanguage\":\"es-AR\",\"@id\":\"https:\/\/www.fmtrance.com\/online\/#\/schema\/logo\/image\/\",\"url\":\"https:\/\/www.fmtrance.com\/online\/wp-content\/uploads\/2025\/03\/LOGO-WEB.png\",\"contentUrl\":\"https:\/\/www.fmtrance.com\/online\/wp-content\/uploads\/2025\/03\/LOGO-WEB.png\",\"width\":500,\"height\":500,\"caption\":\"FM TRANCE\"},\"image\":{\"@id\":\"https:\/\/www.fmtrance.com\/online\/#\/schema\/logo\/image\/\"},\"sameAs\":[\"https:\/\/www.facebook.com\/fmtrance\",\"https:\/\/x.com\/fmtrance\",\"https:\/\/www.instagram.com\/fmtrance\"]},{\"@type\":\"Person\",\"@id\":\"https:\/\/www.fmtrance.com\/online\/#\/schema\/person\/686af7f826dd2f08b36b4760b7dcdddd\",\"name\":\"Redaccion FM Trance\",\"image\":{\"@type\":\"ImageObject\",\"inLanguage\":\"es-AR\",\"@id\":\"https:\/\/www.fmtrance.com\/online\/#\/schema\/person\/image\/\",\"url\":\"https:\/\/secure.gravatar.com\/avatar\/c9d0afa8b0785bea8046a42861739f0a26fb9e8da739ce032e6598dc2981bc38?s=96&r=g\",\"contentUrl\":\"https:\/\/secure.gravatar.com\/avatar\/c9d0afa8b0785bea8046a42861739f0a26fb9e8da739ce032e6598dc2981bc38?s=96&r=g\",\"caption\":\"Redaccion FM Trance\"},\"description\":\"Fundador y Director general de FM Trance. Nacido el 24 de Septiembre de 1987, en Caballito, Ciudad Autonoma de Buenos Aires. Alguien de Radio desde siempre: ya a los 9 a\u00f1os de edad como radioescucha, sintonizando estaci\u00f3nes de AM, FM, onda corta, TV UHF\/VHF, y dem\u00e1s servicios. Se desempe\u00f1\u00f3 como Operador T\u00e9cnico en diferentes emisoras locales de CABA y GBA, y hasta el dia de hoy sigue ejerciendo desde la parte t\u00e9cnica, realizando trabajos en varias Radios. Egresado del ISER de la carrera de Operador Tecnico de Planta Transmisora, cursando actualmente la carrera de Operador Tecnico de Estudios de Radio en dicha instituci\u00f3n, y flamante radioaficionado (habiendo completado el curso en el Radioclub Buenos Aires), distintiva LU2DBK.\",\"url\":\"https:\/\/www.fmtrance.com\/online\/author\/fmtrance\/\"}]}<\/script>\n<!-- \/ Yoast SEO plugin. -->","yoast_head_json":{"title":"Contin\u00faa el paro de trabajadores de la salud de la Ciudad para exigir aumentos salariales | FM Trance 103.3","robots":{"index":"index","follow":"follow","max-snippet":"max-snippet:-1","max-image-preview":"max-image-preview:large","max-video-preview":"max-video-preview:-1"},"canonical":"https:\/\/www.fmtrance.com\/online\/continua-el-paro-de-trabajadores-de-la-salud-de-la-ciudad-para-exigir-aumentos-salariales\/","og_locale":"es_ES","og_type":"article","og_title":"Contin\u00faa el paro de trabajadores de la salud de la Ciudad para exigir aumentos salariales | FM Trance 103.3","og_description":"Las y los trabajadores de ATE sostienen un paro de 72 hs en reclamo del reconocimiento a la carrera profesional","og_url":"https:\/\/www.fmtrance.com\/online\/continua-el-paro-de-trabajadores-de-la-salud-de-la-ciudad-para-exigir-aumentos-salariales\/","og_site_name":"FM Trance 103.3","article_publisher":"https:\/\/www.facebook.com\/fmtrance","article_published_time":"2023-04-04T21:15:16+00:00","article_modified_time":"2023-04-25T21:16:13+00:00","og_image":[{"width":800,"height":450,"url":"https:\/\/www.fmtrance.com\/online\/wp-content\/uploads\/2023\/04\/642c605da81c0_800x450.jpg","type":"image\/jpeg"}],"author":"Redaccion FM Trance","twitter_card":"summary_large_image","twitter_creator":"@fmtrance","twitter_site":"@fmtrance","twitter_misc":{"Escrito por":"Redaccion FM Trance","Tiempo de lectura":"2 minutos"},"schema":{"@context":"https:\/\/schema.org","@graph":[{"@type":"Article","@id":"https:\/\/www.fmtrance.com\/online\/continua-el-paro-de-trabajadores-de-la-salud-de-la-ciudad-para-exigir-aumentos-salariales\/#article","isPartOf":{"@id":"https:\/\/www.fmtrance.com\/online\/continua-el-paro-de-trabajadores-de-la-salud-de-la-ciudad-para-exigir-aumentos-salariales\/"},"author":{"name":"Redaccion FM Trance","@id":"https:\/\/www.fmtrance.com\/online\/#\/schema\/person\/686af7f826dd2f08b36b4760b7dcdddd"},"headline":"Contin\u00faa el paro de trabajadores de la salud de la Ciudad para exigir aumentos salariales","datePublished":"2023-04-04T21:15:16+00:00","dateModified":"2023-04-25T21:16:13+00:00","mainEntityOfPage":{"@id":"https:\/\/www.fmtrance.com\/online\/continua-el-paro-de-trabajadores-de-la-salud-de-la-ciudad-para-exigir-aumentos-salariales\/"},"wordCount":376,"commentCount":0,"publisher":{"@id":"https:\/\/www.fmtrance.com\/online\/#organization"},"image":{"@id":"https:\/\/www.fmtrance.com\/online\/continua-el-paro-de-trabajadores-de-la-salud-de-la-ciudad-para-exigir-aumentos-salariales\/#primaryimage"},"thumbnailUrl":"https:\/\/www.fmtrance.com\/online\/wp-content\/uploads\/2023\/04\/642c605da81c0_800x450.jpg","keywords":["Uncategorized"],"articleSection":["Noticias"],"inLanguage":"es-AR","potentialAction":[{"@type":"CommentAction","name":"Comment","target":["https:\/\/www.fmtrance.com\/online\/continua-el-paro-de-trabajadores-de-la-salud-de-la-ciudad-para-exigir-aumentos-salariales\/#respond"]}]},{"@type":"WebPage","@id":"https:\/\/www.fmtrance.com\/online\/continua-el-paro-de-trabajadores-de-la-salud-de-la-ciudad-para-exigir-aumentos-salariales\/","url":"https:\/\/www.fmtrance.com\/online\/continua-el-paro-de-trabajadores-de-la-salud-de-la-ciudad-para-exigir-aumentos-salariales\/","name":"Contin\u00faa el paro de trabajadores de la salud de la Ciudad para exigir aumentos salariales | FM Trance 103.3","isPartOf":{"@id":"https:\/\/www.fmtrance.com\/online\/#website"},"primaryImageOfPage":{"@id":"https:\/\/www.fmtrance.com\/online\/continua-el-paro-de-trabajadores-de-la-salud-de-la-ciudad-para-exigir-aumentos-salariales\/#primaryimage"},"image":{"@id":"https:\/\/www.fmtrance.com\/online\/continua-el-paro-de-trabajadores-de-la-salud-de-la-ciudad-para-exigir-aumentos-salariales\/#primaryimage"},"thumbnailUrl":"https:\/\/www.fmtrance.com\/online\/wp-content\/uploads\/2023\/04\/642c605da81c0_800x450.jpg","datePublished":"2023-04-04T21:15:16+00:00","dateModified":"2023-04-25T21:16:13+00:00","breadcrumb":{"@id":"https:\/\/www.fmtrance.com\/online\/continua-el-paro-de-trabajadores-de-la-salud-de-la-ciudad-para-exigir-aumentos-salariales\/#breadcrumb"},"inLanguage":"es-AR","potentialAction":[{"@type":"ReadAction","target":["https:\/\/www.fmtrance.com\/online\/continua-el-paro-de-trabajadores-de-la-salud-de-la-ciudad-para-exigir-aumentos-salariales\/"]}]},{"@type":"ImageObject","inLanguage":"es-AR","@id":"https:\/\/www.fmtrance.com\/online\/continua-el-paro-de-trabajadores-de-la-salud-de-la-ciudad-para-exigir-aumentos-salariales\/#primaryimage","url":"https:\/\/www.fmtrance.com\/online\/wp-content\/uploads\/2023\/04\/642c605da81c0_800x450.jpg","contentUrl":"https:\/\/www.fmtrance.com\/online\/wp-content\/uploads\/2023\/04\/642c605da81c0_800x450.jpg","width":800,"height":450},{"@type":"BreadcrumbList","@id":"https:\/\/www.fmtrance.com\/online\/continua-el-paro-de-trabajadores-de-la-salud-de-la-ciudad-para-exigir-aumentos-salariales\/#breadcrumb","itemListElement":[{"@type":"ListItem","position":1,"name":"Inicio","item":"https:\/\/www.fmtrance.com\/online\/"},{"@type":"ListItem","position":2,"name":"Contin\u00faa el paro de trabajadores de la salud de la Ciudad para exigir aumentos salariales"}]},{"@type":"WebSite","@id":"https:\/\/www.fmtrance.com\/online\/#website","url":"https:\/\/www.fmtrance.com\/online\/","name":"FM Trance 103.3","description":"CABA. Radio de musica electronica","publisher":{"@id":"https:\/\/www.fmtrance.com\/online\/#organization"},"potentialAction":[{"@type":"SearchAction","target":{"@type":"EntryPoint","urlTemplate":"https:\/\/www.fmtrance.com\/online\/?s={search_term_string}"},"query-input":{"@type":"PropertyValueSpecification","valueRequired":true,"valueName":"search_term_string"}}],"inLanguage":"es-AR"},{"@type":"Organization","@id":"https:\/\/www.fmtrance.com\/online\/#organization","name":"FM TRANCE","url":"https:\/\/www.fmtrance.com\/online\/","logo":{"@type":"ImageObject","inLanguage":"es-AR","@id":"https:\/\/www.fmtrance.com\/online\/#\/schema\/logo\/image\/","url":"https:\/\/www.fmtrance.com\/online\/wp-content\/uploads\/2025\/03\/LOGO-WEB.png","contentUrl":"https:\/\/www.fmtrance.com\/online\/wp-content\/uploads\/2025\/03\/LOGO-WEB.png","width":500,"height":500,"caption":"FM TRANCE"},"image":{"@id":"https:\/\/www.fmtrance.com\/online\/#\/schema\/logo\/image\/"},"sameAs":["https:\/\/www.facebook.com\/fmtrance","https:\/\/x.com\/fmtrance","https:\/\/www.instagram.com\/fmtrance"]},{"@type":"Person","@id":"https:\/\/www.fmtrance.com\/online\/#\/schema\/person\/686af7f826dd2f08b36b4760b7dcdddd","name":"Redaccion FM Trance","image":{"@type":"ImageObject","inLanguage":"es-AR","@id":"https:\/\/www.fmtrance.com\/online\/#\/schema\/person\/image\/","url":"https:\/\/secure.gravatar.com\/avatar\/c9d0afa8b0785bea8046a42861739f0a26fb9e8da739ce032e6598dc2981bc38?s=96&r=g","contentUrl":"https:\/\/secure.gravatar.com\/avatar\/c9d0afa8b0785bea8046a42861739f0a26fb9e8da739ce032e6598dc2981bc38?s=96&r=g","caption":"Redaccion FM Trance"},"description":"Fundador y Director general de FM Trance. Nacido el 24 de Septiembre de 1987, en Caballito, Ciudad Autonoma de Buenos Aires. Alguien de Radio desde siempre: ya a los 9 a\u00f1os de edad como radioescucha, sintonizando estaci\u00f3nes de AM, FM, onda corta, TV UHF\/VHF, y dem\u00e1s servicios. Se desempe\u00f1\u00f3 como Operador T\u00e9cnico en diferentes emisoras locales de CABA y GBA, y hasta el dia de hoy sigue ejerciendo desde la parte t\u00e9cnica, realizando trabajos en varias Radios. Egresado del ISER de la carrera de Operador Tecnico de Planta Transmisora, cursando actualmente la carrera de Operador Tecnico de Estudios de Radio en dicha instituci\u00f3n, y flamante radioaficionado (habiendo completado el curso en el Radioclub Buenos Aires), distintiva LU2DBK.","url":"https:\/\/www.fmtrance.com\/online\/author\/fmtrance\/"}]}},"_links":{"self":[{"href":"https:\/\/www.fmtrance.com\/online\/wp-json\/wp\/v2\/posts\/4073","targetHints":{"allow":["GET"]}}],"collection":[{"href":"https:\/\/www.fmtrance.com\/online\/wp-json\/wp\/v2\/posts"}],"about":[{"href":"https:\/\/www.fmtrance.com\/online\/wp-json\/wp\/v2\/types\/post"}],"author":[{"embeddable":true,"href":"https:\/\/www.fmtrance.com\/online\/wp-json\/wp\/v2\/users\/1"}],"replies":[{"embeddable":true,"href":"https:\/\/www.fmtrance.com\/online\/wp-json\/wp\/v2\/comments?post=4073"}],"version-history":[{"count":1,"href":"https:\/\/www.fmtrance.com\/online\/wp-json\/wp\/v2\/posts\/4073\/revisions"}],"predecessor-version":[{"id":4075,"href":"https:\/\/www.fmtrance.com\/online\/wp-json\/wp\/v2\/posts\/4073\/revisions\/4075"}],"wp:featuredmedia":[{"embeddable":true,"href":"https:\/\/www.fmtrance.com\/online\/wp-json\/wp\/v2\/media\/4074"}],"wp:attachment":[{"href":"https:\/\/www.fmtrance.com\/online\/wp-json\/wp\/v2\/media?parent=4073"}],"wp:term":[{"taxonomy":"category","embeddable":true,"href":"https:\/\/www.fmtrance.com\/online\/wp-json\/wp\/v2\/categories?post=4073"},{"taxonomy":"post_tag","embeddable":true,"href":"https:\/\/www.fmtrance.com\/online\/wp-json\/wp\/v2\/tags?post=4073"}],"curies":[{"name":"wp","href":"https:\/\/api.w.org\/{rel}","templated":true}]}}