{"id":4070,"date":"2023-04-04T18:09:59","date_gmt":"2023-04-04T21:09:59","guid":{"rendered":"http:\/\/www.fmtrance.com\/online\/?p=4070"},"modified":"2023-04-25T18:13:59","modified_gmt":"2023-04-25T21:13:59","slug":"confirman-mas-de-3-400-casos-de-dengue-en-la-ciudad-ocho-personas-estan-graves","status":"publish","type":"post","link":"https:\/\/www.fmtrance.com\/online\/confirman-mas-de-3-400-casos-de-dengue-en-la-ciudad-ocho-personas-estan-graves\/","title":{"rendered":"Confirman m\u00e1s de 3.400 casos de dengue en la Ciudad: ocho personas est\u00e1n graves"},"content":{"rendered":"<p><strong>As\u00ed lo confirm\u00f3 Horacio Rodr\u00edguez Larreta y pidi\u00f3 colaboraci\u00f3n de la poblaci\u00f3n para la prevenci\u00f3n. La mayor\u00eda son casos leves, salvo por ocho personas que est\u00e1n con cuadros graves.<\/strong><\/p>\n<p>Hoy, el jefe de gobierno porte\u00f1o,\u00a0<strong>Horacio Rodr\u00edguez Larreta<\/strong>, confirm\u00f3 m\u00e1s de<strong>\u00a03.400 casos de<\/strong>\u00a0<strong>dengue<\/strong>, de los cuales ocho son de gravedad. Desde el\u00a0<strong>Gobierno de la Ciudad<\/strong>\u00a0pidieron a la poblaci\u00f3n realizar el descacharreo al margen de las campa\u00f1as de fumigaci\u00f3n para eliminar al mosquito que produce la enfermedad.<\/p>\n<p>\u201cLa mayor\u00eda de los casos de dengue terminan con s\u00edntomas leves, no todos, por eso, nos preocupa. Cada tanto se dan brotes, y este a\u00f1o toca. Hoy en la ciudad de Buenos Aires hay 3.436 casos de dengue y solo ocho son cuadros de gravedad\u201d, inform\u00f3 Rodr\u00edguez Larreta durante una conferencia de prensa.<\/p>\n<p>Seg\u00fan consign\u00f3 la TV P\u00fablica, el jefe de Gobierno porte\u00f1o convoc\u00f3 a vecinos y vecinas a \u201ctrabajar todos juntos en la prevenci\u00f3n\u201d, porque \u201ccada uno puede colaborar para evitar que este mosquito (Aedes aegypti) se siga propagando\u201d.<\/p>\n<p>\u201cDesde la ciudad estamos realizando una campa\u00f1a para eliminar mosquitos, sobre todo en lugares donde ya se detectaron casos, en un trabajo conjunto con el Ministerio de Salud, pero donde m\u00e1s tenemos que trabajar juntos es en la prevenci\u00f3n, porque el mosquito pone larvas en lugares oscuros donde hay agua acumulada\u201d, se\u00f1al\u00f3 respecto a la prevenci\u00f3n del dengue.<\/p>\n<p>Adem\u00e1s, apunt\u00f3 a que resulta \u201cclave\u201d la prevenci\u00f3n y pidi\u00f3 que se eviten \u201ccacharros, cambiemos agua de floreros, o donde se acumule agua\u201d.<\/p>\n<p>A su vez, record\u00f3 que desde el Gobierno de la Ciudad realizan operativos en los que se procede al descacharreo: \u201cSe realiza trabajo de concientizaci\u00f3n y se colocan larvicidas en lugares donde es imposible el descacharreo\u201d.<\/p>\n<p>Adem\u00e1s, el jefe de gobierno porte\u00f1o confirm\u00f3 que como parte de los operativos llevados adelante contra el dengue, se fumig\u00f3 en barrios populares. \u201cHacemos todo lo que est\u00e1 a nuestro alcance, pero necesitamos el compromiso de todos para evitar que se acumule agua, porque se genera un potencial criadero de larvas de mosquitos\u201d, dijo.<\/p>\n<p>Agreg\u00f3 que \u201cdepende de cada uno\u201d tomar esta responsabilidad y pidi\u00f3 a la gente que \u201csi encuentran\u201d un potencia criadero, \u201cpueden llamar al 147\u201d.<\/p>\n","protected":false},"excerpt":{"rendered":"<p>As\u00ed lo confirm\u00f3 Horacio Rodr\u00edguez Larreta y pidi\u00f3 colaboraci\u00f3n de la poblaci\u00f3n para la prevenci\u00f3n. La mayor\u00eda son casos leves,<\/p>\n","protected":false},"author":1,"featured_media":4071,"comment_status":"open","ping_status":"closed","sticky":false,"template":"","format":"standard","meta":{"footnotes":""},"categories":[1],"tags":[1726],"class_list":["post-4070","post","type-post","status-publish","format-standard","has-post-thumbnail","hentry","category-uncategorized","tag-uncategorized"],"yoast_head":"<!-- This site is optimized with the Yoast SEO plugin v24.6 - https:\/\/yoast.com\/wordpress\/plugins\/seo\/ -->\n<title>Confirman m\u00e1s de 3.400 casos de dengue en la Ciudad: ocho personas est\u00e1n graves | FM Trance 103.3<\/title>\n<meta name=\"robots\" content=\"index, follow, max-snippet:-1, max-image-preview:large, max-video-preview:-1\" \/>\n<link rel=\"canonical\" href=\"https:\/\/www.fmtrance.com\/online\/confirman-mas-de-3-400-casos-de-dengue-en-la-ciudad-ocho-personas-estan-graves\/\" \/>\n<meta property=\"og:locale\" content=\"es_ES\" \/>\n<meta property=\"og:type\" content=\"article\" \/>\n<meta property=\"og:title\" content=\"Confirman m\u00e1s de 3.400 casos de dengue en la Ciudad: ocho personas est\u00e1n graves | FM Trance 103.3\" \/>\n<meta property=\"og:description\" content=\"As\u00ed lo confirm\u00f3 Horacio Rodr\u00edguez Larreta y pidi\u00f3 colaboraci\u00f3n de la poblaci\u00f3n para la prevenci\u00f3n. La mayor\u00eda son casos leves,\" \/>\n<meta property=\"og:url\" content=\"https:\/\/www.fmtrance.com\/online\/confirman-mas-de-3-400-casos-de-dengue-en-la-ciudad-ocho-personas-estan-graves\/\" \/>\n<meta property=\"og:site_name\" content=\"FM Trance 103.3\" \/>\n<meta property=\"article:publisher\" content=\"https:\/\/www.facebook.com\/fmtrance\" \/>\n<meta property=\"article:published_time\" content=\"2023-04-04T21:09:59+00:00\" \/>\n<meta property=\"article:modified_time\" content=\"2023-04-25T21:13:59+00:00\" \/>\n<meta property=\"og:image\" content=\"https:\/\/www.fmtrance.com\/online\/wp-content\/uploads\/2023\/04\/6426f0bc134d8_800x540.jpg\" \/>\n\t<meta property=\"og:image:width\" content=\"800\" \/>\n\t<meta property=\"og:image:height\" content=\"540\" \/>\n\t<meta property=\"og:image:type\" content=\"image\/jpeg\" \/>\n<meta name=\"author\" content=\"Redaccion FM Trance\" \/>\n<meta name=\"twitter:card\" content=\"summary_large_image\" \/>\n<meta name=\"twitter:creator\" content=\"@fmtrance\" \/>\n<meta name=\"twitter:site\" content=\"@fmtrance\" \/>\n<meta name=\"twitter:label1\" content=\"Escrito por\" \/>\n\t<meta name=\"twitter:data1\" content=\"Redaccion FM Trance\" \/>\n\t<meta name=\"twitter:label2\" content=\"Tiempo de lectura\" \/>\n\t<meta name=\"twitter:data2\" content=\"2 minutos\" \/>\n<script type=\"application\/ld+json\" class=\"yoast-schema-graph\">{\"@context\":\"https:\/\/schema.org\",\"@graph\":[{\"@type\":\"Article\",\"@id\":\"https:\/\/www.fmtrance.com\/online\/confirman-mas-de-3-400-casos-de-dengue-en-la-ciudad-ocho-personas-estan-graves\/#article\",\"isPartOf\":{\"@id\":\"https:\/\/www.fmtrance.com\/online\/confirman-mas-de-3-400-casos-de-dengue-en-la-ciudad-ocho-personas-estan-graves\/\"},\"author\":{\"name\":\"Redaccion FM Trance\",\"@id\":\"https:\/\/www.fmtrance.com\/online\/#\/schema\/person\/686af7f826dd2f08b36b4760b7dcdddd\"},\"headline\":\"Confirman m\u00e1s de 3.400 casos de dengue en la Ciudad: ocho personas est\u00e1n graves\",\"datePublished\":\"2023-04-04T21:09:59+00:00\",\"dateModified\":\"2023-04-25T21:13:59+00:00\",\"mainEntityOfPage\":{\"@id\":\"https:\/\/www.fmtrance.com\/online\/confirman-mas-de-3-400-casos-de-dengue-en-la-ciudad-ocho-personas-estan-graves\/\"},\"wordCount\":407,\"commentCount\":0,\"publisher\":{\"@id\":\"https:\/\/www.fmtrance.com\/online\/#organization\"},\"image\":{\"@id\":\"https:\/\/www.fmtrance.com\/online\/confirman-mas-de-3-400-casos-de-dengue-en-la-ciudad-ocho-personas-estan-graves\/#primaryimage\"},\"thumbnailUrl\":\"https:\/\/www.fmtrance.com\/online\/wp-content\/uploads\/2023\/04\/6426f0bc134d8_800x540.jpg\",\"keywords\":[\"Uncategorized\"],\"articleSection\":[\"Noticias\"],\"inLanguage\":\"es-AR\",\"potentialAction\":[{\"@type\":\"CommentAction\",\"name\":\"Comment\",\"target\":[\"https:\/\/www.fmtrance.com\/online\/confirman-mas-de-3-400-casos-de-dengue-en-la-ciudad-ocho-personas-estan-graves\/#respond\"]}]},{\"@type\":\"WebPage\",\"@id\":\"https:\/\/www.fmtrance.com\/online\/confirman-mas-de-3-400-casos-de-dengue-en-la-ciudad-ocho-personas-estan-graves\/\",\"url\":\"https:\/\/www.fmtrance.com\/online\/confirman-mas-de-3-400-casos-de-dengue-en-la-ciudad-ocho-personas-estan-graves\/\",\"name\":\"Confirman m\u00e1s de 3.400 casos de dengue en la Ciudad: ocho personas est\u00e1n graves | FM Trance 103.3\",\"isPartOf\":{\"@id\":\"https:\/\/www.fmtrance.com\/online\/#website\"},\"primaryImageOfPage\":{\"@id\":\"https:\/\/www.fmtrance.com\/online\/confirman-mas-de-3-400-casos-de-dengue-en-la-ciudad-ocho-personas-estan-graves\/#primaryimage\"},\"image\":{\"@id\":\"https:\/\/www.fmtrance.com\/online\/confirman-mas-de-3-400-casos-de-dengue-en-la-ciudad-ocho-personas-estan-graves\/#primaryimage\"},\"thumbnailUrl\":\"https:\/\/www.fmtrance.com\/online\/wp-content\/uploads\/2023\/04\/6426f0bc134d8_800x540.jpg\",\"datePublished\":\"2023-04-04T21:09:59+00:00\",\"dateModified\":\"2023-04-25T21:13:59+00:00\",\"breadcrumb\":{\"@id\":\"https:\/\/www.fmtrance.com\/online\/confirman-mas-de-3-400-casos-de-dengue-en-la-ciudad-ocho-personas-estan-graves\/#breadcrumb\"},\"inLanguage\":\"es-AR\",\"potentialAction\":[{\"@type\":\"ReadAction\",\"target\":[\"https:\/\/www.fmtrance.com\/online\/confirman-mas-de-3-400-casos-de-dengue-en-la-ciudad-ocho-personas-estan-graves\/\"]}]},{\"@type\":\"ImageObject\",\"inLanguage\":\"es-AR\",\"@id\":\"https:\/\/www.fmtrance.com\/online\/confirman-mas-de-3-400-casos-de-dengue-en-la-ciudad-ocho-personas-estan-graves\/#primaryimage\",\"url\":\"https:\/\/www.fmtrance.com\/online\/wp-content\/uploads\/2023\/04\/6426f0bc134d8_800x540.jpg\",\"contentUrl\":\"https:\/\/www.fmtrance.com\/online\/wp-content\/uploads\/2023\/04\/6426f0bc134d8_800x540.jpg\",\"width\":800,\"height\":540},{\"@type\":\"BreadcrumbList\",\"@id\":\"https:\/\/www.fmtrance.com\/online\/confirman-mas-de-3-400-casos-de-dengue-en-la-ciudad-ocho-personas-estan-graves\/#breadcrumb\",\"itemListElement\":[{\"@type\":\"ListItem\",\"position\":1,\"name\":\"Inicio\",\"item\":\"https:\/\/www.fmtrance.com\/online\/\"},{\"@type\":\"ListItem\",\"position\":2,\"name\":\"Confirman m\u00e1s de 3.400 casos de dengue en la Ciudad: ocho personas est\u00e1n graves\"}]},{\"@type\":\"WebSite\",\"@id\":\"https:\/\/www.fmtrance.com\/online\/#website\",\"url\":\"https:\/\/www.fmtrance.com\/online\/\",\"name\":\"FM Trance 103.3\",\"description\":\"CABA. Radio de musica electronica\",\"publisher\":{\"@id\":\"https:\/\/www.fmtrance.com\/online\/#organization\"},\"potentialAction\":[{\"@type\":\"SearchAction\",\"target\":{\"@type\":\"EntryPoint\",\"urlTemplate\":\"https:\/\/www.fmtrance.com\/online\/?s={search_term_string}\"},\"query-input\":{\"@type\":\"PropertyValueSpecification\",\"valueRequired\":true,\"valueName\":\"search_term_string\"}}],\"inLanguage\":\"es-AR\"},{\"@type\":\"Organization\",\"@id\":\"https:\/\/www.fmtrance.com\/online\/#organization\",\"name\":\"FM TRANCE\",\"url\":\"https:\/\/www.fmtrance.com\/online\/\",\"logo\":{\"@type\":\"ImageObject\",\"inLanguage\":\"es-AR\",\"@id\":\"https:\/\/www.fmtrance.com\/online\/#\/schema\/logo\/image\/\",\"url\":\"https:\/\/www.fmtrance.com\/online\/wp-content\/uploads\/2025\/03\/LOGO-WEB.png\",\"contentUrl\":\"https:\/\/www.fmtrance.com\/online\/wp-content\/uploads\/2025\/03\/LOGO-WEB.png\",\"width\":500,\"height\":500,\"caption\":\"FM TRANCE\"},\"image\":{\"@id\":\"https:\/\/www.fmtrance.com\/online\/#\/schema\/logo\/image\/\"},\"sameAs\":[\"https:\/\/www.facebook.com\/fmtrance\",\"https:\/\/x.com\/fmtrance\",\"https:\/\/www.instagram.com\/fmtrance\"]},{\"@type\":\"Person\",\"@id\":\"https:\/\/www.fmtrance.com\/online\/#\/schema\/person\/686af7f826dd2f08b36b4760b7dcdddd\",\"name\":\"Redaccion FM Trance\",\"image\":{\"@type\":\"ImageObject\",\"inLanguage\":\"es-AR\",\"@id\":\"https:\/\/www.fmtrance.com\/online\/#\/schema\/person\/image\/\",\"url\":\"https:\/\/secure.gravatar.com\/avatar\/c9d0afa8b0785bea8046a42861739f0a26fb9e8da739ce032e6598dc2981bc38?s=96&r=g\",\"contentUrl\":\"https:\/\/secure.gravatar.com\/avatar\/c9d0afa8b0785bea8046a42861739f0a26fb9e8da739ce032e6598dc2981bc38?s=96&r=g\",\"caption\":\"Redaccion FM Trance\"},\"description\":\"Fundador y Director general de FM Trance. Nacido el 24 de Septiembre de 1987, en Caballito, Ciudad Autonoma de Buenos Aires. Alguien de Radio desde siempre: ya a los 9 a\u00f1os de edad como radioescucha, sintonizando estaci\u00f3nes de AM, FM, onda corta, TV UHF\/VHF, y dem\u00e1s servicios. Se desempe\u00f1\u00f3 como Operador T\u00e9cnico en diferentes emisoras locales de CABA y GBA, y hasta el dia de hoy sigue ejerciendo desde la parte t\u00e9cnica, realizando trabajos en varias Radios. Egresado del ISER de la carrera de Operador Tecnico de Planta Transmisora, cursando actualmente la carrera de Operador Tecnico de Estudios de Radio en dicha instituci\u00f3n, y flamante radioaficionado (habiendo completado el curso en el Radioclub Buenos Aires), distintiva LU2DBK.\",\"url\":\"https:\/\/www.fmtrance.com\/online\/author\/fmtrance\/\"}]}<\/script>\n<!-- \/ Yoast SEO plugin. -->","yoast_head_json":{"title":"Confirman m\u00e1s de 3.400 casos de dengue en la Ciudad: ocho personas est\u00e1n graves | FM Trance 103.3","robots":{"index":"index","follow":"follow","max-snippet":"max-snippet:-1","max-image-preview":"max-image-preview:large","max-video-preview":"max-video-preview:-1"},"canonical":"https:\/\/www.fmtrance.com\/online\/confirman-mas-de-3-400-casos-de-dengue-en-la-ciudad-ocho-personas-estan-graves\/","og_locale":"es_ES","og_type":"article","og_title":"Confirman m\u00e1s de 3.400 casos de dengue en la Ciudad: ocho personas est\u00e1n graves | FM Trance 103.3","og_description":"As\u00ed lo confirm\u00f3 Horacio Rodr\u00edguez Larreta y pidi\u00f3 colaboraci\u00f3n de la poblaci\u00f3n para la prevenci\u00f3n. La mayor\u00eda son casos leves,","og_url":"https:\/\/www.fmtrance.com\/online\/confirman-mas-de-3-400-casos-de-dengue-en-la-ciudad-ocho-personas-estan-graves\/","og_site_name":"FM Trance 103.3","article_publisher":"https:\/\/www.facebook.com\/fmtrance","article_published_time":"2023-04-04T21:09:59+00:00","article_modified_time":"2023-04-25T21:13:59+00:00","og_image":[{"width":800,"height":540,"url":"https:\/\/www.fmtrance.com\/online\/wp-content\/uploads\/2023\/04\/6426f0bc134d8_800x540.jpg","type":"image\/jpeg"}],"author":"Redaccion FM Trance","twitter_card":"summary_large_image","twitter_creator":"@fmtrance","twitter_site":"@fmtrance","twitter_misc":{"Escrito por":"Redaccion FM Trance","Tiempo de lectura":"2 minutos"},"schema":{"@context":"https:\/\/schema.org","@graph":[{"@type":"Article","@id":"https:\/\/www.fmtrance.com\/online\/confirman-mas-de-3-400-casos-de-dengue-en-la-ciudad-ocho-personas-estan-graves\/#article","isPartOf":{"@id":"https:\/\/www.fmtrance.com\/online\/confirman-mas-de-3-400-casos-de-dengue-en-la-ciudad-ocho-personas-estan-graves\/"},"author":{"name":"Redaccion FM Trance","@id":"https:\/\/www.fmtrance.com\/online\/#\/schema\/person\/686af7f826dd2f08b36b4760b7dcdddd"},"headline":"Confirman m\u00e1s de 3.400 casos de dengue en la Ciudad: ocho personas est\u00e1n graves","datePublished":"2023-04-04T21:09:59+00:00","dateModified":"2023-04-25T21:13:59+00:00","mainEntityOfPage":{"@id":"https:\/\/www.fmtrance.com\/online\/confirman-mas-de-3-400-casos-de-dengue-en-la-ciudad-ocho-personas-estan-graves\/"},"wordCount":407,"commentCount":0,"publisher":{"@id":"https:\/\/www.fmtrance.com\/online\/#organization"},"image":{"@id":"https:\/\/www.fmtrance.com\/online\/confirman-mas-de-3-400-casos-de-dengue-en-la-ciudad-ocho-personas-estan-graves\/#primaryimage"},"thumbnailUrl":"https:\/\/www.fmtrance.com\/online\/wp-content\/uploads\/2023\/04\/6426f0bc134d8_800x540.jpg","keywords":["Uncategorized"],"articleSection":["Noticias"],"inLanguage":"es-AR","potentialAction":[{"@type":"CommentAction","name":"Comment","target":["https:\/\/www.fmtrance.com\/online\/confirman-mas-de-3-400-casos-de-dengue-en-la-ciudad-ocho-personas-estan-graves\/#respond"]}]},{"@type":"WebPage","@id":"https:\/\/www.fmtrance.com\/online\/confirman-mas-de-3-400-casos-de-dengue-en-la-ciudad-ocho-personas-estan-graves\/","url":"https:\/\/www.fmtrance.com\/online\/confirman-mas-de-3-400-casos-de-dengue-en-la-ciudad-ocho-personas-estan-graves\/","name":"Confirman m\u00e1s de 3.400 casos de dengue en la Ciudad: ocho personas est\u00e1n graves | FM Trance 103.3","isPartOf":{"@id":"https:\/\/www.fmtrance.com\/online\/#website"},"primaryImageOfPage":{"@id":"https:\/\/www.fmtrance.com\/online\/confirman-mas-de-3-400-casos-de-dengue-en-la-ciudad-ocho-personas-estan-graves\/#primaryimage"},"image":{"@id":"https:\/\/www.fmtrance.com\/online\/confirman-mas-de-3-400-casos-de-dengue-en-la-ciudad-ocho-personas-estan-graves\/#primaryimage"},"thumbnailUrl":"https:\/\/www.fmtrance.com\/online\/wp-content\/uploads\/2023\/04\/6426f0bc134d8_800x540.jpg","datePublished":"2023-04-04T21:09:59+00:00","dateModified":"2023-04-25T21:13:59+00:00","breadcrumb":{"@id":"https:\/\/www.fmtrance.com\/online\/confirman-mas-de-3-400-casos-de-dengue-en-la-ciudad-ocho-personas-estan-graves\/#breadcrumb"},"inLanguage":"es-AR","potentialAction":[{"@type":"ReadAction","target":["https:\/\/www.fmtrance.com\/online\/confirman-mas-de-3-400-casos-de-dengue-en-la-ciudad-ocho-personas-estan-graves\/"]}]},{"@type":"ImageObject","inLanguage":"es-AR","@id":"https:\/\/www.fmtrance.com\/online\/confirman-mas-de-3-400-casos-de-dengue-en-la-ciudad-ocho-personas-estan-graves\/#primaryimage","url":"https:\/\/www.fmtrance.com\/online\/wp-content\/uploads\/2023\/04\/6426f0bc134d8_800x540.jpg","contentUrl":"https:\/\/www.fmtrance.com\/online\/wp-content\/uploads\/2023\/04\/6426f0bc134d8_800x540.jpg","width":800,"height":540},{"@type":"BreadcrumbList","@id":"https:\/\/www.fmtrance.com\/online\/confirman-mas-de-3-400-casos-de-dengue-en-la-ciudad-ocho-personas-estan-graves\/#breadcrumb","itemListElement":[{"@type":"ListItem","position":1,"name":"Inicio","item":"https:\/\/www.fmtrance.com\/online\/"},{"@type":"ListItem","position":2,"name":"Confirman m\u00e1s de 3.400 casos de dengue en la Ciudad: ocho personas est\u00e1n graves"}]},{"@type":"WebSite","@id":"https:\/\/www.fmtrance.com\/online\/#website","url":"https:\/\/www.fmtrance.com\/online\/","name":"FM Trance 103.3","description":"CABA. Radio de musica electronica","publisher":{"@id":"https:\/\/www.fmtrance.com\/online\/#organization"},"potentialAction":[{"@type":"SearchAction","target":{"@type":"EntryPoint","urlTemplate":"https:\/\/www.fmtrance.com\/online\/?s={search_term_string}"},"query-input":{"@type":"PropertyValueSpecification","valueRequired":true,"valueName":"search_term_string"}}],"inLanguage":"es-AR"},{"@type":"Organization","@id":"https:\/\/www.fmtrance.com\/online\/#organization","name":"FM TRANCE","url":"https:\/\/www.fmtrance.com\/online\/","logo":{"@type":"ImageObject","inLanguage":"es-AR","@id":"https:\/\/www.fmtrance.com\/online\/#\/schema\/logo\/image\/","url":"https:\/\/www.fmtrance.com\/online\/wp-content\/uploads\/2025\/03\/LOGO-WEB.png","contentUrl":"https:\/\/www.fmtrance.com\/online\/wp-content\/uploads\/2025\/03\/LOGO-WEB.png","width":500,"height":500,"caption":"FM TRANCE"},"image":{"@id":"https:\/\/www.fmtrance.com\/online\/#\/schema\/logo\/image\/"},"sameAs":["https:\/\/www.facebook.com\/fmtrance","https:\/\/x.com\/fmtrance","https:\/\/www.instagram.com\/fmtrance"]},{"@type":"Person","@id":"https:\/\/www.fmtrance.com\/online\/#\/schema\/person\/686af7f826dd2f08b36b4760b7dcdddd","name":"Redaccion FM Trance","image":{"@type":"ImageObject","inLanguage":"es-AR","@id":"https:\/\/www.fmtrance.com\/online\/#\/schema\/person\/image\/","url":"https:\/\/secure.gravatar.com\/avatar\/c9d0afa8b0785bea8046a42861739f0a26fb9e8da739ce032e6598dc2981bc38?s=96&r=g","contentUrl":"https:\/\/secure.gravatar.com\/avatar\/c9d0afa8b0785bea8046a42861739f0a26fb9e8da739ce032e6598dc2981bc38?s=96&r=g","caption":"Redaccion FM Trance"},"description":"Fundador y Director general de FM Trance. Nacido el 24 de Septiembre de 1987, en Caballito, Ciudad Autonoma de Buenos Aires. Alguien de Radio desde siempre: ya a los 9 a\u00f1os de edad como radioescucha, sintonizando estaci\u00f3nes de AM, FM, onda corta, TV UHF\/VHF, y dem\u00e1s servicios. Se desempe\u00f1\u00f3 como Operador T\u00e9cnico en diferentes emisoras locales de CABA y GBA, y hasta el dia de hoy sigue ejerciendo desde la parte t\u00e9cnica, realizando trabajos en varias Radios. Egresado del ISER de la carrera de Operador Tecnico de Planta Transmisora, cursando actualmente la carrera de Operador Tecnico de Estudios de Radio en dicha instituci\u00f3n, y flamante radioaficionado (habiendo completado el curso en el Radioclub Buenos Aires), distintiva LU2DBK.","url":"https:\/\/www.fmtrance.com\/online\/author\/fmtrance\/"}]}},"_links":{"self":[{"href":"https:\/\/www.fmtrance.com\/online\/wp-json\/wp\/v2\/posts\/4070","targetHints":{"allow":["GET"]}}],"collection":[{"href":"https:\/\/www.fmtrance.com\/online\/wp-json\/wp\/v2\/posts"}],"about":[{"href":"https:\/\/www.fmtrance.com\/online\/wp-json\/wp\/v2\/types\/post"}],"author":[{"embeddable":true,"href":"https:\/\/www.fmtrance.com\/online\/wp-json\/wp\/v2\/users\/1"}],"replies":[{"embeddable":true,"href":"https:\/\/www.fmtrance.com\/online\/wp-json\/wp\/v2\/comments?post=4070"}],"version-history":[{"count":1,"href":"https:\/\/www.fmtrance.com\/online\/wp-json\/wp\/v2\/posts\/4070\/revisions"}],"predecessor-version":[{"id":4072,"href":"https:\/\/www.fmtrance.com\/online\/wp-json\/wp\/v2\/posts\/4070\/revisions\/4072"}],"wp:featuredmedia":[{"embeddable":true,"href":"https:\/\/www.fmtrance.com\/online\/wp-json\/wp\/v2\/media\/4071"}],"wp:attachment":[{"href":"https:\/\/www.fmtrance.com\/online\/wp-json\/wp\/v2\/media?parent=4070"}],"wp:term":[{"taxonomy":"category","embeddable":true,"href":"https:\/\/www.fmtrance.com\/online\/wp-json\/wp\/v2\/categories?post=4070"},{"taxonomy":"post_tag","embeddable":true,"href":"https:\/\/www.fmtrance.com\/online\/wp-json\/wp\/v2\/tags?post=4070"}],"curies":[{"name":"wp","href":"https:\/\/api.w.org\/{rel}","templated":true}]}}