{"id":4068,"date":"2023-04-03T18:06:47","date_gmt":"2023-04-03T21:06:47","guid":{"rendered":"http:\/\/www.fmtrance.com\/online\/?p=4068"},"modified":"2023-04-25T18:08:13","modified_gmt":"2023-04-25T21:08:13","slug":"cuales-son-las-lineas-de-colectivos-afectadas-por-el-paro-tras-el-crimen-de-un-chofer","status":"publish","type":"post","link":"https:\/\/www.fmtrance.com\/online\/cuales-son-las-lineas-de-colectivos-afectadas-por-el-paro-tras-el-crimen-de-un-chofer\/","title":{"rendered":"\u00bfCu\u00e1les son las l\u00edneas de colectivos afectadas por el paro, tras el crimen de un chofer?"},"content":{"rendered":"<p><strong>La UTA anunci\u00f3 el cese de actividades en varias l\u00edneas, en su mayor\u00eda de la zona oeste, tras el asesinato de un chofer de la L\u00ednea 620 en La Matanza. Cu\u00e1les son y hasta cu\u00e1ndo dura la medida.<\/strong><\/p>\n<p>Hoy, la\u00a0<strong>Uni\u00f3n Tranviarios Automotor (UTA)<\/strong>\u00a0anunci\u00f3 un paro general de colectivos que comienza este mediod\u00eda y terminar\u00e1 a medianoche. La medida de fuerza es en repudio al asesinato de\u00a0<strong>Roberto Fern\u00e1ndez<\/strong>, un chofer de la l\u00ednea 620, \u00a0en la localidad de Virrey del Pino (La Matanza).<\/p>\n<p>En su comunicado, la UTA indic\u00f3 que no se descartan m\u00e1s acciones &#8220;en tanto las autoridades no garanticen las condiciones m\u00ednimas de seguridad en el trabajo de todo nuestro sector&#8221;.<\/p>\n<p>&#8220;Abrazamos a la familia de Daniel Barrientos, y nos ponemos a disposici\u00f3n tras este hecho que conmueve y que duele a toda la sociedad argentina&#8221;, enfatiz\u00f3 el Consejo Directivo Nacional de la UTA.<\/p>\n<p><strong>Las l\u00edneas afectadas<\/strong>:<\/p>\n<p>L\u00edneas de paro que circulan en la Ciudad de Buenos Aires<\/p>\n<p>1-2-4-8-46-49-53-55-56-57-63-86-88-91-96-103-113-123-126-136-153-155-166-172-174-180-185 y 193.<\/p>\n<p>L\u00edneas de paro que circulan en la provincia de Buenos Aires<br \/>\n205-218-236-242-244-253-269-284-288-297-298-302-303-311-312-317-320-321-322-325-329-338-378-382-390-392-395-406-422-441-443-461-462-463-464-500 (TUM) -500\/501 (La Perlita) &#8211; 500\/1\/2\/3 (Luj\u00e1n) &#8211; 503 (Merlo) &#8211; 504 (Ituzaing\u00f3) &#8211; 540-542-550-551-553 (Lomas de Zamora) &#8211; 620-621-622-624-628-630 (LM) &#8211; 634-635 (Mor\u00f3n).<\/p>\n<p>Limitado: 203 (Moreno) circula entre Puente Saavedra y San Miguel.<\/p>\n","protected":false},"excerpt":{"rendered":"<p>La UTA anunci\u00f3 el cese de actividades en varias l\u00edneas, en su mayor\u00eda de la zona oeste, tras el asesinato<\/p>\n","protected":false},"author":1,"featured_media":3904,"comment_status":"open","ping_status":"closed","sticky":false,"template":"","format":"standard","meta":{"footnotes":""},"categories":[1],"tags":[1726],"class_list":["post-4068","post","type-post","status-publish","format-standard","has-post-thumbnail","hentry","category-uncategorized","tag-uncategorized"],"yoast_head":"<!-- This site is optimized with the Yoast SEO plugin v24.6 - https:\/\/yoast.com\/wordpress\/plugins\/seo\/ -->\n<title>\u00bfCu\u00e1les son las l\u00edneas de colectivos afectadas por el paro, tras el crimen de un chofer? | FM Trance 103.3<\/title>\n<meta name=\"robots\" content=\"index, follow, max-snippet:-1, max-image-preview:large, max-video-preview:-1\" \/>\n<link rel=\"canonical\" href=\"https:\/\/www.fmtrance.com\/online\/cuales-son-las-lineas-de-colectivos-afectadas-por-el-paro-tras-el-crimen-de-un-chofer\/\" \/>\n<meta property=\"og:locale\" content=\"es_ES\" \/>\n<meta property=\"og:type\" content=\"article\" \/>\n<meta property=\"og:title\" content=\"\u00bfCu\u00e1les son las l\u00edneas de colectivos afectadas por el paro, tras el crimen de un chofer? | FM Trance 103.3\" \/>\n<meta property=\"og:description\" content=\"La UTA anunci\u00f3 el cese de actividades en varias l\u00edneas, en su mayor\u00eda de la zona oeste, tras el asesinato\" \/>\n<meta property=\"og:url\" content=\"https:\/\/www.fmtrance.com\/online\/cuales-son-las-lineas-de-colectivos-afectadas-por-el-paro-tras-el-crimen-de-un-chofer\/\" \/>\n<meta property=\"og:site_name\" content=\"FM Trance 103.3\" \/>\n<meta property=\"article:publisher\" content=\"https:\/\/www.facebook.com\/fmtrance\" \/>\n<meta property=\"article:published_time\" content=\"2023-04-03T21:06:47+00:00\" \/>\n<meta property=\"article:modified_time\" content=\"2023-04-25T21:08:13+00:00\" \/>\n<meta property=\"og:image\" content=\"https:\/\/www.fmtrance.com\/online\/wp-content\/uploads\/2023\/03\/63fdf03b62e20_800x488.jpg\" \/>\n\t<meta property=\"og:image:width\" content=\"800\" \/>\n\t<meta property=\"og:image:height\" content=\"488\" \/>\n\t<meta property=\"og:image:type\" content=\"image\/jpeg\" \/>\n<meta name=\"author\" content=\"Redaccion FM Trance\" \/>\n<meta name=\"twitter:card\" content=\"summary_large_image\" \/>\n<meta name=\"twitter:creator\" content=\"@fmtrance\" \/>\n<meta name=\"twitter:site\" content=\"@fmtrance\" \/>\n<meta name=\"twitter:label1\" content=\"Escrito por\" \/>\n\t<meta name=\"twitter:data1\" content=\"Redaccion FM Trance\" \/>\n\t<meta name=\"twitter:label2\" content=\"Tiempo de lectura\" \/>\n\t<meta name=\"twitter:data2\" content=\"1 minuto\" \/>\n<script type=\"application\/ld+json\" class=\"yoast-schema-graph\">{\"@context\":\"https:\/\/schema.org\",\"@graph\":[{\"@type\":\"Article\",\"@id\":\"https:\/\/www.fmtrance.com\/online\/cuales-son-las-lineas-de-colectivos-afectadas-por-el-paro-tras-el-crimen-de-un-chofer\/#article\",\"isPartOf\":{\"@id\":\"https:\/\/www.fmtrance.com\/online\/cuales-son-las-lineas-de-colectivos-afectadas-por-el-paro-tras-el-crimen-de-un-chofer\/\"},\"author\":{\"name\":\"Redaccion FM Trance\",\"@id\":\"https:\/\/www.fmtrance.com\/online\/#\/schema\/person\/686af7f826dd2f08b36b4760b7dcdddd\"},\"headline\":\"\u00bfCu\u00e1les son las l\u00edneas de colectivos afectadas por el paro, tras el crimen de un chofer?\",\"datePublished\":\"2023-04-03T21:06:47+00:00\",\"dateModified\":\"2023-04-25T21:08:13+00:00\",\"mainEntityOfPage\":{\"@id\":\"https:\/\/www.fmtrance.com\/online\/cuales-son-las-lineas-de-colectivos-afectadas-por-el-paro-tras-el-crimen-de-un-chofer\/\"},\"wordCount\":305,\"commentCount\":0,\"publisher\":{\"@id\":\"https:\/\/www.fmtrance.com\/online\/#organization\"},\"image\":{\"@id\":\"https:\/\/www.fmtrance.com\/online\/cuales-son-las-lineas-de-colectivos-afectadas-por-el-paro-tras-el-crimen-de-un-chofer\/#primaryimage\"},\"thumbnailUrl\":\"https:\/\/www.fmtrance.com\/online\/wp-content\/uploads\/2023\/03\/63fdf03b62e20_800x488.jpg\",\"keywords\":[\"Uncategorized\"],\"articleSection\":[\"Noticias\"],\"inLanguage\":\"es-AR\",\"potentialAction\":[{\"@type\":\"CommentAction\",\"name\":\"Comment\",\"target\":[\"https:\/\/www.fmtrance.com\/online\/cuales-son-las-lineas-de-colectivos-afectadas-por-el-paro-tras-el-crimen-de-un-chofer\/#respond\"]}]},{\"@type\":\"WebPage\",\"@id\":\"https:\/\/www.fmtrance.com\/online\/cuales-son-las-lineas-de-colectivos-afectadas-por-el-paro-tras-el-crimen-de-un-chofer\/\",\"url\":\"https:\/\/www.fmtrance.com\/online\/cuales-son-las-lineas-de-colectivos-afectadas-por-el-paro-tras-el-crimen-de-un-chofer\/\",\"name\":\"\u00bfCu\u00e1les son las l\u00edneas de colectivos afectadas por el paro, tras el crimen de un chofer? | FM Trance 103.3\",\"isPartOf\":{\"@id\":\"https:\/\/www.fmtrance.com\/online\/#website\"},\"primaryImageOfPage\":{\"@id\":\"https:\/\/www.fmtrance.com\/online\/cuales-son-las-lineas-de-colectivos-afectadas-por-el-paro-tras-el-crimen-de-un-chofer\/#primaryimage\"},\"image\":{\"@id\":\"https:\/\/www.fmtrance.com\/online\/cuales-son-las-lineas-de-colectivos-afectadas-por-el-paro-tras-el-crimen-de-un-chofer\/#primaryimage\"},\"thumbnailUrl\":\"https:\/\/www.fmtrance.com\/online\/wp-content\/uploads\/2023\/03\/63fdf03b62e20_800x488.jpg\",\"datePublished\":\"2023-04-03T21:06:47+00:00\",\"dateModified\":\"2023-04-25T21:08:13+00:00\",\"breadcrumb\":{\"@id\":\"https:\/\/www.fmtrance.com\/online\/cuales-son-las-lineas-de-colectivos-afectadas-por-el-paro-tras-el-crimen-de-un-chofer\/#breadcrumb\"},\"inLanguage\":\"es-AR\",\"potentialAction\":[{\"@type\":\"ReadAction\",\"target\":[\"https:\/\/www.fmtrance.com\/online\/cuales-son-las-lineas-de-colectivos-afectadas-por-el-paro-tras-el-crimen-de-un-chofer\/\"]}]},{\"@type\":\"ImageObject\",\"inLanguage\":\"es-AR\",\"@id\":\"https:\/\/www.fmtrance.com\/online\/cuales-son-las-lineas-de-colectivos-afectadas-por-el-paro-tras-el-crimen-de-un-chofer\/#primaryimage\",\"url\":\"https:\/\/www.fmtrance.com\/online\/wp-content\/uploads\/2023\/03\/63fdf03b62e20_800x488.jpg\",\"contentUrl\":\"https:\/\/www.fmtrance.com\/online\/wp-content\/uploads\/2023\/03\/63fdf03b62e20_800x488.jpg\",\"width\":800,\"height\":488},{\"@type\":\"BreadcrumbList\",\"@id\":\"https:\/\/www.fmtrance.com\/online\/cuales-son-las-lineas-de-colectivos-afectadas-por-el-paro-tras-el-crimen-de-un-chofer\/#breadcrumb\",\"itemListElement\":[{\"@type\":\"ListItem\",\"position\":1,\"name\":\"Inicio\",\"item\":\"https:\/\/www.fmtrance.com\/online\/\"},{\"@type\":\"ListItem\",\"position\":2,\"name\":\"\u00bfCu\u00e1les son las l\u00edneas de colectivos afectadas por el paro, tras el crimen de un chofer?\"}]},{\"@type\":\"WebSite\",\"@id\":\"https:\/\/www.fmtrance.com\/online\/#website\",\"url\":\"https:\/\/www.fmtrance.com\/online\/\",\"name\":\"FM Trance 103.3\",\"description\":\"CABA. Radio de musica electronica\",\"publisher\":{\"@id\":\"https:\/\/www.fmtrance.com\/online\/#organization\"},\"potentialAction\":[{\"@type\":\"SearchAction\",\"target\":{\"@type\":\"EntryPoint\",\"urlTemplate\":\"https:\/\/www.fmtrance.com\/online\/?s={search_term_string}\"},\"query-input\":{\"@type\":\"PropertyValueSpecification\",\"valueRequired\":true,\"valueName\":\"search_term_string\"}}],\"inLanguage\":\"es-AR\"},{\"@type\":\"Organization\",\"@id\":\"https:\/\/www.fmtrance.com\/online\/#organization\",\"name\":\"FM TRANCE\",\"url\":\"https:\/\/www.fmtrance.com\/online\/\",\"logo\":{\"@type\":\"ImageObject\",\"inLanguage\":\"es-AR\",\"@id\":\"https:\/\/www.fmtrance.com\/online\/#\/schema\/logo\/image\/\",\"url\":\"https:\/\/www.fmtrance.com\/online\/wp-content\/uploads\/2025\/03\/LOGO-WEB.png\",\"contentUrl\":\"https:\/\/www.fmtrance.com\/online\/wp-content\/uploads\/2025\/03\/LOGO-WEB.png\",\"width\":500,\"height\":500,\"caption\":\"FM TRANCE\"},\"image\":{\"@id\":\"https:\/\/www.fmtrance.com\/online\/#\/schema\/logo\/image\/\"},\"sameAs\":[\"https:\/\/www.facebook.com\/fmtrance\",\"https:\/\/x.com\/fmtrance\",\"https:\/\/www.instagram.com\/fmtrance\"]},{\"@type\":\"Person\",\"@id\":\"https:\/\/www.fmtrance.com\/online\/#\/schema\/person\/686af7f826dd2f08b36b4760b7dcdddd\",\"name\":\"Redaccion FM Trance\",\"image\":{\"@type\":\"ImageObject\",\"inLanguage\":\"es-AR\",\"@id\":\"https:\/\/www.fmtrance.com\/online\/#\/schema\/person\/image\/\",\"url\":\"https:\/\/secure.gravatar.com\/avatar\/c9d0afa8b0785bea8046a42861739f0a26fb9e8da739ce032e6598dc2981bc38?s=96&r=g\",\"contentUrl\":\"https:\/\/secure.gravatar.com\/avatar\/c9d0afa8b0785bea8046a42861739f0a26fb9e8da739ce032e6598dc2981bc38?s=96&r=g\",\"caption\":\"Redaccion FM Trance\"},\"description\":\"Fundador y Director general de FM Trance. Nacido el 24 de Septiembre de 1987, en Caballito, Ciudad Autonoma de Buenos Aires. Alguien de Radio desde siempre: ya a los 9 a\u00f1os de edad como radioescucha, sintonizando estaci\u00f3nes de AM, FM, onda corta, TV UHF\/VHF, y dem\u00e1s servicios. Se desempe\u00f1\u00f3 como Operador T\u00e9cnico en diferentes emisoras locales de CABA y GBA, y hasta el dia de hoy sigue ejerciendo desde la parte t\u00e9cnica, realizando trabajos en varias Radios. Egresado del ISER de la carrera de Operador Tecnico de Planta Transmisora, cursando actualmente la carrera de Operador Tecnico de Estudios de Radio en dicha instituci\u00f3n, y flamante radioaficionado (habiendo completado el curso en el Radioclub Buenos Aires), distintiva LU2DBK.\",\"url\":\"https:\/\/www.fmtrance.com\/online\/author\/fmtrance\/\"}]}<\/script>\n<!-- \/ Yoast SEO plugin. -->","yoast_head_json":{"title":"\u00bfCu\u00e1les son las l\u00edneas de colectivos afectadas por el paro, tras el crimen de un chofer? | FM Trance 103.3","robots":{"index":"index","follow":"follow","max-snippet":"max-snippet:-1","max-image-preview":"max-image-preview:large","max-video-preview":"max-video-preview:-1"},"canonical":"https:\/\/www.fmtrance.com\/online\/cuales-son-las-lineas-de-colectivos-afectadas-por-el-paro-tras-el-crimen-de-un-chofer\/","og_locale":"es_ES","og_type":"article","og_title":"\u00bfCu\u00e1les son las l\u00edneas de colectivos afectadas por el paro, tras el crimen de un chofer? | FM Trance 103.3","og_description":"La UTA anunci\u00f3 el cese de actividades en varias l\u00edneas, en su mayor\u00eda de la zona oeste, tras el asesinato","og_url":"https:\/\/www.fmtrance.com\/online\/cuales-son-las-lineas-de-colectivos-afectadas-por-el-paro-tras-el-crimen-de-un-chofer\/","og_site_name":"FM Trance 103.3","article_publisher":"https:\/\/www.facebook.com\/fmtrance","article_published_time":"2023-04-03T21:06:47+00:00","article_modified_time":"2023-04-25T21:08:13+00:00","og_image":[{"width":800,"height":488,"url":"https:\/\/www.fmtrance.com\/online\/wp-content\/uploads\/2023\/03\/63fdf03b62e20_800x488.jpg","type":"image\/jpeg"}],"author":"Redaccion FM Trance","twitter_card":"summary_large_image","twitter_creator":"@fmtrance","twitter_site":"@fmtrance","twitter_misc":{"Escrito por":"Redaccion FM Trance","Tiempo de lectura":"1 minuto"},"schema":{"@context":"https:\/\/schema.org","@graph":[{"@type":"Article","@id":"https:\/\/www.fmtrance.com\/online\/cuales-son-las-lineas-de-colectivos-afectadas-por-el-paro-tras-el-crimen-de-un-chofer\/#article","isPartOf":{"@id":"https:\/\/www.fmtrance.com\/online\/cuales-son-las-lineas-de-colectivos-afectadas-por-el-paro-tras-el-crimen-de-un-chofer\/"},"author":{"name":"Redaccion FM Trance","@id":"https:\/\/www.fmtrance.com\/online\/#\/schema\/person\/686af7f826dd2f08b36b4760b7dcdddd"},"headline":"\u00bfCu\u00e1les son las l\u00edneas de colectivos afectadas por el paro, tras el crimen de un chofer?","datePublished":"2023-04-03T21:06:47+00:00","dateModified":"2023-04-25T21:08:13+00:00","mainEntityOfPage":{"@id":"https:\/\/www.fmtrance.com\/online\/cuales-son-las-lineas-de-colectivos-afectadas-por-el-paro-tras-el-crimen-de-un-chofer\/"},"wordCount":305,"commentCount":0,"publisher":{"@id":"https:\/\/www.fmtrance.com\/online\/#organization"},"image":{"@id":"https:\/\/www.fmtrance.com\/online\/cuales-son-las-lineas-de-colectivos-afectadas-por-el-paro-tras-el-crimen-de-un-chofer\/#primaryimage"},"thumbnailUrl":"https:\/\/www.fmtrance.com\/online\/wp-content\/uploads\/2023\/03\/63fdf03b62e20_800x488.jpg","keywords":["Uncategorized"],"articleSection":["Noticias"],"inLanguage":"es-AR","potentialAction":[{"@type":"CommentAction","name":"Comment","target":["https:\/\/www.fmtrance.com\/online\/cuales-son-las-lineas-de-colectivos-afectadas-por-el-paro-tras-el-crimen-de-un-chofer\/#respond"]}]},{"@type":"WebPage","@id":"https:\/\/www.fmtrance.com\/online\/cuales-son-las-lineas-de-colectivos-afectadas-por-el-paro-tras-el-crimen-de-un-chofer\/","url":"https:\/\/www.fmtrance.com\/online\/cuales-son-las-lineas-de-colectivos-afectadas-por-el-paro-tras-el-crimen-de-un-chofer\/","name":"\u00bfCu\u00e1les son las l\u00edneas de colectivos afectadas por el paro, tras el crimen de un chofer? | FM Trance 103.3","isPartOf":{"@id":"https:\/\/www.fmtrance.com\/online\/#website"},"primaryImageOfPage":{"@id":"https:\/\/www.fmtrance.com\/online\/cuales-son-las-lineas-de-colectivos-afectadas-por-el-paro-tras-el-crimen-de-un-chofer\/#primaryimage"},"image":{"@id":"https:\/\/www.fmtrance.com\/online\/cuales-son-las-lineas-de-colectivos-afectadas-por-el-paro-tras-el-crimen-de-un-chofer\/#primaryimage"},"thumbnailUrl":"https:\/\/www.fmtrance.com\/online\/wp-content\/uploads\/2023\/03\/63fdf03b62e20_800x488.jpg","datePublished":"2023-04-03T21:06:47+00:00","dateModified":"2023-04-25T21:08:13+00:00","breadcrumb":{"@id":"https:\/\/www.fmtrance.com\/online\/cuales-son-las-lineas-de-colectivos-afectadas-por-el-paro-tras-el-crimen-de-un-chofer\/#breadcrumb"},"inLanguage":"es-AR","potentialAction":[{"@type":"ReadAction","target":["https:\/\/www.fmtrance.com\/online\/cuales-son-las-lineas-de-colectivos-afectadas-por-el-paro-tras-el-crimen-de-un-chofer\/"]}]},{"@type":"ImageObject","inLanguage":"es-AR","@id":"https:\/\/www.fmtrance.com\/online\/cuales-son-las-lineas-de-colectivos-afectadas-por-el-paro-tras-el-crimen-de-un-chofer\/#primaryimage","url":"https:\/\/www.fmtrance.com\/online\/wp-content\/uploads\/2023\/03\/63fdf03b62e20_800x488.jpg","contentUrl":"https:\/\/www.fmtrance.com\/online\/wp-content\/uploads\/2023\/03\/63fdf03b62e20_800x488.jpg","width":800,"height":488},{"@type":"BreadcrumbList","@id":"https:\/\/www.fmtrance.com\/online\/cuales-son-las-lineas-de-colectivos-afectadas-por-el-paro-tras-el-crimen-de-un-chofer\/#breadcrumb","itemListElement":[{"@type":"ListItem","position":1,"name":"Inicio","item":"https:\/\/www.fmtrance.com\/online\/"},{"@type":"ListItem","position":2,"name":"\u00bfCu\u00e1les son las l\u00edneas de colectivos afectadas por el paro, tras el crimen de un chofer?"}]},{"@type":"WebSite","@id":"https:\/\/www.fmtrance.com\/online\/#website","url":"https:\/\/www.fmtrance.com\/online\/","name":"FM Trance 103.3","description":"CABA. Radio de musica electronica","publisher":{"@id":"https:\/\/www.fmtrance.com\/online\/#organization"},"potentialAction":[{"@type":"SearchAction","target":{"@type":"EntryPoint","urlTemplate":"https:\/\/www.fmtrance.com\/online\/?s={search_term_string}"},"query-input":{"@type":"PropertyValueSpecification","valueRequired":true,"valueName":"search_term_string"}}],"inLanguage":"es-AR"},{"@type":"Organization","@id":"https:\/\/www.fmtrance.com\/online\/#organization","name":"FM TRANCE","url":"https:\/\/www.fmtrance.com\/online\/","logo":{"@type":"ImageObject","inLanguage":"es-AR","@id":"https:\/\/www.fmtrance.com\/online\/#\/schema\/logo\/image\/","url":"https:\/\/www.fmtrance.com\/online\/wp-content\/uploads\/2025\/03\/LOGO-WEB.png","contentUrl":"https:\/\/www.fmtrance.com\/online\/wp-content\/uploads\/2025\/03\/LOGO-WEB.png","width":500,"height":500,"caption":"FM TRANCE"},"image":{"@id":"https:\/\/www.fmtrance.com\/online\/#\/schema\/logo\/image\/"},"sameAs":["https:\/\/www.facebook.com\/fmtrance","https:\/\/x.com\/fmtrance","https:\/\/www.instagram.com\/fmtrance"]},{"@type":"Person","@id":"https:\/\/www.fmtrance.com\/online\/#\/schema\/person\/686af7f826dd2f08b36b4760b7dcdddd","name":"Redaccion FM Trance","image":{"@type":"ImageObject","inLanguage":"es-AR","@id":"https:\/\/www.fmtrance.com\/online\/#\/schema\/person\/image\/","url":"https:\/\/secure.gravatar.com\/avatar\/c9d0afa8b0785bea8046a42861739f0a26fb9e8da739ce032e6598dc2981bc38?s=96&r=g","contentUrl":"https:\/\/secure.gravatar.com\/avatar\/c9d0afa8b0785bea8046a42861739f0a26fb9e8da739ce032e6598dc2981bc38?s=96&r=g","caption":"Redaccion FM Trance"},"description":"Fundador y Director general de FM Trance. Nacido el 24 de Septiembre de 1987, en Caballito, Ciudad Autonoma de Buenos Aires. Alguien de Radio desde siempre: ya a los 9 a\u00f1os de edad como radioescucha, sintonizando estaci\u00f3nes de AM, FM, onda corta, TV UHF\/VHF, y dem\u00e1s servicios. Se desempe\u00f1\u00f3 como Operador T\u00e9cnico en diferentes emisoras locales de CABA y GBA, y hasta el dia de hoy sigue ejerciendo desde la parte t\u00e9cnica, realizando trabajos en varias Radios. Egresado del ISER de la carrera de Operador Tecnico de Planta Transmisora, cursando actualmente la carrera de Operador Tecnico de Estudios de Radio en dicha instituci\u00f3n, y flamante radioaficionado (habiendo completado el curso en el Radioclub Buenos Aires), distintiva LU2DBK.","url":"https:\/\/www.fmtrance.com\/online\/author\/fmtrance\/"}]}},"_links":{"self":[{"href":"https:\/\/www.fmtrance.com\/online\/wp-json\/wp\/v2\/posts\/4068","targetHints":{"allow":["GET"]}}],"collection":[{"href":"https:\/\/www.fmtrance.com\/online\/wp-json\/wp\/v2\/posts"}],"about":[{"href":"https:\/\/www.fmtrance.com\/online\/wp-json\/wp\/v2\/types\/post"}],"author":[{"embeddable":true,"href":"https:\/\/www.fmtrance.com\/online\/wp-json\/wp\/v2\/users\/1"}],"replies":[{"embeddable":true,"href":"https:\/\/www.fmtrance.com\/online\/wp-json\/wp\/v2\/comments?post=4068"}],"version-history":[{"count":1,"href":"https:\/\/www.fmtrance.com\/online\/wp-json\/wp\/v2\/posts\/4068\/revisions"}],"predecessor-version":[{"id":4069,"href":"https:\/\/www.fmtrance.com\/online\/wp-json\/wp\/v2\/posts\/4068\/revisions\/4069"}],"wp:featuredmedia":[{"embeddable":true,"href":"https:\/\/www.fmtrance.com\/online\/wp-json\/wp\/v2\/media\/3904"}],"wp:attachment":[{"href":"https:\/\/www.fmtrance.com\/online\/wp-json\/wp\/v2\/media?parent=4068"}],"wp:term":[{"taxonomy":"category","embeddable":true,"href":"https:\/\/www.fmtrance.com\/online\/wp-json\/wp\/v2\/categories?post=4068"},{"taxonomy":"post_tag","embeddable":true,"href":"https:\/\/www.fmtrance.com\/online\/wp-json\/wp\/v2\/tags?post=4068"}],"curies":[{"name":"wp","href":"https:\/\/api.w.org\/{rel}","templated":true}]}}