{"id":4065,"date":"2023-04-03T17:58:55","date_gmt":"2023-04-03T20:58:55","guid":{"rendered":"http:\/\/www.fmtrance.com\/online\/?p=4065"},"modified":"2023-04-25T18:05:07","modified_gmt":"2023-04-25T21:05:07","slug":"agredieron-a-sergio-berni-en-una-protesta-por-el-asesinato-de-un-colectivero","status":"publish","type":"post","link":"https:\/\/www.fmtrance.com\/online\/agredieron-a-sergio-berni-en-una-protesta-por-el-asesinato-de-un-colectivero\/","title":{"rendered":"Agredieron a Sergio Berni en una protesta por el asesinato de un colectivero"},"content":{"rendered":"<div class=\"row\">\n<div class=\"col-lg-12\">\n<div class=\"detail\">\n<p><strong>Los trabajadores reclamaron tras el asesinato de su compa\u00f1ero Daniel Barrientos, quien estaba en servicio durante la madrugada en Virrey del Pino. El ministro se acerc\u00f3 a dialogar, lo recibieron violentamente y la Polic\u00eda de la Ciudad tuvo que rescatarlo para que no lo linchen.<\/strong><\/p>\n<\/div>\n<\/div>\n<\/div>\n<div class=\"row\">\n<div class=\"col-lg-8\">\n<section>\n<div class=\"row\">\n<article class=\"col-lg-12 col-md-12\">\n<div class=\"head-media clearfix\">\n<p>El ministro de Seguridad de la Provincia de Buenos Aires,\u00a0<strong>Sergio Berni<\/strong>, fue agredido este mediod\u00eda cuando se acerc\u00f3 a dialogar a la protesta de colectiveros que realizaban en la<strong>\u00a0intersecci\u00f3n de General Paz y Ruta 3<\/strong>, luego de que asesinaran a su compa\u00f1ero Daniel Barrientos, quien se encontraba en servicio durante la madrugada en la localidad de\u00a0<strong>Virrey del Pino.<\/strong><\/p>\n<p>Al acercarse al lugar junto al ministro de Transporte,\u00a0<strong>Jorge D&#8217;Onofrio<\/strong>, fueron recibidos con insultos y agresiones que incluy\u00f3 proyectiles y golpes de pu\u00f1o. Pese a intentar dialogar con los referentes del gremio, la violencia no cesaba y tanto Berni como D&#8217;Onofrio recibieron piedrazos y agresiones contundentes, hasta que la Polic\u00eda de la Ciudad que se desempe\u00f1aba en los l\u00edmites entre ambas jurisdicciones, intervino y se llev\u00f3 escoltado a Berni, que ya se encontraba herido y casi lo linchan.<\/p>\n<p>El ministro Berni indic\u00f3\u00a0<strong>\u201cyo no me escondo, estoy ac\u00e1\u201d<\/strong>, en reiteradas oportunidades y recalc\u00f3 que para la inseguridad \u201cno hay soluciones m\u00e1gicas, sino seguir trabajando\u201d.<\/p>\n<p>Como consecuencia del asesinato de Barrientos, Berni desliz\u00f3 que \u201chay dos detenidos\u201d, no obstante,\u00a0<strong>los trabajadores del sector se solidarizaron con sus pares de la l\u00ednea 620 y llevan adelante un paro masivo que, por el momento, incluye las l\u00edneas 1, 2, 4, 46, 53, 55, 63, 88, 96, 97,\u00a0 103, 113, 123, 126, 136, 153, 163, 166,172, 174, 180, 182, 185, 193, 205,218, 236, 237, 238, 242, 244, 252, 253, 263, 266, 269,\u00a0 276, 284, 288, 297, 298, 302, 303, 311,314, 317, 320, 321, 322, 325, 326, 327, 329, 336, 338, 350 y 355, entre otras.<\/strong><\/p>\n<p><strong>\u201cEs la \u00fanica forma de hacernos escuchar. Estamos cansados de las mismas promesas y mentiras.<\/strong>\u00a0Yo soy chofer y no veo que la polic\u00eda nos cuide\u201d, dijo Leandro, un compa\u00f1ero de la v\u00edctima a la prensa.<\/p>\n<p>\u201cNos toc\u00f3 a nosotros otra vez. En 2018 perdimos a Leandro Alcaraz, tambi\u00e9n por un hecho de inseguridad. En 2020 a Pablo Flores, de la empresa Almafuerte. Las dos veces vino el ministro de Seguridad, que nos prometi\u00f3 y garantiz\u00f3 que iba a haber operativos en las rutas y los barrios, pero estamos solo lidiando con situaciones as\u00ed. Hace 15 d\u00edas a un compa\u00f1ero de Almafuerte le pegaron un tiro en un brazo. Estos muchachos no tienen hora ni lugar para matarte\u201d, agreg\u00f3.<\/p>\n<\/div>\n<\/article>\n<\/div>\n<\/section>\n<\/div>\n<\/div>\n","protected":false},"excerpt":{"rendered":"<p>Los trabajadores reclamaron tras el asesinato de su compa\u00f1ero Daniel Barrientos, quien estaba en servicio durante la madrugada en Virrey<\/p>\n","protected":false},"author":1,"featured_media":4066,"comment_status":"open","ping_status":"closed","sticky":false,"template":"","format":"standard","meta":{"footnotes":""},"categories":[1],"tags":[1726],"class_list":["post-4065","post","type-post","status-publish","format-standard","has-post-thumbnail","hentry","category-uncategorized","tag-uncategorized"],"yoast_head":"<!-- This site is optimized with the Yoast SEO plugin v24.6 - https:\/\/yoast.com\/wordpress\/plugins\/seo\/ -->\n<title>Agredieron a Sergio Berni en una protesta por el asesinato de un colectivero | FM Trance 103.3<\/title>\n<meta name=\"robots\" content=\"index, follow, max-snippet:-1, max-image-preview:large, max-video-preview:-1\" \/>\n<link rel=\"canonical\" href=\"https:\/\/www.fmtrance.com\/online\/agredieron-a-sergio-berni-en-una-protesta-por-el-asesinato-de-un-colectivero\/\" \/>\n<meta property=\"og:locale\" content=\"es_ES\" \/>\n<meta property=\"og:type\" content=\"article\" \/>\n<meta property=\"og:title\" content=\"Agredieron a Sergio Berni en una protesta por el asesinato de un colectivero | FM Trance 103.3\" \/>\n<meta property=\"og:description\" content=\"Los trabajadores reclamaron tras el asesinato de su compa\u00f1ero Daniel Barrientos, quien estaba en servicio durante la madrugada en Virrey\" \/>\n<meta property=\"og:url\" content=\"https:\/\/www.fmtrance.com\/online\/agredieron-a-sergio-berni-en-una-protesta-por-el-asesinato-de-un-colectivero\/\" \/>\n<meta property=\"og:site_name\" content=\"FM Trance 103.3\" \/>\n<meta property=\"article:publisher\" content=\"https:\/\/www.facebook.com\/fmtrance\" \/>\n<meta property=\"article:published_time\" content=\"2023-04-03T20:58:55+00:00\" \/>\n<meta property=\"article:modified_time\" content=\"2023-04-25T21:05:07+00:00\" \/>\n<meta property=\"og:image\" content=\"https:\/\/www.fmtrance.com\/online\/wp-content\/uploads\/2023\/04\/642af7308e145_800x561.jpg\" \/>\n\t<meta property=\"og:image:width\" content=\"800\" \/>\n\t<meta property=\"og:image:height\" content=\"561\" \/>\n\t<meta property=\"og:image:type\" content=\"image\/jpeg\" \/>\n<meta name=\"author\" content=\"Redaccion FM Trance\" \/>\n<meta name=\"twitter:card\" content=\"summary_large_image\" \/>\n<meta name=\"twitter:creator\" content=\"@fmtrance\" \/>\n<meta name=\"twitter:site\" content=\"@fmtrance\" \/>\n<meta name=\"twitter:label1\" content=\"Escrito por\" \/>\n\t<meta name=\"twitter:data1\" content=\"Redaccion FM Trance\" \/>\n\t<meta name=\"twitter:label2\" content=\"Tiempo de lectura\" \/>\n\t<meta name=\"twitter:data2\" content=\"2 minutos\" \/>\n<script type=\"application\/ld+json\" class=\"yoast-schema-graph\">{\"@context\":\"https:\/\/schema.org\",\"@graph\":[{\"@type\":\"Article\",\"@id\":\"https:\/\/www.fmtrance.com\/online\/agredieron-a-sergio-berni-en-una-protesta-por-el-asesinato-de-un-colectivero\/#article\",\"isPartOf\":{\"@id\":\"https:\/\/www.fmtrance.com\/online\/agredieron-a-sergio-berni-en-una-protesta-por-el-asesinato-de-un-colectivero\/\"},\"author\":{\"name\":\"Redaccion FM Trance\",\"@id\":\"https:\/\/www.fmtrance.com\/online\/#\/schema\/person\/686af7f826dd2f08b36b4760b7dcdddd\"},\"headline\":\"Agredieron a Sergio Berni en una protesta por el asesinato de un colectivero\",\"datePublished\":\"2023-04-03T20:58:55+00:00\",\"dateModified\":\"2023-04-25T21:05:07+00:00\",\"mainEntityOfPage\":{\"@id\":\"https:\/\/www.fmtrance.com\/online\/agredieron-a-sergio-berni-en-una-protesta-por-el-asesinato-de-un-colectivero\/\"},\"wordCount\":401,\"commentCount\":0,\"publisher\":{\"@id\":\"https:\/\/www.fmtrance.com\/online\/#organization\"},\"image\":{\"@id\":\"https:\/\/www.fmtrance.com\/online\/agredieron-a-sergio-berni-en-una-protesta-por-el-asesinato-de-un-colectivero\/#primaryimage\"},\"thumbnailUrl\":\"https:\/\/www.fmtrance.com\/online\/wp-content\/uploads\/2023\/04\/642af7308e145_800x561.jpg\",\"keywords\":[\"Uncategorized\"],\"articleSection\":[\"Noticias\"],\"inLanguage\":\"es-AR\",\"potentialAction\":[{\"@type\":\"CommentAction\",\"name\":\"Comment\",\"target\":[\"https:\/\/www.fmtrance.com\/online\/agredieron-a-sergio-berni-en-una-protesta-por-el-asesinato-de-un-colectivero\/#respond\"]}]},{\"@type\":\"WebPage\",\"@id\":\"https:\/\/www.fmtrance.com\/online\/agredieron-a-sergio-berni-en-una-protesta-por-el-asesinato-de-un-colectivero\/\",\"url\":\"https:\/\/www.fmtrance.com\/online\/agredieron-a-sergio-berni-en-una-protesta-por-el-asesinato-de-un-colectivero\/\",\"name\":\"Agredieron a Sergio Berni en una protesta por el asesinato de un colectivero | FM Trance 103.3\",\"isPartOf\":{\"@id\":\"https:\/\/www.fmtrance.com\/online\/#website\"},\"primaryImageOfPage\":{\"@id\":\"https:\/\/www.fmtrance.com\/online\/agredieron-a-sergio-berni-en-una-protesta-por-el-asesinato-de-un-colectivero\/#primaryimage\"},\"image\":{\"@id\":\"https:\/\/www.fmtrance.com\/online\/agredieron-a-sergio-berni-en-una-protesta-por-el-asesinato-de-un-colectivero\/#primaryimage\"},\"thumbnailUrl\":\"https:\/\/www.fmtrance.com\/online\/wp-content\/uploads\/2023\/04\/642af7308e145_800x561.jpg\",\"datePublished\":\"2023-04-03T20:58:55+00:00\",\"dateModified\":\"2023-04-25T21:05:07+00:00\",\"breadcrumb\":{\"@id\":\"https:\/\/www.fmtrance.com\/online\/agredieron-a-sergio-berni-en-una-protesta-por-el-asesinato-de-un-colectivero\/#breadcrumb\"},\"inLanguage\":\"es-AR\",\"potentialAction\":[{\"@type\":\"ReadAction\",\"target\":[\"https:\/\/www.fmtrance.com\/online\/agredieron-a-sergio-berni-en-una-protesta-por-el-asesinato-de-un-colectivero\/\"]}]},{\"@type\":\"ImageObject\",\"inLanguage\":\"es-AR\",\"@id\":\"https:\/\/www.fmtrance.com\/online\/agredieron-a-sergio-berni-en-una-protesta-por-el-asesinato-de-un-colectivero\/#primaryimage\",\"url\":\"https:\/\/www.fmtrance.com\/online\/wp-content\/uploads\/2023\/04\/642af7308e145_800x561.jpg\",\"contentUrl\":\"https:\/\/www.fmtrance.com\/online\/wp-content\/uploads\/2023\/04\/642af7308e145_800x561.jpg\",\"width\":800,\"height\":561},{\"@type\":\"BreadcrumbList\",\"@id\":\"https:\/\/www.fmtrance.com\/online\/agredieron-a-sergio-berni-en-una-protesta-por-el-asesinato-de-un-colectivero\/#breadcrumb\",\"itemListElement\":[{\"@type\":\"ListItem\",\"position\":1,\"name\":\"Inicio\",\"item\":\"https:\/\/www.fmtrance.com\/online\/\"},{\"@type\":\"ListItem\",\"position\":2,\"name\":\"Agredieron a Sergio Berni en una protesta por el asesinato de un colectivero\"}]},{\"@type\":\"WebSite\",\"@id\":\"https:\/\/www.fmtrance.com\/online\/#website\",\"url\":\"https:\/\/www.fmtrance.com\/online\/\",\"name\":\"FM Trance 103.3\",\"description\":\"CABA. Radio de musica electronica\",\"publisher\":{\"@id\":\"https:\/\/www.fmtrance.com\/online\/#organization\"},\"potentialAction\":[{\"@type\":\"SearchAction\",\"target\":{\"@type\":\"EntryPoint\",\"urlTemplate\":\"https:\/\/www.fmtrance.com\/online\/?s={search_term_string}\"},\"query-input\":{\"@type\":\"PropertyValueSpecification\",\"valueRequired\":true,\"valueName\":\"search_term_string\"}}],\"inLanguage\":\"es-AR\"},{\"@type\":\"Organization\",\"@id\":\"https:\/\/www.fmtrance.com\/online\/#organization\",\"name\":\"FM TRANCE\",\"url\":\"https:\/\/www.fmtrance.com\/online\/\",\"logo\":{\"@type\":\"ImageObject\",\"inLanguage\":\"es-AR\",\"@id\":\"https:\/\/www.fmtrance.com\/online\/#\/schema\/logo\/image\/\",\"url\":\"https:\/\/www.fmtrance.com\/online\/wp-content\/uploads\/2025\/03\/LOGO-WEB.png\",\"contentUrl\":\"https:\/\/www.fmtrance.com\/online\/wp-content\/uploads\/2025\/03\/LOGO-WEB.png\",\"width\":500,\"height\":500,\"caption\":\"FM TRANCE\"},\"image\":{\"@id\":\"https:\/\/www.fmtrance.com\/online\/#\/schema\/logo\/image\/\"},\"sameAs\":[\"https:\/\/www.facebook.com\/fmtrance\",\"https:\/\/x.com\/fmtrance\",\"https:\/\/www.instagram.com\/fmtrance\"]},{\"@type\":\"Person\",\"@id\":\"https:\/\/www.fmtrance.com\/online\/#\/schema\/person\/686af7f826dd2f08b36b4760b7dcdddd\",\"name\":\"Redaccion FM Trance\",\"image\":{\"@type\":\"ImageObject\",\"inLanguage\":\"es-AR\",\"@id\":\"https:\/\/www.fmtrance.com\/online\/#\/schema\/person\/image\/\",\"url\":\"https:\/\/secure.gravatar.com\/avatar\/c9d0afa8b0785bea8046a42861739f0a26fb9e8da739ce032e6598dc2981bc38?s=96&r=g\",\"contentUrl\":\"https:\/\/secure.gravatar.com\/avatar\/c9d0afa8b0785bea8046a42861739f0a26fb9e8da739ce032e6598dc2981bc38?s=96&r=g\",\"caption\":\"Redaccion FM Trance\"},\"description\":\"Fundador y Director general de FM Trance. Nacido el 24 de Septiembre de 1987, en Caballito, Ciudad Autonoma de Buenos Aires. Alguien de Radio desde siempre: ya a los 9 a\u00f1os de edad como radioescucha, sintonizando estaci\u00f3nes de AM, FM, onda corta, TV UHF\/VHF, y dem\u00e1s servicios. Se desempe\u00f1\u00f3 como Operador T\u00e9cnico en diferentes emisoras locales de CABA y GBA, y hasta el dia de hoy sigue ejerciendo desde la parte t\u00e9cnica, realizando trabajos en varias Radios. Egresado del ISER de la carrera de Operador Tecnico de Planta Transmisora, cursando actualmente la carrera de Operador Tecnico de Estudios de Radio en dicha instituci\u00f3n, y flamante radioaficionado (habiendo completado el curso en el Radioclub Buenos Aires), distintiva LU2DBK.\",\"url\":\"https:\/\/www.fmtrance.com\/online\/author\/fmtrance\/\"}]}<\/script>\n<!-- \/ Yoast SEO plugin. -->","yoast_head_json":{"title":"Agredieron a Sergio Berni en una protesta por el asesinato de un colectivero | FM Trance 103.3","robots":{"index":"index","follow":"follow","max-snippet":"max-snippet:-1","max-image-preview":"max-image-preview:large","max-video-preview":"max-video-preview:-1"},"canonical":"https:\/\/www.fmtrance.com\/online\/agredieron-a-sergio-berni-en-una-protesta-por-el-asesinato-de-un-colectivero\/","og_locale":"es_ES","og_type":"article","og_title":"Agredieron a Sergio Berni en una protesta por el asesinato de un colectivero | FM Trance 103.3","og_description":"Los trabajadores reclamaron tras el asesinato de su compa\u00f1ero Daniel Barrientos, quien estaba en servicio durante la madrugada en Virrey","og_url":"https:\/\/www.fmtrance.com\/online\/agredieron-a-sergio-berni-en-una-protesta-por-el-asesinato-de-un-colectivero\/","og_site_name":"FM Trance 103.3","article_publisher":"https:\/\/www.facebook.com\/fmtrance","article_published_time":"2023-04-03T20:58:55+00:00","article_modified_time":"2023-04-25T21:05:07+00:00","og_image":[{"width":800,"height":561,"url":"https:\/\/www.fmtrance.com\/online\/wp-content\/uploads\/2023\/04\/642af7308e145_800x561.jpg","type":"image\/jpeg"}],"author":"Redaccion FM Trance","twitter_card":"summary_large_image","twitter_creator":"@fmtrance","twitter_site":"@fmtrance","twitter_misc":{"Escrito por":"Redaccion FM Trance","Tiempo de lectura":"2 minutos"},"schema":{"@context":"https:\/\/schema.org","@graph":[{"@type":"Article","@id":"https:\/\/www.fmtrance.com\/online\/agredieron-a-sergio-berni-en-una-protesta-por-el-asesinato-de-un-colectivero\/#article","isPartOf":{"@id":"https:\/\/www.fmtrance.com\/online\/agredieron-a-sergio-berni-en-una-protesta-por-el-asesinato-de-un-colectivero\/"},"author":{"name":"Redaccion FM Trance","@id":"https:\/\/www.fmtrance.com\/online\/#\/schema\/person\/686af7f826dd2f08b36b4760b7dcdddd"},"headline":"Agredieron a Sergio Berni en una protesta por el asesinato de un colectivero","datePublished":"2023-04-03T20:58:55+00:00","dateModified":"2023-04-25T21:05:07+00:00","mainEntityOfPage":{"@id":"https:\/\/www.fmtrance.com\/online\/agredieron-a-sergio-berni-en-una-protesta-por-el-asesinato-de-un-colectivero\/"},"wordCount":401,"commentCount":0,"publisher":{"@id":"https:\/\/www.fmtrance.com\/online\/#organization"},"image":{"@id":"https:\/\/www.fmtrance.com\/online\/agredieron-a-sergio-berni-en-una-protesta-por-el-asesinato-de-un-colectivero\/#primaryimage"},"thumbnailUrl":"https:\/\/www.fmtrance.com\/online\/wp-content\/uploads\/2023\/04\/642af7308e145_800x561.jpg","keywords":["Uncategorized"],"articleSection":["Noticias"],"inLanguage":"es-AR","potentialAction":[{"@type":"CommentAction","name":"Comment","target":["https:\/\/www.fmtrance.com\/online\/agredieron-a-sergio-berni-en-una-protesta-por-el-asesinato-de-un-colectivero\/#respond"]}]},{"@type":"WebPage","@id":"https:\/\/www.fmtrance.com\/online\/agredieron-a-sergio-berni-en-una-protesta-por-el-asesinato-de-un-colectivero\/","url":"https:\/\/www.fmtrance.com\/online\/agredieron-a-sergio-berni-en-una-protesta-por-el-asesinato-de-un-colectivero\/","name":"Agredieron a Sergio Berni en una protesta por el asesinato de un colectivero | FM Trance 103.3","isPartOf":{"@id":"https:\/\/www.fmtrance.com\/online\/#website"},"primaryImageOfPage":{"@id":"https:\/\/www.fmtrance.com\/online\/agredieron-a-sergio-berni-en-una-protesta-por-el-asesinato-de-un-colectivero\/#primaryimage"},"image":{"@id":"https:\/\/www.fmtrance.com\/online\/agredieron-a-sergio-berni-en-una-protesta-por-el-asesinato-de-un-colectivero\/#primaryimage"},"thumbnailUrl":"https:\/\/www.fmtrance.com\/online\/wp-content\/uploads\/2023\/04\/642af7308e145_800x561.jpg","datePublished":"2023-04-03T20:58:55+00:00","dateModified":"2023-04-25T21:05:07+00:00","breadcrumb":{"@id":"https:\/\/www.fmtrance.com\/online\/agredieron-a-sergio-berni-en-una-protesta-por-el-asesinato-de-un-colectivero\/#breadcrumb"},"inLanguage":"es-AR","potentialAction":[{"@type":"ReadAction","target":["https:\/\/www.fmtrance.com\/online\/agredieron-a-sergio-berni-en-una-protesta-por-el-asesinato-de-un-colectivero\/"]}]},{"@type":"ImageObject","inLanguage":"es-AR","@id":"https:\/\/www.fmtrance.com\/online\/agredieron-a-sergio-berni-en-una-protesta-por-el-asesinato-de-un-colectivero\/#primaryimage","url":"https:\/\/www.fmtrance.com\/online\/wp-content\/uploads\/2023\/04\/642af7308e145_800x561.jpg","contentUrl":"https:\/\/www.fmtrance.com\/online\/wp-content\/uploads\/2023\/04\/642af7308e145_800x561.jpg","width":800,"height":561},{"@type":"BreadcrumbList","@id":"https:\/\/www.fmtrance.com\/online\/agredieron-a-sergio-berni-en-una-protesta-por-el-asesinato-de-un-colectivero\/#breadcrumb","itemListElement":[{"@type":"ListItem","position":1,"name":"Inicio","item":"https:\/\/www.fmtrance.com\/online\/"},{"@type":"ListItem","position":2,"name":"Agredieron a Sergio Berni en una protesta por el asesinato de un colectivero"}]},{"@type":"WebSite","@id":"https:\/\/www.fmtrance.com\/online\/#website","url":"https:\/\/www.fmtrance.com\/online\/","name":"FM Trance 103.3","description":"CABA. Radio de musica electronica","publisher":{"@id":"https:\/\/www.fmtrance.com\/online\/#organization"},"potentialAction":[{"@type":"SearchAction","target":{"@type":"EntryPoint","urlTemplate":"https:\/\/www.fmtrance.com\/online\/?s={search_term_string}"},"query-input":{"@type":"PropertyValueSpecification","valueRequired":true,"valueName":"search_term_string"}}],"inLanguage":"es-AR"},{"@type":"Organization","@id":"https:\/\/www.fmtrance.com\/online\/#organization","name":"FM TRANCE","url":"https:\/\/www.fmtrance.com\/online\/","logo":{"@type":"ImageObject","inLanguage":"es-AR","@id":"https:\/\/www.fmtrance.com\/online\/#\/schema\/logo\/image\/","url":"https:\/\/www.fmtrance.com\/online\/wp-content\/uploads\/2025\/03\/LOGO-WEB.png","contentUrl":"https:\/\/www.fmtrance.com\/online\/wp-content\/uploads\/2025\/03\/LOGO-WEB.png","width":500,"height":500,"caption":"FM TRANCE"},"image":{"@id":"https:\/\/www.fmtrance.com\/online\/#\/schema\/logo\/image\/"},"sameAs":["https:\/\/www.facebook.com\/fmtrance","https:\/\/x.com\/fmtrance","https:\/\/www.instagram.com\/fmtrance"]},{"@type":"Person","@id":"https:\/\/www.fmtrance.com\/online\/#\/schema\/person\/686af7f826dd2f08b36b4760b7dcdddd","name":"Redaccion FM Trance","image":{"@type":"ImageObject","inLanguage":"es-AR","@id":"https:\/\/www.fmtrance.com\/online\/#\/schema\/person\/image\/","url":"https:\/\/secure.gravatar.com\/avatar\/c9d0afa8b0785bea8046a42861739f0a26fb9e8da739ce032e6598dc2981bc38?s=96&r=g","contentUrl":"https:\/\/secure.gravatar.com\/avatar\/c9d0afa8b0785bea8046a42861739f0a26fb9e8da739ce032e6598dc2981bc38?s=96&r=g","caption":"Redaccion FM Trance"},"description":"Fundador y Director general de FM Trance. Nacido el 24 de Septiembre de 1987, en Caballito, Ciudad Autonoma de Buenos Aires. Alguien de Radio desde siempre: ya a los 9 a\u00f1os de edad como radioescucha, sintonizando estaci\u00f3nes de AM, FM, onda corta, TV UHF\/VHF, y dem\u00e1s servicios. Se desempe\u00f1\u00f3 como Operador T\u00e9cnico en diferentes emisoras locales de CABA y GBA, y hasta el dia de hoy sigue ejerciendo desde la parte t\u00e9cnica, realizando trabajos en varias Radios. Egresado del ISER de la carrera de Operador Tecnico de Planta Transmisora, cursando actualmente la carrera de Operador Tecnico de Estudios de Radio en dicha instituci\u00f3n, y flamante radioaficionado (habiendo completado el curso en el Radioclub Buenos Aires), distintiva LU2DBK.","url":"https:\/\/www.fmtrance.com\/online\/author\/fmtrance\/"}]}},"_links":{"self":[{"href":"https:\/\/www.fmtrance.com\/online\/wp-json\/wp\/v2\/posts\/4065","targetHints":{"allow":["GET"]}}],"collection":[{"href":"https:\/\/www.fmtrance.com\/online\/wp-json\/wp\/v2\/posts"}],"about":[{"href":"https:\/\/www.fmtrance.com\/online\/wp-json\/wp\/v2\/types\/post"}],"author":[{"embeddable":true,"href":"https:\/\/www.fmtrance.com\/online\/wp-json\/wp\/v2\/users\/1"}],"replies":[{"embeddable":true,"href":"https:\/\/www.fmtrance.com\/online\/wp-json\/wp\/v2\/comments?post=4065"}],"version-history":[{"count":1,"href":"https:\/\/www.fmtrance.com\/online\/wp-json\/wp\/v2\/posts\/4065\/revisions"}],"predecessor-version":[{"id":4067,"href":"https:\/\/www.fmtrance.com\/online\/wp-json\/wp\/v2\/posts\/4065\/revisions\/4067"}],"wp:featuredmedia":[{"embeddable":true,"href":"https:\/\/www.fmtrance.com\/online\/wp-json\/wp\/v2\/media\/4066"}],"wp:attachment":[{"href":"https:\/\/www.fmtrance.com\/online\/wp-json\/wp\/v2\/media?parent=4065"}],"wp:term":[{"taxonomy":"category","embeddable":true,"href":"https:\/\/www.fmtrance.com\/online\/wp-json\/wp\/v2\/categories?post=4065"},{"taxonomy":"post_tag","embeddable":true,"href":"https:\/\/www.fmtrance.com\/online\/wp-json\/wp\/v2\/tags?post=4065"}],"curies":[{"name":"wp","href":"https:\/\/api.w.org\/{rel}","templated":true}]}}