{"id":4062,"date":"2023-04-02T17:56:55","date_gmt":"2023-04-02T20:56:55","guid":{"rendered":"http:\/\/www.fmtrance.com\/online\/?p=4062"},"modified":"2023-04-25T17:58:03","modified_gmt":"2023-04-25T20:58:03","slug":"junto-a-macri-felipe-miguel-encabezo-el-acto-por-malvinas","status":"publish","type":"post","link":"https:\/\/www.fmtrance.com\/online\/junto-a-macri-felipe-miguel-encabezo-el-acto-por-malvinas\/","title":{"rendered":"Junto a Macri, Felipe Miguel encabez\u00f3 el acto por Malvinas"},"content":{"rendered":"<div class=\"row\">\n<div class=\"col-lg-12\">\n<div class=\"detail\">\n<p><strong>El gobierno de la Ciudad de Buenos Aires rindi\u00f3 hoy homenaje a los ca\u00eddos y a los veteranos de la guerra de Malvinas al cumplirse el 41\u00b0 Aniversario del conflicto b\u00e9lico del Atl\u00e1ntico Sur. De acto, particip\u00f3 el ministro de Gobierno, Jorge Macri.<\/strong><\/p>\n<\/div>\n<\/div>\n<\/div>\n<div class=\"row\">\n<div class=\"col-lg-8\">\n<section>\n<div class=\"row\">\n<article class=\"col-lg-12 col-md-12\">\n<div class=\"head-media clearfix\">\n<p><strong>El jefe de Gabinete de CABA, Felipe Miguel, encabez\u00f3 el acto por los 41 a\u00f1os de la Guerra de Malvinas.\u00a0 &#8220;S\u00e9 que hay un dolor que el tiempo no podr\u00e1 curar nunca, pero no est\u00e1n solos. No los vamos a olvidar. Tenemos una deuda de honor con todos ustedes y eso vivir\u00e1 para siempre&#8221;, se\u00f1al\u00f3 el funcionario del gobierno de Larreta.<\/strong><\/p>\n<p>Estuvo junto a autoridades del Gobierno porte\u00f1o el acto de izamiento de la bandera nacional realizado en el Paseo de las Malvinas del Parque Indoamericano, del que participaron veteranos y familiares de ca\u00eddos en la guerra de la Comuna 8.<\/p>\n<p>&#8220;La valent\u00eda de todos ustedes, los veteranos,\u00a0 es uno de los acontecimientos heroicos m\u00e1s importantes de la historia argentina&#8221;, afirm\u00f3 Miguel quien les expres\u00f3 a los presentes: &#8220;Cada uno de ustedes y cada uno de los soldados que dieron su vida por defender a nuestro pa\u00eds nos ense\u00f1aron la importancia que tienen el valor, el coraje, el\u00a0 hero\u00edsmo y, por sobre todo, el amor a la patria&#8221;.<\/p>\n<p><em>El acto cont\u00f3 con la participaci\u00f3n de los ministros de Gobierno, Jorge Macri, y de Cultura, Enrique Avogadro, y de la secretar\u00eda para la Igualdad de G\u00e9nero y Asuntos Institucionales, Carmen Polledo, entre otros funcionarios y legisladores.<\/em><\/p>\n<\/div>\n<\/article>\n<\/div>\n<\/section>\n<\/div>\n<\/div>\n","protected":false},"excerpt":{"rendered":"<p>El gobierno de la Ciudad de Buenos Aires rindi\u00f3 hoy homenaje a los ca\u00eddos y a los veteranos de la<\/p>\n","protected":false},"author":1,"featured_media":4063,"comment_status":"open","ping_status":"closed","sticky":false,"template":"","format":"standard","meta":{"footnotes":""},"categories":[1],"tags":[1726],"class_list":["post-4062","post","type-post","status-publish","format-standard","has-post-thumbnail","hentry","category-uncategorized","tag-uncategorized"],"yoast_head":"<!-- This site is optimized with the Yoast SEO plugin v24.6 - https:\/\/yoast.com\/wordpress\/plugins\/seo\/ -->\n<title>Junto a Macri, Felipe Miguel encabez\u00f3 el acto por Malvinas | FM Trance 103.3<\/title>\n<meta name=\"robots\" content=\"index, follow, max-snippet:-1, max-image-preview:large, max-video-preview:-1\" \/>\n<link rel=\"canonical\" href=\"https:\/\/www.fmtrance.com\/online\/junto-a-macri-felipe-miguel-encabezo-el-acto-por-malvinas\/\" \/>\n<meta property=\"og:locale\" content=\"es_ES\" \/>\n<meta property=\"og:type\" content=\"article\" \/>\n<meta property=\"og:title\" content=\"Junto a Macri, Felipe Miguel encabez\u00f3 el acto por Malvinas | FM Trance 103.3\" \/>\n<meta property=\"og:description\" content=\"El gobierno de la Ciudad de Buenos Aires rindi\u00f3 hoy homenaje a los ca\u00eddos y a los veteranos de la\" \/>\n<meta property=\"og:url\" content=\"https:\/\/www.fmtrance.com\/online\/junto-a-macri-felipe-miguel-encabezo-el-acto-por-malvinas\/\" \/>\n<meta property=\"og:site_name\" content=\"FM Trance 103.3\" \/>\n<meta property=\"article:publisher\" content=\"https:\/\/www.facebook.com\/fmtrance\" \/>\n<meta property=\"article:published_time\" content=\"2023-04-02T20:56:55+00:00\" \/>\n<meta property=\"article:modified_time\" content=\"2023-04-25T20:58:03+00:00\" \/>\n<meta property=\"og:image\" content=\"https:\/\/www.fmtrance.com\/online\/wp-content\/uploads\/2023\/04\/6429e66492479_800x533.jpg\" \/>\n\t<meta property=\"og:image:width\" content=\"800\" \/>\n\t<meta property=\"og:image:height\" content=\"533\" \/>\n\t<meta property=\"og:image:type\" content=\"image\/jpeg\" \/>\n<meta name=\"author\" content=\"Redaccion FM Trance\" \/>\n<meta name=\"twitter:card\" content=\"summary_large_image\" \/>\n<meta name=\"twitter:creator\" content=\"@fmtrance\" \/>\n<meta name=\"twitter:site\" content=\"@fmtrance\" \/>\n<meta name=\"twitter:label1\" content=\"Escrito por\" \/>\n\t<meta name=\"twitter:data1\" content=\"Redaccion FM Trance\" \/>\n\t<meta name=\"twitter:label2\" content=\"Tiempo de lectura\" \/>\n\t<meta name=\"twitter:data2\" content=\"1 minuto\" \/>\n<script type=\"application\/ld+json\" class=\"yoast-schema-graph\">{\"@context\":\"https:\/\/schema.org\",\"@graph\":[{\"@type\":\"Article\",\"@id\":\"https:\/\/www.fmtrance.com\/online\/junto-a-macri-felipe-miguel-encabezo-el-acto-por-malvinas\/#article\",\"isPartOf\":{\"@id\":\"https:\/\/www.fmtrance.com\/online\/junto-a-macri-felipe-miguel-encabezo-el-acto-por-malvinas\/\"},\"author\":{\"name\":\"Redaccion FM Trance\",\"@id\":\"https:\/\/www.fmtrance.com\/online\/#\/schema\/person\/686af7f826dd2f08b36b4760b7dcdddd\"},\"headline\":\"Junto a Macri, Felipe Miguel encabez\u00f3 el acto por Malvinas\",\"datePublished\":\"2023-04-02T20:56:55+00:00\",\"dateModified\":\"2023-04-25T20:58:03+00:00\",\"mainEntityOfPage\":{\"@id\":\"https:\/\/www.fmtrance.com\/online\/junto-a-macri-felipe-miguel-encabezo-el-acto-por-malvinas\/\"},\"wordCount\":271,\"commentCount\":0,\"publisher\":{\"@id\":\"https:\/\/www.fmtrance.com\/online\/#organization\"},\"image\":{\"@id\":\"https:\/\/www.fmtrance.com\/online\/junto-a-macri-felipe-miguel-encabezo-el-acto-por-malvinas\/#primaryimage\"},\"thumbnailUrl\":\"https:\/\/www.fmtrance.com\/online\/wp-content\/uploads\/2023\/04\/6429e66492479_800x533.jpg\",\"keywords\":[\"Uncategorized\"],\"articleSection\":[\"Noticias\"],\"inLanguage\":\"es-AR\",\"potentialAction\":[{\"@type\":\"CommentAction\",\"name\":\"Comment\",\"target\":[\"https:\/\/www.fmtrance.com\/online\/junto-a-macri-felipe-miguel-encabezo-el-acto-por-malvinas\/#respond\"]}]},{\"@type\":\"WebPage\",\"@id\":\"https:\/\/www.fmtrance.com\/online\/junto-a-macri-felipe-miguel-encabezo-el-acto-por-malvinas\/\",\"url\":\"https:\/\/www.fmtrance.com\/online\/junto-a-macri-felipe-miguel-encabezo-el-acto-por-malvinas\/\",\"name\":\"Junto a Macri, Felipe Miguel encabez\u00f3 el acto por Malvinas | FM Trance 103.3\",\"isPartOf\":{\"@id\":\"https:\/\/www.fmtrance.com\/online\/#website\"},\"primaryImageOfPage\":{\"@id\":\"https:\/\/www.fmtrance.com\/online\/junto-a-macri-felipe-miguel-encabezo-el-acto-por-malvinas\/#primaryimage\"},\"image\":{\"@id\":\"https:\/\/www.fmtrance.com\/online\/junto-a-macri-felipe-miguel-encabezo-el-acto-por-malvinas\/#primaryimage\"},\"thumbnailUrl\":\"https:\/\/www.fmtrance.com\/online\/wp-content\/uploads\/2023\/04\/6429e66492479_800x533.jpg\",\"datePublished\":\"2023-04-02T20:56:55+00:00\",\"dateModified\":\"2023-04-25T20:58:03+00:00\",\"breadcrumb\":{\"@id\":\"https:\/\/www.fmtrance.com\/online\/junto-a-macri-felipe-miguel-encabezo-el-acto-por-malvinas\/#breadcrumb\"},\"inLanguage\":\"es-AR\",\"potentialAction\":[{\"@type\":\"ReadAction\",\"target\":[\"https:\/\/www.fmtrance.com\/online\/junto-a-macri-felipe-miguel-encabezo-el-acto-por-malvinas\/\"]}]},{\"@type\":\"ImageObject\",\"inLanguage\":\"es-AR\",\"@id\":\"https:\/\/www.fmtrance.com\/online\/junto-a-macri-felipe-miguel-encabezo-el-acto-por-malvinas\/#primaryimage\",\"url\":\"https:\/\/www.fmtrance.com\/online\/wp-content\/uploads\/2023\/04\/6429e66492479_800x533.jpg\",\"contentUrl\":\"https:\/\/www.fmtrance.com\/online\/wp-content\/uploads\/2023\/04\/6429e66492479_800x533.jpg\",\"width\":800,\"height\":533},{\"@type\":\"BreadcrumbList\",\"@id\":\"https:\/\/www.fmtrance.com\/online\/junto-a-macri-felipe-miguel-encabezo-el-acto-por-malvinas\/#breadcrumb\",\"itemListElement\":[{\"@type\":\"ListItem\",\"position\":1,\"name\":\"Inicio\",\"item\":\"https:\/\/www.fmtrance.com\/online\/\"},{\"@type\":\"ListItem\",\"position\":2,\"name\":\"Junto a Macri, Felipe Miguel encabez\u00f3 el acto por Malvinas\"}]},{\"@type\":\"WebSite\",\"@id\":\"https:\/\/www.fmtrance.com\/online\/#website\",\"url\":\"https:\/\/www.fmtrance.com\/online\/\",\"name\":\"FM Trance 103.3\",\"description\":\"CABA. Radio de musica electronica\",\"publisher\":{\"@id\":\"https:\/\/www.fmtrance.com\/online\/#organization\"},\"potentialAction\":[{\"@type\":\"SearchAction\",\"target\":{\"@type\":\"EntryPoint\",\"urlTemplate\":\"https:\/\/www.fmtrance.com\/online\/?s={search_term_string}\"},\"query-input\":{\"@type\":\"PropertyValueSpecification\",\"valueRequired\":true,\"valueName\":\"search_term_string\"}}],\"inLanguage\":\"es-AR\"},{\"@type\":\"Organization\",\"@id\":\"https:\/\/www.fmtrance.com\/online\/#organization\",\"name\":\"FM TRANCE\",\"url\":\"https:\/\/www.fmtrance.com\/online\/\",\"logo\":{\"@type\":\"ImageObject\",\"inLanguage\":\"es-AR\",\"@id\":\"https:\/\/www.fmtrance.com\/online\/#\/schema\/logo\/image\/\",\"url\":\"https:\/\/www.fmtrance.com\/online\/wp-content\/uploads\/2025\/03\/LOGO-WEB.png\",\"contentUrl\":\"https:\/\/www.fmtrance.com\/online\/wp-content\/uploads\/2025\/03\/LOGO-WEB.png\",\"width\":500,\"height\":500,\"caption\":\"FM TRANCE\"},\"image\":{\"@id\":\"https:\/\/www.fmtrance.com\/online\/#\/schema\/logo\/image\/\"},\"sameAs\":[\"https:\/\/www.facebook.com\/fmtrance\",\"https:\/\/x.com\/fmtrance\",\"https:\/\/www.instagram.com\/fmtrance\"]},{\"@type\":\"Person\",\"@id\":\"https:\/\/www.fmtrance.com\/online\/#\/schema\/person\/686af7f826dd2f08b36b4760b7dcdddd\",\"name\":\"Redaccion FM Trance\",\"image\":{\"@type\":\"ImageObject\",\"inLanguage\":\"es-AR\",\"@id\":\"https:\/\/www.fmtrance.com\/online\/#\/schema\/person\/image\/\",\"url\":\"https:\/\/secure.gravatar.com\/avatar\/c9d0afa8b0785bea8046a42861739f0a26fb9e8da739ce032e6598dc2981bc38?s=96&r=g\",\"contentUrl\":\"https:\/\/secure.gravatar.com\/avatar\/c9d0afa8b0785bea8046a42861739f0a26fb9e8da739ce032e6598dc2981bc38?s=96&r=g\",\"caption\":\"Redaccion FM Trance\"},\"description\":\"Fundador y Director general de FM Trance. Nacido el 24 de Septiembre de 1987, en Caballito, Ciudad Autonoma de Buenos Aires. Alguien de Radio desde siempre: ya a los 9 a\u00f1os de edad como radioescucha, sintonizando estaci\u00f3nes de AM, FM, onda corta, TV UHF\/VHF, y dem\u00e1s servicios. Se desempe\u00f1\u00f3 como Operador T\u00e9cnico en diferentes emisoras locales de CABA y GBA, y hasta el dia de hoy sigue ejerciendo desde la parte t\u00e9cnica, realizando trabajos en varias Radios. Egresado del ISER de la carrera de Operador Tecnico de Planta Transmisora, cursando actualmente la carrera de Operador Tecnico de Estudios de Radio en dicha instituci\u00f3n, y flamante radioaficionado (habiendo completado el curso en el Radioclub Buenos Aires), distintiva LU2DBK.\",\"url\":\"https:\/\/www.fmtrance.com\/online\/author\/fmtrance\/\"}]}<\/script>\n<!-- \/ Yoast SEO plugin. -->","yoast_head_json":{"title":"Junto a Macri, Felipe Miguel encabez\u00f3 el acto por Malvinas | FM Trance 103.3","robots":{"index":"index","follow":"follow","max-snippet":"max-snippet:-1","max-image-preview":"max-image-preview:large","max-video-preview":"max-video-preview:-1"},"canonical":"https:\/\/www.fmtrance.com\/online\/junto-a-macri-felipe-miguel-encabezo-el-acto-por-malvinas\/","og_locale":"es_ES","og_type":"article","og_title":"Junto a Macri, Felipe Miguel encabez\u00f3 el acto por Malvinas | FM Trance 103.3","og_description":"El gobierno de la Ciudad de Buenos Aires rindi\u00f3 hoy homenaje a los ca\u00eddos y a los veteranos de la","og_url":"https:\/\/www.fmtrance.com\/online\/junto-a-macri-felipe-miguel-encabezo-el-acto-por-malvinas\/","og_site_name":"FM Trance 103.3","article_publisher":"https:\/\/www.facebook.com\/fmtrance","article_published_time":"2023-04-02T20:56:55+00:00","article_modified_time":"2023-04-25T20:58:03+00:00","og_image":[{"width":800,"height":533,"url":"https:\/\/www.fmtrance.com\/online\/wp-content\/uploads\/2023\/04\/6429e66492479_800x533.jpg","type":"image\/jpeg"}],"author":"Redaccion FM Trance","twitter_card":"summary_large_image","twitter_creator":"@fmtrance","twitter_site":"@fmtrance","twitter_misc":{"Escrito por":"Redaccion FM Trance","Tiempo de lectura":"1 minuto"},"schema":{"@context":"https:\/\/schema.org","@graph":[{"@type":"Article","@id":"https:\/\/www.fmtrance.com\/online\/junto-a-macri-felipe-miguel-encabezo-el-acto-por-malvinas\/#article","isPartOf":{"@id":"https:\/\/www.fmtrance.com\/online\/junto-a-macri-felipe-miguel-encabezo-el-acto-por-malvinas\/"},"author":{"name":"Redaccion FM Trance","@id":"https:\/\/www.fmtrance.com\/online\/#\/schema\/person\/686af7f826dd2f08b36b4760b7dcdddd"},"headline":"Junto a Macri, Felipe Miguel encabez\u00f3 el acto por Malvinas","datePublished":"2023-04-02T20:56:55+00:00","dateModified":"2023-04-25T20:58:03+00:00","mainEntityOfPage":{"@id":"https:\/\/www.fmtrance.com\/online\/junto-a-macri-felipe-miguel-encabezo-el-acto-por-malvinas\/"},"wordCount":271,"commentCount":0,"publisher":{"@id":"https:\/\/www.fmtrance.com\/online\/#organization"},"image":{"@id":"https:\/\/www.fmtrance.com\/online\/junto-a-macri-felipe-miguel-encabezo-el-acto-por-malvinas\/#primaryimage"},"thumbnailUrl":"https:\/\/www.fmtrance.com\/online\/wp-content\/uploads\/2023\/04\/6429e66492479_800x533.jpg","keywords":["Uncategorized"],"articleSection":["Noticias"],"inLanguage":"es-AR","potentialAction":[{"@type":"CommentAction","name":"Comment","target":["https:\/\/www.fmtrance.com\/online\/junto-a-macri-felipe-miguel-encabezo-el-acto-por-malvinas\/#respond"]}]},{"@type":"WebPage","@id":"https:\/\/www.fmtrance.com\/online\/junto-a-macri-felipe-miguel-encabezo-el-acto-por-malvinas\/","url":"https:\/\/www.fmtrance.com\/online\/junto-a-macri-felipe-miguel-encabezo-el-acto-por-malvinas\/","name":"Junto a Macri, Felipe Miguel encabez\u00f3 el acto por Malvinas | FM Trance 103.3","isPartOf":{"@id":"https:\/\/www.fmtrance.com\/online\/#website"},"primaryImageOfPage":{"@id":"https:\/\/www.fmtrance.com\/online\/junto-a-macri-felipe-miguel-encabezo-el-acto-por-malvinas\/#primaryimage"},"image":{"@id":"https:\/\/www.fmtrance.com\/online\/junto-a-macri-felipe-miguel-encabezo-el-acto-por-malvinas\/#primaryimage"},"thumbnailUrl":"https:\/\/www.fmtrance.com\/online\/wp-content\/uploads\/2023\/04\/6429e66492479_800x533.jpg","datePublished":"2023-04-02T20:56:55+00:00","dateModified":"2023-04-25T20:58:03+00:00","breadcrumb":{"@id":"https:\/\/www.fmtrance.com\/online\/junto-a-macri-felipe-miguel-encabezo-el-acto-por-malvinas\/#breadcrumb"},"inLanguage":"es-AR","potentialAction":[{"@type":"ReadAction","target":["https:\/\/www.fmtrance.com\/online\/junto-a-macri-felipe-miguel-encabezo-el-acto-por-malvinas\/"]}]},{"@type":"ImageObject","inLanguage":"es-AR","@id":"https:\/\/www.fmtrance.com\/online\/junto-a-macri-felipe-miguel-encabezo-el-acto-por-malvinas\/#primaryimage","url":"https:\/\/www.fmtrance.com\/online\/wp-content\/uploads\/2023\/04\/6429e66492479_800x533.jpg","contentUrl":"https:\/\/www.fmtrance.com\/online\/wp-content\/uploads\/2023\/04\/6429e66492479_800x533.jpg","width":800,"height":533},{"@type":"BreadcrumbList","@id":"https:\/\/www.fmtrance.com\/online\/junto-a-macri-felipe-miguel-encabezo-el-acto-por-malvinas\/#breadcrumb","itemListElement":[{"@type":"ListItem","position":1,"name":"Inicio","item":"https:\/\/www.fmtrance.com\/online\/"},{"@type":"ListItem","position":2,"name":"Junto a Macri, Felipe Miguel encabez\u00f3 el acto por Malvinas"}]},{"@type":"WebSite","@id":"https:\/\/www.fmtrance.com\/online\/#website","url":"https:\/\/www.fmtrance.com\/online\/","name":"FM Trance 103.3","description":"CABA. Radio de musica electronica","publisher":{"@id":"https:\/\/www.fmtrance.com\/online\/#organization"},"potentialAction":[{"@type":"SearchAction","target":{"@type":"EntryPoint","urlTemplate":"https:\/\/www.fmtrance.com\/online\/?s={search_term_string}"},"query-input":{"@type":"PropertyValueSpecification","valueRequired":true,"valueName":"search_term_string"}}],"inLanguage":"es-AR"},{"@type":"Organization","@id":"https:\/\/www.fmtrance.com\/online\/#organization","name":"FM TRANCE","url":"https:\/\/www.fmtrance.com\/online\/","logo":{"@type":"ImageObject","inLanguage":"es-AR","@id":"https:\/\/www.fmtrance.com\/online\/#\/schema\/logo\/image\/","url":"https:\/\/www.fmtrance.com\/online\/wp-content\/uploads\/2025\/03\/LOGO-WEB.png","contentUrl":"https:\/\/www.fmtrance.com\/online\/wp-content\/uploads\/2025\/03\/LOGO-WEB.png","width":500,"height":500,"caption":"FM TRANCE"},"image":{"@id":"https:\/\/www.fmtrance.com\/online\/#\/schema\/logo\/image\/"},"sameAs":["https:\/\/www.facebook.com\/fmtrance","https:\/\/x.com\/fmtrance","https:\/\/www.instagram.com\/fmtrance"]},{"@type":"Person","@id":"https:\/\/www.fmtrance.com\/online\/#\/schema\/person\/686af7f826dd2f08b36b4760b7dcdddd","name":"Redaccion FM Trance","image":{"@type":"ImageObject","inLanguage":"es-AR","@id":"https:\/\/www.fmtrance.com\/online\/#\/schema\/person\/image\/","url":"https:\/\/secure.gravatar.com\/avatar\/c9d0afa8b0785bea8046a42861739f0a26fb9e8da739ce032e6598dc2981bc38?s=96&r=g","contentUrl":"https:\/\/secure.gravatar.com\/avatar\/c9d0afa8b0785bea8046a42861739f0a26fb9e8da739ce032e6598dc2981bc38?s=96&r=g","caption":"Redaccion FM Trance"},"description":"Fundador y Director general de FM Trance. Nacido el 24 de Septiembre de 1987, en Caballito, Ciudad Autonoma de Buenos Aires. Alguien de Radio desde siempre: ya a los 9 a\u00f1os de edad como radioescucha, sintonizando estaci\u00f3nes de AM, FM, onda corta, TV UHF\/VHF, y dem\u00e1s servicios. Se desempe\u00f1\u00f3 como Operador T\u00e9cnico en diferentes emisoras locales de CABA y GBA, y hasta el dia de hoy sigue ejerciendo desde la parte t\u00e9cnica, realizando trabajos en varias Radios. Egresado del ISER de la carrera de Operador Tecnico de Planta Transmisora, cursando actualmente la carrera de Operador Tecnico de Estudios de Radio en dicha instituci\u00f3n, y flamante radioaficionado (habiendo completado el curso en el Radioclub Buenos Aires), distintiva LU2DBK.","url":"https:\/\/www.fmtrance.com\/online\/author\/fmtrance\/"}]}},"_links":{"self":[{"href":"https:\/\/www.fmtrance.com\/online\/wp-json\/wp\/v2\/posts\/4062","targetHints":{"allow":["GET"]}}],"collection":[{"href":"https:\/\/www.fmtrance.com\/online\/wp-json\/wp\/v2\/posts"}],"about":[{"href":"https:\/\/www.fmtrance.com\/online\/wp-json\/wp\/v2\/types\/post"}],"author":[{"embeddable":true,"href":"https:\/\/www.fmtrance.com\/online\/wp-json\/wp\/v2\/users\/1"}],"replies":[{"embeddable":true,"href":"https:\/\/www.fmtrance.com\/online\/wp-json\/wp\/v2\/comments?post=4062"}],"version-history":[{"count":1,"href":"https:\/\/www.fmtrance.com\/online\/wp-json\/wp\/v2\/posts\/4062\/revisions"}],"predecessor-version":[{"id":4064,"href":"https:\/\/www.fmtrance.com\/online\/wp-json\/wp\/v2\/posts\/4062\/revisions\/4064"}],"wp:featuredmedia":[{"embeddable":true,"href":"https:\/\/www.fmtrance.com\/online\/wp-json\/wp\/v2\/media\/4063"}],"wp:attachment":[{"href":"https:\/\/www.fmtrance.com\/online\/wp-json\/wp\/v2\/media?parent=4062"}],"wp:term":[{"taxonomy":"category","embeddable":true,"href":"https:\/\/www.fmtrance.com\/online\/wp-json\/wp\/v2\/categories?post=4062"},{"taxonomy":"post_tag","embeddable":true,"href":"https:\/\/www.fmtrance.com\/online\/wp-json\/wp\/v2\/tags?post=4062"}],"curies":[{"name":"wp","href":"https:\/\/api.w.org\/{rel}","templated":true}]}}