{"id":4059,"date":"2023-04-01T14:36:02","date_gmt":"2023-04-01T17:36:02","guid":{"rendered":"http:\/\/www.fmtrance.com\/online\/?p=4059"},"modified":"2023-04-25T17:53:07","modified_gmt":"2023-04-25T20:53:07","slug":"aumentan-la-capacidad-para-estacionar-en-la-ciudad-y-simplifican-las-normas","status":"publish","type":"post","link":"https:\/\/www.fmtrance.com\/online\/aumentan-la-capacidad-para-estacionar-en-la-ciudad-y-simplifican-las-normas\/","title":{"rendered":"Aumentan la capacidad para estacionar en la Ciudad y simplifican las normas"},"content":{"rendered":"<div class=\"row\">\n<div class=\"col-lg-12\">\n<div class=\"detail\">\n<p><strong>Desde el 17 de abril s\u00f3lo habr\u00e1 tres reglas b\u00e1sicas para estacionar en la Ciudad de Buenos Aires. Y, adem\u00e1s, se sumar\u00e1n 28 mil lugares de estacionamiento en los barrios m\u00e1s alejados de la zona del macrocentro.<\/strong><\/p>\n<\/div>\n<\/div>\n<\/div>\n<div class=\"row\">\n<div class=\"col-lg-8\">\n<section>\n<div class=\"row\">\n<article class=\"col-lg-12 col-md-12\">\n<div class=\"head-media clearfix\">\n<p>Ante las quejas y las dificultades para estacionar en la Ciudad de Buenos Aires,\u00a0<strong>el Gobierno porte\u00f1o decidi\u00f3 aumentar la capacidad con nuevos espacios, se simplificaron las normas y empezar\u00e1n a regir otras reglas dentro de dos semanas.<\/strong><\/p>\n<p>La nueva normativa fue aprobada por la Legislatura y comenzar\u00e1 a regir a partir del lunes 17 de abril cuando pasaran de 9 reglas generales a solo 3, en las que lo \u00fanico que se se\u00f1alizar\u00e1 ser\u00e1 la excepci\u00f3n.<\/p>\n<p>Adem\u00e1s se podr\u00e1 estacionar en m\u00e1s de 28.000 nuevos lugares en distintos barrios de la ciudad, principalmente en los m\u00e1s alejados de la zona del macrocentro, como por ejemplo las comunas 12 (Coghlan, Saavedra, Villa Urquiza, Villa Pueyrred\u00f3n), 10 (Floresta, Monte Castro, V\u00e9lez Sarsfield, Versalles, Villa Luro y Villa Real) y 7 (Flores, Parque Chacabuco).<\/p>\n<p>&#8220;En la Ciudad todos los tr\u00e1mites que se pueden mejorar las simplificamos y todos los que son innecesarios los eliminamos. As\u00ed como el a\u00f1o pasado modernizamos la manera de estacionar con una aplicaci\u00f3n, ahora sumamos m\u00e1s de 28 mil lugares de estacionamiento para hacerle la vida m\u00e1s f\u00e1cil a los ciudadanos&#8221;, asegur\u00f3\u00a0<strong>Felipe Miguel,<\/strong>\u00a0jefe de Gabinete de la Ciudad.<\/p>\n<p>Al respecto la secretaria\u00a0 de Transporte y Obras P\u00fablicas porte\u00f1a<strong>\u00a0Manuela L\u00f3pez Men\u00e9ndez<\/strong>\u00a0explic\u00f3: \u201c<strong>Va a haber menos reglas y m\u00e1s claras a la hora de estacionar, lo que mejora la experiencia de dejar el auto en la calle y lo hace m\u00e1s \u00e1gil<\/strong>. Este cambio, adem\u00e1s, mejora la fluidez en la circulaci\u00f3n y beneficia la convivencia vial en la calle entre todos los actores del tr\u00e1nsito, evitando o minimizando confusiones en la v\u00eda p\u00fablica\u201d.<\/p>\n<p>Los cambios de normativa se decidieron frente a un sondeo realizado por la Secretar\u00eda de Transporte y Obras P\u00fablicas que determin\u00f3 que el 76% de los encuestados consider\u00f3 que es dif\u00edcil o muy dif\u00edcil saber d\u00f3nde estacionar.<\/p>\n<p>Adem\u00e1s, se realizaron pruebas piloto en donde un nuevo esquema de se\u00f1alizaci\u00f3n de la normativa de estacionamiento redujo el 51% las infracciones cometidas por los automovilistas.<\/p>\n<p>El sondeo, adem\u00e1s, detect\u00f3 que 5 de cada 10 de las infracciones realizadas por estacionar en forma indebida en el \u00faltimo a\u00f1o fueron por hacerlo en mano izquierda. Algo que se podr\u00eda atribuir a que la normativa actual (vigente hasta el 16 de abril) cuenta con diversas variables como tipo de arteria o sentido de circulaci\u00f3n, que vuelven la interpretaci\u00f3n m\u00e1s compleja.<\/p>\n<p><strong>\u00bfCU\u00c1LES SON LAS NUEVAS REGLAS PARA ESTACIONAR EN LA CIUDAD?<\/strong><\/p>\n<p>A partir del lunes 17 de abril, los conductores deber\u00e1n recordar tres reglas simples y solo se se\u00f1alizar\u00e1n las excepciones:<br \/>\n-En las calles, estar\u00e1 permitido estacionar de ambos lados.<\/p>\n<p>-En las avenidas, estar\u00e1 permitido estacionar de 21 a 7 de ambos lados.<\/p>\n<p>&#8211; En los pasajes y al lado de las ciclov\u00edas estar\u00e1 prohibido las 24 horas.<\/p>\n<p><strong>QU\u00c9 SUCEDER\u00c1 CON\u00a0 EL ESTACIONAMIENTO DE MOTOS<\/strong><\/p>\n<p>La nueva ley introdujo un cambio para los motoveh\u00edculos: antes deb\u00edan estacionar de manera paralela al cord\u00f3n, y con la nueva normativa deber\u00e1n estacionar de 45\u00b0 a 90\u00ba.<\/p>\n<p><strong>MULTAS POR INFRACCIONES<\/strong><\/p>\n<p>-Estacionamiento o detenci\u00f3n prohibida: $10.292 (100 UF).<\/p>\n<p>-En lugares reservados para servicios de emergencia, paradas de transporte p\u00fablico, entradas de veh\u00edculos, ciclov\u00edas, carriles exclusivos, corredores de Metrob\u00fas, y zona de Macro y Microcentro la infracci\u00f3n se elevar\u00e1 al doble: $20.584 (200 UF).<\/p>\n<p>-Lugares reservados para veh\u00edculos de personas con necesidades especiales o rampas para personas con movilidad reducida: $30.876 (300 UF).<\/p>\n<p>-Estacionamiento Medido: $10.292 (100 UF)<\/p>\n<\/div>\n<\/article>\n<\/div>\n<\/section>\n<\/div>\n<\/div>\n","protected":false},"excerpt":{"rendered":"<p>Desde el 17 de abril s\u00f3lo habr\u00e1 tres reglas b\u00e1sicas para estacionar en la Ciudad de Buenos Aires. Y, adem\u00e1s,<\/p>\n","protected":false},"author":1,"featured_media":4060,"comment_status":"open","ping_status":"closed","sticky":false,"template":"","format":"standard","meta":{"footnotes":""},"categories":[1],"tags":[1726],"class_list":["post-4059","post","type-post","status-publish","format-standard","has-post-thumbnail","hentry","category-uncategorized","tag-uncategorized"],"yoast_head":"<!-- This site is optimized with the Yoast SEO plugin v24.6 - https:\/\/yoast.com\/wordpress\/plugins\/seo\/ -->\n<title>Aumentan la capacidad para estacionar en la Ciudad y simplifican las normas | FM Trance 103.3<\/title>\n<meta name=\"robots\" content=\"index, follow, max-snippet:-1, max-image-preview:large, max-video-preview:-1\" \/>\n<link rel=\"canonical\" href=\"https:\/\/www.fmtrance.com\/online\/aumentan-la-capacidad-para-estacionar-en-la-ciudad-y-simplifican-las-normas\/\" \/>\n<meta property=\"og:locale\" content=\"es_ES\" \/>\n<meta property=\"og:type\" content=\"article\" \/>\n<meta property=\"og:title\" content=\"Aumentan la capacidad para estacionar en la Ciudad y simplifican las normas | FM Trance 103.3\" \/>\n<meta property=\"og:description\" content=\"Desde el 17 de abril s\u00f3lo habr\u00e1 tres reglas b\u00e1sicas para estacionar en la Ciudad de Buenos Aires. Y, adem\u00e1s,\" \/>\n<meta property=\"og:url\" content=\"https:\/\/www.fmtrance.com\/online\/aumentan-la-capacidad-para-estacionar-en-la-ciudad-y-simplifican-las-normas\/\" \/>\n<meta property=\"og:site_name\" content=\"FM Trance 103.3\" \/>\n<meta property=\"article:publisher\" content=\"https:\/\/www.facebook.com\/fmtrance\" \/>\n<meta property=\"article:published_time\" content=\"2023-04-01T17:36:02+00:00\" \/>\n<meta property=\"article:modified_time\" content=\"2023-04-25T20:53:07+00:00\" \/>\n<meta property=\"og:image\" content=\"https:\/\/www.fmtrance.com\/online\/wp-content\/uploads\/2023\/04\/64287911b0edc_800x533.jpg\" \/>\n\t<meta property=\"og:image:width\" content=\"800\" \/>\n\t<meta property=\"og:image:height\" content=\"533\" \/>\n\t<meta property=\"og:image:type\" content=\"image\/jpeg\" \/>\n<meta name=\"author\" content=\"Redaccion FM Trance\" \/>\n<meta name=\"twitter:card\" content=\"summary_large_image\" \/>\n<meta name=\"twitter:creator\" content=\"@fmtrance\" \/>\n<meta name=\"twitter:site\" content=\"@fmtrance\" \/>\n<meta name=\"twitter:label1\" content=\"Escrito por\" \/>\n\t<meta name=\"twitter:data1\" content=\"Redaccion FM Trance\" \/>\n\t<meta name=\"twitter:label2\" content=\"Tiempo de lectura\" \/>\n\t<meta name=\"twitter:data2\" content=\"3 minutos\" \/>\n<script type=\"application\/ld+json\" class=\"yoast-schema-graph\">{\"@context\":\"https:\/\/schema.org\",\"@graph\":[{\"@type\":\"Article\",\"@id\":\"https:\/\/www.fmtrance.com\/online\/aumentan-la-capacidad-para-estacionar-en-la-ciudad-y-simplifican-las-normas\/#article\",\"isPartOf\":{\"@id\":\"https:\/\/www.fmtrance.com\/online\/aumentan-la-capacidad-para-estacionar-en-la-ciudad-y-simplifican-las-normas\/\"},\"author\":{\"name\":\"Redaccion FM Trance\",\"@id\":\"https:\/\/www.fmtrance.com\/online\/#\/schema\/person\/686af7f826dd2f08b36b4760b7dcdddd\"},\"headline\":\"Aumentan la capacidad para estacionar en la Ciudad y simplifican las normas\",\"datePublished\":\"2023-04-01T17:36:02+00:00\",\"dateModified\":\"2023-04-25T20:53:07+00:00\",\"mainEntityOfPage\":{\"@id\":\"https:\/\/www.fmtrance.com\/online\/aumentan-la-capacidad-para-estacionar-en-la-ciudad-y-simplifican-las-normas\/\"},\"wordCount\":644,\"commentCount\":0,\"publisher\":{\"@id\":\"https:\/\/www.fmtrance.com\/online\/#organization\"},\"image\":{\"@id\":\"https:\/\/www.fmtrance.com\/online\/aumentan-la-capacidad-para-estacionar-en-la-ciudad-y-simplifican-las-normas\/#primaryimage\"},\"thumbnailUrl\":\"https:\/\/www.fmtrance.com\/online\/wp-content\/uploads\/2023\/04\/64287911b0edc_800x533.jpg\",\"keywords\":[\"Uncategorized\"],\"articleSection\":[\"Noticias\"],\"inLanguage\":\"es-AR\",\"potentialAction\":[{\"@type\":\"CommentAction\",\"name\":\"Comment\",\"target\":[\"https:\/\/www.fmtrance.com\/online\/aumentan-la-capacidad-para-estacionar-en-la-ciudad-y-simplifican-las-normas\/#respond\"]}]},{\"@type\":\"WebPage\",\"@id\":\"https:\/\/www.fmtrance.com\/online\/aumentan-la-capacidad-para-estacionar-en-la-ciudad-y-simplifican-las-normas\/\",\"url\":\"https:\/\/www.fmtrance.com\/online\/aumentan-la-capacidad-para-estacionar-en-la-ciudad-y-simplifican-las-normas\/\",\"name\":\"Aumentan la capacidad para estacionar en la Ciudad y simplifican las normas | FM Trance 103.3\",\"isPartOf\":{\"@id\":\"https:\/\/www.fmtrance.com\/online\/#website\"},\"primaryImageOfPage\":{\"@id\":\"https:\/\/www.fmtrance.com\/online\/aumentan-la-capacidad-para-estacionar-en-la-ciudad-y-simplifican-las-normas\/#primaryimage\"},\"image\":{\"@id\":\"https:\/\/www.fmtrance.com\/online\/aumentan-la-capacidad-para-estacionar-en-la-ciudad-y-simplifican-las-normas\/#primaryimage\"},\"thumbnailUrl\":\"https:\/\/www.fmtrance.com\/online\/wp-content\/uploads\/2023\/04\/64287911b0edc_800x533.jpg\",\"datePublished\":\"2023-04-01T17:36:02+00:00\",\"dateModified\":\"2023-04-25T20:53:07+00:00\",\"breadcrumb\":{\"@id\":\"https:\/\/www.fmtrance.com\/online\/aumentan-la-capacidad-para-estacionar-en-la-ciudad-y-simplifican-las-normas\/#breadcrumb\"},\"inLanguage\":\"es-AR\",\"potentialAction\":[{\"@type\":\"ReadAction\",\"target\":[\"https:\/\/www.fmtrance.com\/online\/aumentan-la-capacidad-para-estacionar-en-la-ciudad-y-simplifican-las-normas\/\"]}]},{\"@type\":\"ImageObject\",\"inLanguage\":\"es-AR\",\"@id\":\"https:\/\/www.fmtrance.com\/online\/aumentan-la-capacidad-para-estacionar-en-la-ciudad-y-simplifican-las-normas\/#primaryimage\",\"url\":\"https:\/\/www.fmtrance.com\/online\/wp-content\/uploads\/2023\/04\/64287911b0edc_800x533.jpg\",\"contentUrl\":\"https:\/\/www.fmtrance.com\/online\/wp-content\/uploads\/2023\/04\/64287911b0edc_800x533.jpg\",\"width\":800,\"height\":533},{\"@type\":\"BreadcrumbList\",\"@id\":\"https:\/\/www.fmtrance.com\/online\/aumentan-la-capacidad-para-estacionar-en-la-ciudad-y-simplifican-las-normas\/#breadcrumb\",\"itemListElement\":[{\"@type\":\"ListItem\",\"position\":1,\"name\":\"Inicio\",\"item\":\"https:\/\/www.fmtrance.com\/online\/\"},{\"@type\":\"ListItem\",\"position\":2,\"name\":\"Aumentan la capacidad para estacionar en la Ciudad y simplifican las normas\"}]},{\"@type\":\"WebSite\",\"@id\":\"https:\/\/www.fmtrance.com\/online\/#website\",\"url\":\"https:\/\/www.fmtrance.com\/online\/\",\"name\":\"FM Trance 103.3\",\"description\":\"CABA. Radio de musica electronica\",\"publisher\":{\"@id\":\"https:\/\/www.fmtrance.com\/online\/#organization\"},\"potentialAction\":[{\"@type\":\"SearchAction\",\"target\":{\"@type\":\"EntryPoint\",\"urlTemplate\":\"https:\/\/www.fmtrance.com\/online\/?s={search_term_string}\"},\"query-input\":{\"@type\":\"PropertyValueSpecification\",\"valueRequired\":true,\"valueName\":\"search_term_string\"}}],\"inLanguage\":\"es-AR\"},{\"@type\":\"Organization\",\"@id\":\"https:\/\/www.fmtrance.com\/online\/#organization\",\"name\":\"FM TRANCE\",\"url\":\"https:\/\/www.fmtrance.com\/online\/\",\"logo\":{\"@type\":\"ImageObject\",\"inLanguage\":\"es-AR\",\"@id\":\"https:\/\/www.fmtrance.com\/online\/#\/schema\/logo\/image\/\",\"url\":\"https:\/\/www.fmtrance.com\/online\/wp-content\/uploads\/2025\/03\/LOGO-WEB.png\",\"contentUrl\":\"https:\/\/www.fmtrance.com\/online\/wp-content\/uploads\/2025\/03\/LOGO-WEB.png\",\"width\":500,\"height\":500,\"caption\":\"FM TRANCE\"},\"image\":{\"@id\":\"https:\/\/www.fmtrance.com\/online\/#\/schema\/logo\/image\/\"},\"sameAs\":[\"https:\/\/www.facebook.com\/fmtrance\",\"https:\/\/x.com\/fmtrance\",\"https:\/\/www.instagram.com\/fmtrance\"]},{\"@type\":\"Person\",\"@id\":\"https:\/\/www.fmtrance.com\/online\/#\/schema\/person\/686af7f826dd2f08b36b4760b7dcdddd\",\"name\":\"Redaccion FM Trance\",\"image\":{\"@type\":\"ImageObject\",\"inLanguage\":\"es-AR\",\"@id\":\"https:\/\/www.fmtrance.com\/online\/#\/schema\/person\/image\/\",\"url\":\"https:\/\/secure.gravatar.com\/avatar\/c9d0afa8b0785bea8046a42861739f0a26fb9e8da739ce032e6598dc2981bc38?s=96&r=g\",\"contentUrl\":\"https:\/\/secure.gravatar.com\/avatar\/c9d0afa8b0785bea8046a42861739f0a26fb9e8da739ce032e6598dc2981bc38?s=96&r=g\",\"caption\":\"Redaccion FM Trance\"},\"description\":\"Fundador y Director general de FM Trance. Nacido el 24 de Septiembre de 1987, en Caballito, Ciudad Autonoma de Buenos Aires. Alguien de Radio desde siempre: ya a los 9 a\u00f1os de edad como radioescucha, sintonizando estaci\u00f3nes de AM, FM, onda corta, TV UHF\/VHF, y dem\u00e1s servicios. Se desempe\u00f1\u00f3 como Operador T\u00e9cnico en diferentes emisoras locales de CABA y GBA, y hasta el dia de hoy sigue ejerciendo desde la parte t\u00e9cnica, realizando trabajos en varias Radios. Egresado del ISER de la carrera de Operador Tecnico de Planta Transmisora, cursando actualmente la carrera de Operador Tecnico de Estudios de Radio en dicha instituci\u00f3n, y flamante radioaficionado (habiendo completado el curso en el Radioclub Buenos Aires), distintiva LU2DBK.\",\"url\":\"https:\/\/www.fmtrance.com\/online\/author\/fmtrance\/\"}]}<\/script>\n<!-- \/ Yoast SEO plugin. -->","yoast_head_json":{"title":"Aumentan la capacidad para estacionar en la Ciudad y simplifican las normas | FM Trance 103.3","robots":{"index":"index","follow":"follow","max-snippet":"max-snippet:-1","max-image-preview":"max-image-preview:large","max-video-preview":"max-video-preview:-1"},"canonical":"https:\/\/www.fmtrance.com\/online\/aumentan-la-capacidad-para-estacionar-en-la-ciudad-y-simplifican-las-normas\/","og_locale":"es_ES","og_type":"article","og_title":"Aumentan la capacidad para estacionar en la Ciudad y simplifican las normas | FM Trance 103.3","og_description":"Desde el 17 de abril s\u00f3lo habr\u00e1 tres reglas b\u00e1sicas para estacionar en la Ciudad de Buenos Aires. Y, adem\u00e1s,","og_url":"https:\/\/www.fmtrance.com\/online\/aumentan-la-capacidad-para-estacionar-en-la-ciudad-y-simplifican-las-normas\/","og_site_name":"FM Trance 103.3","article_publisher":"https:\/\/www.facebook.com\/fmtrance","article_published_time":"2023-04-01T17:36:02+00:00","article_modified_time":"2023-04-25T20:53:07+00:00","og_image":[{"width":800,"height":533,"url":"https:\/\/www.fmtrance.com\/online\/wp-content\/uploads\/2023\/04\/64287911b0edc_800x533.jpg","type":"image\/jpeg"}],"author":"Redaccion FM Trance","twitter_card":"summary_large_image","twitter_creator":"@fmtrance","twitter_site":"@fmtrance","twitter_misc":{"Escrito por":"Redaccion FM Trance","Tiempo de lectura":"3 minutos"},"schema":{"@context":"https:\/\/schema.org","@graph":[{"@type":"Article","@id":"https:\/\/www.fmtrance.com\/online\/aumentan-la-capacidad-para-estacionar-en-la-ciudad-y-simplifican-las-normas\/#article","isPartOf":{"@id":"https:\/\/www.fmtrance.com\/online\/aumentan-la-capacidad-para-estacionar-en-la-ciudad-y-simplifican-las-normas\/"},"author":{"name":"Redaccion FM Trance","@id":"https:\/\/www.fmtrance.com\/online\/#\/schema\/person\/686af7f826dd2f08b36b4760b7dcdddd"},"headline":"Aumentan la capacidad para estacionar en la Ciudad y simplifican las normas","datePublished":"2023-04-01T17:36:02+00:00","dateModified":"2023-04-25T20:53:07+00:00","mainEntityOfPage":{"@id":"https:\/\/www.fmtrance.com\/online\/aumentan-la-capacidad-para-estacionar-en-la-ciudad-y-simplifican-las-normas\/"},"wordCount":644,"commentCount":0,"publisher":{"@id":"https:\/\/www.fmtrance.com\/online\/#organization"},"image":{"@id":"https:\/\/www.fmtrance.com\/online\/aumentan-la-capacidad-para-estacionar-en-la-ciudad-y-simplifican-las-normas\/#primaryimage"},"thumbnailUrl":"https:\/\/www.fmtrance.com\/online\/wp-content\/uploads\/2023\/04\/64287911b0edc_800x533.jpg","keywords":["Uncategorized"],"articleSection":["Noticias"],"inLanguage":"es-AR","potentialAction":[{"@type":"CommentAction","name":"Comment","target":["https:\/\/www.fmtrance.com\/online\/aumentan-la-capacidad-para-estacionar-en-la-ciudad-y-simplifican-las-normas\/#respond"]}]},{"@type":"WebPage","@id":"https:\/\/www.fmtrance.com\/online\/aumentan-la-capacidad-para-estacionar-en-la-ciudad-y-simplifican-las-normas\/","url":"https:\/\/www.fmtrance.com\/online\/aumentan-la-capacidad-para-estacionar-en-la-ciudad-y-simplifican-las-normas\/","name":"Aumentan la capacidad para estacionar en la Ciudad y simplifican las normas | FM Trance 103.3","isPartOf":{"@id":"https:\/\/www.fmtrance.com\/online\/#website"},"primaryImageOfPage":{"@id":"https:\/\/www.fmtrance.com\/online\/aumentan-la-capacidad-para-estacionar-en-la-ciudad-y-simplifican-las-normas\/#primaryimage"},"image":{"@id":"https:\/\/www.fmtrance.com\/online\/aumentan-la-capacidad-para-estacionar-en-la-ciudad-y-simplifican-las-normas\/#primaryimage"},"thumbnailUrl":"https:\/\/www.fmtrance.com\/online\/wp-content\/uploads\/2023\/04\/64287911b0edc_800x533.jpg","datePublished":"2023-04-01T17:36:02+00:00","dateModified":"2023-04-25T20:53:07+00:00","breadcrumb":{"@id":"https:\/\/www.fmtrance.com\/online\/aumentan-la-capacidad-para-estacionar-en-la-ciudad-y-simplifican-las-normas\/#breadcrumb"},"inLanguage":"es-AR","potentialAction":[{"@type":"ReadAction","target":["https:\/\/www.fmtrance.com\/online\/aumentan-la-capacidad-para-estacionar-en-la-ciudad-y-simplifican-las-normas\/"]}]},{"@type":"ImageObject","inLanguage":"es-AR","@id":"https:\/\/www.fmtrance.com\/online\/aumentan-la-capacidad-para-estacionar-en-la-ciudad-y-simplifican-las-normas\/#primaryimage","url":"https:\/\/www.fmtrance.com\/online\/wp-content\/uploads\/2023\/04\/64287911b0edc_800x533.jpg","contentUrl":"https:\/\/www.fmtrance.com\/online\/wp-content\/uploads\/2023\/04\/64287911b0edc_800x533.jpg","width":800,"height":533},{"@type":"BreadcrumbList","@id":"https:\/\/www.fmtrance.com\/online\/aumentan-la-capacidad-para-estacionar-en-la-ciudad-y-simplifican-las-normas\/#breadcrumb","itemListElement":[{"@type":"ListItem","position":1,"name":"Inicio","item":"https:\/\/www.fmtrance.com\/online\/"},{"@type":"ListItem","position":2,"name":"Aumentan la capacidad para estacionar en la Ciudad y simplifican las normas"}]},{"@type":"WebSite","@id":"https:\/\/www.fmtrance.com\/online\/#website","url":"https:\/\/www.fmtrance.com\/online\/","name":"FM Trance 103.3","description":"CABA. Radio de musica electronica","publisher":{"@id":"https:\/\/www.fmtrance.com\/online\/#organization"},"potentialAction":[{"@type":"SearchAction","target":{"@type":"EntryPoint","urlTemplate":"https:\/\/www.fmtrance.com\/online\/?s={search_term_string}"},"query-input":{"@type":"PropertyValueSpecification","valueRequired":true,"valueName":"search_term_string"}}],"inLanguage":"es-AR"},{"@type":"Organization","@id":"https:\/\/www.fmtrance.com\/online\/#organization","name":"FM TRANCE","url":"https:\/\/www.fmtrance.com\/online\/","logo":{"@type":"ImageObject","inLanguage":"es-AR","@id":"https:\/\/www.fmtrance.com\/online\/#\/schema\/logo\/image\/","url":"https:\/\/www.fmtrance.com\/online\/wp-content\/uploads\/2025\/03\/LOGO-WEB.png","contentUrl":"https:\/\/www.fmtrance.com\/online\/wp-content\/uploads\/2025\/03\/LOGO-WEB.png","width":500,"height":500,"caption":"FM TRANCE"},"image":{"@id":"https:\/\/www.fmtrance.com\/online\/#\/schema\/logo\/image\/"},"sameAs":["https:\/\/www.facebook.com\/fmtrance","https:\/\/x.com\/fmtrance","https:\/\/www.instagram.com\/fmtrance"]},{"@type":"Person","@id":"https:\/\/www.fmtrance.com\/online\/#\/schema\/person\/686af7f826dd2f08b36b4760b7dcdddd","name":"Redaccion FM Trance","image":{"@type":"ImageObject","inLanguage":"es-AR","@id":"https:\/\/www.fmtrance.com\/online\/#\/schema\/person\/image\/","url":"https:\/\/secure.gravatar.com\/avatar\/c9d0afa8b0785bea8046a42861739f0a26fb9e8da739ce032e6598dc2981bc38?s=96&r=g","contentUrl":"https:\/\/secure.gravatar.com\/avatar\/c9d0afa8b0785bea8046a42861739f0a26fb9e8da739ce032e6598dc2981bc38?s=96&r=g","caption":"Redaccion FM Trance"},"description":"Fundador y Director general de FM Trance. Nacido el 24 de Septiembre de 1987, en Caballito, Ciudad Autonoma de Buenos Aires. Alguien de Radio desde siempre: ya a los 9 a\u00f1os de edad como radioescucha, sintonizando estaci\u00f3nes de AM, FM, onda corta, TV UHF\/VHF, y dem\u00e1s servicios. Se desempe\u00f1\u00f3 como Operador T\u00e9cnico en diferentes emisoras locales de CABA y GBA, y hasta el dia de hoy sigue ejerciendo desde la parte t\u00e9cnica, realizando trabajos en varias Radios. Egresado del ISER de la carrera de Operador Tecnico de Planta Transmisora, cursando actualmente la carrera de Operador Tecnico de Estudios de Radio en dicha instituci\u00f3n, y flamante radioaficionado (habiendo completado el curso en el Radioclub Buenos Aires), distintiva LU2DBK.","url":"https:\/\/www.fmtrance.com\/online\/author\/fmtrance\/"}]}},"_links":{"self":[{"href":"https:\/\/www.fmtrance.com\/online\/wp-json\/wp\/v2\/posts\/4059","targetHints":{"allow":["GET"]}}],"collection":[{"href":"https:\/\/www.fmtrance.com\/online\/wp-json\/wp\/v2\/posts"}],"about":[{"href":"https:\/\/www.fmtrance.com\/online\/wp-json\/wp\/v2\/types\/post"}],"author":[{"embeddable":true,"href":"https:\/\/www.fmtrance.com\/online\/wp-json\/wp\/v2\/users\/1"}],"replies":[{"embeddable":true,"href":"https:\/\/www.fmtrance.com\/online\/wp-json\/wp\/v2\/comments?post=4059"}],"version-history":[{"count":1,"href":"https:\/\/www.fmtrance.com\/online\/wp-json\/wp\/v2\/posts\/4059\/revisions"}],"predecessor-version":[{"id":4061,"href":"https:\/\/www.fmtrance.com\/online\/wp-json\/wp\/v2\/posts\/4059\/revisions\/4061"}],"wp:featuredmedia":[{"embeddable":true,"href":"https:\/\/www.fmtrance.com\/online\/wp-json\/wp\/v2\/media\/4060"}],"wp:attachment":[{"href":"https:\/\/www.fmtrance.com\/online\/wp-json\/wp\/v2\/media?parent=4059"}],"wp:term":[{"taxonomy":"category","embeddable":true,"href":"https:\/\/www.fmtrance.com\/online\/wp-json\/wp\/v2\/categories?post=4059"},{"taxonomy":"post_tag","embeddable":true,"href":"https:\/\/www.fmtrance.com\/online\/wp-json\/wp\/v2\/tags?post=4059"}],"curies":[{"name":"wp","href":"https:\/\/api.w.org\/{rel}","templated":true}]}}