{"id":4047,"date":"2023-03-31T13:44:15","date_gmt":"2023-03-31T16:44:15","guid":{"rendered":"http:\/\/www.fmtrance.com\/online\/?p=4047"},"modified":"2023-03-31T13:44:15","modified_gmt":"2023-03-31T16:44:15","slug":"homenajearon-a-las-victimas-del-taller-textil-de-caballito-que-se-incendio-en-2006","status":"publish","type":"post","link":"https:\/\/www.fmtrance.com\/online\/homenajearon-a-las-victimas-del-taller-textil-de-caballito-que-se-incendio-en-2006\/","title":{"rendered":"Homenajearon a las v\u00edctimas del taller textil de Caballito que se incendi\u00f3 en 2006"},"content":{"rendered":"<p><strong><em>Con el objetivo de renovar el reclamo de \u201cexpropiaci\u00f3n y patrimonializaci\u00f3n\u201d del predio como espacio de memoria, sobrevivientes y familiares de los fallecidos por el incendio en el taller del barrio de Caballito recordaron los 17 a\u00f1os del hecho.<\/em><\/strong><\/p>\n<p>Sobrevivientes y familiares de la\u00a0<strong>v\u00edctimas del incendio ocurrido en 2006 en un taller textil clandestino\u00a0<\/strong>del barrio de\u00a0<strong>Caballito<\/strong>, donde\u00a0<strong>murieron seis personas<\/strong>, en su mayor\u00eda\u00a0<strong>ni\u00f1os de nacionalidad boliviana,<\/strong>\u00a0realizaron ayer jueves un \u201c<em>festival de la resistencia\u201d<\/em>\u00a0para renovar el reclamo de<em>\u00a0\u201cexpropiaci\u00f3n y patrimonializaci\u00f3n<\/em>\u201d del predio como\u00a0<strong>espacio de memoria.<br \/>\n<\/strong><br \/>\nAl cumplirse 17 a\u00f1os del incendio, la\u00a0<strong>Comisi\u00f3n por la Memoria y Justicia de los Obreros Textiles de Luis Viale,<\/strong>\u00a0realiz\u00f3 un\u00a0<strong>festival de la resistencia<\/strong>\u00a0que dur\u00f3 desde el mediod\u00eda hasta la noche, donde distintos artistas y grupos musicales recordaron a las seis personas fallecidas el\u00a0<strong>30 de marzo de 2006.<\/strong><\/p>\n<p><em>\u201cHace 17 a\u00f1os que hay impunidad\u201d,<\/em>\u00a0dijo a T\u00e9lam,\u00a0<strong>Lourdes Hidalgo<\/strong>, sobreviviente del incendio.\u00a0<em>\u201cLa\u00a0<strong>justicia\u00a0<\/strong>conden\u00f3 en 2016 a los capataces\u00a0<strong>Luis Ciliarico y Juan Manuel Correa<\/strong>, quienes hoy en d\u00eda gozan de libertad, y en 2019 sobresey\u00f3 a los due\u00f1os del taller,<strong>\u00a0Jaime Geyler y Daniel Fischberg\u00a0<\/strong>y les devolvi\u00f3 la llave\u201d.<\/em><\/p>\n<p><em>\u201cNos han discriminado por ser\u00a0<strong>trabajadores migrantes<\/strong>, por ser\u00a0<strong>quechuas y aymaras.\u00a0<\/strong>Pese a esto, nosotros seguimos en pie, exigiendo que este lugar se convierta en un\u00a0<strong>espacio de memoria\u00a0<\/strong>para concientizar y recordar que aqu\u00ed murieron seis personas por causa de la explotaci\u00f3n laboral\u201d<\/em>, agreg\u00f3.<\/p>\n<p><strong>Hidalgo<\/strong>, que hoy tiene 56 a\u00f1os, cont\u00f3 que el incendio le provoc\u00f3 varios problemas de salud. Cuando entr\u00f3 a socorrer a uno de los ni\u00f1os, un televisor prendido fuego se le cay\u00f3 encima y quem\u00f3 parte de su cuerpo<em>. \u201cNo nos vamos a callar. Seguimos exigiendo\u00a0<strong>justicia y memoria<\/strong>. Porque las muertes de los\u00a0<strong>trabajadores migrantes en lo textil<\/strong>, son invisibilizadas o presentadas como aisladas, cuando en realidad las causas se deben a las condiciones de explotaci\u00f3n laboral y a la trata laboral de mano de obra barata. Nosotros queremos trabajo digno\u201d,\u00a0<\/em>enfatiz\u00f3 la sobreviviente.<\/p>\n<p>Tambi\u00e9n estuvo presente\u00a0<strong>Luis Fernando Rodr\u00edguez,<\/strong>\u00a0pap\u00e1 de\u00a0<strong>Harry Rodr\u00edguez<\/strong>, de 3 a\u00f1os, quien falleci\u00f3 en el incendio.<em>\u00a0\u201cTodos los<strong>\u00a030 de marzo<\/strong>\u00a0vengo hasta<strong>\u00a0Luis Viale 1269<\/strong>, porque es una herida que nunca sana\u201d. \u201cMi esposa y yo trabaj\u00e1bamos y viv\u00edamos en el taller con nuestros dos hijos<strong>\u00a0Kevin y Harry<\/strong>. Las condiciones eran muy lamentables. Nos trajeron enga\u00f1ados y nos encerraron. Tuvimos que pelear mucho para que nos dejaran anotar a los ni\u00f1os en la salita de 3 y 4 a\u00f1os que quedaba a la vuelta. Nunca viv\u00ed algo similar. Hemos llegado a vivir 76 personas en este lugar, con un solo ba\u00f1o, sin agua caliente y sin ducha. Se viv\u00eda muy inhumanamente y este incendio era evitable\u201d<\/em>, sostuvo\u00a0<strong>Rodr\u00edguez.<\/strong><\/p>\n<p>Sobre la calle Luis Viale 1269, la comisi\u00f3n colg\u00f3<strong>\u00a0camisetas blancas<\/strong>\u00a0con los nombres y edades de las<strong>\u00a0v\u00edctimas<\/strong>\u00a0impresos en ellas.<strong>\u00a0Rodrigo Caravajal (4 a\u00f1os), Harry Rodr\u00edguez (3 a\u00f1os), El\u00edas Caravajal (10 a\u00f1os), Juana Vilca (25 a\u00f1os, embarazada de 5 meses), Luis Quispe (4 a\u00f1os) y Wlilfredo Quispe (15 a\u00f1os).\u00a0<\/strong>Adem\u00e1s, montaron una exposici\u00f3n de fotograf\u00edas para mostrar las malas condiciones en las que ten\u00edan que vivir y trabajar\u00a0<strong>65 personas.<\/strong><\/p>\n<p>De lado a lado, unas 50 personas ocupaban las sillas dispuestas para escuchar a las y los m\u00fasicos, y ver los n\u00fameros de danza que fueron present\u00e1ndose a lo largo de la jornada. Es el caso de\u00a0<strong>Fernanda Ortega Viila,<\/strong>\u00a0boliviana e int\u00e9rprete del\u00a0<strong>Canto Indoamericano<\/strong>, quien comparti\u00f3 algunas<strong>\u00a0coplas de Tarija,<\/strong>\u00a0su pueblo natal, como tambi\u00e9n<strong>\u00a0\u201cArriba quemando el sol\u201d,<\/strong>\u00a0un waino peruano de\u00a0<strong>Violeta Parra.<\/strong><\/p>\n<p>Le siguieron los grupos de<strong>\u00a0Sikuris: Sayani,<\/strong>\u00a0la rapera mapuche,\u00a0<strong>\u201cHurraca negra\u201d, Chicxdrama, Marabunta troupe, Grupo Tawa \u00d1an<\/strong>\u00a0y las guitarras de\u00a0<strong>Lola Benz, Luciana G\u00f3mez, Abelardo Martin y V\u00edctor Mayta.<\/strong>\u00a0Por \u00faltimo, dos bailarinas de origen guaran\u00ed-aymara, representaron una canci\u00f3n escrita por la boliviana\u00a0<strong>Lusmila Carpio: \u201cTusichinapac Phatitan\u201d<\/strong>, dedicada a las \u201cwawas\u201d, como nombran a los beb\u00e9s las lenguas<strong>\u00a0quechua y aymara<\/strong>.<\/p>\n<p><strong>Tatiana Quispe<\/strong>\u00a0cont\u00f3 a T\u00e9lam que\u00a0<em>\u201cen homenaje a los ni\u00f1os que murieron en el incendio y de<strong>\u00a0Juana Vilca<\/strong>, que estaba embarazada de cinco meses, danzamos esta canci\u00f3n\u201d. \u201cNos atraviesa mucho todav\u00eda hoy, porque nuestra comunidad sigue trabajando en negro, en condiciones muy precarias en\u00a0<strong>talleres textiles clandestinos<\/strong>\u00a0a los que tienen que llevar a sus hijos a cuesta durante 12 horas. Entonces, queremos expresar un basta a este estado colonial-racista que tambi\u00e9n se lleva la vida de nuestras ni\u00f1eces\u201d,<\/em>\u00a0concluy\u00f3.<\/p>\n","protected":false},"excerpt":{"rendered":"<p>Con el objetivo de renovar el reclamo de \u201cexpropiaci\u00f3n y patrimonializaci\u00f3n\u201d del predio como espacio de memoria, sobrevivientes y familiares<\/p>\n","protected":false},"author":1,"featured_media":4048,"comment_status":"open","ping_status":"closed","sticky":false,"template":"","format":"standard","meta":{"footnotes":""},"categories":[1],"tags":[1726],"class_list":["post-4047","post","type-post","status-publish","format-standard","has-post-thumbnail","hentry","category-uncategorized","tag-uncategorized"],"yoast_head":"<!-- This site is optimized with the Yoast SEO plugin v24.6 - https:\/\/yoast.com\/wordpress\/plugins\/seo\/ -->\n<title>Homenajearon a las v\u00edctimas del taller textil de Caballito que se incendi\u00f3 en 2006 | FM Trance 103.3<\/title>\n<meta name=\"robots\" content=\"index, follow, max-snippet:-1, max-image-preview:large, max-video-preview:-1\" \/>\n<link rel=\"canonical\" href=\"https:\/\/www.fmtrance.com\/online\/homenajearon-a-las-victimas-del-taller-textil-de-caballito-que-se-incendio-en-2006\/\" \/>\n<meta property=\"og:locale\" content=\"es_ES\" \/>\n<meta property=\"og:type\" content=\"article\" \/>\n<meta property=\"og:title\" content=\"Homenajearon a las v\u00edctimas del taller textil de Caballito que se incendi\u00f3 en 2006 | FM Trance 103.3\" \/>\n<meta property=\"og:description\" content=\"Con el objetivo de renovar el reclamo de \u201cexpropiaci\u00f3n y patrimonializaci\u00f3n\u201d del predio como espacio de memoria, sobrevivientes y familiares\" \/>\n<meta property=\"og:url\" content=\"https:\/\/www.fmtrance.com\/online\/homenajearon-a-las-victimas-del-taller-textil-de-caballito-que-se-incendio-en-2006\/\" \/>\n<meta property=\"og:site_name\" content=\"FM Trance 103.3\" \/>\n<meta property=\"article:publisher\" content=\"https:\/\/www.facebook.com\/fmtrance\" \/>\n<meta property=\"article:published_time\" content=\"2023-03-31T16:44:15+00:00\" \/>\n<meta property=\"og:image\" content=\"https:\/\/www.fmtrance.com\/online\/wp-content\/uploads\/2023\/03\/6426dc3c5674c_800x488.jpg\" \/>\n\t<meta property=\"og:image:width\" content=\"800\" \/>\n\t<meta property=\"og:image:height\" content=\"488\" \/>\n\t<meta property=\"og:image:type\" content=\"image\/jpeg\" \/>\n<meta name=\"author\" content=\"Redaccion FM Trance\" \/>\n<meta name=\"twitter:card\" content=\"summary_large_image\" \/>\n<meta name=\"twitter:creator\" content=\"@fmtrance\" \/>\n<meta name=\"twitter:site\" content=\"@fmtrance\" \/>\n<meta name=\"twitter:label1\" content=\"Escrito por\" \/>\n\t<meta name=\"twitter:data1\" content=\"Redaccion FM Trance\" \/>\n\t<meta name=\"twitter:label2\" content=\"Tiempo de lectura\" \/>\n\t<meta name=\"twitter:data2\" content=\"4 minutos\" \/>\n<script type=\"application\/ld+json\" class=\"yoast-schema-graph\">{\"@context\":\"https:\/\/schema.org\",\"@graph\":[{\"@type\":\"Article\",\"@id\":\"https:\/\/www.fmtrance.com\/online\/homenajearon-a-las-victimas-del-taller-textil-de-caballito-que-se-incendio-en-2006\/#article\",\"isPartOf\":{\"@id\":\"https:\/\/www.fmtrance.com\/online\/homenajearon-a-las-victimas-del-taller-textil-de-caballito-que-se-incendio-en-2006\/\"},\"author\":{\"name\":\"Redaccion FM Trance\",\"@id\":\"https:\/\/www.fmtrance.com\/online\/#\/schema\/person\/686af7f826dd2f08b36b4760b7dcdddd\"},\"headline\":\"Homenajearon a las v\u00edctimas del taller textil de Caballito que se incendi\u00f3 en 2006\",\"datePublished\":\"2023-03-31T16:44:15+00:00\",\"mainEntityOfPage\":{\"@id\":\"https:\/\/www.fmtrance.com\/online\/homenajearon-a-las-victimas-del-taller-textil-de-caballito-que-se-incendio-en-2006\/\"},\"wordCount\":794,\"commentCount\":0,\"publisher\":{\"@id\":\"https:\/\/www.fmtrance.com\/online\/#organization\"},\"image\":{\"@id\":\"https:\/\/www.fmtrance.com\/online\/homenajearon-a-las-victimas-del-taller-textil-de-caballito-que-se-incendio-en-2006\/#primaryimage\"},\"thumbnailUrl\":\"https:\/\/www.fmtrance.com\/online\/wp-content\/uploads\/2023\/03\/6426dc3c5674c_800x488.jpg\",\"keywords\":[\"Uncategorized\"],\"articleSection\":[\"Noticias\"],\"inLanguage\":\"es-AR\",\"potentialAction\":[{\"@type\":\"CommentAction\",\"name\":\"Comment\",\"target\":[\"https:\/\/www.fmtrance.com\/online\/homenajearon-a-las-victimas-del-taller-textil-de-caballito-que-se-incendio-en-2006\/#respond\"]}]},{\"@type\":\"WebPage\",\"@id\":\"https:\/\/www.fmtrance.com\/online\/homenajearon-a-las-victimas-del-taller-textil-de-caballito-que-se-incendio-en-2006\/\",\"url\":\"https:\/\/www.fmtrance.com\/online\/homenajearon-a-las-victimas-del-taller-textil-de-caballito-que-se-incendio-en-2006\/\",\"name\":\"Homenajearon a las v\u00edctimas del taller textil de Caballito que se incendi\u00f3 en 2006 | FM Trance 103.3\",\"isPartOf\":{\"@id\":\"https:\/\/www.fmtrance.com\/online\/#website\"},\"primaryImageOfPage\":{\"@id\":\"https:\/\/www.fmtrance.com\/online\/homenajearon-a-las-victimas-del-taller-textil-de-caballito-que-se-incendio-en-2006\/#primaryimage\"},\"image\":{\"@id\":\"https:\/\/www.fmtrance.com\/online\/homenajearon-a-las-victimas-del-taller-textil-de-caballito-que-se-incendio-en-2006\/#primaryimage\"},\"thumbnailUrl\":\"https:\/\/www.fmtrance.com\/online\/wp-content\/uploads\/2023\/03\/6426dc3c5674c_800x488.jpg\",\"datePublished\":\"2023-03-31T16:44:15+00:00\",\"breadcrumb\":{\"@id\":\"https:\/\/www.fmtrance.com\/online\/homenajearon-a-las-victimas-del-taller-textil-de-caballito-que-se-incendio-en-2006\/#breadcrumb\"},\"inLanguage\":\"es-AR\",\"potentialAction\":[{\"@type\":\"ReadAction\",\"target\":[\"https:\/\/www.fmtrance.com\/online\/homenajearon-a-las-victimas-del-taller-textil-de-caballito-que-se-incendio-en-2006\/\"]}]},{\"@type\":\"ImageObject\",\"inLanguage\":\"es-AR\",\"@id\":\"https:\/\/www.fmtrance.com\/online\/homenajearon-a-las-victimas-del-taller-textil-de-caballito-que-se-incendio-en-2006\/#primaryimage\",\"url\":\"https:\/\/www.fmtrance.com\/online\/wp-content\/uploads\/2023\/03\/6426dc3c5674c_800x488.jpg\",\"contentUrl\":\"https:\/\/www.fmtrance.com\/online\/wp-content\/uploads\/2023\/03\/6426dc3c5674c_800x488.jpg\",\"width\":800,\"height\":488},{\"@type\":\"BreadcrumbList\",\"@id\":\"https:\/\/www.fmtrance.com\/online\/homenajearon-a-las-victimas-del-taller-textil-de-caballito-que-se-incendio-en-2006\/#breadcrumb\",\"itemListElement\":[{\"@type\":\"ListItem\",\"position\":1,\"name\":\"Inicio\",\"item\":\"https:\/\/www.fmtrance.com\/online\/\"},{\"@type\":\"ListItem\",\"position\":2,\"name\":\"Homenajearon a las v\u00edctimas del taller textil de Caballito que se incendi\u00f3 en 2006\"}]},{\"@type\":\"WebSite\",\"@id\":\"https:\/\/www.fmtrance.com\/online\/#website\",\"url\":\"https:\/\/www.fmtrance.com\/online\/\",\"name\":\"FM Trance 103.3\",\"description\":\"CABA. Radio de musica electronica\",\"publisher\":{\"@id\":\"https:\/\/www.fmtrance.com\/online\/#organization\"},\"potentialAction\":[{\"@type\":\"SearchAction\",\"target\":{\"@type\":\"EntryPoint\",\"urlTemplate\":\"https:\/\/www.fmtrance.com\/online\/?s={search_term_string}\"},\"query-input\":{\"@type\":\"PropertyValueSpecification\",\"valueRequired\":true,\"valueName\":\"search_term_string\"}}],\"inLanguage\":\"es-AR\"},{\"@type\":\"Organization\",\"@id\":\"https:\/\/www.fmtrance.com\/online\/#organization\",\"name\":\"FM TRANCE\",\"url\":\"https:\/\/www.fmtrance.com\/online\/\",\"logo\":{\"@type\":\"ImageObject\",\"inLanguage\":\"es-AR\",\"@id\":\"https:\/\/www.fmtrance.com\/online\/#\/schema\/logo\/image\/\",\"url\":\"https:\/\/www.fmtrance.com\/online\/wp-content\/uploads\/2025\/03\/LOGO-WEB.png\",\"contentUrl\":\"https:\/\/www.fmtrance.com\/online\/wp-content\/uploads\/2025\/03\/LOGO-WEB.png\",\"width\":500,\"height\":500,\"caption\":\"FM TRANCE\"},\"image\":{\"@id\":\"https:\/\/www.fmtrance.com\/online\/#\/schema\/logo\/image\/\"},\"sameAs\":[\"https:\/\/www.facebook.com\/fmtrance\",\"https:\/\/x.com\/fmtrance\",\"https:\/\/www.instagram.com\/fmtrance\"]},{\"@type\":\"Person\",\"@id\":\"https:\/\/www.fmtrance.com\/online\/#\/schema\/person\/686af7f826dd2f08b36b4760b7dcdddd\",\"name\":\"Redaccion FM Trance\",\"image\":{\"@type\":\"ImageObject\",\"inLanguage\":\"es-AR\",\"@id\":\"https:\/\/www.fmtrance.com\/online\/#\/schema\/person\/image\/\",\"url\":\"https:\/\/secure.gravatar.com\/avatar\/c9d0afa8b0785bea8046a42861739f0a26fb9e8da739ce032e6598dc2981bc38?s=96&r=g\",\"contentUrl\":\"https:\/\/secure.gravatar.com\/avatar\/c9d0afa8b0785bea8046a42861739f0a26fb9e8da739ce032e6598dc2981bc38?s=96&r=g\",\"caption\":\"Redaccion FM Trance\"},\"description\":\"Fundador y Director general de FM Trance. Nacido el 24 de Septiembre de 1987, en Caballito, Ciudad Autonoma de Buenos Aires. Alguien de Radio desde siempre: ya a los 9 a\u00f1os de edad como radioescucha, sintonizando estaci\u00f3nes de AM, FM, onda corta, TV UHF\/VHF, y dem\u00e1s servicios. Se desempe\u00f1\u00f3 como Operador T\u00e9cnico en diferentes emisoras locales de CABA y GBA, y hasta el dia de hoy sigue ejerciendo desde la parte t\u00e9cnica, realizando trabajos en varias Radios. Egresado del ISER de la carrera de Operador Tecnico de Planta Transmisora, cursando actualmente la carrera de Operador Tecnico de Estudios de Radio en dicha instituci\u00f3n, y flamante radioaficionado (habiendo completado el curso en el Radioclub Buenos Aires), distintiva LU2DBK.\",\"url\":\"https:\/\/www.fmtrance.com\/online\/author\/fmtrance\/\"}]}<\/script>\n<!-- \/ Yoast SEO plugin. -->","yoast_head_json":{"title":"Homenajearon a las v\u00edctimas del taller textil de Caballito que se incendi\u00f3 en 2006 | FM Trance 103.3","robots":{"index":"index","follow":"follow","max-snippet":"max-snippet:-1","max-image-preview":"max-image-preview:large","max-video-preview":"max-video-preview:-1"},"canonical":"https:\/\/www.fmtrance.com\/online\/homenajearon-a-las-victimas-del-taller-textil-de-caballito-que-se-incendio-en-2006\/","og_locale":"es_ES","og_type":"article","og_title":"Homenajearon a las v\u00edctimas del taller textil de Caballito que se incendi\u00f3 en 2006 | FM Trance 103.3","og_description":"Con el objetivo de renovar el reclamo de \u201cexpropiaci\u00f3n y patrimonializaci\u00f3n\u201d del predio como espacio de memoria, sobrevivientes y familiares","og_url":"https:\/\/www.fmtrance.com\/online\/homenajearon-a-las-victimas-del-taller-textil-de-caballito-que-se-incendio-en-2006\/","og_site_name":"FM Trance 103.3","article_publisher":"https:\/\/www.facebook.com\/fmtrance","article_published_time":"2023-03-31T16:44:15+00:00","og_image":[{"width":800,"height":488,"url":"https:\/\/www.fmtrance.com\/online\/wp-content\/uploads\/2023\/03\/6426dc3c5674c_800x488.jpg","type":"image\/jpeg"}],"author":"Redaccion FM Trance","twitter_card":"summary_large_image","twitter_creator":"@fmtrance","twitter_site":"@fmtrance","twitter_misc":{"Escrito por":"Redaccion FM Trance","Tiempo de lectura":"4 minutos"},"schema":{"@context":"https:\/\/schema.org","@graph":[{"@type":"Article","@id":"https:\/\/www.fmtrance.com\/online\/homenajearon-a-las-victimas-del-taller-textil-de-caballito-que-se-incendio-en-2006\/#article","isPartOf":{"@id":"https:\/\/www.fmtrance.com\/online\/homenajearon-a-las-victimas-del-taller-textil-de-caballito-que-se-incendio-en-2006\/"},"author":{"name":"Redaccion FM Trance","@id":"https:\/\/www.fmtrance.com\/online\/#\/schema\/person\/686af7f826dd2f08b36b4760b7dcdddd"},"headline":"Homenajearon a las v\u00edctimas del taller textil de Caballito que se incendi\u00f3 en 2006","datePublished":"2023-03-31T16:44:15+00:00","mainEntityOfPage":{"@id":"https:\/\/www.fmtrance.com\/online\/homenajearon-a-las-victimas-del-taller-textil-de-caballito-que-se-incendio-en-2006\/"},"wordCount":794,"commentCount":0,"publisher":{"@id":"https:\/\/www.fmtrance.com\/online\/#organization"},"image":{"@id":"https:\/\/www.fmtrance.com\/online\/homenajearon-a-las-victimas-del-taller-textil-de-caballito-que-se-incendio-en-2006\/#primaryimage"},"thumbnailUrl":"https:\/\/www.fmtrance.com\/online\/wp-content\/uploads\/2023\/03\/6426dc3c5674c_800x488.jpg","keywords":["Uncategorized"],"articleSection":["Noticias"],"inLanguage":"es-AR","potentialAction":[{"@type":"CommentAction","name":"Comment","target":["https:\/\/www.fmtrance.com\/online\/homenajearon-a-las-victimas-del-taller-textil-de-caballito-que-se-incendio-en-2006\/#respond"]}]},{"@type":"WebPage","@id":"https:\/\/www.fmtrance.com\/online\/homenajearon-a-las-victimas-del-taller-textil-de-caballito-que-se-incendio-en-2006\/","url":"https:\/\/www.fmtrance.com\/online\/homenajearon-a-las-victimas-del-taller-textil-de-caballito-que-se-incendio-en-2006\/","name":"Homenajearon a las v\u00edctimas del taller textil de Caballito que se incendi\u00f3 en 2006 | FM Trance 103.3","isPartOf":{"@id":"https:\/\/www.fmtrance.com\/online\/#website"},"primaryImageOfPage":{"@id":"https:\/\/www.fmtrance.com\/online\/homenajearon-a-las-victimas-del-taller-textil-de-caballito-que-se-incendio-en-2006\/#primaryimage"},"image":{"@id":"https:\/\/www.fmtrance.com\/online\/homenajearon-a-las-victimas-del-taller-textil-de-caballito-que-se-incendio-en-2006\/#primaryimage"},"thumbnailUrl":"https:\/\/www.fmtrance.com\/online\/wp-content\/uploads\/2023\/03\/6426dc3c5674c_800x488.jpg","datePublished":"2023-03-31T16:44:15+00:00","breadcrumb":{"@id":"https:\/\/www.fmtrance.com\/online\/homenajearon-a-las-victimas-del-taller-textil-de-caballito-que-se-incendio-en-2006\/#breadcrumb"},"inLanguage":"es-AR","potentialAction":[{"@type":"ReadAction","target":["https:\/\/www.fmtrance.com\/online\/homenajearon-a-las-victimas-del-taller-textil-de-caballito-que-se-incendio-en-2006\/"]}]},{"@type":"ImageObject","inLanguage":"es-AR","@id":"https:\/\/www.fmtrance.com\/online\/homenajearon-a-las-victimas-del-taller-textil-de-caballito-que-se-incendio-en-2006\/#primaryimage","url":"https:\/\/www.fmtrance.com\/online\/wp-content\/uploads\/2023\/03\/6426dc3c5674c_800x488.jpg","contentUrl":"https:\/\/www.fmtrance.com\/online\/wp-content\/uploads\/2023\/03\/6426dc3c5674c_800x488.jpg","width":800,"height":488},{"@type":"BreadcrumbList","@id":"https:\/\/www.fmtrance.com\/online\/homenajearon-a-las-victimas-del-taller-textil-de-caballito-que-se-incendio-en-2006\/#breadcrumb","itemListElement":[{"@type":"ListItem","position":1,"name":"Inicio","item":"https:\/\/www.fmtrance.com\/online\/"},{"@type":"ListItem","position":2,"name":"Homenajearon a las v\u00edctimas del taller textil de Caballito que se incendi\u00f3 en 2006"}]},{"@type":"WebSite","@id":"https:\/\/www.fmtrance.com\/online\/#website","url":"https:\/\/www.fmtrance.com\/online\/","name":"FM Trance 103.3","description":"CABA. Radio de musica electronica","publisher":{"@id":"https:\/\/www.fmtrance.com\/online\/#organization"},"potentialAction":[{"@type":"SearchAction","target":{"@type":"EntryPoint","urlTemplate":"https:\/\/www.fmtrance.com\/online\/?s={search_term_string}"},"query-input":{"@type":"PropertyValueSpecification","valueRequired":true,"valueName":"search_term_string"}}],"inLanguage":"es-AR"},{"@type":"Organization","@id":"https:\/\/www.fmtrance.com\/online\/#organization","name":"FM TRANCE","url":"https:\/\/www.fmtrance.com\/online\/","logo":{"@type":"ImageObject","inLanguage":"es-AR","@id":"https:\/\/www.fmtrance.com\/online\/#\/schema\/logo\/image\/","url":"https:\/\/www.fmtrance.com\/online\/wp-content\/uploads\/2025\/03\/LOGO-WEB.png","contentUrl":"https:\/\/www.fmtrance.com\/online\/wp-content\/uploads\/2025\/03\/LOGO-WEB.png","width":500,"height":500,"caption":"FM TRANCE"},"image":{"@id":"https:\/\/www.fmtrance.com\/online\/#\/schema\/logo\/image\/"},"sameAs":["https:\/\/www.facebook.com\/fmtrance","https:\/\/x.com\/fmtrance","https:\/\/www.instagram.com\/fmtrance"]},{"@type":"Person","@id":"https:\/\/www.fmtrance.com\/online\/#\/schema\/person\/686af7f826dd2f08b36b4760b7dcdddd","name":"Redaccion FM Trance","image":{"@type":"ImageObject","inLanguage":"es-AR","@id":"https:\/\/www.fmtrance.com\/online\/#\/schema\/person\/image\/","url":"https:\/\/secure.gravatar.com\/avatar\/c9d0afa8b0785bea8046a42861739f0a26fb9e8da739ce032e6598dc2981bc38?s=96&r=g","contentUrl":"https:\/\/secure.gravatar.com\/avatar\/c9d0afa8b0785bea8046a42861739f0a26fb9e8da739ce032e6598dc2981bc38?s=96&r=g","caption":"Redaccion FM Trance"},"description":"Fundador y Director general de FM Trance. Nacido el 24 de Septiembre de 1987, en Caballito, Ciudad Autonoma de Buenos Aires. Alguien de Radio desde siempre: ya a los 9 a\u00f1os de edad como radioescucha, sintonizando estaci\u00f3nes de AM, FM, onda corta, TV UHF\/VHF, y dem\u00e1s servicios. Se desempe\u00f1\u00f3 como Operador T\u00e9cnico en diferentes emisoras locales de CABA y GBA, y hasta el dia de hoy sigue ejerciendo desde la parte t\u00e9cnica, realizando trabajos en varias Radios. Egresado del ISER de la carrera de Operador Tecnico de Planta Transmisora, cursando actualmente la carrera de Operador Tecnico de Estudios de Radio en dicha instituci\u00f3n, y flamante radioaficionado (habiendo completado el curso en el Radioclub Buenos Aires), distintiva LU2DBK.","url":"https:\/\/www.fmtrance.com\/online\/author\/fmtrance\/"}]}},"_links":{"self":[{"href":"https:\/\/www.fmtrance.com\/online\/wp-json\/wp\/v2\/posts\/4047","targetHints":{"allow":["GET"]}}],"collection":[{"href":"https:\/\/www.fmtrance.com\/online\/wp-json\/wp\/v2\/posts"}],"about":[{"href":"https:\/\/www.fmtrance.com\/online\/wp-json\/wp\/v2\/types\/post"}],"author":[{"embeddable":true,"href":"https:\/\/www.fmtrance.com\/online\/wp-json\/wp\/v2\/users\/1"}],"replies":[{"embeddable":true,"href":"https:\/\/www.fmtrance.com\/online\/wp-json\/wp\/v2\/comments?post=4047"}],"version-history":[{"count":1,"href":"https:\/\/www.fmtrance.com\/online\/wp-json\/wp\/v2\/posts\/4047\/revisions"}],"predecessor-version":[{"id":4049,"href":"https:\/\/www.fmtrance.com\/online\/wp-json\/wp\/v2\/posts\/4047\/revisions\/4049"}],"wp:featuredmedia":[{"embeddable":true,"href":"https:\/\/www.fmtrance.com\/online\/wp-json\/wp\/v2\/media\/4048"}],"wp:attachment":[{"href":"https:\/\/www.fmtrance.com\/online\/wp-json\/wp\/v2\/media?parent=4047"}],"wp:term":[{"taxonomy":"category","embeddable":true,"href":"https:\/\/www.fmtrance.com\/online\/wp-json\/wp\/v2\/categories?post=4047"},{"taxonomy":"post_tag","embeddable":true,"href":"https:\/\/www.fmtrance.com\/online\/wp-json\/wp\/v2\/tags?post=4047"}],"curies":[{"name":"wp","href":"https:\/\/api.w.org\/{rel}","templated":true}]}}