{"id":4041,"date":"2023-03-30T13:34:58","date_gmt":"2023-03-30T16:34:58","guid":{"rendered":"http:\/\/www.fmtrance.com\/online\/?p=4041"},"modified":"2023-03-31T13:37:07","modified_gmt":"2023-03-31T16:37:07","slug":"la-legislatura-portena-tratara-el-proyecto-del-parque-publico-en-costa-salguero","status":"publish","type":"post","link":"https:\/\/www.fmtrance.com\/online\/la-legislatura-portena-tratara-el-proyecto-del-parque-publico-en-costa-salguero\/","title":{"rendered":"La Legislatura porte\u00f1a tratar\u00e1 el proyecto del parque p\u00fablico en Costa Salguero"},"content":{"rendered":"<div class=\"row\">\n<div class=\"col-lg-12\">\n<div class=\"detail\">\n<p><strong>La propuesta ciudadana reuni\u00f3 m\u00e1s de 53.000 adhesiones que superaron el 1,5% del electorado local. Propone la creaci\u00f3n de &#8220;un parque p\u00fablico de acceso libre, gratuito e irrestricto&#8221; en 32 hect\u00e1reas.<\/strong><\/p>\n<\/div>\n<\/div>\n<\/div>\n<div class=\"row\">\n<div class=\"col-lg-8\">\n<section>\n<div class=\"row\">\n<article class=\"col-lg-12 col-md-12\">\n<div class=\"head-media clearfix\">\n<p>La legislatura porte\u00f1a votar\u00e1 esta tarde el proyecto, impulsado por una iniciativa popular, que propone la creaci\u00f3n de un parque p\u00fablico en\u00a0<strong>Costa Salguero<\/strong>. Para ello, deber\u00e1n anular una ley del 2019, promovida por el Gobierno porte\u00f1o, que habilit\u00f3 la venta de las parcelas para facilitar emprendimientos inmobiliarios.<\/p>\n<p>La propuesta ciudadana reuni\u00f3\u00a0<strong>m\u00e1s de 53.000 adhesiones que superaron el 1,5% del electorado local<\/strong>, y fueron verificadas por el Tribunal Superior de Justicia local, para ser remitidas a la Legislatura, en lo que se constituy\u00f3 la primera vez en la historia de la Ciudad en que este tipo de iniciativas alcance el tratamiento parlamentario.<\/p>\n<div class=\"codigo_js\">\n<div class=\"twitter-tweet twitter-tweet-rendered\"><iframe id=\"twitter-widget-1\" class=\"\" title=\"Twitter Tweet\" src=\"https:\/\/platform.twitter.com\/embed\/Tweet.html?creatorScreenName=nciudad&amp;dnt=false&amp;embedId=twitter-widget-1&amp;features=eyJ0ZndfdGltZWxpbmVfbGlzdCI6eyJidWNrZXQiOltdLCJ2ZXJzaW9uIjpudWxsfSwidGZ3X2ZvbGxvd2VyX2NvdW50X3N1bnNldCI6eyJidWNrZXQiOnRydWUsInZlcnNpb24iOm51bGx9LCJ0ZndfdHdlZXRfZWRpdF9iYWNrZW5kIjp7ImJ1Y2tldCI6Im9uIiwidmVyc2lvbiI6bnVsbH0sInRmd19yZWZzcmNfc2Vzc2lvbiI6eyJidWNrZXQiOiJvbiIsInZlcnNpb24iOm51bGx9LCJ0ZndfbWl4ZWRfbWVkaWFfMTU4OTciOnsiYnVja2V0IjoidHJlYXRtZW50IiwidmVyc2lvbiI6bnVsbH0sInRmd19leHBlcmltZW50c19jb29raWVfZXhwaXJhdGlvbiI6eyJidWNrZXQiOjEyMDk2MDAsInZlcnNpb24iOm51bGx9LCJ0ZndfZHVwbGljYXRlX3NjcmliZXNfdG9fc2V0dGluZ3MiOnsiYnVja2V0Ijoib24iLCJ2ZXJzaW9uIjpudWxsfSwidGZ3X3ZpZGVvX2hsc19keW5hbWljX21hbmlmZXN0c18xNTA4MiI6eyJidWNrZXQiOiJ0cnVlX2JpdHJhdGUiLCJ2ZXJzaW9uIjpudWxsfSwidGZ3X2xlZ2FjeV90aW1lbGluZV9zdW5zZXQiOnsiYnVja2V0Ijp0cnVlLCJ2ZXJzaW9uIjpudWxsfSwidGZ3X3R3ZWV0X2VkaXRfZnJvbnRlbmQiOnsiYnVja2V0Ijoib24iLCJ2ZXJzaW9uIjpudWxsfX0%3D&amp;frame=false&amp;hideCard=false&amp;hideThread=false&amp;id=1641456046957903873&amp;lang=es&amp;origin=https%3A%2F%2Fwww.nueva-ciudad.com.ar%2Fnotas%2F202303%2F51164-la-legislatura-portena-tratara-el-proyecto-del-parque-publico-en-costa-salguero.html&amp;sessionId=594f6aa88c93c72d1f924a49c5d1b06a454a1ef9&amp;siteScreenName=nciudad&amp;theme=light&amp;widgetsVersion=aaf4084522e3a%3A1674595607486&amp;width=550px\" frameborder=\"0\" scrolling=\"no\" allowfullscreen=\"allowfullscreen\" data-tweet-id=\"1641456046957903873\" data-mce-fragment=\"1\"><\/iframe><\/div>\n<\/div>\n<p>Seg\u00fan la diputada por el Frente de Todos<strong>\u00a0Mar\u00eda Bielli<\/strong>, durante la jornada de hoy\u00a0<strong>se votar\u00e1 \u201centre el parque p\u00fablico o a favor de las especulaciones\u201d<\/strong>. &#8220;Dijeron que ah\u00ed van a construir torres, y esto generar\u00e1 una barrera entre el r\u00edo y la ciudad.\u00a0No hay ninguna determinaci\u00f3n que tome el gobierno para mitigar el cambio clim\u00e1tico ni el d\u00e9ficit habitacional, sino que hacen m\u00e1s torres para la especulaci\u00f3n inmobiliaria&#8221;, indic\u00f3.<\/p>\n<p>La postura de Juntos por el Cambio fue cuestionada por las organizaciones sociales y ambientalistas, entre ellas, el Colectivo de Arquitectas en Defensa de las Tierras P\u00fablicas, que se\u00f1al\u00f3 que &#8220;se juntaron m\u00e1s de 53 mil firmas para que se construya un parque p\u00fablico, pero el oficialismo ni siquiera escucha, sino que todo lo vende y todo lo privatiza\u201d.<\/p>\n<p>En paralelo, desde el\u00a0<strong>Observatorio del Derecho a la Ciudad<\/strong>, en tanto, pidieron a l<strong>os &#8220;diputados oficialistas que est\u00e9n a la altura y escuchen a la ciudadan\u00eda&#8221;.<\/strong><\/p>\n<\/div>\n<\/article>\n<\/div>\n<\/section>\n<\/div>\n<\/div>\n","protected":false},"excerpt":{"rendered":"<p>La propuesta ciudadana reuni\u00f3 m\u00e1s de 53.000 adhesiones que superaron el 1,5% del electorado local. Propone la creaci\u00f3n de &#8220;un<\/p>\n","protected":false},"author":1,"featured_media":4042,"comment_status":"open","ping_status":"closed","sticky":false,"template":"","format":"standard","meta":{"footnotes":""},"categories":[1],"tags":[1726],"class_list":["post-4041","post","type-post","status-publish","format-standard","has-post-thumbnail","hentry","category-uncategorized","tag-uncategorized"],"yoast_head":"<!-- This site is optimized with the Yoast SEO plugin v24.6 - https:\/\/yoast.com\/wordpress\/plugins\/seo\/ -->\n<title>La Legislatura porte\u00f1a tratar\u00e1 el proyecto del parque p\u00fablico en Costa Salguero | FM Trance 103.3<\/title>\n<meta name=\"robots\" content=\"index, follow, max-snippet:-1, max-image-preview:large, max-video-preview:-1\" \/>\n<link rel=\"canonical\" href=\"https:\/\/www.fmtrance.com\/online\/la-legislatura-portena-tratara-el-proyecto-del-parque-publico-en-costa-salguero\/\" \/>\n<meta property=\"og:locale\" content=\"es_ES\" \/>\n<meta property=\"og:type\" content=\"article\" \/>\n<meta property=\"og:title\" content=\"La Legislatura porte\u00f1a tratar\u00e1 el proyecto del parque p\u00fablico en Costa Salguero | FM Trance 103.3\" \/>\n<meta property=\"og:description\" content=\"La propuesta ciudadana reuni\u00f3 m\u00e1s de 53.000 adhesiones que superaron el 1,5% del electorado local. Propone la creaci\u00f3n de &#8220;un\" \/>\n<meta property=\"og:url\" content=\"https:\/\/www.fmtrance.com\/online\/la-legislatura-portena-tratara-el-proyecto-del-parque-publico-en-costa-salguero\/\" \/>\n<meta property=\"og:site_name\" content=\"FM Trance 103.3\" \/>\n<meta property=\"article:publisher\" content=\"https:\/\/www.facebook.com\/fmtrance\" \/>\n<meta property=\"article:published_time\" content=\"2023-03-30T16:34:58+00:00\" \/>\n<meta property=\"article:modified_time\" content=\"2023-03-31T16:37:07+00:00\" \/>\n<meta property=\"og:image\" content=\"https:\/\/www.fmtrance.com\/online\/wp-content\/uploads\/2023\/03\/6425b6a83c5e3_800x597.jpg\" \/>\n\t<meta property=\"og:image:width\" content=\"800\" \/>\n\t<meta property=\"og:image:height\" content=\"597\" \/>\n\t<meta property=\"og:image:type\" content=\"image\/jpeg\" \/>\n<meta name=\"author\" content=\"Redaccion FM Trance\" \/>\n<meta name=\"twitter:card\" content=\"summary_large_image\" \/>\n<meta name=\"twitter:creator\" content=\"@fmtrance\" \/>\n<meta name=\"twitter:site\" content=\"@fmtrance\" \/>\n<meta name=\"twitter:label1\" content=\"Escrito por\" \/>\n\t<meta name=\"twitter:data1\" content=\"Redaccion FM Trance\" \/>\n\t<meta name=\"twitter:label2\" content=\"Tiempo de lectura\" \/>\n\t<meta name=\"twitter:data2\" content=\"2 minutos\" \/>\n<script type=\"application\/ld+json\" class=\"yoast-schema-graph\">{\"@context\":\"https:\/\/schema.org\",\"@graph\":[{\"@type\":\"Article\",\"@id\":\"https:\/\/www.fmtrance.com\/online\/la-legislatura-portena-tratara-el-proyecto-del-parque-publico-en-costa-salguero\/#article\",\"isPartOf\":{\"@id\":\"https:\/\/www.fmtrance.com\/online\/la-legislatura-portena-tratara-el-proyecto-del-parque-publico-en-costa-salguero\/\"},\"author\":{\"name\":\"Redaccion FM Trance\",\"@id\":\"https:\/\/www.fmtrance.com\/online\/#\/schema\/person\/686af7f826dd2f08b36b4760b7dcdddd\"},\"headline\":\"La Legislatura porte\u00f1a tratar\u00e1 el proyecto del parque p\u00fablico en Costa Salguero\",\"datePublished\":\"2023-03-30T16:34:58+00:00\",\"dateModified\":\"2023-03-31T16:37:07+00:00\",\"mainEntityOfPage\":{\"@id\":\"https:\/\/www.fmtrance.com\/online\/la-legislatura-portena-tratara-el-proyecto-del-parque-publico-en-costa-salguero\/\"},\"wordCount\":324,\"commentCount\":0,\"publisher\":{\"@id\":\"https:\/\/www.fmtrance.com\/online\/#organization\"},\"image\":{\"@id\":\"https:\/\/www.fmtrance.com\/online\/la-legislatura-portena-tratara-el-proyecto-del-parque-publico-en-costa-salguero\/#primaryimage\"},\"thumbnailUrl\":\"https:\/\/www.fmtrance.com\/online\/wp-content\/uploads\/2023\/03\/6425b6a83c5e3_800x597.jpg\",\"keywords\":[\"Uncategorized\"],\"articleSection\":[\"Noticias\"],\"inLanguage\":\"es-AR\",\"potentialAction\":[{\"@type\":\"CommentAction\",\"name\":\"Comment\",\"target\":[\"https:\/\/www.fmtrance.com\/online\/la-legislatura-portena-tratara-el-proyecto-del-parque-publico-en-costa-salguero\/#respond\"]}]},{\"@type\":\"WebPage\",\"@id\":\"https:\/\/www.fmtrance.com\/online\/la-legislatura-portena-tratara-el-proyecto-del-parque-publico-en-costa-salguero\/\",\"url\":\"https:\/\/www.fmtrance.com\/online\/la-legislatura-portena-tratara-el-proyecto-del-parque-publico-en-costa-salguero\/\",\"name\":\"La Legislatura porte\u00f1a tratar\u00e1 el proyecto del parque p\u00fablico en Costa Salguero | FM Trance 103.3\",\"isPartOf\":{\"@id\":\"https:\/\/www.fmtrance.com\/online\/#website\"},\"primaryImageOfPage\":{\"@id\":\"https:\/\/www.fmtrance.com\/online\/la-legislatura-portena-tratara-el-proyecto-del-parque-publico-en-costa-salguero\/#primaryimage\"},\"image\":{\"@id\":\"https:\/\/www.fmtrance.com\/online\/la-legislatura-portena-tratara-el-proyecto-del-parque-publico-en-costa-salguero\/#primaryimage\"},\"thumbnailUrl\":\"https:\/\/www.fmtrance.com\/online\/wp-content\/uploads\/2023\/03\/6425b6a83c5e3_800x597.jpg\",\"datePublished\":\"2023-03-30T16:34:58+00:00\",\"dateModified\":\"2023-03-31T16:37:07+00:00\",\"breadcrumb\":{\"@id\":\"https:\/\/www.fmtrance.com\/online\/la-legislatura-portena-tratara-el-proyecto-del-parque-publico-en-costa-salguero\/#breadcrumb\"},\"inLanguage\":\"es-AR\",\"potentialAction\":[{\"@type\":\"ReadAction\",\"target\":[\"https:\/\/www.fmtrance.com\/online\/la-legislatura-portena-tratara-el-proyecto-del-parque-publico-en-costa-salguero\/\"]}]},{\"@type\":\"ImageObject\",\"inLanguage\":\"es-AR\",\"@id\":\"https:\/\/www.fmtrance.com\/online\/la-legislatura-portena-tratara-el-proyecto-del-parque-publico-en-costa-salguero\/#primaryimage\",\"url\":\"https:\/\/www.fmtrance.com\/online\/wp-content\/uploads\/2023\/03\/6425b6a83c5e3_800x597.jpg\",\"contentUrl\":\"https:\/\/www.fmtrance.com\/online\/wp-content\/uploads\/2023\/03\/6425b6a83c5e3_800x597.jpg\",\"width\":800,\"height\":597},{\"@type\":\"BreadcrumbList\",\"@id\":\"https:\/\/www.fmtrance.com\/online\/la-legislatura-portena-tratara-el-proyecto-del-parque-publico-en-costa-salguero\/#breadcrumb\",\"itemListElement\":[{\"@type\":\"ListItem\",\"position\":1,\"name\":\"Inicio\",\"item\":\"https:\/\/www.fmtrance.com\/online\/\"},{\"@type\":\"ListItem\",\"position\":2,\"name\":\"La Legislatura porte\u00f1a tratar\u00e1 el proyecto del parque p\u00fablico en Costa Salguero\"}]},{\"@type\":\"WebSite\",\"@id\":\"https:\/\/www.fmtrance.com\/online\/#website\",\"url\":\"https:\/\/www.fmtrance.com\/online\/\",\"name\":\"FM Trance 103.3\",\"description\":\"CABA. Radio de musica electronica\",\"publisher\":{\"@id\":\"https:\/\/www.fmtrance.com\/online\/#organization\"},\"potentialAction\":[{\"@type\":\"SearchAction\",\"target\":{\"@type\":\"EntryPoint\",\"urlTemplate\":\"https:\/\/www.fmtrance.com\/online\/?s={search_term_string}\"},\"query-input\":{\"@type\":\"PropertyValueSpecification\",\"valueRequired\":true,\"valueName\":\"search_term_string\"}}],\"inLanguage\":\"es-AR\"},{\"@type\":\"Organization\",\"@id\":\"https:\/\/www.fmtrance.com\/online\/#organization\",\"name\":\"FM TRANCE\",\"url\":\"https:\/\/www.fmtrance.com\/online\/\",\"logo\":{\"@type\":\"ImageObject\",\"inLanguage\":\"es-AR\",\"@id\":\"https:\/\/www.fmtrance.com\/online\/#\/schema\/logo\/image\/\",\"url\":\"https:\/\/www.fmtrance.com\/online\/wp-content\/uploads\/2025\/03\/LOGO-WEB.png\",\"contentUrl\":\"https:\/\/www.fmtrance.com\/online\/wp-content\/uploads\/2025\/03\/LOGO-WEB.png\",\"width\":500,\"height\":500,\"caption\":\"FM TRANCE\"},\"image\":{\"@id\":\"https:\/\/www.fmtrance.com\/online\/#\/schema\/logo\/image\/\"},\"sameAs\":[\"https:\/\/www.facebook.com\/fmtrance\",\"https:\/\/x.com\/fmtrance\",\"https:\/\/www.instagram.com\/fmtrance\"]},{\"@type\":\"Person\",\"@id\":\"https:\/\/www.fmtrance.com\/online\/#\/schema\/person\/686af7f826dd2f08b36b4760b7dcdddd\",\"name\":\"Redaccion FM Trance\",\"image\":{\"@type\":\"ImageObject\",\"inLanguage\":\"es-AR\",\"@id\":\"https:\/\/www.fmtrance.com\/online\/#\/schema\/person\/image\/\",\"url\":\"https:\/\/secure.gravatar.com\/avatar\/c9d0afa8b0785bea8046a42861739f0a26fb9e8da739ce032e6598dc2981bc38?s=96&r=g\",\"contentUrl\":\"https:\/\/secure.gravatar.com\/avatar\/c9d0afa8b0785bea8046a42861739f0a26fb9e8da739ce032e6598dc2981bc38?s=96&r=g\",\"caption\":\"Redaccion FM Trance\"},\"description\":\"Fundador y Director general de FM Trance. Nacido el 24 de Septiembre de 1987, en Caballito, Ciudad Autonoma de Buenos Aires. Alguien de Radio desde siempre: ya a los 9 a\u00f1os de edad como radioescucha, sintonizando estaci\u00f3nes de AM, FM, onda corta, TV UHF\/VHF, y dem\u00e1s servicios. Se desempe\u00f1\u00f3 como Operador T\u00e9cnico en diferentes emisoras locales de CABA y GBA, y hasta el dia de hoy sigue ejerciendo desde la parte t\u00e9cnica, realizando trabajos en varias Radios. Egresado del ISER de la carrera de Operador Tecnico de Planta Transmisora, cursando actualmente la carrera de Operador Tecnico de Estudios de Radio en dicha instituci\u00f3n, y flamante radioaficionado (habiendo completado el curso en el Radioclub Buenos Aires), distintiva LU2DBK.\",\"url\":\"https:\/\/www.fmtrance.com\/online\/author\/fmtrance\/\"}]}<\/script>\n<!-- \/ Yoast SEO plugin. -->","yoast_head_json":{"title":"La Legislatura porte\u00f1a tratar\u00e1 el proyecto del parque p\u00fablico en Costa Salguero | FM Trance 103.3","robots":{"index":"index","follow":"follow","max-snippet":"max-snippet:-1","max-image-preview":"max-image-preview:large","max-video-preview":"max-video-preview:-1"},"canonical":"https:\/\/www.fmtrance.com\/online\/la-legislatura-portena-tratara-el-proyecto-del-parque-publico-en-costa-salguero\/","og_locale":"es_ES","og_type":"article","og_title":"La Legislatura porte\u00f1a tratar\u00e1 el proyecto del parque p\u00fablico en Costa Salguero | FM Trance 103.3","og_description":"La propuesta ciudadana reuni\u00f3 m\u00e1s de 53.000 adhesiones que superaron el 1,5% del electorado local. Propone la creaci\u00f3n de &#8220;un","og_url":"https:\/\/www.fmtrance.com\/online\/la-legislatura-portena-tratara-el-proyecto-del-parque-publico-en-costa-salguero\/","og_site_name":"FM Trance 103.3","article_publisher":"https:\/\/www.facebook.com\/fmtrance","article_published_time":"2023-03-30T16:34:58+00:00","article_modified_time":"2023-03-31T16:37:07+00:00","og_image":[{"width":800,"height":597,"url":"https:\/\/www.fmtrance.com\/online\/wp-content\/uploads\/2023\/03\/6425b6a83c5e3_800x597.jpg","type":"image\/jpeg"}],"author":"Redaccion FM Trance","twitter_card":"summary_large_image","twitter_creator":"@fmtrance","twitter_site":"@fmtrance","twitter_misc":{"Escrito por":"Redaccion FM Trance","Tiempo de lectura":"2 minutos"},"schema":{"@context":"https:\/\/schema.org","@graph":[{"@type":"Article","@id":"https:\/\/www.fmtrance.com\/online\/la-legislatura-portena-tratara-el-proyecto-del-parque-publico-en-costa-salguero\/#article","isPartOf":{"@id":"https:\/\/www.fmtrance.com\/online\/la-legislatura-portena-tratara-el-proyecto-del-parque-publico-en-costa-salguero\/"},"author":{"name":"Redaccion FM Trance","@id":"https:\/\/www.fmtrance.com\/online\/#\/schema\/person\/686af7f826dd2f08b36b4760b7dcdddd"},"headline":"La Legislatura porte\u00f1a tratar\u00e1 el proyecto del parque p\u00fablico en Costa Salguero","datePublished":"2023-03-30T16:34:58+00:00","dateModified":"2023-03-31T16:37:07+00:00","mainEntityOfPage":{"@id":"https:\/\/www.fmtrance.com\/online\/la-legislatura-portena-tratara-el-proyecto-del-parque-publico-en-costa-salguero\/"},"wordCount":324,"commentCount":0,"publisher":{"@id":"https:\/\/www.fmtrance.com\/online\/#organization"},"image":{"@id":"https:\/\/www.fmtrance.com\/online\/la-legislatura-portena-tratara-el-proyecto-del-parque-publico-en-costa-salguero\/#primaryimage"},"thumbnailUrl":"https:\/\/www.fmtrance.com\/online\/wp-content\/uploads\/2023\/03\/6425b6a83c5e3_800x597.jpg","keywords":["Uncategorized"],"articleSection":["Noticias"],"inLanguage":"es-AR","potentialAction":[{"@type":"CommentAction","name":"Comment","target":["https:\/\/www.fmtrance.com\/online\/la-legislatura-portena-tratara-el-proyecto-del-parque-publico-en-costa-salguero\/#respond"]}]},{"@type":"WebPage","@id":"https:\/\/www.fmtrance.com\/online\/la-legislatura-portena-tratara-el-proyecto-del-parque-publico-en-costa-salguero\/","url":"https:\/\/www.fmtrance.com\/online\/la-legislatura-portena-tratara-el-proyecto-del-parque-publico-en-costa-salguero\/","name":"La Legislatura porte\u00f1a tratar\u00e1 el proyecto del parque p\u00fablico en Costa Salguero | FM Trance 103.3","isPartOf":{"@id":"https:\/\/www.fmtrance.com\/online\/#website"},"primaryImageOfPage":{"@id":"https:\/\/www.fmtrance.com\/online\/la-legislatura-portena-tratara-el-proyecto-del-parque-publico-en-costa-salguero\/#primaryimage"},"image":{"@id":"https:\/\/www.fmtrance.com\/online\/la-legislatura-portena-tratara-el-proyecto-del-parque-publico-en-costa-salguero\/#primaryimage"},"thumbnailUrl":"https:\/\/www.fmtrance.com\/online\/wp-content\/uploads\/2023\/03\/6425b6a83c5e3_800x597.jpg","datePublished":"2023-03-30T16:34:58+00:00","dateModified":"2023-03-31T16:37:07+00:00","breadcrumb":{"@id":"https:\/\/www.fmtrance.com\/online\/la-legislatura-portena-tratara-el-proyecto-del-parque-publico-en-costa-salguero\/#breadcrumb"},"inLanguage":"es-AR","potentialAction":[{"@type":"ReadAction","target":["https:\/\/www.fmtrance.com\/online\/la-legislatura-portena-tratara-el-proyecto-del-parque-publico-en-costa-salguero\/"]}]},{"@type":"ImageObject","inLanguage":"es-AR","@id":"https:\/\/www.fmtrance.com\/online\/la-legislatura-portena-tratara-el-proyecto-del-parque-publico-en-costa-salguero\/#primaryimage","url":"https:\/\/www.fmtrance.com\/online\/wp-content\/uploads\/2023\/03\/6425b6a83c5e3_800x597.jpg","contentUrl":"https:\/\/www.fmtrance.com\/online\/wp-content\/uploads\/2023\/03\/6425b6a83c5e3_800x597.jpg","width":800,"height":597},{"@type":"BreadcrumbList","@id":"https:\/\/www.fmtrance.com\/online\/la-legislatura-portena-tratara-el-proyecto-del-parque-publico-en-costa-salguero\/#breadcrumb","itemListElement":[{"@type":"ListItem","position":1,"name":"Inicio","item":"https:\/\/www.fmtrance.com\/online\/"},{"@type":"ListItem","position":2,"name":"La Legislatura porte\u00f1a tratar\u00e1 el proyecto del parque p\u00fablico en Costa Salguero"}]},{"@type":"WebSite","@id":"https:\/\/www.fmtrance.com\/online\/#website","url":"https:\/\/www.fmtrance.com\/online\/","name":"FM Trance 103.3","description":"CABA. Radio de musica electronica","publisher":{"@id":"https:\/\/www.fmtrance.com\/online\/#organization"},"potentialAction":[{"@type":"SearchAction","target":{"@type":"EntryPoint","urlTemplate":"https:\/\/www.fmtrance.com\/online\/?s={search_term_string}"},"query-input":{"@type":"PropertyValueSpecification","valueRequired":true,"valueName":"search_term_string"}}],"inLanguage":"es-AR"},{"@type":"Organization","@id":"https:\/\/www.fmtrance.com\/online\/#organization","name":"FM TRANCE","url":"https:\/\/www.fmtrance.com\/online\/","logo":{"@type":"ImageObject","inLanguage":"es-AR","@id":"https:\/\/www.fmtrance.com\/online\/#\/schema\/logo\/image\/","url":"https:\/\/www.fmtrance.com\/online\/wp-content\/uploads\/2025\/03\/LOGO-WEB.png","contentUrl":"https:\/\/www.fmtrance.com\/online\/wp-content\/uploads\/2025\/03\/LOGO-WEB.png","width":500,"height":500,"caption":"FM TRANCE"},"image":{"@id":"https:\/\/www.fmtrance.com\/online\/#\/schema\/logo\/image\/"},"sameAs":["https:\/\/www.facebook.com\/fmtrance","https:\/\/x.com\/fmtrance","https:\/\/www.instagram.com\/fmtrance"]},{"@type":"Person","@id":"https:\/\/www.fmtrance.com\/online\/#\/schema\/person\/686af7f826dd2f08b36b4760b7dcdddd","name":"Redaccion FM Trance","image":{"@type":"ImageObject","inLanguage":"es-AR","@id":"https:\/\/www.fmtrance.com\/online\/#\/schema\/person\/image\/","url":"https:\/\/secure.gravatar.com\/avatar\/c9d0afa8b0785bea8046a42861739f0a26fb9e8da739ce032e6598dc2981bc38?s=96&r=g","contentUrl":"https:\/\/secure.gravatar.com\/avatar\/c9d0afa8b0785bea8046a42861739f0a26fb9e8da739ce032e6598dc2981bc38?s=96&r=g","caption":"Redaccion FM Trance"},"description":"Fundador y Director general de FM Trance. Nacido el 24 de Septiembre de 1987, en Caballito, Ciudad Autonoma de Buenos Aires. Alguien de Radio desde siempre: ya a los 9 a\u00f1os de edad como radioescucha, sintonizando estaci\u00f3nes de AM, FM, onda corta, TV UHF\/VHF, y dem\u00e1s servicios. Se desempe\u00f1\u00f3 como Operador T\u00e9cnico en diferentes emisoras locales de CABA y GBA, y hasta el dia de hoy sigue ejerciendo desde la parte t\u00e9cnica, realizando trabajos en varias Radios. Egresado del ISER de la carrera de Operador Tecnico de Planta Transmisora, cursando actualmente la carrera de Operador Tecnico de Estudios de Radio en dicha instituci\u00f3n, y flamante radioaficionado (habiendo completado el curso en el Radioclub Buenos Aires), distintiva LU2DBK.","url":"https:\/\/www.fmtrance.com\/online\/author\/fmtrance\/"}]}},"_links":{"self":[{"href":"https:\/\/www.fmtrance.com\/online\/wp-json\/wp\/v2\/posts\/4041","targetHints":{"allow":["GET"]}}],"collection":[{"href":"https:\/\/www.fmtrance.com\/online\/wp-json\/wp\/v2\/posts"}],"about":[{"href":"https:\/\/www.fmtrance.com\/online\/wp-json\/wp\/v2\/types\/post"}],"author":[{"embeddable":true,"href":"https:\/\/www.fmtrance.com\/online\/wp-json\/wp\/v2\/users\/1"}],"replies":[{"embeddable":true,"href":"https:\/\/www.fmtrance.com\/online\/wp-json\/wp\/v2\/comments?post=4041"}],"version-history":[{"count":1,"href":"https:\/\/www.fmtrance.com\/online\/wp-json\/wp\/v2\/posts\/4041\/revisions"}],"predecessor-version":[{"id":4043,"href":"https:\/\/www.fmtrance.com\/online\/wp-json\/wp\/v2\/posts\/4041\/revisions\/4043"}],"wp:featuredmedia":[{"embeddable":true,"href":"https:\/\/www.fmtrance.com\/online\/wp-json\/wp\/v2\/media\/4042"}],"wp:attachment":[{"href":"https:\/\/www.fmtrance.com\/online\/wp-json\/wp\/v2\/media?parent=4041"}],"wp:term":[{"taxonomy":"category","embeddable":true,"href":"https:\/\/www.fmtrance.com\/online\/wp-json\/wp\/v2\/categories?post=4041"},{"taxonomy":"post_tag","embeddable":true,"href":"https:\/\/www.fmtrance.com\/online\/wp-json\/wp\/v2\/tags?post=4041"}],"curies":[{"name":"wp","href":"https:\/\/api.w.org\/{rel}","templated":true}]}}