{"id":4035,"date":"2023-03-28T13:27:08","date_gmt":"2023-03-28T16:27:08","guid":{"rendered":"http:\/\/www.fmtrance.com\/online\/?p=4035"},"modified":"2023-03-31T13:30:07","modified_gmt":"2023-03-31T16:30:07","slug":"vecinos-de-chacarita-se-organizan-contra-el-codigo-urbanistico-porteno","status":"publish","type":"post","link":"https:\/\/www.fmtrance.com\/online\/vecinos-de-chacarita-se-organizan-contra-el-codigo-urbanistico-porteno\/","title":{"rendered":"Vecinos de Chacarita se organizan contra el C\u00f3digo Urban\u00edstico porte\u00f1o"},"content":{"rendered":"<p><strong><em>Vecinos del barrio de Chacarita presentar\u00e1n un proyecto de ley para limitar la capacidad de edificaci\u00f3n en la zona.<\/em><\/strong><\/p>\n<p>Vecinos reunidos en el colectivo <strong>Amparo Ambiental para Chacarita<\/strong>\u00a0se est\u00e1n organizando para reclamar contra el\u00a0<strong>C\u00f3digo Urban\u00edstico de la Ciudad de Buenos Aires<\/strong>. Presentar\u00e1n un proyecto de ley para limitar la capacidad de\u00a0<strong>edificaci\u00f3n<\/strong>\u00a0en la zona.<\/p>\n<p>El domingo pasado, los vecinos celebraron una segunda reuni\u00f3n en el espacio <strong>Fraga Cultural<\/strong>. Sobre este encuentro, afirmaron que<em>\u00a0\u201cLos tiempos nos corren un poco con el depredador inmobiliario por eso algo de la transferencia de confianza mutua suple por ahora la necesidad de conocer m\u00e1s a fondo nombres y rostros de vecinos\u201d.<br \/>\n<\/em><br \/>\n<em>\u201cAcordamos cu\u00e1l ser\u00eda la modalidad de reuni\u00f3n y toma de decisiones. Votamos por mayor\u00eda la propuesta de ley que comenzaremos a discutir para limitar el\u00a0<strong>C\u00f3digo Urban\u00edstico actual<\/strong>. Comenzamos de a poco a organizar comisiones\u201d,\u00a0<\/em>adelantaron los vecinos.<\/p>\n<p>Desde su sanci\u00f3n en 2018 y sus posteriores reformas, asambleas vecinales de distintos barrios porte\u00f1os se pronunciaron contra el\u00a0<strong>C\u00f3digo Urban\u00edstico<\/strong>. Sostienen que permite edificar a una mayor altura, por lo cual muchos propietarios venden casas de zonas residenciales, las cuales son derribadas para construir inmuebles que modifican el paisaje tradicional de distintos barrios. De hecho, algunas lograron la aprobaci\u00f3n de leyes para modificar la normativa y permitir as\u00ed un l\u00edmite en la construcci\u00f3n dentro de \u00e1reas residenciales.<\/p>\n<p>As\u00ed pas\u00f3 el a\u00f1o pasado cuando se aprob\u00f3 una ley para reducir las alturas m\u00e1ximas de futuros edificios en los barrios de\u00a0<strong>N\u00fa\u00f1ez y Belgrano (Bajo Belgrano, Barrio River)<\/strong>. Fue por impulso de asambleas locales como\u00a0<strong>Vecinos Unidos de N\u00fa\u00f1ez y Asociaci\u00f3n Vecinal de Fomento Barrio Parque General Belgrano y Nuevo Belgrano.<\/strong><\/p>\n<p>Ante este hito, distintas asambleas empezaron a presentar sus propios proyectos para limitar la edificaci\u00f3n en altura. As\u00ed pas\u00f3 en\u00a0<strong>Villa Ort\u00fazar,<\/strong>\u00a0por impulso de los integrantes de\u00a0<strong>Somos de Ort\u00fazar<\/strong>; en\u00a0<strong>Villa Devoto<\/strong>, mediante\u00a0<strong>Devoto Unido<\/strong>\u00a0y distintos sectores de la\u00a0<strong>Comuna 11<\/strong>\u00a0a trav\u00e9s de\u00a0<strong>Conciencia Urbana.<\/strong><\/p>\n","protected":false},"excerpt":{"rendered":"<p>Vecinos del barrio de Chacarita presentar\u00e1n un proyecto de ley para limitar la capacidad de edificaci\u00f3n en la zona. Vecinos<\/p>\n","protected":false},"author":1,"featured_media":4036,"comment_status":"open","ping_status":"closed","sticky":false,"template":"","format":"standard","meta":{"footnotes":""},"categories":[1],"tags":[1726],"class_list":["post-4035","post","type-post","status-publish","format-standard","has-post-thumbnail","hentry","category-uncategorized","tag-uncategorized"],"yoast_head":"<!-- This site is optimized with the Yoast SEO plugin v24.6 - https:\/\/yoast.com\/wordpress\/plugins\/seo\/ -->\n<title>Vecinos de Chacarita se organizan contra el C\u00f3digo Urban\u00edstico porte\u00f1o | FM Trance 103.3<\/title>\n<meta name=\"robots\" content=\"index, follow, max-snippet:-1, max-image-preview:large, max-video-preview:-1\" \/>\n<link rel=\"canonical\" href=\"https:\/\/www.fmtrance.com\/online\/vecinos-de-chacarita-se-organizan-contra-el-codigo-urbanistico-porteno\/\" \/>\n<meta property=\"og:locale\" content=\"es_ES\" \/>\n<meta property=\"og:type\" content=\"article\" \/>\n<meta property=\"og:title\" content=\"Vecinos de Chacarita se organizan contra el C\u00f3digo Urban\u00edstico porte\u00f1o | FM Trance 103.3\" \/>\n<meta property=\"og:description\" content=\"Vecinos del barrio de Chacarita presentar\u00e1n un proyecto de ley para limitar la capacidad de edificaci\u00f3n en la zona. Vecinos\" \/>\n<meta property=\"og:url\" content=\"https:\/\/www.fmtrance.com\/online\/vecinos-de-chacarita-se-organizan-contra-el-codigo-urbanistico-porteno\/\" \/>\n<meta property=\"og:site_name\" content=\"FM Trance 103.3\" \/>\n<meta property=\"article:publisher\" content=\"https:\/\/www.facebook.com\/fmtrance\" \/>\n<meta property=\"article:published_time\" content=\"2023-03-28T16:27:08+00:00\" \/>\n<meta property=\"article:modified_time\" content=\"2023-03-31T16:30:07+00:00\" \/>\n<meta property=\"og:image\" content=\"https:\/\/www.fmtrance.com\/online\/wp-content\/uploads\/2023\/03\/6422e3b0a8bb6_800x533.jpg\" \/>\n\t<meta property=\"og:image:width\" content=\"800\" \/>\n\t<meta property=\"og:image:height\" content=\"533\" \/>\n\t<meta property=\"og:image:type\" content=\"image\/jpeg\" \/>\n<meta name=\"author\" content=\"Redaccion FM Trance\" \/>\n<meta name=\"twitter:card\" content=\"summary_large_image\" \/>\n<meta name=\"twitter:creator\" content=\"@fmtrance\" \/>\n<meta name=\"twitter:site\" content=\"@fmtrance\" \/>\n<meta name=\"twitter:label1\" content=\"Escrito por\" \/>\n\t<meta name=\"twitter:data1\" content=\"Redaccion FM Trance\" \/>\n\t<meta name=\"twitter:label2\" content=\"Tiempo de lectura\" \/>\n\t<meta name=\"twitter:data2\" content=\"2 minutos\" \/>\n<script type=\"application\/ld+json\" class=\"yoast-schema-graph\">{\"@context\":\"https:\/\/schema.org\",\"@graph\":[{\"@type\":\"Article\",\"@id\":\"https:\/\/www.fmtrance.com\/online\/vecinos-de-chacarita-se-organizan-contra-el-codigo-urbanistico-porteno\/#article\",\"isPartOf\":{\"@id\":\"https:\/\/www.fmtrance.com\/online\/vecinos-de-chacarita-se-organizan-contra-el-codigo-urbanistico-porteno\/\"},\"author\":{\"name\":\"Redaccion FM Trance\",\"@id\":\"https:\/\/www.fmtrance.com\/online\/#\/schema\/person\/686af7f826dd2f08b36b4760b7dcdddd\"},\"headline\":\"Vecinos de Chacarita se organizan contra el C\u00f3digo Urban\u00edstico porte\u00f1o\",\"datePublished\":\"2023-03-28T16:27:08+00:00\",\"dateModified\":\"2023-03-31T16:30:07+00:00\",\"mainEntityOfPage\":{\"@id\":\"https:\/\/www.fmtrance.com\/online\/vecinos-de-chacarita-se-organizan-contra-el-codigo-urbanistico-porteno\/\"},\"wordCount\":369,\"commentCount\":0,\"publisher\":{\"@id\":\"https:\/\/www.fmtrance.com\/online\/#organization\"},\"image\":{\"@id\":\"https:\/\/www.fmtrance.com\/online\/vecinos-de-chacarita-se-organizan-contra-el-codigo-urbanistico-porteno\/#primaryimage\"},\"thumbnailUrl\":\"https:\/\/www.fmtrance.com\/online\/wp-content\/uploads\/2023\/03\/6422e3b0a8bb6_800x533.jpg\",\"keywords\":[\"Uncategorized\"],\"articleSection\":[\"Noticias\"],\"inLanguage\":\"es-AR\",\"potentialAction\":[{\"@type\":\"CommentAction\",\"name\":\"Comment\",\"target\":[\"https:\/\/www.fmtrance.com\/online\/vecinos-de-chacarita-se-organizan-contra-el-codigo-urbanistico-porteno\/#respond\"]}]},{\"@type\":\"WebPage\",\"@id\":\"https:\/\/www.fmtrance.com\/online\/vecinos-de-chacarita-se-organizan-contra-el-codigo-urbanistico-porteno\/\",\"url\":\"https:\/\/www.fmtrance.com\/online\/vecinos-de-chacarita-se-organizan-contra-el-codigo-urbanistico-porteno\/\",\"name\":\"Vecinos de Chacarita se organizan contra el C\u00f3digo Urban\u00edstico porte\u00f1o | FM Trance 103.3\",\"isPartOf\":{\"@id\":\"https:\/\/www.fmtrance.com\/online\/#website\"},\"primaryImageOfPage\":{\"@id\":\"https:\/\/www.fmtrance.com\/online\/vecinos-de-chacarita-se-organizan-contra-el-codigo-urbanistico-porteno\/#primaryimage\"},\"image\":{\"@id\":\"https:\/\/www.fmtrance.com\/online\/vecinos-de-chacarita-se-organizan-contra-el-codigo-urbanistico-porteno\/#primaryimage\"},\"thumbnailUrl\":\"https:\/\/www.fmtrance.com\/online\/wp-content\/uploads\/2023\/03\/6422e3b0a8bb6_800x533.jpg\",\"datePublished\":\"2023-03-28T16:27:08+00:00\",\"dateModified\":\"2023-03-31T16:30:07+00:00\",\"breadcrumb\":{\"@id\":\"https:\/\/www.fmtrance.com\/online\/vecinos-de-chacarita-se-organizan-contra-el-codigo-urbanistico-porteno\/#breadcrumb\"},\"inLanguage\":\"es-AR\",\"potentialAction\":[{\"@type\":\"ReadAction\",\"target\":[\"https:\/\/www.fmtrance.com\/online\/vecinos-de-chacarita-se-organizan-contra-el-codigo-urbanistico-porteno\/\"]}]},{\"@type\":\"ImageObject\",\"inLanguage\":\"es-AR\",\"@id\":\"https:\/\/www.fmtrance.com\/online\/vecinos-de-chacarita-se-organizan-contra-el-codigo-urbanistico-porteno\/#primaryimage\",\"url\":\"https:\/\/www.fmtrance.com\/online\/wp-content\/uploads\/2023\/03\/6422e3b0a8bb6_800x533.jpg\",\"contentUrl\":\"https:\/\/www.fmtrance.com\/online\/wp-content\/uploads\/2023\/03\/6422e3b0a8bb6_800x533.jpg\",\"width\":800,\"height\":533},{\"@type\":\"BreadcrumbList\",\"@id\":\"https:\/\/www.fmtrance.com\/online\/vecinos-de-chacarita-se-organizan-contra-el-codigo-urbanistico-porteno\/#breadcrumb\",\"itemListElement\":[{\"@type\":\"ListItem\",\"position\":1,\"name\":\"Inicio\",\"item\":\"https:\/\/www.fmtrance.com\/online\/\"},{\"@type\":\"ListItem\",\"position\":2,\"name\":\"Vecinos de Chacarita se organizan contra el C\u00f3digo Urban\u00edstico porte\u00f1o\"}]},{\"@type\":\"WebSite\",\"@id\":\"https:\/\/www.fmtrance.com\/online\/#website\",\"url\":\"https:\/\/www.fmtrance.com\/online\/\",\"name\":\"FM Trance 103.3\",\"description\":\"CABA. Radio de musica electronica\",\"publisher\":{\"@id\":\"https:\/\/www.fmtrance.com\/online\/#organization\"},\"potentialAction\":[{\"@type\":\"SearchAction\",\"target\":{\"@type\":\"EntryPoint\",\"urlTemplate\":\"https:\/\/www.fmtrance.com\/online\/?s={search_term_string}\"},\"query-input\":{\"@type\":\"PropertyValueSpecification\",\"valueRequired\":true,\"valueName\":\"search_term_string\"}}],\"inLanguage\":\"es-AR\"},{\"@type\":\"Organization\",\"@id\":\"https:\/\/www.fmtrance.com\/online\/#organization\",\"name\":\"FM TRANCE\",\"url\":\"https:\/\/www.fmtrance.com\/online\/\",\"logo\":{\"@type\":\"ImageObject\",\"inLanguage\":\"es-AR\",\"@id\":\"https:\/\/www.fmtrance.com\/online\/#\/schema\/logo\/image\/\",\"url\":\"https:\/\/www.fmtrance.com\/online\/wp-content\/uploads\/2025\/03\/LOGO-WEB.png\",\"contentUrl\":\"https:\/\/www.fmtrance.com\/online\/wp-content\/uploads\/2025\/03\/LOGO-WEB.png\",\"width\":500,\"height\":500,\"caption\":\"FM TRANCE\"},\"image\":{\"@id\":\"https:\/\/www.fmtrance.com\/online\/#\/schema\/logo\/image\/\"},\"sameAs\":[\"https:\/\/www.facebook.com\/fmtrance\",\"https:\/\/x.com\/fmtrance\",\"https:\/\/www.instagram.com\/fmtrance\"]},{\"@type\":\"Person\",\"@id\":\"https:\/\/www.fmtrance.com\/online\/#\/schema\/person\/686af7f826dd2f08b36b4760b7dcdddd\",\"name\":\"Redaccion FM Trance\",\"image\":{\"@type\":\"ImageObject\",\"inLanguage\":\"es-AR\",\"@id\":\"https:\/\/www.fmtrance.com\/online\/#\/schema\/person\/image\/\",\"url\":\"https:\/\/secure.gravatar.com\/avatar\/c9d0afa8b0785bea8046a42861739f0a26fb9e8da739ce032e6598dc2981bc38?s=96&r=g\",\"contentUrl\":\"https:\/\/secure.gravatar.com\/avatar\/c9d0afa8b0785bea8046a42861739f0a26fb9e8da739ce032e6598dc2981bc38?s=96&r=g\",\"caption\":\"Redaccion FM Trance\"},\"description\":\"Fundador y Director general de FM Trance. Nacido el 24 de Septiembre de 1987, en Caballito, Ciudad Autonoma de Buenos Aires. Alguien de Radio desde siempre: ya a los 9 a\u00f1os de edad como radioescucha, sintonizando estaci\u00f3nes de AM, FM, onda corta, TV UHF\/VHF, y dem\u00e1s servicios. Se desempe\u00f1\u00f3 como Operador T\u00e9cnico en diferentes emisoras locales de CABA y GBA, y hasta el dia de hoy sigue ejerciendo desde la parte t\u00e9cnica, realizando trabajos en varias Radios. Egresado del ISER de la carrera de Operador Tecnico de Planta Transmisora, cursando actualmente la carrera de Operador Tecnico de Estudios de Radio en dicha instituci\u00f3n, y flamante radioaficionado (habiendo completado el curso en el Radioclub Buenos Aires), distintiva LU2DBK.\",\"url\":\"https:\/\/www.fmtrance.com\/online\/author\/fmtrance\/\"}]}<\/script>\n<!-- \/ Yoast SEO plugin. -->","yoast_head_json":{"title":"Vecinos de Chacarita se organizan contra el C\u00f3digo Urban\u00edstico porte\u00f1o | FM Trance 103.3","robots":{"index":"index","follow":"follow","max-snippet":"max-snippet:-1","max-image-preview":"max-image-preview:large","max-video-preview":"max-video-preview:-1"},"canonical":"https:\/\/www.fmtrance.com\/online\/vecinos-de-chacarita-se-organizan-contra-el-codigo-urbanistico-porteno\/","og_locale":"es_ES","og_type":"article","og_title":"Vecinos de Chacarita se organizan contra el C\u00f3digo Urban\u00edstico porte\u00f1o | FM Trance 103.3","og_description":"Vecinos del barrio de Chacarita presentar\u00e1n un proyecto de ley para limitar la capacidad de edificaci\u00f3n en la zona. Vecinos","og_url":"https:\/\/www.fmtrance.com\/online\/vecinos-de-chacarita-se-organizan-contra-el-codigo-urbanistico-porteno\/","og_site_name":"FM Trance 103.3","article_publisher":"https:\/\/www.facebook.com\/fmtrance","article_published_time":"2023-03-28T16:27:08+00:00","article_modified_time":"2023-03-31T16:30:07+00:00","og_image":[{"width":800,"height":533,"url":"https:\/\/www.fmtrance.com\/online\/wp-content\/uploads\/2023\/03\/6422e3b0a8bb6_800x533.jpg","type":"image\/jpeg"}],"author":"Redaccion FM Trance","twitter_card":"summary_large_image","twitter_creator":"@fmtrance","twitter_site":"@fmtrance","twitter_misc":{"Escrito por":"Redaccion FM Trance","Tiempo de lectura":"2 minutos"},"schema":{"@context":"https:\/\/schema.org","@graph":[{"@type":"Article","@id":"https:\/\/www.fmtrance.com\/online\/vecinos-de-chacarita-se-organizan-contra-el-codigo-urbanistico-porteno\/#article","isPartOf":{"@id":"https:\/\/www.fmtrance.com\/online\/vecinos-de-chacarita-se-organizan-contra-el-codigo-urbanistico-porteno\/"},"author":{"name":"Redaccion FM Trance","@id":"https:\/\/www.fmtrance.com\/online\/#\/schema\/person\/686af7f826dd2f08b36b4760b7dcdddd"},"headline":"Vecinos de Chacarita se organizan contra el C\u00f3digo Urban\u00edstico porte\u00f1o","datePublished":"2023-03-28T16:27:08+00:00","dateModified":"2023-03-31T16:30:07+00:00","mainEntityOfPage":{"@id":"https:\/\/www.fmtrance.com\/online\/vecinos-de-chacarita-se-organizan-contra-el-codigo-urbanistico-porteno\/"},"wordCount":369,"commentCount":0,"publisher":{"@id":"https:\/\/www.fmtrance.com\/online\/#organization"},"image":{"@id":"https:\/\/www.fmtrance.com\/online\/vecinos-de-chacarita-se-organizan-contra-el-codigo-urbanistico-porteno\/#primaryimage"},"thumbnailUrl":"https:\/\/www.fmtrance.com\/online\/wp-content\/uploads\/2023\/03\/6422e3b0a8bb6_800x533.jpg","keywords":["Uncategorized"],"articleSection":["Noticias"],"inLanguage":"es-AR","potentialAction":[{"@type":"CommentAction","name":"Comment","target":["https:\/\/www.fmtrance.com\/online\/vecinos-de-chacarita-se-organizan-contra-el-codigo-urbanistico-porteno\/#respond"]}]},{"@type":"WebPage","@id":"https:\/\/www.fmtrance.com\/online\/vecinos-de-chacarita-se-organizan-contra-el-codigo-urbanistico-porteno\/","url":"https:\/\/www.fmtrance.com\/online\/vecinos-de-chacarita-se-organizan-contra-el-codigo-urbanistico-porteno\/","name":"Vecinos de Chacarita se organizan contra el C\u00f3digo Urban\u00edstico porte\u00f1o | FM Trance 103.3","isPartOf":{"@id":"https:\/\/www.fmtrance.com\/online\/#website"},"primaryImageOfPage":{"@id":"https:\/\/www.fmtrance.com\/online\/vecinos-de-chacarita-se-organizan-contra-el-codigo-urbanistico-porteno\/#primaryimage"},"image":{"@id":"https:\/\/www.fmtrance.com\/online\/vecinos-de-chacarita-se-organizan-contra-el-codigo-urbanistico-porteno\/#primaryimage"},"thumbnailUrl":"https:\/\/www.fmtrance.com\/online\/wp-content\/uploads\/2023\/03\/6422e3b0a8bb6_800x533.jpg","datePublished":"2023-03-28T16:27:08+00:00","dateModified":"2023-03-31T16:30:07+00:00","breadcrumb":{"@id":"https:\/\/www.fmtrance.com\/online\/vecinos-de-chacarita-se-organizan-contra-el-codigo-urbanistico-porteno\/#breadcrumb"},"inLanguage":"es-AR","potentialAction":[{"@type":"ReadAction","target":["https:\/\/www.fmtrance.com\/online\/vecinos-de-chacarita-se-organizan-contra-el-codigo-urbanistico-porteno\/"]}]},{"@type":"ImageObject","inLanguage":"es-AR","@id":"https:\/\/www.fmtrance.com\/online\/vecinos-de-chacarita-se-organizan-contra-el-codigo-urbanistico-porteno\/#primaryimage","url":"https:\/\/www.fmtrance.com\/online\/wp-content\/uploads\/2023\/03\/6422e3b0a8bb6_800x533.jpg","contentUrl":"https:\/\/www.fmtrance.com\/online\/wp-content\/uploads\/2023\/03\/6422e3b0a8bb6_800x533.jpg","width":800,"height":533},{"@type":"BreadcrumbList","@id":"https:\/\/www.fmtrance.com\/online\/vecinos-de-chacarita-se-organizan-contra-el-codigo-urbanistico-porteno\/#breadcrumb","itemListElement":[{"@type":"ListItem","position":1,"name":"Inicio","item":"https:\/\/www.fmtrance.com\/online\/"},{"@type":"ListItem","position":2,"name":"Vecinos de Chacarita se organizan contra el C\u00f3digo Urban\u00edstico porte\u00f1o"}]},{"@type":"WebSite","@id":"https:\/\/www.fmtrance.com\/online\/#website","url":"https:\/\/www.fmtrance.com\/online\/","name":"FM Trance 103.3","description":"CABA. Radio de musica electronica","publisher":{"@id":"https:\/\/www.fmtrance.com\/online\/#organization"},"potentialAction":[{"@type":"SearchAction","target":{"@type":"EntryPoint","urlTemplate":"https:\/\/www.fmtrance.com\/online\/?s={search_term_string}"},"query-input":{"@type":"PropertyValueSpecification","valueRequired":true,"valueName":"search_term_string"}}],"inLanguage":"es-AR"},{"@type":"Organization","@id":"https:\/\/www.fmtrance.com\/online\/#organization","name":"FM TRANCE","url":"https:\/\/www.fmtrance.com\/online\/","logo":{"@type":"ImageObject","inLanguage":"es-AR","@id":"https:\/\/www.fmtrance.com\/online\/#\/schema\/logo\/image\/","url":"https:\/\/www.fmtrance.com\/online\/wp-content\/uploads\/2025\/03\/LOGO-WEB.png","contentUrl":"https:\/\/www.fmtrance.com\/online\/wp-content\/uploads\/2025\/03\/LOGO-WEB.png","width":500,"height":500,"caption":"FM TRANCE"},"image":{"@id":"https:\/\/www.fmtrance.com\/online\/#\/schema\/logo\/image\/"},"sameAs":["https:\/\/www.facebook.com\/fmtrance","https:\/\/x.com\/fmtrance","https:\/\/www.instagram.com\/fmtrance"]},{"@type":"Person","@id":"https:\/\/www.fmtrance.com\/online\/#\/schema\/person\/686af7f826dd2f08b36b4760b7dcdddd","name":"Redaccion FM Trance","image":{"@type":"ImageObject","inLanguage":"es-AR","@id":"https:\/\/www.fmtrance.com\/online\/#\/schema\/person\/image\/","url":"https:\/\/secure.gravatar.com\/avatar\/c9d0afa8b0785bea8046a42861739f0a26fb9e8da739ce032e6598dc2981bc38?s=96&r=g","contentUrl":"https:\/\/secure.gravatar.com\/avatar\/c9d0afa8b0785bea8046a42861739f0a26fb9e8da739ce032e6598dc2981bc38?s=96&r=g","caption":"Redaccion FM Trance"},"description":"Fundador y Director general de FM Trance. Nacido el 24 de Septiembre de 1987, en Caballito, Ciudad Autonoma de Buenos Aires. Alguien de Radio desde siempre: ya a los 9 a\u00f1os de edad como radioescucha, sintonizando estaci\u00f3nes de AM, FM, onda corta, TV UHF\/VHF, y dem\u00e1s servicios. Se desempe\u00f1\u00f3 como Operador T\u00e9cnico en diferentes emisoras locales de CABA y GBA, y hasta el dia de hoy sigue ejerciendo desde la parte t\u00e9cnica, realizando trabajos en varias Radios. Egresado del ISER de la carrera de Operador Tecnico de Planta Transmisora, cursando actualmente la carrera de Operador Tecnico de Estudios de Radio en dicha instituci\u00f3n, y flamante radioaficionado (habiendo completado el curso en el Radioclub Buenos Aires), distintiva LU2DBK.","url":"https:\/\/www.fmtrance.com\/online\/author\/fmtrance\/"}]}},"_links":{"self":[{"href":"https:\/\/www.fmtrance.com\/online\/wp-json\/wp\/v2\/posts\/4035","targetHints":{"allow":["GET"]}}],"collection":[{"href":"https:\/\/www.fmtrance.com\/online\/wp-json\/wp\/v2\/posts"}],"about":[{"href":"https:\/\/www.fmtrance.com\/online\/wp-json\/wp\/v2\/types\/post"}],"author":[{"embeddable":true,"href":"https:\/\/www.fmtrance.com\/online\/wp-json\/wp\/v2\/users\/1"}],"replies":[{"embeddable":true,"href":"https:\/\/www.fmtrance.com\/online\/wp-json\/wp\/v2\/comments?post=4035"}],"version-history":[{"count":1,"href":"https:\/\/www.fmtrance.com\/online\/wp-json\/wp\/v2\/posts\/4035\/revisions"}],"predecessor-version":[{"id":4037,"href":"https:\/\/www.fmtrance.com\/online\/wp-json\/wp\/v2\/posts\/4035\/revisions\/4037"}],"wp:featuredmedia":[{"embeddable":true,"href":"https:\/\/www.fmtrance.com\/online\/wp-json\/wp\/v2\/media\/4036"}],"wp:attachment":[{"href":"https:\/\/www.fmtrance.com\/online\/wp-json\/wp\/v2\/media?parent=4035"}],"wp:term":[{"taxonomy":"category","embeddable":true,"href":"https:\/\/www.fmtrance.com\/online\/wp-json\/wp\/v2\/categories?post=4035"},{"taxonomy":"post_tag","embeddable":true,"href":"https:\/\/www.fmtrance.com\/online\/wp-json\/wp\/v2\/tags?post=4035"}],"curies":[{"name":"wp","href":"https:\/\/api.w.org\/{rel}","templated":true}]}}