{"id":4032,"date":"2023-03-27T13:23:58","date_gmt":"2023-03-27T16:23:58","guid":{"rendered":"http:\/\/www.fmtrance.com\/online\/?p=4032"},"modified":"2023-03-31T13:25:58","modified_gmt":"2023-03-31T16:25:58","slug":"llega-a-la-legislatura-el-proyecto-para-crear-un-parque-en-costa-salguero","status":"publish","type":"post","link":"https:\/\/www.fmtrance.com\/online\/llega-a-la-legislatura-el-proyecto-para-crear-un-parque-en-costa-salguero\/","title":{"rendered":"Llega a la Legislatura el proyecto para crear un parque en Costa Salguero"},"content":{"rendered":"<p><strong>Se trata de una iniciativa popular presentada con las firmas de 53.000 vecinos. Desde el oficialismo votar\u00edan en contra para mantener su idea de realizar un negocio inmobiliario en la zona.<\/strong><\/p>\n<p><strong>Costa Salguero<\/strong>\u00a0se convirti\u00f3 en un conflicto entre vecinos y el Gobierno de la Ciudad. El objetivo de\u00a0<strong>Horacio Rodr\u00edguez Larreta\u00a0<\/strong>es realizar un negocio inmobiliario pero una iniciativa popular podr\u00eda cambiar el curso y transformar Costa Salguero y Punta Carrasco en un parque p\u00fablico.<\/p>\n<p>Con la firma de 53.000 vecinos, el proyecto de ley ingres\u00f3 a la\u00a0<strong>Legislatura\u00a0<\/strong>y ser\u00e1 tratado este s\u00e1bado. Sin embargo, seg\u00fan consign\u00f3 Parlamentario, el bloque de Juntos por el Cambio anticip\u00f3 que votar\u00e1 en contra y en cambio confirmar\u00e1 su respaldo al proyecto inmobiliario que prev\u00e9 la construcci\u00f3n de torres frente al R\u00edo de la Plata.<\/p>\n<p>Fuentes parlamentarias informaron a la agencia de noticias T\u00e9lam que el proyecto para e parque p\u00fablico ser\u00e1 incluido en el debate en el recinto, a donde llegar\u00e1 con los plazos vencidos para el tratamiento en las comisiones, lo que obliga a los legisladores a discutirlo para cumplir con la ley 40 que regula las iniciativas ciudadanas.<\/p>\n<p>La iniciativa popular es impulsada por el Frente de Todos (FDT) junto a varias organizaciones vecinales, ambientales, de arquitectas y sociales. El proyecto propone la creaci\u00f3n de &#8220;un parque p\u00fablico de acceso libre, gratuito e irrestricto en el predio de Costa Salguero y Punta Carrasco&#8221; que se extienden en por 32 hect\u00e1reas de tierras ribere\u00f1as y para ello plantea la anulaci\u00f3n de una ley que data del 2019 que habilit\u00f3 la venta de las parcelas para facilitar los megaemprendimientos inmobiliarios.<\/p>\n<p>Sn embargo, la venta fue frenada por una presentaci\u00f3n judicial de referentes del FdT y del Observatorio del Derecho a la Ciudad que adujeron la inconstitucionalidad del proceso y permanece a la espera de una definici\u00f3n del m\u00e1ximo tribunal porte\u00f1o ya que obtuvo un fallo favorable en primera y segunda instancia.<\/p>\n<p>&#8220;De haber sesi\u00f3n el jueves, el expediente se va a poner en tratamiento y no va a alcanzar los votos para su sanci\u00f3n&#8221;, dijo un legislador que integra la bancada oficialista tras confirmar que mantendr\u00e1n el rechazo a la propuesta para la creaci\u00f3n del parque p\u00fablico en la totalidad de las tierras costeras que ocuparon los complejos de Costa Salguero y Punta Carrasco, seg\u00fan consign\u00f3 Infonews.<\/p>\n<p>La misma fuente respald\u00f3 la idea del Gobierno de la Ciudad que busca construir edificios de hasta diez pisos de altura en el predio costero, que est\u00e1 tambi\u00e9n situado frente a una de las cabeceras del aeroparque Jorge Newbery, que prev\u00e9 un espacio verde, pero de menor superficie.<\/p>\n<p>Desde el FdT analizaron que desde el oficialismo porte\u00f1o no existi\u00f3 &#8220;voluntad&#8221; para debatir el expediente desde su presentaci\u00f3n, por lo cual sus diputados y diputadas &#8220;negaron hasta \u00faltimo momento&#8221; la discusi\u00f3n de la propuesta ciudadana al punto de sumar el tema a una sesi\u00f3n que no estaba prevista en el calendario habitual.<\/p>\n","protected":false},"excerpt":{"rendered":"<p>Se trata de una iniciativa popular presentada con las firmas de 53.000 vecinos. Desde el oficialismo votar\u00edan en contra para<\/p>\n","protected":false},"author":1,"featured_media":4033,"comment_status":"open","ping_status":"closed","sticky":false,"template":"","format":"standard","meta":{"footnotes":""},"categories":[1],"tags":[1726],"class_list":["post-4032","post","type-post","status-publish","format-standard","has-post-thumbnail","hentry","category-uncategorized","tag-uncategorized"],"yoast_head":"<!-- This site is optimized with the Yoast SEO plugin v24.6 - https:\/\/yoast.com\/wordpress\/plugins\/seo\/ -->\n<title>Llega a la Legislatura el proyecto para crear un parque en Costa Salguero | FM Trance 103.3<\/title>\n<meta name=\"robots\" content=\"index, follow, max-snippet:-1, max-image-preview:large, max-video-preview:-1\" \/>\n<link rel=\"canonical\" href=\"https:\/\/www.fmtrance.com\/online\/llega-a-la-legislatura-el-proyecto-para-crear-un-parque-en-costa-salguero\/\" \/>\n<meta property=\"og:locale\" content=\"es_ES\" \/>\n<meta property=\"og:type\" content=\"article\" \/>\n<meta property=\"og:title\" content=\"Llega a la Legislatura el proyecto para crear un parque en Costa Salguero | FM Trance 103.3\" \/>\n<meta property=\"og:description\" content=\"Se trata de una iniciativa popular presentada con las firmas de 53.000 vecinos. Desde el oficialismo votar\u00edan en contra para\" \/>\n<meta property=\"og:url\" content=\"https:\/\/www.fmtrance.com\/online\/llega-a-la-legislatura-el-proyecto-para-crear-un-parque-en-costa-salguero\/\" \/>\n<meta property=\"og:site_name\" content=\"FM Trance 103.3\" \/>\n<meta property=\"article:publisher\" content=\"https:\/\/www.facebook.com\/fmtrance\" \/>\n<meta property=\"article:published_time\" content=\"2023-03-27T16:23:58+00:00\" \/>\n<meta property=\"article:modified_time\" content=\"2023-03-31T16:25:58+00:00\" \/>\n<meta property=\"og:image\" content=\"https:\/\/www.fmtrance.com\/online\/wp-content\/uploads\/2023\/03\/6037ca32266e1_800x600.jpg\" \/>\n\t<meta property=\"og:image:width\" content=\"800\" \/>\n\t<meta property=\"og:image:height\" content=\"600\" \/>\n\t<meta property=\"og:image:type\" content=\"image\/jpeg\" \/>\n<meta name=\"author\" content=\"Redaccion FM Trance\" \/>\n<meta name=\"twitter:card\" content=\"summary_large_image\" \/>\n<meta name=\"twitter:creator\" content=\"@fmtrance\" \/>\n<meta name=\"twitter:site\" content=\"@fmtrance\" \/>\n<meta name=\"twitter:label1\" content=\"Escrito por\" \/>\n\t<meta name=\"twitter:data1\" content=\"Redaccion FM Trance\" \/>\n\t<meta name=\"twitter:label2\" content=\"Tiempo de lectura\" \/>\n\t<meta name=\"twitter:data2\" content=\"3 minutos\" \/>\n<script type=\"application\/ld+json\" class=\"yoast-schema-graph\">{\"@context\":\"https:\/\/schema.org\",\"@graph\":[{\"@type\":\"Article\",\"@id\":\"https:\/\/www.fmtrance.com\/online\/llega-a-la-legislatura-el-proyecto-para-crear-un-parque-en-costa-salguero\/#article\",\"isPartOf\":{\"@id\":\"https:\/\/www.fmtrance.com\/online\/llega-a-la-legislatura-el-proyecto-para-crear-un-parque-en-costa-salguero\/\"},\"author\":{\"name\":\"Redaccion FM Trance\",\"@id\":\"https:\/\/www.fmtrance.com\/online\/#\/schema\/person\/686af7f826dd2f08b36b4760b7dcdddd\"},\"headline\":\"Llega a la Legislatura el proyecto para crear un parque en Costa Salguero\",\"datePublished\":\"2023-03-27T16:23:58+00:00\",\"dateModified\":\"2023-03-31T16:25:58+00:00\",\"mainEntityOfPage\":{\"@id\":\"https:\/\/www.fmtrance.com\/online\/llega-a-la-legislatura-el-proyecto-para-crear-un-parque-en-costa-salguero\/\"},\"wordCount\":525,\"commentCount\":0,\"publisher\":{\"@id\":\"https:\/\/www.fmtrance.com\/online\/#organization\"},\"image\":{\"@id\":\"https:\/\/www.fmtrance.com\/online\/llega-a-la-legislatura-el-proyecto-para-crear-un-parque-en-costa-salguero\/#primaryimage\"},\"thumbnailUrl\":\"https:\/\/www.fmtrance.com\/online\/wp-content\/uploads\/2023\/03\/6037ca32266e1_800x600.jpg\",\"keywords\":[\"Uncategorized\"],\"articleSection\":[\"Noticias\"],\"inLanguage\":\"es-AR\",\"potentialAction\":[{\"@type\":\"CommentAction\",\"name\":\"Comment\",\"target\":[\"https:\/\/www.fmtrance.com\/online\/llega-a-la-legislatura-el-proyecto-para-crear-un-parque-en-costa-salguero\/#respond\"]}]},{\"@type\":\"WebPage\",\"@id\":\"https:\/\/www.fmtrance.com\/online\/llega-a-la-legislatura-el-proyecto-para-crear-un-parque-en-costa-salguero\/\",\"url\":\"https:\/\/www.fmtrance.com\/online\/llega-a-la-legislatura-el-proyecto-para-crear-un-parque-en-costa-salguero\/\",\"name\":\"Llega a la Legislatura el proyecto para crear un parque en Costa Salguero | FM Trance 103.3\",\"isPartOf\":{\"@id\":\"https:\/\/www.fmtrance.com\/online\/#website\"},\"primaryImageOfPage\":{\"@id\":\"https:\/\/www.fmtrance.com\/online\/llega-a-la-legislatura-el-proyecto-para-crear-un-parque-en-costa-salguero\/#primaryimage\"},\"image\":{\"@id\":\"https:\/\/www.fmtrance.com\/online\/llega-a-la-legislatura-el-proyecto-para-crear-un-parque-en-costa-salguero\/#primaryimage\"},\"thumbnailUrl\":\"https:\/\/www.fmtrance.com\/online\/wp-content\/uploads\/2023\/03\/6037ca32266e1_800x600.jpg\",\"datePublished\":\"2023-03-27T16:23:58+00:00\",\"dateModified\":\"2023-03-31T16:25:58+00:00\",\"breadcrumb\":{\"@id\":\"https:\/\/www.fmtrance.com\/online\/llega-a-la-legislatura-el-proyecto-para-crear-un-parque-en-costa-salguero\/#breadcrumb\"},\"inLanguage\":\"es-AR\",\"potentialAction\":[{\"@type\":\"ReadAction\",\"target\":[\"https:\/\/www.fmtrance.com\/online\/llega-a-la-legislatura-el-proyecto-para-crear-un-parque-en-costa-salguero\/\"]}]},{\"@type\":\"ImageObject\",\"inLanguage\":\"es-AR\",\"@id\":\"https:\/\/www.fmtrance.com\/online\/llega-a-la-legislatura-el-proyecto-para-crear-un-parque-en-costa-salguero\/#primaryimage\",\"url\":\"https:\/\/www.fmtrance.com\/online\/wp-content\/uploads\/2023\/03\/6037ca32266e1_800x600.jpg\",\"contentUrl\":\"https:\/\/www.fmtrance.com\/online\/wp-content\/uploads\/2023\/03\/6037ca32266e1_800x600.jpg\",\"width\":800,\"height\":600},{\"@type\":\"BreadcrumbList\",\"@id\":\"https:\/\/www.fmtrance.com\/online\/llega-a-la-legislatura-el-proyecto-para-crear-un-parque-en-costa-salguero\/#breadcrumb\",\"itemListElement\":[{\"@type\":\"ListItem\",\"position\":1,\"name\":\"Inicio\",\"item\":\"https:\/\/www.fmtrance.com\/online\/\"},{\"@type\":\"ListItem\",\"position\":2,\"name\":\"Llega a la Legislatura el proyecto para crear un parque en Costa Salguero\"}]},{\"@type\":\"WebSite\",\"@id\":\"https:\/\/www.fmtrance.com\/online\/#website\",\"url\":\"https:\/\/www.fmtrance.com\/online\/\",\"name\":\"FM Trance 103.3\",\"description\":\"CABA. Radio de musica electronica\",\"publisher\":{\"@id\":\"https:\/\/www.fmtrance.com\/online\/#organization\"},\"potentialAction\":[{\"@type\":\"SearchAction\",\"target\":{\"@type\":\"EntryPoint\",\"urlTemplate\":\"https:\/\/www.fmtrance.com\/online\/?s={search_term_string}\"},\"query-input\":{\"@type\":\"PropertyValueSpecification\",\"valueRequired\":true,\"valueName\":\"search_term_string\"}}],\"inLanguage\":\"es-AR\"},{\"@type\":\"Organization\",\"@id\":\"https:\/\/www.fmtrance.com\/online\/#organization\",\"name\":\"FM TRANCE\",\"url\":\"https:\/\/www.fmtrance.com\/online\/\",\"logo\":{\"@type\":\"ImageObject\",\"inLanguage\":\"es-AR\",\"@id\":\"https:\/\/www.fmtrance.com\/online\/#\/schema\/logo\/image\/\",\"url\":\"https:\/\/www.fmtrance.com\/online\/wp-content\/uploads\/2025\/03\/LOGO-WEB.png\",\"contentUrl\":\"https:\/\/www.fmtrance.com\/online\/wp-content\/uploads\/2025\/03\/LOGO-WEB.png\",\"width\":500,\"height\":500,\"caption\":\"FM TRANCE\"},\"image\":{\"@id\":\"https:\/\/www.fmtrance.com\/online\/#\/schema\/logo\/image\/\"},\"sameAs\":[\"https:\/\/www.facebook.com\/fmtrance\",\"https:\/\/x.com\/fmtrance\",\"https:\/\/www.instagram.com\/fmtrance\"]},{\"@type\":\"Person\",\"@id\":\"https:\/\/www.fmtrance.com\/online\/#\/schema\/person\/686af7f826dd2f08b36b4760b7dcdddd\",\"name\":\"Redaccion FM Trance\",\"image\":{\"@type\":\"ImageObject\",\"inLanguage\":\"es-AR\",\"@id\":\"https:\/\/www.fmtrance.com\/online\/#\/schema\/person\/image\/\",\"url\":\"https:\/\/secure.gravatar.com\/avatar\/c9d0afa8b0785bea8046a42861739f0a26fb9e8da739ce032e6598dc2981bc38?s=96&r=g\",\"contentUrl\":\"https:\/\/secure.gravatar.com\/avatar\/c9d0afa8b0785bea8046a42861739f0a26fb9e8da739ce032e6598dc2981bc38?s=96&r=g\",\"caption\":\"Redaccion FM Trance\"},\"description\":\"Fundador y Director general de FM Trance. Nacido el 24 de Septiembre de 1987, en Caballito, Ciudad Autonoma de Buenos Aires. Alguien de Radio desde siempre: ya a los 9 a\u00f1os de edad como radioescucha, sintonizando estaci\u00f3nes de AM, FM, onda corta, TV UHF\/VHF, y dem\u00e1s servicios. Se desempe\u00f1\u00f3 como Operador T\u00e9cnico en diferentes emisoras locales de CABA y GBA, y hasta el dia de hoy sigue ejerciendo desde la parte t\u00e9cnica, realizando trabajos en varias Radios. Egresado del ISER de la carrera de Operador Tecnico de Planta Transmisora, cursando actualmente la carrera de Operador Tecnico de Estudios de Radio en dicha instituci\u00f3n, y flamante radioaficionado (habiendo completado el curso en el Radioclub Buenos Aires), distintiva LU2DBK.\",\"url\":\"https:\/\/www.fmtrance.com\/online\/author\/fmtrance\/\"}]}<\/script>\n<!-- \/ Yoast SEO plugin. -->","yoast_head_json":{"title":"Llega a la Legislatura el proyecto para crear un parque en Costa Salguero | FM Trance 103.3","robots":{"index":"index","follow":"follow","max-snippet":"max-snippet:-1","max-image-preview":"max-image-preview:large","max-video-preview":"max-video-preview:-1"},"canonical":"https:\/\/www.fmtrance.com\/online\/llega-a-la-legislatura-el-proyecto-para-crear-un-parque-en-costa-salguero\/","og_locale":"es_ES","og_type":"article","og_title":"Llega a la Legislatura el proyecto para crear un parque en Costa Salguero | FM Trance 103.3","og_description":"Se trata de una iniciativa popular presentada con las firmas de 53.000 vecinos. Desde el oficialismo votar\u00edan en contra para","og_url":"https:\/\/www.fmtrance.com\/online\/llega-a-la-legislatura-el-proyecto-para-crear-un-parque-en-costa-salguero\/","og_site_name":"FM Trance 103.3","article_publisher":"https:\/\/www.facebook.com\/fmtrance","article_published_time":"2023-03-27T16:23:58+00:00","article_modified_time":"2023-03-31T16:25:58+00:00","og_image":[{"width":800,"height":600,"url":"https:\/\/www.fmtrance.com\/online\/wp-content\/uploads\/2023\/03\/6037ca32266e1_800x600.jpg","type":"image\/jpeg"}],"author":"Redaccion FM Trance","twitter_card":"summary_large_image","twitter_creator":"@fmtrance","twitter_site":"@fmtrance","twitter_misc":{"Escrito por":"Redaccion FM Trance","Tiempo de lectura":"3 minutos"},"schema":{"@context":"https:\/\/schema.org","@graph":[{"@type":"Article","@id":"https:\/\/www.fmtrance.com\/online\/llega-a-la-legislatura-el-proyecto-para-crear-un-parque-en-costa-salguero\/#article","isPartOf":{"@id":"https:\/\/www.fmtrance.com\/online\/llega-a-la-legislatura-el-proyecto-para-crear-un-parque-en-costa-salguero\/"},"author":{"name":"Redaccion FM Trance","@id":"https:\/\/www.fmtrance.com\/online\/#\/schema\/person\/686af7f826dd2f08b36b4760b7dcdddd"},"headline":"Llega a la Legislatura el proyecto para crear un parque en Costa Salguero","datePublished":"2023-03-27T16:23:58+00:00","dateModified":"2023-03-31T16:25:58+00:00","mainEntityOfPage":{"@id":"https:\/\/www.fmtrance.com\/online\/llega-a-la-legislatura-el-proyecto-para-crear-un-parque-en-costa-salguero\/"},"wordCount":525,"commentCount":0,"publisher":{"@id":"https:\/\/www.fmtrance.com\/online\/#organization"},"image":{"@id":"https:\/\/www.fmtrance.com\/online\/llega-a-la-legislatura-el-proyecto-para-crear-un-parque-en-costa-salguero\/#primaryimage"},"thumbnailUrl":"https:\/\/www.fmtrance.com\/online\/wp-content\/uploads\/2023\/03\/6037ca32266e1_800x600.jpg","keywords":["Uncategorized"],"articleSection":["Noticias"],"inLanguage":"es-AR","potentialAction":[{"@type":"CommentAction","name":"Comment","target":["https:\/\/www.fmtrance.com\/online\/llega-a-la-legislatura-el-proyecto-para-crear-un-parque-en-costa-salguero\/#respond"]}]},{"@type":"WebPage","@id":"https:\/\/www.fmtrance.com\/online\/llega-a-la-legislatura-el-proyecto-para-crear-un-parque-en-costa-salguero\/","url":"https:\/\/www.fmtrance.com\/online\/llega-a-la-legislatura-el-proyecto-para-crear-un-parque-en-costa-salguero\/","name":"Llega a la Legislatura el proyecto para crear un parque en Costa Salguero | FM Trance 103.3","isPartOf":{"@id":"https:\/\/www.fmtrance.com\/online\/#website"},"primaryImageOfPage":{"@id":"https:\/\/www.fmtrance.com\/online\/llega-a-la-legislatura-el-proyecto-para-crear-un-parque-en-costa-salguero\/#primaryimage"},"image":{"@id":"https:\/\/www.fmtrance.com\/online\/llega-a-la-legislatura-el-proyecto-para-crear-un-parque-en-costa-salguero\/#primaryimage"},"thumbnailUrl":"https:\/\/www.fmtrance.com\/online\/wp-content\/uploads\/2023\/03\/6037ca32266e1_800x600.jpg","datePublished":"2023-03-27T16:23:58+00:00","dateModified":"2023-03-31T16:25:58+00:00","breadcrumb":{"@id":"https:\/\/www.fmtrance.com\/online\/llega-a-la-legislatura-el-proyecto-para-crear-un-parque-en-costa-salguero\/#breadcrumb"},"inLanguage":"es-AR","potentialAction":[{"@type":"ReadAction","target":["https:\/\/www.fmtrance.com\/online\/llega-a-la-legislatura-el-proyecto-para-crear-un-parque-en-costa-salguero\/"]}]},{"@type":"ImageObject","inLanguage":"es-AR","@id":"https:\/\/www.fmtrance.com\/online\/llega-a-la-legislatura-el-proyecto-para-crear-un-parque-en-costa-salguero\/#primaryimage","url":"https:\/\/www.fmtrance.com\/online\/wp-content\/uploads\/2023\/03\/6037ca32266e1_800x600.jpg","contentUrl":"https:\/\/www.fmtrance.com\/online\/wp-content\/uploads\/2023\/03\/6037ca32266e1_800x600.jpg","width":800,"height":600},{"@type":"BreadcrumbList","@id":"https:\/\/www.fmtrance.com\/online\/llega-a-la-legislatura-el-proyecto-para-crear-un-parque-en-costa-salguero\/#breadcrumb","itemListElement":[{"@type":"ListItem","position":1,"name":"Inicio","item":"https:\/\/www.fmtrance.com\/online\/"},{"@type":"ListItem","position":2,"name":"Llega a la Legislatura el proyecto para crear un parque en Costa Salguero"}]},{"@type":"WebSite","@id":"https:\/\/www.fmtrance.com\/online\/#website","url":"https:\/\/www.fmtrance.com\/online\/","name":"FM Trance 103.3","description":"CABA. Radio de musica electronica","publisher":{"@id":"https:\/\/www.fmtrance.com\/online\/#organization"},"potentialAction":[{"@type":"SearchAction","target":{"@type":"EntryPoint","urlTemplate":"https:\/\/www.fmtrance.com\/online\/?s={search_term_string}"},"query-input":{"@type":"PropertyValueSpecification","valueRequired":true,"valueName":"search_term_string"}}],"inLanguage":"es-AR"},{"@type":"Organization","@id":"https:\/\/www.fmtrance.com\/online\/#organization","name":"FM TRANCE","url":"https:\/\/www.fmtrance.com\/online\/","logo":{"@type":"ImageObject","inLanguage":"es-AR","@id":"https:\/\/www.fmtrance.com\/online\/#\/schema\/logo\/image\/","url":"https:\/\/www.fmtrance.com\/online\/wp-content\/uploads\/2025\/03\/LOGO-WEB.png","contentUrl":"https:\/\/www.fmtrance.com\/online\/wp-content\/uploads\/2025\/03\/LOGO-WEB.png","width":500,"height":500,"caption":"FM TRANCE"},"image":{"@id":"https:\/\/www.fmtrance.com\/online\/#\/schema\/logo\/image\/"},"sameAs":["https:\/\/www.facebook.com\/fmtrance","https:\/\/x.com\/fmtrance","https:\/\/www.instagram.com\/fmtrance"]},{"@type":"Person","@id":"https:\/\/www.fmtrance.com\/online\/#\/schema\/person\/686af7f826dd2f08b36b4760b7dcdddd","name":"Redaccion FM Trance","image":{"@type":"ImageObject","inLanguage":"es-AR","@id":"https:\/\/www.fmtrance.com\/online\/#\/schema\/person\/image\/","url":"https:\/\/secure.gravatar.com\/avatar\/c9d0afa8b0785bea8046a42861739f0a26fb9e8da739ce032e6598dc2981bc38?s=96&r=g","contentUrl":"https:\/\/secure.gravatar.com\/avatar\/c9d0afa8b0785bea8046a42861739f0a26fb9e8da739ce032e6598dc2981bc38?s=96&r=g","caption":"Redaccion FM Trance"},"description":"Fundador y Director general de FM Trance. Nacido el 24 de Septiembre de 1987, en Caballito, Ciudad Autonoma de Buenos Aires. Alguien de Radio desde siempre: ya a los 9 a\u00f1os de edad como radioescucha, sintonizando estaci\u00f3nes de AM, FM, onda corta, TV UHF\/VHF, y dem\u00e1s servicios. Se desempe\u00f1\u00f3 como Operador T\u00e9cnico en diferentes emisoras locales de CABA y GBA, y hasta el dia de hoy sigue ejerciendo desde la parte t\u00e9cnica, realizando trabajos en varias Radios. Egresado del ISER de la carrera de Operador Tecnico de Planta Transmisora, cursando actualmente la carrera de Operador Tecnico de Estudios de Radio en dicha instituci\u00f3n, y flamante radioaficionado (habiendo completado el curso en el Radioclub Buenos Aires), distintiva LU2DBK.","url":"https:\/\/www.fmtrance.com\/online\/author\/fmtrance\/"}]}},"_links":{"self":[{"href":"https:\/\/www.fmtrance.com\/online\/wp-json\/wp\/v2\/posts\/4032","targetHints":{"allow":["GET"]}}],"collection":[{"href":"https:\/\/www.fmtrance.com\/online\/wp-json\/wp\/v2\/posts"}],"about":[{"href":"https:\/\/www.fmtrance.com\/online\/wp-json\/wp\/v2\/types\/post"}],"author":[{"embeddable":true,"href":"https:\/\/www.fmtrance.com\/online\/wp-json\/wp\/v2\/users\/1"}],"replies":[{"embeddable":true,"href":"https:\/\/www.fmtrance.com\/online\/wp-json\/wp\/v2\/comments?post=4032"}],"version-history":[{"count":1,"href":"https:\/\/www.fmtrance.com\/online\/wp-json\/wp\/v2\/posts\/4032\/revisions"}],"predecessor-version":[{"id":4034,"href":"https:\/\/www.fmtrance.com\/online\/wp-json\/wp\/v2\/posts\/4032\/revisions\/4034"}],"wp:featuredmedia":[{"embeddable":true,"href":"https:\/\/www.fmtrance.com\/online\/wp-json\/wp\/v2\/media\/4033"}],"wp:attachment":[{"href":"https:\/\/www.fmtrance.com\/online\/wp-json\/wp\/v2\/media?parent=4032"}],"wp:term":[{"taxonomy":"category","embeddable":true,"href":"https:\/\/www.fmtrance.com\/online\/wp-json\/wp\/v2\/categories?post=4032"},{"taxonomy":"post_tag","embeddable":true,"href":"https:\/\/www.fmtrance.com\/online\/wp-json\/wp\/v2\/tags?post=4032"}],"curies":[{"name":"wp","href":"https:\/\/api.w.org\/{rel}","templated":true}]}}