{"id":4029,"date":"2023-03-27T13:21:54","date_gmt":"2023-03-27T16:21:54","guid":{"rendered":"http:\/\/www.fmtrance.com\/online\/?p=4029"},"modified":"2023-03-31T13:23:36","modified_gmt":"2023-03-31T16:23:36","slug":"cruce-de-legisladores-portenos-por-la-renuncia-de-macri-a-ser-candidato-presidencial","status":"publish","type":"post","link":"https:\/\/www.fmtrance.com\/online\/cruce-de-legisladores-portenos-por-la-renuncia-de-macri-a-ser-candidato-presidencial\/","title":{"rendered":"Cruce de legisladores porte\u00f1os por la renuncia de Macri a ser candidato presidencial"},"content":{"rendered":"<p><strong>El oficialismo porte\u00f1o asegura que la decisi\u00f3n \u201cprioriza el trabajo en equipo\u201d, pero la oposici\u00f3n sostiene que es por el \u201cfracaso su gobierno\u201d. Desde el espacio de Milei indicaron que \u201cla interna de JxC la ganaron los tibios\u201d.<\/strong><\/p>\n<p>Luego de que el expresidente\u00a0<strong>Mauricio Macri\u00a0<\/strong>anunci\u00f3 este domingo en sus redes sociales que no ser\u00e1\u00a0<strong>candidato a presidente en las elecciones de 2023<\/strong>, las y los legisladores de la Ciudad se cruzaron en redes.\u00a0 Mientras que los oficialistas apuntaron a priorizar el trabajo en equipo, desde la oposici\u00f3n aseguraron que la renuncia se debe al \u201cfracaso de su gobierno\u201d.<\/p>\n<p>Seg\u00fan consign\u00f3 Parlamentario, el vicepresidente primero de la Legislatura de la Ciudad y legislador de Vamos Juntos (VJ),\u00a0<strong>Emmanuel Ferrario<\/strong>, indic\u00f3 que el ex mandatario decidi\u00f3 \u201cpriorizar la unidad y el trabajo en equipo\u201d y remarc\u00f3 que con su determinaci\u00f3n \u201cvuelve a demostrar su entrega absoluta por la Argentina que queremos. Gracias Mauricio por tu humildad. \u00a1Seguiremos trabajando juntos por nuestro pa\u00eds!\u201d.<\/p>\n<p>En el mismo sentido, el jefe del bloque VJ,\u00a0<strong>Diego Garc\u00eda Vilas<\/strong>, asever\u00f3 que se trata de \u201cuna decisi\u00f3n que muestra una visi\u00f3n de futuro y construcci\u00f3n por encima de cualquier inter\u00e9s individual. Gracias Mauricio por dar el ejemplo: se puede hacer pol\u00edtica pensando en los argentinos\u201d.<\/p>\n<p>El presidente del PRO Capital,<strong>\u00a0Claudio Romero<\/strong>\u00a0(VJ), agreg\u00f3: \u201cal gesto de honestidad pol\u00edtica e intelectual de Macri le debemos poner responsabilidad y madurez para honrar esta decisi\u00f3n desde nuestro espacio\u201d. La oficialista Mar\u00eda Luisa Gonz\u00e1lez Estevarena plante\u00f3 que \u201ceste gesto de grandeza y generosidad por parte de Macri no hace m\u00e1s que confirmar su don de gente y sus dotes de l\u00edder que se\u00f1ala el camino para una nueva Argentina a partir de los renunciamientos personales\u201d.<\/p>\n<p>\u201cGracias por tanto Mauricio. Una vez m\u00e1s, demostr\u00e1s que sos el uno y que no necesitas un cargo para liderar ni representar el cambio. A muerte con vos\u201d, a\u00f1adi\u00f3<strong>\u00a0Dar\u00edo Nieto<\/strong>\u00a0de Vamos Juntos, quien fue ex secretario personal de Macri.<\/p>\n<p>Por e contrario, el jefe del bloque La Libertad Avanza (LLA),<strong>\u00a0Ramiro Marra,\u00a0<\/strong>apunt\u00f3 con dureza contra JxC. \u201cSe baj\u00f3 Macri. Ganan los tibios la interna de Juntos por el Cambio\u201d, asever\u00f3.<\/p>\n<p>Por su parte, el legislador del Frente de Todos (FdT)\u00a0<strong>Juan Manuel Vald\u00e9s\u00a0<\/strong>decidi\u00f3 ironizar con lo sucedido: \u201ces una decisi\u00f3n m\u00e1s cantada que la de Bizarrap y Quevedo\u201d. Y\u00a0<strong>Gabriel Solano<\/strong>\u00a0(PO) apunt\u00f3 que \u201camenazaba con el segundo tiempo pero abandon\u00f3 en el vestuario. Arrug\u00f3 Macri\u201d.<\/p>\n","protected":false},"excerpt":{"rendered":"<p>El oficialismo porte\u00f1o asegura que la decisi\u00f3n \u201cprioriza el trabajo en equipo\u201d, pero la oposici\u00f3n sostiene que es por el<\/p>\n","protected":false},"author":1,"featured_media":4030,"comment_status":"open","ping_status":"closed","sticky":false,"template":"","format":"standard","meta":{"footnotes":""},"categories":[1],"tags":[1726],"class_list":["post-4029","post","type-post","status-publish","format-standard","has-post-thumbnail","hentry","category-uncategorized","tag-uncategorized"],"yoast_head":"<!-- This site is optimized with the Yoast SEO plugin v24.6 - https:\/\/yoast.com\/wordpress\/plugins\/seo\/ -->\n<title>Cruce de legisladores porte\u00f1os por la renuncia de Macri a ser candidato presidencial | FM Trance 103.3<\/title>\n<meta name=\"robots\" content=\"index, follow, max-snippet:-1, max-image-preview:large, max-video-preview:-1\" \/>\n<link rel=\"canonical\" href=\"https:\/\/www.fmtrance.com\/online\/cruce-de-legisladores-portenos-por-la-renuncia-de-macri-a-ser-candidato-presidencial\/\" \/>\n<meta property=\"og:locale\" content=\"es_ES\" \/>\n<meta property=\"og:type\" content=\"article\" \/>\n<meta property=\"og:title\" content=\"Cruce de legisladores porte\u00f1os por la renuncia de Macri a ser candidato presidencial | FM Trance 103.3\" \/>\n<meta property=\"og:description\" content=\"El oficialismo porte\u00f1o asegura que la decisi\u00f3n \u201cprioriza el trabajo en equipo\u201d, pero la oposici\u00f3n sostiene que es por el\" \/>\n<meta property=\"og:url\" content=\"https:\/\/www.fmtrance.com\/online\/cruce-de-legisladores-portenos-por-la-renuncia-de-macri-a-ser-candidato-presidencial\/\" \/>\n<meta property=\"og:site_name\" content=\"FM Trance 103.3\" \/>\n<meta property=\"article:publisher\" content=\"https:\/\/www.facebook.com\/fmtrance\" \/>\n<meta property=\"article:published_time\" content=\"2023-03-27T16:21:54+00:00\" \/>\n<meta property=\"article:modified_time\" content=\"2023-03-31T16:23:36+00:00\" \/>\n<meta property=\"og:image\" content=\"https:\/\/www.fmtrance.com\/online\/wp-content\/uploads\/2023\/03\/64207a501c777_800x553.jpg\" \/>\n\t<meta property=\"og:image:width\" content=\"800\" \/>\n\t<meta property=\"og:image:height\" content=\"553\" \/>\n\t<meta property=\"og:image:type\" content=\"image\/jpeg\" \/>\n<meta name=\"author\" content=\"Redaccion FM Trance\" \/>\n<meta name=\"twitter:card\" content=\"summary_large_image\" \/>\n<meta name=\"twitter:creator\" content=\"@fmtrance\" \/>\n<meta name=\"twitter:site\" content=\"@fmtrance\" \/>\n<meta name=\"twitter:label1\" content=\"Escrito por\" \/>\n\t<meta name=\"twitter:data1\" content=\"Redaccion FM Trance\" \/>\n\t<meta name=\"twitter:label2\" content=\"Tiempo de lectura\" \/>\n\t<meta name=\"twitter:data2\" content=\"2 minutos\" \/>\n<script type=\"application\/ld+json\" class=\"yoast-schema-graph\">{\"@context\":\"https:\/\/schema.org\",\"@graph\":[{\"@type\":\"Article\",\"@id\":\"https:\/\/www.fmtrance.com\/online\/cruce-de-legisladores-portenos-por-la-renuncia-de-macri-a-ser-candidato-presidencial\/#article\",\"isPartOf\":{\"@id\":\"https:\/\/www.fmtrance.com\/online\/cruce-de-legisladores-portenos-por-la-renuncia-de-macri-a-ser-candidato-presidencial\/\"},\"author\":{\"name\":\"Redaccion FM Trance\",\"@id\":\"https:\/\/www.fmtrance.com\/online\/#\/schema\/person\/686af7f826dd2f08b36b4760b7dcdddd\"},\"headline\":\"Cruce de legisladores porte\u00f1os por la renuncia de Macri a ser candidato presidencial\",\"datePublished\":\"2023-03-27T16:21:54+00:00\",\"dateModified\":\"2023-03-31T16:23:36+00:00\",\"mainEntityOfPage\":{\"@id\":\"https:\/\/www.fmtrance.com\/online\/cruce-de-legisladores-portenos-por-la-renuncia-de-macri-a-ser-candidato-presidencial\/\"},\"wordCount\":445,\"commentCount\":0,\"publisher\":{\"@id\":\"https:\/\/www.fmtrance.com\/online\/#organization\"},\"image\":{\"@id\":\"https:\/\/www.fmtrance.com\/online\/cruce-de-legisladores-portenos-por-la-renuncia-de-macri-a-ser-candidato-presidencial\/#primaryimage\"},\"thumbnailUrl\":\"https:\/\/www.fmtrance.com\/online\/wp-content\/uploads\/2023\/03\/64207a501c777_800x553.jpg\",\"keywords\":[\"Uncategorized\"],\"articleSection\":[\"Noticias\"],\"inLanguage\":\"es-AR\",\"potentialAction\":[{\"@type\":\"CommentAction\",\"name\":\"Comment\",\"target\":[\"https:\/\/www.fmtrance.com\/online\/cruce-de-legisladores-portenos-por-la-renuncia-de-macri-a-ser-candidato-presidencial\/#respond\"]}]},{\"@type\":\"WebPage\",\"@id\":\"https:\/\/www.fmtrance.com\/online\/cruce-de-legisladores-portenos-por-la-renuncia-de-macri-a-ser-candidato-presidencial\/\",\"url\":\"https:\/\/www.fmtrance.com\/online\/cruce-de-legisladores-portenos-por-la-renuncia-de-macri-a-ser-candidato-presidencial\/\",\"name\":\"Cruce de legisladores porte\u00f1os por la renuncia de Macri a ser candidato presidencial | FM Trance 103.3\",\"isPartOf\":{\"@id\":\"https:\/\/www.fmtrance.com\/online\/#website\"},\"primaryImageOfPage\":{\"@id\":\"https:\/\/www.fmtrance.com\/online\/cruce-de-legisladores-portenos-por-la-renuncia-de-macri-a-ser-candidato-presidencial\/#primaryimage\"},\"image\":{\"@id\":\"https:\/\/www.fmtrance.com\/online\/cruce-de-legisladores-portenos-por-la-renuncia-de-macri-a-ser-candidato-presidencial\/#primaryimage\"},\"thumbnailUrl\":\"https:\/\/www.fmtrance.com\/online\/wp-content\/uploads\/2023\/03\/64207a501c777_800x553.jpg\",\"datePublished\":\"2023-03-27T16:21:54+00:00\",\"dateModified\":\"2023-03-31T16:23:36+00:00\",\"breadcrumb\":{\"@id\":\"https:\/\/www.fmtrance.com\/online\/cruce-de-legisladores-portenos-por-la-renuncia-de-macri-a-ser-candidato-presidencial\/#breadcrumb\"},\"inLanguage\":\"es-AR\",\"potentialAction\":[{\"@type\":\"ReadAction\",\"target\":[\"https:\/\/www.fmtrance.com\/online\/cruce-de-legisladores-portenos-por-la-renuncia-de-macri-a-ser-candidato-presidencial\/\"]}]},{\"@type\":\"ImageObject\",\"inLanguage\":\"es-AR\",\"@id\":\"https:\/\/www.fmtrance.com\/online\/cruce-de-legisladores-portenos-por-la-renuncia-de-macri-a-ser-candidato-presidencial\/#primaryimage\",\"url\":\"https:\/\/www.fmtrance.com\/online\/wp-content\/uploads\/2023\/03\/64207a501c777_800x553.jpg\",\"contentUrl\":\"https:\/\/www.fmtrance.com\/online\/wp-content\/uploads\/2023\/03\/64207a501c777_800x553.jpg\",\"width\":800,\"height\":553},{\"@type\":\"BreadcrumbList\",\"@id\":\"https:\/\/www.fmtrance.com\/online\/cruce-de-legisladores-portenos-por-la-renuncia-de-macri-a-ser-candidato-presidencial\/#breadcrumb\",\"itemListElement\":[{\"@type\":\"ListItem\",\"position\":1,\"name\":\"Inicio\",\"item\":\"https:\/\/www.fmtrance.com\/online\/\"},{\"@type\":\"ListItem\",\"position\":2,\"name\":\"Cruce de legisladores porte\u00f1os por la renuncia de Macri a ser candidato presidencial\"}]},{\"@type\":\"WebSite\",\"@id\":\"https:\/\/www.fmtrance.com\/online\/#website\",\"url\":\"https:\/\/www.fmtrance.com\/online\/\",\"name\":\"FM Trance 103.3\",\"description\":\"CABA. Radio de musica electronica\",\"publisher\":{\"@id\":\"https:\/\/www.fmtrance.com\/online\/#organization\"},\"potentialAction\":[{\"@type\":\"SearchAction\",\"target\":{\"@type\":\"EntryPoint\",\"urlTemplate\":\"https:\/\/www.fmtrance.com\/online\/?s={search_term_string}\"},\"query-input\":{\"@type\":\"PropertyValueSpecification\",\"valueRequired\":true,\"valueName\":\"search_term_string\"}}],\"inLanguage\":\"es-AR\"},{\"@type\":\"Organization\",\"@id\":\"https:\/\/www.fmtrance.com\/online\/#organization\",\"name\":\"FM TRANCE\",\"url\":\"https:\/\/www.fmtrance.com\/online\/\",\"logo\":{\"@type\":\"ImageObject\",\"inLanguage\":\"es-AR\",\"@id\":\"https:\/\/www.fmtrance.com\/online\/#\/schema\/logo\/image\/\",\"url\":\"https:\/\/www.fmtrance.com\/online\/wp-content\/uploads\/2025\/03\/LOGO-WEB.png\",\"contentUrl\":\"https:\/\/www.fmtrance.com\/online\/wp-content\/uploads\/2025\/03\/LOGO-WEB.png\",\"width\":500,\"height\":500,\"caption\":\"FM TRANCE\"},\"image\":{\"@id\":\"https:\/\/www.fmtrance.com\/online\/#\/schema\/logo\/image\/\"},\"sameAs\":[\"https:\/\/www.facebook.com\/fmtrance\",\"https:\/\/x.com\/fmtrance\",\"https:\/\/www.instagram.com\/fmtrance\"]},{\"@type\":\"Person\",\"@id\":\"https:\/\/www.fmtrance.com\/online\/#\/schema\/person\/686af7f826dd2f08b36b4760b7dcdddd\",\"name\":\"Redaccion FM Trance\",\"image\":{\"@type\":\"ImageObject\",\"inLanguage\":\"es-AR\",\"@id\":\"https:\/\/www.fmtrance.com\/online\/#\/schema\/person\/image\/\",\"url\":\"https:\/\/secure.gravatar.com\/avatar\/c9d0afa8b0785bea8046a42861739f0a26fb9e8da739ce032e6598dc2981bc38?s=96&r=g\",\"contentUrl\":\"https:\/\/secure.gravatar.com\/avatar\/c9d0afa8b0785bea8046a42861739f0a26fb9e8da739ce032e6598dc2981bc38?s=96&r=g\",\"caption\":\"Redaccion FM Trance\"},\"description\":\"Fundador y Director general de FM Trance. Nacido el 24 de Septiembre de 1987, en Caballito, Ciudad Autonoma de Buenos Aires. Alguien de Radio desde siempre: ya a los 9 a\u00f1os de edad como radioescucha, sintonizando estaci\u00f3nes de AM, FM, onda corta, TV UHF\/VHF, y dem\u00e1s servicios. Se desempe\u00f1\u00f3 como Operador T\u00e9cnico en diferentes emisoras locales de CABA y GBA, y hasta el dia de hoy sigue ejerciendo desde la parte t\u00e9cnica, realizando trabajos en varias Radios. Egresado del ISER de la carrera de Operador Tecnico de Planta Transmisora, cursando actualmente la carrera de Operador Tecnico de Estudios de Radio en dicha instituci\u00f3n, y flamante radioaficionado (habiendo completado el curso en el Radioclub Buenos Aires), distintiva LU2DBK.\",\"url\":\"https:\/\/www.fmtrance.com\/online\/author\/fmtrance\/\"}]}<\/script>\n<!-- \/ Yoast SEO plugin. -->","yoast_head_json":{"title":"Cruce de legisladores porte\u00f1os por la renuncia de Macri a ser candidato presidencial | FM Trance 103.3","robots":{"index":"index","follow":"follow","max-snippet":"max-snippet:-1","max-image-preview":"max-image-preview:large","max-video-preview":"max-video-preview:-1"},"canonical":"https:\/\/www.fmtrance.com\/online\/cruce-de-legisladores-portenos-por-la-renuncia-de-macri-a-ser-candidato-presidencial\/","og_locale":"es_ES","og_type":"article","og_title":"Cruce de legisladores porte\u00f1os por la renuncia de Macri a ser candidato presidencial | FM Trance 103.3","og_description":"El oficialismo porte\u00f1o asegura que la decisi\u00f3n \u201cprioriza el trabajo en equipo\u201d, pero la oposici\u00f3n sostiene que es por el","og_url":"https:\/\/www.fmtrance.com\/online\/cruce-de-legisladores-portenos-por-la-renuncia-de-macri-a-ser-candidato-presidencial\/","og_site_name":"FM Trance 103.3","article_publisher":"https:\/\/www.facebook.com\/fmtrance","article_published_time":"2023-03-27T16:21:54+00:00","article_modified_time":"2023-03-31T16:23:36+00:00","og_image":[{"width":800,"height":553,"url":"https:\/\/www.fmtrance.com\/online\/wp-content\/uploads\/2023\/03\/64207a501c777_800x553.jpg","type":"image\/jpeg"}],"author":"Redaccion FM Trance","twitter_card":"summary_large_image","twitter_creator":"@fmtrance","twitter_site":"@fmtrance","twitter_misc":{"Escrito por":"Redaccion FM Trance","Tiempo de lectura":"2 minutos"},"schema":{"@context":"https:\/\/schema.org","@graph":[{"@type":"Article","@id":"https:\/\/www.fmtrance.com\/online\/cruce-de-legisladores-portenos-por-la-renuncia-de-macri-a-ser-candidato-presidencial\/#article","isPartOf":{"@id":"https:\/\/www.fmtrance.com\/online\/cruce-de-legisladores-portenos-por-la-renuncia-de-macri-a-ser-candidato-presidencial\/"},"author":{"name":"Redaccion FM Trance","@id":"https:\/\/www.fmtrance.com\/online\/#\/schema\/person\/686af7f826dd2f08b36b4760b7dcdddd"},"headline":"Cruce de legisladores porte\u00f1os por la renuncia de Macri a ser candidato presidencial","datePublished":"2023-03-27T16:21:54+00:00","dateModified":"2023-03-31T16:23:36+00:00","mainEntityOfPage":{"@id":"https:\/\/www.fmtrance.com\/online\/cruce-de-legisladores-portenos-por-la-renuncia-de-macri-a-ser-candidato-presidencial\/"},"wordCount":445,"commentCount":0,"publisher":{"@id":"https:\/\/www.fmtrance.com\/online\/#organization"},"image":{"@id":"https:\/\/www.fmtrance.com\/online\/cruce-de-legisladores-portenos-por-la-renuncia-de-macri-a-ser-candidato-presidencial\/#primaryimage"},"thumbnailUrl":"https:\/\/www.fmtrance.com\/online\/wp-content\/uploads\/2023\/03\/64207a501c777_800x553.jpg","keywords":["Uncategorized"],"articleSection":["Noticias"],"inLanguage":"es-AR","potentialAction":[{"@type":"CommentAction","name":"Comment","target":["https:\/\/www.fmtrance.com\/online\/cruce-de-legisladores-portenos-por-la-renuncia-de-macri-a-ser-candidato-presidencial\/#respond"]}]},{"@type":"WebPage","@id":"https:\/\/www.fmtrance.com\/online\/cruce-de-legisladores-portenos-por-la-renuncia-de-macri-a-ser-candidato-presidencial\/","url":"https:\/\/www.fmtrance.com\/online\/cruce-de-legisladores-portenos-por-la-renuncia-de-macri-a-ser-candidato-presidencial\/","name":"Cruce de legisladores porte\u00f1os por la renuncia de Macri a ser candidato presidencial | FM Trance 103.3","isPartOf":{"@id":"https:\/\/www.fmtrance.com\/online\/#website"},"primaryImageOfPage":{"@id":"https:\/\/www.fmtrance.com\/online\/cruce-de-legisladores-portenos-por-la-renuncia-de-macri-a-ser-candidato-presidencial\/#primaryimage"},"image":{"@id":"https:\/\/www.fmtrance.com\/online\/cruce-de-legisladores-portenos-por-la-renuncia-de-macri-a-ser-candidato-presidencial\/#primaryimage"},"thumbnailUrl":"https:\/\/www.fmtrance.com\/online\/wp-content\/uploads\/2023\/03\/64207a501c777_800x553.jpg","datePublished":"2023-03-27T16:21:54+00:00","dateModified":"2023-03-31T16:23:36+00:00","breadcrumb":{"@id":"https:\/\/www.fmtrance.com\/online\/cruce-de-legisladores-portenos-por-la-renuncia-de-macri-a-ser-candidato-presidencial\/#breadcrumb"},"inLanguage":"es-AR","potentialAction":[{"@type":"ReadAction","target":["https:\/\/www.fmtrance.com\/online\/cruce-de-legisladores-portenos-por-la-renuncia-de-macri-a-ser-candidato-presidencial\/"]}]},{"@type":"ImageObject","inLanguage":"es-AR","@id":"https:\/\/www.fmtrance.com\/online\/cruce-de-legisladores-portenos-por-la-renuncia-de-macri-a-ser-candidato-presidencial\/#primaryimage","url":"https:\/\/www.fmtrance.com\/online\/wp-content\/uploads\/2023\/03\/64207a501c777_800x553.jpg","contentUrl":"https:\/\/www.fmtrance.com\/online\/wp-content\/uploads\/2023\/03\/64207a501c777_800x553.jpg","width":800,"height":553},{"@type":"BreadcrumbList","@id":"https:\/\/www.fmtrance.com\/online\/cruce-de-legisladores-portenos-por-la-renuncia-de-macri-a-ser-candidato-presidencial\/#breadcrumb","itemListElement":[{"@type":"ListItem","position":1,"name":"Inicio","item":"https:\/\/www.fmtrance.com\/online\/"},{"@type":"ListItem","position":2,"name":"Cruce de legisladores porte\u00f1os por la renuncia de Macri a ser candidato presidencial"}]},{"@type":"WebSite","@id":"https:\/\/www.fmtrance.com\/online\/#website","url":"https:\/\/www.fmtrance.com\/online\/","name":"FM Trance 103.3","description":"CABA. Radio de musica electronica","publisher":{"@id":"https:\/\/www.fmtrance.com\/online\/#organization"},"potentialAction":[{"@type":"SearchAction","target":{"@type":"EntryPoint","urlTemplate":"https:\/\/www.fmtrance.com\/online\/?s={search_term_string}"},"query-input":{"@type":"PropertyValueSpecification","valueRequired":true,"valueName":"search_term_string"}}],"inLanguage":"es-AR"},{"@type":"Organization","@id":"https:\/\/www.fmtrance.com\/online\/#organization","name":"FM TRANCE","url":"https:\/\/www.fmtrance.com\/online\/","logo":{"@type":"ImageObject","inLanguage":"es-AR","@id":"https:\/\/www.fmtrance.com\/online\/#\/schema\/logo\/image\/","url":"https:\/\/www.fmtrance.com\/online\/wp-content\/uploads\/2025\/03\/LOGO-WEB.png","contentUrl":"https:\/\/www.fmtrance.com\/online\/wp-content\/uploads\/2025\/03\/LOGO-WEB.png","width":500,"height":500,"caption":"FM TRANCE"},"image":{"@id":"https:\/\/www.fmtrance.com\/online\/#\/schema\/logo\/image\/"},"sameAs":["https:\/\/www.facebook.com\/fmtrance","https:\/\/x.com\/fmtrance","https:\/\/www.instagram.com\/fmtrance"]},{"@type":"Person","@id":"https:\/\/www.fmtrance.com\/online\/#\/schema\/person\/686af7f826dd2f08b36b4760b7dcdddd","name":"Redaccion FM Trance","image":{"@type":"ImageObject","inLanguage":"es-AR","@id":"https:\/\/www.fmtrance.com\/online\/#\/schema\/person\/image\/","url":"https:\/\/secure.gravatar.com\/avatar\/c9d0afa8b0785bea8046a42861739f0a26fb9e8da739ce032e6598dc2981bc38?s=96&r=g","contentUrl":"https:\/\/secure.gravatar.com\/avatar\/c9d0afa8b0785bea8046a42861739f0a26fb9e8da739ce032e6598dc2981bc38?s=96&r=g","caption":"Redaccion FM Trance"},"description":"Fundador y Director general de FM Trance. Nacido el 24 de Septiembre de 1987, en Caballito, Ciudad Autonoma de Buenos Aires. Alguien de Radio desde siempre: ya a los 9 a\u00f1os de edad como radioescucha, sintonizando estaci\u00f3nes de AM, FM, onda corta, TV UHF\/VHF, y dem\u00e1s servicios. Se desempe\u00f1\u00f3 como Operador T\u00e9cnico en diferentes emisoras locales de CABA y GBA, y hasta el dia de hoy sigue ejerciendo desde la parte t\u00e9cnica, realizando trabajos en varias Radios. Egresado del ISER de la carrera de Operador Tecnico de Planta Transmisora, cursando actualmente la carrera de Operador Tecnico de Estudios de Radio en dicha instituci\u00f3n, y flamante radioaficionado (habiendo completado el curso en el Radioclub Buenos Aires), distintiva LU2DBK.","url":"https:\/\/www.fmtrance.com\/online\/author\/fmtrance\/"}]}},"_links":{"self":[{"href":"https:\/\/www.fmtrance.com\/online\/wp-json\/wp\/v2\/posts\/4029","targetHints":{"allow":["GET"]}}],"collection":[{"href":"https:\/\/www.fmtrance.com\/online\/wp-json\/wp\/v2\/posts"}],"about":[{"href":"https:\/\/www.fmtrance.com\/online\/wp-json\/wp\/v2\/types\/post"}],"author":[{"embeddable":true,"href":"https:\/\/www.fmtrance.com\/online\/wp-json\/wp\/v2\/users\/1"}],"replies":[{"embeddable":true,"href":"https:\/\/www.fmtrance.com\/online\/wp-json\/wp\/v2\/comments?post=4029"}],"version-history":[{"count":1,"href":"https:\/\/www.fmtrance.com\/online\/wp-json\/wp\/v2\/posts\/4029\/revisions"}],"predecessor-version":[{"id":4031,"href":"https:\/\/www.fmtrance.com\/online\/wp-json\/wp\/v2\/posts\/4029\/revisions\/4031"}],"wp:featuredmedia":[{"embeddable":true,"href":"https:\/\/www.fmtrance.com\/online\/wp-json\/wp\/v2\/media\/4030"}],"wp:attachment":[{"href":"https:\/\/www.fmtrance.com\/online\/wp-json\/wp\/v2\/media?parent=4029"}],"wp:term":[{"taxonomy":"category","embeddable":true,"href":"https:\/\/www.fmtrance.com\/online\/wp-json\/wp\/v2\/categories?post=4029"},{"taxonomy":"post_tag","embeddable":true,"href":"https:\/\/www.fmtrance.com\/online\/wp-json\/wp\/v2\/tags?post=4029"}],"curies":[{"name":"wp","href":"https:\/\/api.w.org\/{rel}","templated":true}]}}