{"id":4023,"date":"2023-03-27T13:13:37","date_gmt":"2023-03-27T16:13:37","guid":{"rendered":"http:\/\/www.fmtrance.com\/online\/?p=4023"},"modified":"2023-03-31T13:16:03","modified_gmt":"2023-03-31T16:16:03","slug":"villa-santa-rita-finalmente-tendra-su-primera-plaza","status":"publish","type":"post","link":"https:\/\/www.fmtrance.com\/online\/villa-santa-rita-finalmente-tendra-su-primera-plaza\/","title":{"rendered":"Villa Santa Rita finalmente tendr\u00e1 su primera plaza"},"content":{"rendered":"<p><strong><em>Los vecinos de Villa Santa Rita finalmente tendr\u00e1n su plaza tras largos a\u00f1os de trabajar para que se concrete este reclamo. Se expropiar\u00e1 un terreno de 1.600 metros cuadrados situado en \u00c1lvarez Jonte al 3200.<\/em><\/strong><\/p>\n<p>El barrio de\u00a0<strong>Villa Santa Rita<\/strong>\u00a0tendr\u00e1 su primera plaza, de acuerdo a una ley sancionada por unanimidad en la<strong>\u00a0Legislatura porte\u00f1a,<\/strong> en respuesta a un reclamo que lleva m\u00e1s de 40 a\u00f1os de vecinos para contar con, al menos, un<strong>\u00a0espacio verde<\/strong>\u00a0ante el d\u00e9ficit en materia ambiental que registra la zona.<\/p>\n<p>La iniciativa obtuvo\u00a0<strong>55 votos positivos<\/strong>\u00a0durante la sesi\u00f3n ordinaria del\u00a0<strong>Parlamento\u00a0<\/strong>y estuvo acompa\u00f1ada por todos los bloques legislativos para la expropiaci\u00f3n de un\u00a0<strong>terreno de 1.600 metros cuadrados\u00a0<\/strong>situado en \u00c1lvarez Jonte al 3200 y la posterior creaci\u00f3n de una plaza.<\/p>\n<p><em>\u201cLa aprobaci\u00f3n es una alegr\u00eda y un primer paso que venimos esperando desde hace mucho tiempo no solo nosotros, sino generaciones anteriores que quieren la plaza desde la d\u00e9cada del 80\u201d,<\/em>\u00a0dijo a T\u00e9lam\u00a0<strong>Guilermina Bruschi,<\/strong>\u00a0del colectivo barrial\u00a0<strong>\u201cUna Plaza para Villa Santa Rita\u201d,<\/strong>\u00a0cuyos integrantes estuvieron en la<strong>\u00a0Legislatura.<\/strong><\/p>\n<p>El proyecto fue enviado a la\u00a0<strong>Legislatura\u00a0<\/strong>meses atr\u00e1s por la actual gesti\u00f3n porte\u00f1a para saldar una deuda con el \u00fanico barrio de la\u00a0<strong>Ciudad de Buenos Aires\u00a0<\/strong>que no tiene ninguna plaza en toda su superficie, que se extiende por 2,2 kil\u00f3metros cuadrados, y registra una poblaci\u00f3n que supera los<strong>\u00a034 mil habitantes.<\/strong><\/p>\n<p>Un informe oficial del\u00a0<strong>Gobierno porte\u00f1o<\/strong>\u00a0del 2019 sobre los niveles de cobertura vegetal muestra un d\u00e9ficit en el barrio ya que el espacio verde total por superficie es de un 25% frente al 76% del mejor posicionado que es\u00a0<strong>Puerto Madero.<\/strong><\/p>\n<p>La iniciativa dispone la declaraci\u00f3n\u00a0<em>&#8220;de utilidad p\u00fablica y sujeto a expropiaci\u00f3n&#8221;<\/em>\u00a0a los terrenos situados sobre \u00c1lvarez Jonte 3222\/24\/32\u00a0<em>&#8220;con destino a la creaci\u00f3n de un espacio verde de uso p\u00fablico, con acceso libre y gratuito&#8221;.<\/em><\/p>\n<p>El predio est\u00e1 abandonado hace a\u00f1os, tiene su ingreso tapiado con carteles publicitarios y una salida en el sector trasero que da a un pasaje, en una zona caracterizada por casas bajas, pocos edificios, dos escuelas y una gran cantidad de comercios barriales.<\/p>\n<p>Durante el tratamiento en la\u00a0<strong>Legislatura<\/strong>, la\u00a0<strong>diputada del Frente de Todos Claudia Neira<\/strong>\u00a0celebr\u00f3 que\u00a0<em>\u201cpor fin Villa Santa Rita va a tener una plaza\u201d<\/em>; no obstante advirti\u00f3 que \u201c<em>este primer paso tiene que ir acompa\u00f1ado por un plan de espacios verdes porque el barrio sigue estando carente y necesitado\u201d.<\/em><\/p>\n<p>En sinton\u00eda, el\u00a0<strong>legislador Mat\u00edas Barroetave\u00f1a<\/strong>\u00a0remarc\u00f3\u00a0<em>\u201cla participaci\u00f3n activa de los vecinos\u201d\u00a0<\/em>para lograr la creaci\u00f3n de la plaza, pero enfatiz\u00f3 que\u00a0<em>\u201cesto es un efecto colateral del lavado de cara que quieren hacer de la pol\u00edtica indiscriminada de venta de tierras p\u00fablicas que desarticul\u00f3 cualquier pol\u00edtica de gesti\u00f3n sustentable del suelo\u201d. \u201cSon medidas, apenas paliativas, que forman parte de la gran campa\u00f1a de \u2018humo verde\u2019 con la que\u00a0<strong>Horacio Rodr\u00edguez Larreta<\/strong>\u00a0pretende vender una realidad que no existe\u201d,\u00a0<\/em>agreg\u00f3.<\/p>\n<p>El\u00a0<strong>legislador de Vamos Juntos y presidente de la Comisi\u00f3n de Planeamiento, Daniel Del Sol,<\/strong>\u00a0manifest\u00f3 que se dio &#8220;<em>un paso muy valioso para saldar una deuda hist\u00f3rica con el barrio y sus vecinos, dado que esta zona presenta un importante d\u00e9ficit de espacio verde y plazas\u201d.<\/em><\/p>\n","protected":false},"excerpt":{"rendered":"<p>Los vecinos de Villa Santa Rita finalmente tendr\u00e1n su plaza tras largos a\u00f1os de trabajar para que se concrete este<\/p>\n","protected":false},"author":1,"featured_media":4024,"comment_status":"open","ping_status":"closed","sticky":false,"template":"","format":"standard","meta":{"footnotes":""},"categories":[1],"tags":[1726],"class_list":["post-4023","post","type-post","status-publish","format-standard","has-post-thumbnail","hentry","category-uncategorized","tag-uncategorized"],"yoast_head":"<!-- This site is optimized with the Yoast SEO plugin v24.6 - https:\/\/yoast.com\/wordpress\/plugins\/seo\/ -->\n<title>Villa Santa Rita finalmente tendr\u00e1 su primera plaza | FM Trance 103.3<\/title>\n<meta name=\"robots\" content=\"index, follow, max-snippet:-1, max-image-preview:large, max-video-preview:-1\" \/>\n<link rel=\"canonical\" href=\"https:\/\/www.fmtrance.com\/online\/villa-santa-rita-finalmente-tendra-su-primera-plaza\/\" \/>\n<meta property=\"og:locale\" content=\"es_ES\" \/>\n<meta property=\"og:type\" content=\"article\" \/>\n<meta property=\"og:title\" content=\"Villa Santa Rita finalmente tendr\u00e1 su primera plaza | FM Trance 103.3\" \/>\n<meta property=\"og:description\" content=\"Los vecinos de Villa Santa Rita finalmente tendr\u00e1n su plaza tras largos a\u00f1os de trabajar para que se concrete este\" \/>\n<meta property=\"og:url\" content=\"https:\/\/www.fmtrance.com\/online\/villa-santa-rita-finalmente-tendra-su-primera-plaza\/\" \/>\n<meta property=\"og:site_name\" content=\"FM Trance 103.3\" \/>\n<meta property=\"article:publisher\" content=\"https:\/\/www.facebook.com\/fmtrance\" \/>\n<meta property=\"article:published_time\" content=\"2023-03-27T16:13:37+00:00\" \/>\n<meta property=\"article:modified_time\" content=\"2023-03-31T16:16:03+00:00\" \/>\n<meta property=\"og:image\" content=\"https:\/\/www.fmtrance.com\/online\/wp-content\/uploads\/2023\/03\/64218b85e4426_800x488.jpg\" \/>\n\t<meta property=\"og:image:width\" content=\"800\" \/>\n\t<meta property=\"og:image:height\" content=\"488\" \/>\n\t<meta property=\"og:image:type\" content=\"image\/jpeg\" \/>\n<meta name=\"author\" content=\"Redaccion FM Trance\" \/>\n<meta name=\"twitter:card\" content=\"summary_large_image\" \/>\n<meta name=\"twitter:creator\" content=\"@fmtrance\" \/>\n<meta name=\"twitter:site\" content=\"@fmtrance\" \/>\n<meta name=\"twitter:label1\" content=\"Escrito por\" \/>\n\t<meta name=\"twitter:data1\" content=\"Redaccion FM Trance\" \/>\n\t<meta name=\"twitter:label2\" content=\"Tiempo de lectura\" \/>\n\t<meta name=\"twitter:data2\" content=\"3 minutos\" \/>\n<script type=\"application\/ld+json\" class=\"yoast-schema-graph\">{\"@context\":\"https:\/\/schema.org\",\"@graph\":[{\"@type\":\"Article\",\"@id\":\"https:\/\/www.fmtrance.com\/online\/villa-santa-rita-finalmente-tendra-su-primera-plaza\/#article\",\"isPartOf\":{\"@id\":\"https:\/\/www.fmtrance.com\/online\/villa-santa-rita-finalmente-tendra-su-primera-plaza\/\"},\"author\":{\"name\":\"Redaccion FM Trance\",\"@id\":\"https:\/\/www.fmtrance.com\/online\/#\/schema\/person\/686af7f826dd2f08b36b4760b7dcdddd\"},\"headline\":\"Villa Santa Rita finalmente tendr\u00e1 su primera plaza\",\"datePublished\":\"2023-03-27T16:13:37+00:00\",\"dateModified\":\"2023-03-31T16:16:03+00:00\",\"mainEntityOfPage\":{\"@id\":\"https:\/\/www.fmtrance.com\/online\/villa-santa-rita-finalmente-tendra-su-primera-plaza\/\"},\"wordCount\":574,\"commentCount\":0,\"publisher\":{\"@id\":\"https:\/\/www.fmtrance.com\/online\/#organization\"},\"image\":{\"@id\":\"https:\/\/www.fmtrance.com\/online\/villa-santa-rita-finalmente-tendra-su-primera-plaza\/#primaryimage\"},\"thumbnailUrl\":\"https:\/\/www.fmtrance.com\/online\/wp-content\/uploads\/2023\/03\/64218b85e4426_800x488.jpg\",\"keywords\":[\"Uncategorized\"],\"articleSection\":[\"Noticias\"],\"inLanguage\":\"es-AR\",\"potentialAction\":[{\"@type\":\"CommentAction\",\"name\":\"Comment\",\"target\":[\"https:\/\/www.fmtrance.com\/online\/villa-santa-rita-finalmente-tendra-su-primera-plaza\/#respond\"]}]},{\"@type\":\"WebPage\",\"@id\":\"https:\/\/www.fmtrance.com\/online\/villa-santa-rita-finalmente-tendra-su-primera-plaza\/\",\"url\":\"https:\/\/www.fmtrance.com\/online\/villa-santa-rita-finalmente-tendra-su-primera-plaza\/\",\"name\":\"Villa Santa Rita finalmente tendr\u00e1 su primera plaza | FM Trance 103.3\",\"isPartOf\":{\"@id\":\"https:\/\/www.fmtrance.com\/online\/#website\"},\"primaryImageOfPage\":{\"@id\":\"https:\/\/www.fmtrance.com\/online\/villa-santa-rita-finalmente-tendra-su-primera-plaza\/#primaryimage\"},\"image\":{\"@id\":\"https:\/\/www.fmtrance.com\/online\/villa-santa-rita-finalmente-tendra-su-primera-plaza\/#primaryimage\"},\"thumbnailUrl\":\"https:\/\/www.fmtrance.com\/online\/wp-content\/uploads\/2023\/03\/64218b85e4426_800x488.jpg\",\"datePublished\":\"2023-03-27T16:13:37+00:00\",\"dateModified\":\"2023-03-31T16:16:03+00:00\",\"breadcrumb\":{\"@id\":\"https:\/\/www.fmtrance.com\/online\/villa-santa-rita-finalmente-tendra-su-primera-plaza\/#breadcrumb\"},\"inLanguage\":\"es-AR\",\"potentialAction\":[{\"@type\":\"ReadAction\",\"target\":[\"https:\/\/www.fmtrance.com\/online\/villa-santa-rita-finalmente-tendra-su-primera-plaza\/\"]}]},{\"@type\":\"ImageObject\",\"inLanguage\":\"es-AR\",\"@id\":\"https:\/\/www.fmtrance.com\/online\/villa-santa-rita-finalmente-tendra-su-primera-plaza\/#primaryimage\",\"url\":\"https:\/\/www.fmtrance.com\/online\/wp-content\/uploads\/2023\/03\/64218b85e4426_800x488.jpg\",\"contentUrl\":\"https:\/\/www.fmtrance.com\/online\/wp-content\/uploads\/2023\/03\/64218b85e4426_800x488.jpg\",\"width\":800,\"height\":488},{\"@type\":\"BreadcrumbList\",\"@id\":\"https:\/\/www.fmtrance.com\/online\/villa-santa-rita-finalmente-tendra-su-primera-plaza\/#breadcrumb\",\"itemListElement\":[{\"@type\":\"ListItem\",\"position\":1,\"name\":\"Inicio\",\"item\":\"https:\/\/www.fmtrance.com\/online\/\"},{\"@type\":\"ListItem\",\"position\":2,\"name\":\"Villa Santa Rita finalmente tendr\u00e1 su primera plaza\"}]},{\"@type\":\"WebSite\",\"@id\":\"https:\/\/www.fmtrance.com\/online\/#website\",\"url\":\"https:\/\/www.fmtrance.com\/online\/\",\"name\":\"FM Trance 103.3\",\"description\":\"CABA. Radio de musica electronica\",\"publisher\":{\"@id\":\"https:\/\/www.fmtrance.com\/online\/#organization\"},\"potentialAction\":[{\"@type\":\"SearchAction\",\"target\":{\"@type\":\"EntryPoint\",\"urlTemplate\":\"https:\/\/www.fmtrance.com\/online\/?s={search_term_string}\"},\"query-input\":{\"@type\":\"PropertyValueSpecification\",\"valueRequired\":true,\"valueName\":\"search_term_string\"}}],\"inLanguage\":\"es-AR\"},{\"@type\":\"Organization\",\"@id\":\"https:\/\/www.fmtrance.com\/online\/#organization\",\"name\":\"FM TRANCE\",\"url\":\"https:\/\/www.fmtrance.com\/online\/\",\"logo\":{\"@type\":\"ImageObject\",\"inLanguage\":\"es-AR\",\"@id\":\"https:\/\/www.fmtrance.com\/online\/#\/schema\/logo\/image\/\",\"url\":\"https:\/\/www.fmtrance.com\/online\/wp-content\/uploads\/2025\/03\/LOGO-WEB.png\",\"contentUrl\":\"https:\/\/www.fmtrance.com\/online\/wp-content\/uploads\/2025\/03\/LOGO-WEB.png\",\"width\":500,\"height\":500,\"caption\":\"FM TRANCE\"},\"image\":{\"@id\":\"https:\/\/www.fmtrance.com\/online\/#\/schema\/logo\/image\/\"},\"sameAs\":[\"https:\/\/www.facebook.com\/fmtrance\",\"https:\/\/x.com\/fmtrance\",\"https:\/\/www.instagram.com\/fmtrance\"]},{\"@type\":\"Person\",\"@id\":\"https:\/\/www.fmtrance.com\/online\/#\/schema\/person\/686af7f826dd2f08b36b4760b7dcdddd\",\"name\":\"Redaccion FM Trance\",\"image\":{\"@type\":\"ImageObject\",\"inLanguage\":\"es-AR\",\"@id\":\"https:\/\/www.fmtrance.com\/online\/#\/schema\/person\/image\/\",\"url\":\"https:\/\/secure.gravatar.com\/avatar\/c9d0afa8b0785bea8046a42861739f0a26fb9e8da739ce032e6598dc2981bc38?s=96&r=g\",\"contentUrl\":\"https:\/\/secure.gravatar.com\/avatar\/c9d0afa8b0785bea8046a42861739f0a26fb9e8da739ce032e6598dc2981bc38?s=96&r=g\",\"caption\":\"Redaccion FM Trance\"},\"description\":\"Fundador y Director general de FM Trance. Nacido el 24 de Septiembre de 1987, en Caballito, Ciudad Autonoma de Buenos Aires. Alguien de Radio desde siempre: ya a los 9 a\u00f1os de edad como radioescucha, sintonizando estaci\u00f3nes de AM, FM, onda corta, TV UHF\/VHF, y dem\u00e1s servicios. Se desempe\u00f1\u00f3 como Operador T\u00e9cnico en diferentes emisoras locales de CABA y GBA, y hasta el dia de hoy sigue ejerciendo desde la parte t\u00e9cnica, realizando trabajos en varias Radios. Egresado del ISER de la carrera de Operador Tecnico de Planta Transmisora, cursando actualmente la carrera de Operador Tecnico de Estudios de Radio en dicha instituci\u00f3n, y flamante radioaficionado (habiendo completado el curso en el Radioclub Buenos Aires), distintiva LU2DBK.\",\"url\":\"https:\/\/www.fmtrance.com\/online\/author\/fmtrance\/\"}]}<\/script>\n<!-- \/ Yoast SEO plugin. -->","yoast_head_json":{"title":"Villa Santa Rita finalmente tendr\u00e1 su primera plaza | FM Trance 103.3","robots":{"index":"index","follow":"follow","max-snippet":"max-snippet:-1","max-image-preview":"max-image-preview:large","max-video-preview":"max-video-preview:-1"},"canonical":"https:\/\/www.fmtrance.com\/online\/villa-santa-rita-finalmente-tendra-su-primera-plaza\/","og_locale":"es_ES","og_type":"article","og_title":"Villa Santa Rita finalmente tendr\u00e1 su primera plaza | FM Trance 103.3","og_description":"Los vecinos de Villa Santa Rita finalmente tendr\u00e1n su plaza tras largos a\u00f1os de trabajar para que se concrete este","og_url":"https:\/\/www.fmtrance.com\/online\/villa-santa-rita-finalmente-tendra-su-primera-plaza\/","og_site_name":"FM Trance 103.3","article_publisher":"https:\/\/www.facebook.com\/fmtrance","article_published_time":"2023-03-27T16:13:37+00:00","article_modified_time":"2023-03-31T16:16:03+00:00","og_image":[{"width":800,"height":488,"url":"https:\/\/www.fmtrance.com\/online\/wp-content\/uploads\/2023\/03\/64218b85e4426_800x488.jpg","type":"image\/jpeg"}],"author":"Redaccion FM Trance","twitter_card":"summary_large_image","twitter_creator":"@fmtrance","twitter_site":"@fmtrance","twitter_misc":{"Escrito por":"Redaccion FM Trance","Tiempo de lectura":"3 minutos"},"schema":{"@context":"https:\/\/schema.org","@graph":[{"@type":"Article","@id":"https:\/\/www.fmtrance.com\/online\/villa-santa-rita-finalmente-tendra-su-primera-plaza\/#article","isPartOf":{"@id":"https:\/\/www.fmtrance.com\/online\/villa-santa-rita-finalmente-tendra-su-primera-plaza\/"},"author":{"name":"Redaccion FM Trance","@id":"https:\/\/www.fmtrance.com\/online\/#\/schema\/person\/686af7f826dd2f08b36b4760b7dcdddd"},"headline":"Villa Santa Rita finalmente tendr\u00e1 su primera plaza","datePublished":"2023-03-27T16:13:37+00:00","dateModified":"2023-03-31T16:16:03+00:00","mainEntityOfPage":{"@id":"https:\/\/www.fmtrance.com\/online\/villa-santa-rita-finalmente-tendra-su-primera-plaza\/"},"wordCount":574,"commentCount":0,"publisher":{"@id":"https:\/\/www.fmtrance.com\/online\/#organization"},"image":{"@id":"https:\/\/www.fmtrance.com\/online\/villa-santa-rita-finalmente-tendra-su-primera-plaza\/#primaryimage"},"thumbnailUrl":"https:\/\/www.fmtrance.com\/online\/wp-content\/uploads\/2023\/03\/64218b85e4426_800x488.jpg","keywords":["Uncategorized"],"articleSection":["Noticias"],"inLanguage":"es-AR","potentialAction":[{"@type":"CommentAction","name":"Comment","target":["https:\/\/www.fmtrance.com\/online\/villa-santa-rita-finalmente-tendra-su-primera-plaza\/#respond"]}]},{"@type":"WebPage","@id":"https:\/\/www.fmtrance.com\/online\/villa-santa-rita-finalmente-tendra-su-primera-plaza\/","url":"https:\/\/www.fmtrance.com\/online\/villa-santa-rita-finalmente-tendra-su-primera-plaza\/","name":"Villa Santa Rita finalmente tendr\u00e1 su primera plaza | FM Trance 103.3","isPartOf":{"@id":"https:\/\/www.fmtrance.com\/online\/#website"},"primaryImageOfPage":{"@id":"https:\/\/www.fmtrance.com\/online\/villa-santa-rita-finalmente-tendra-su-primera-plaza\/#primaryimage"},"image":{"@id":"https:\/\/www.fmtrance.com\/online\/villa-santa-rita-finalmente-tendra-su-primera-plaza\/#primaryimage"},"thumbnailUrl":"https:\/\/www.fmtrance.com\/online\/wp-content\/uploads\/2023\/03\/64218b85e4426_800x488.jpg","datePublished":"2023-03-27T16:13:37+00:00","dateModified":"2023-03-31T16:16:03+00:00","breadcrumb":{"@id":"https:\/\/www.fmtrance.com\/online\/villa-santa-rita-finalmente-tendra-su-primera-plaza\/#breadcrumb"},"inLanguage":"es-AR","potentialAction":[{"@type":"ReadAction","target":["https:\/\/www.fmtrance.com\/online\/villa-santa-rita-finalmente-tendra-su-primera-plaza\/"]}]},{"@type":"ImageObject","inLanguage":"es-AR","@id":"https:\/\/www.fmtrance.com\/online\/villa-santa-rita-finalmente-tendra-su-primera-plaza\/#primaryimage","url":"https:\/\/www.fmtrance.com\/online\/wp-content\/uploads\/2023\/03\/64218b85e4426_800x488.jpg","contentUrl":"https:\/\/www.fmtrance.com\/online\/wp-content\/uploads\/2023\/03\/64218b85e4426_800x488.jpg","width":800,"height":488},{"@type":"BreadcrumbList","@id":"https:\/\/www.fmtrance.com\/online\/villa-santa-rita-finalmente-tendra-su-primera-plaza\/#breadcrumb","itemListElement":[{"@type":"ListItem","position":1,"name":"Inicio","item":"https:\/\/www.fmtrance.com\/online\/"},{"@type":"ListItem","position":2,"name":"Villa Santa Rita finalmente tendr\u00e1 su primera plaza"}]},{"@type":"WebSite","@id":"https:\/\/www.fmtrance.com\/online\/#website","url":"https:\/\/www.fmtrance.com\/online\/","name":"FM Trance 103.3","description":"CABA. Radio de musica electronica","publisher":{"@id":"https:\/\/www.fmtrance.com\/online\/#organization"},"potentialAction":[{"@type":"SearchAction","target":{"@type":"EntryPoint","urlTemplate":"https:\/\/www.fmtrance.com\/online\/?s={search_term_string}"},"query-input":{"@type":"PropertyValueSpecification","valueRequired":true,"valueName":"search_term_string"}}],"inLanguage":"es-AR"},{"@type":"Organization","@id":"https:\/\/www.fmtrance.com\/online\/#organization","name":"FM TRANCE","url":"https:\/\/www.fmtrance.com\/online\/","logo":{"@type":"ImageObject","inLanguage":"es-AR","@id":"https:\/\/www.fmtrance.com\/online\/#\/schema\/logo\/image\/","url":"https:\/\/www.fmtrance.com\/online\/wp-content\/uploads\/2025\/03\/LOGO-WEB.png","contentUrl":"https:\/\/www.fmtrance.com\/online\/wp-content\/uploads\/2025\/03\/LOGO-WEB.png","width":500,"height":500,"caption":"FM TRANCE"},"image":{"@id":"https:\/\/www.fmtrance.com\/online\/#\/schema\/logo\/image\/"},"sameAs":["https:\/\/www.facebook.com\/fmtrance","https:\/\/x.com\/fmtrance","https:\/\/www.instagram.com\/fmtrance"]},{"@type":"Person","@id":"https:\/\/www.fmtrance.com\/online\/#\/schema\/person\/686af7f826dd2f08b36b4760b7dcdddd","name":"Redaccion FM Trance","image":{"@type":"ImageObject","inLanguage":"es-AR","@id":"https:\/\/www.fmtrance.com\/online\/#\/schema\/person\/image\/","url":"https:\/\/secure.gravatar.com\/avatar\/c9d0afa8b0785bea8046a42861739f0a26fb9e8da739ce032e6598dc2981bc38?s=96&r=g","contentUrl":"https:\/\/secure.gravatar.com\/avatar\/c9d0afa8b0785bea8046a42861739f0a26fb9e8da739ce032e6598dc2981bc38?s=96&r=g","caption":"Redaccion FM Trance"},"description":"Fundador y Director general de FM Trance. Nacido el 24 de Septiembre de 1987, en Caballito, Ciudad Autonoma de Buenos Aires. Alguien de Radio desde siempre: ya a los 9 a\u00f1os de edad como radioescucha, sintonizando estaci\u00f3nes de AM, FM, onda corta, TV UHF\/VHF, y dem\u00e1s servicios. Se desempe\u00f1\u00f3 como Operador T\u00e9cnico en diferentes emisoras locales de CABA y GBA, y hasta el dia de hoy sigue ejerciendo desde la parte t\u00e9cnica, realizando trabajos en varias Radios. Egresado del ISER de la carrera de Operador Tecnico de Planta Transmisora, cursando actualmente la carrera de Operador Tecnico de Estudios de Radio en dicha instituci\u00f3n, y flamante radioaficionado (habiendo completado el curso en el Radioclub Buenos Aires), distintiva LU2DBK.","url":"https:\/\/www.fmtrance.com\/online\/author\/fmtrance\/"}]}},"_links":{"self":[{"href":"https:\/\/www.fmtrance.com\/online\/wp-json\/wp\/v2\/posts\/4023","targetHints":{"allow":["GET"]}}],"collection":[{"href":"https:\/\/www.fmtrance.com\/online\/wp-json\/wp\/v2\/posts"}],"about":[{"href":"https:\/\/www.fmtrance.com\/online\/wp-json\/wp\/v2\/types\/post"}],"author":[{"embeddable":true,"href":"https:\/\/www.fmtrance.com\/online\/wp-json\/wp\/v2\/users\/1"}],"replies":[{"embeddable":true,"href":"https:\/\/www.fmtrance.com\/online\/wp-json\/wp\/v2\/comments?post=4023"}],"version-history":[{"count":1,"href":"https:\/\/www.fmtrance.com\/online\/wp-json\/wp\/v2\/posts\/4023\/revisions"}],"predecessor-version":[{"id":4025,"href":"https:\/\/www.fmtrance.com\/online\/wp-json\/wp\/v2\/posts\/4023\/revisions\/4025"}],"wp:featuredmedia":[{"embeddable":true,"href":"https:\/\/www.fmtrance.com\/online\/wp-json\/wp\/v2\/media\/4024"}],"wp:attachment":[{"href":"https:\/\/www.fmtrance.com\/online\/wp-json\/wp\/v2\/media?parent=4023"}],"wp:term":[{"taxonomy":"category","embeddable":true,"href":"https:\/\/www.fmtrance.com\/online\/wp-json\/wp\/v2\/categories?post=4023"},{"taxonomy":"post_tag","embeddable":true,"href":"https:\/\/www.fmtrance.com\/online\/wp-json\/wp\/v2\/tags?post=4023"}],"curies":[{"name":"wp","href":"https:\/\/api.w.org\/{rel}","templated":true}]}}