{"id":4017,"date":"2023-03-23T12:55:46","date_gmt":"2023-03-23T15:55:46","guid":{"rendered":"http:\/\/www.fmtrance.com\/online\/?p=4017"},"modified":"2023-03-31T13:01:58","modified_gmt":"2023-03-31T16:01:58","slug":"berni-sobre-el-presidente-no-es-un-muerto-politico-porque-los-muertos-no-molestan","status":"publish","type":"post","link":"https:\/\/www.fmtrance.com\/online\/berni-sobre-el-presidente-no-es-un-muerto-politico-porque-los-muertos-no-molestan\/","title":{"rendered":"Berni sobre el Presidente: &#8220;No es un muerto pol\u00edtico porque los muertos no molestan&#8221;"},"content":{"rendered":"<p>El ministro de Seguridad de la provincia de Buenos Aires, Sergio Berni, afirm\u00f3 hoy que el presidente Alberto Fern\u00e1ndez\u00a0&#8220;no es un muerto pol\u00edtico&#8221; porque, en su criterio, &#8220;los muertos no molestan&#8221;. Adem\u00e1s, asegur\u00f3 que el mandatario nacional le hace &#8220;mal al peronismo&#8221;.<\/p>\n<p>No es la primera declaraci\u00f3n fuerte que realiza el funcionario con relaci\u00f3n al jefe de Estado, ya que el a\u00f1o pasado dispar\u00f3: &#8220;El\u00a0que trajo al borracho que se lo lleve&#8221;. Ahora, Berni redobl\u00f3 la apuesta y argument\u00f3: &#8220;No es un muerto pol\u00edtico porque los muertos no molestan. Hoy molesta pol\u00edticamente&#8221;.<\/p>\n<p>Para el ex integrante del gabinete de la vicepresidenta Cristina Kirchner, Fern\u00e1ndez obstruye la\u00a0reconstrucci\u00f3n &#8220;de un peronismo que tiene ambici\u00f3n de poder para transformar&#8221;.<\/p>\n<p>Y continu\u00f3: &#8220;Le hace mucho mal al peronismo, molesta esa necedad de seguir diciendo que va a ser candidato a Presidente&#8221;.\u00a0Las declaraciones surgieron en una entrevista televisa donde tambi\u00e9n fue consultado por el rol de su par de Naci\u00f3n, An\u00edbal Fern\u00e1ndez.<\/p>\n<p>Al respecto, el titular de la cartera provincial dijo: &#8220;Cuando equivocadamente intenta contradecir los intereses de la provincia de Buenos Aires, me va a tener enfrente&#8221;.<\/p>\n<p>La relaci\u00f3n entre la PBA y la Casa Rosada se tens\u00f3 tras el despliegue de fuerzas federales en territorio bonaerense. Seg\u00fan Berni, el ministro Fern\u00e1ndez guarda &#8220;mucho rencor con el pueblo bonaerense que le dio la espalda&#8221; en las elecciones de 2015.<\/p>\n<p>&nbsp;<\/p>\n","protected":false},"excerpt":{"rendered":"<p>El ministro de Seguridad de la provincia de Buenos Aires, Sergio Berni, afirm\u00f3 hoy que el presidente Alberto Fern\u00e1ndez\u00a0&#8220;no es<\/p>\n","protected":false},"author":1,"featured_media":4018,"comment_status":"open","ping_status":"closed","sticky":false,"template":"","format":"standard","meta":{"footnotes":""},"categories":[1],"tags":[1726],"class_list":["post-4017","post","type-post","status-publish","format-standard","has-post-thumbnail","hentry","category-uncategorized","tag-uncategorized"],"yoast_head":"<!-- This site is optimized with the Yoast SEO plugin v24.6 - https:\/\/yoast.com\/wordpress\/plugins\/seo\/ -->\n<title>Berni sobre el Presidente: &quot;No es un muerto pol\u00edtico porque los muertos no molestan&quot; | FM Trance 103.3<\/title>\n<meta name=\"robots\" content=\"index, follow, max-snippet:-1, max-image-preview:large, max-video-preview:-1\" \/>\n<link rel=\"canonical\" href=\"https:\/\/www.fmtrance.com\/online\/berni-sobre-el-presidente-no-es-un-muerto-politico-porque-los-muertos-no-molestan\/\" \/>\n<meta property=\"og:locale\" content=\"es_ES\" \/>\n<meta property=\"og:type\" content=\"article\" \/>\n<meta property=\"og:title\" content=\"Berni sobre el Presidente: &quot;No es un muerto pol\u00edtico porque los muertos no molestan&quot; | FM Trance 103.3\" \/>\n<meta property=\"og:description\" content=\"El ministro de Seguridad de la provincia de Buenos Aires, Sergio Berni, afirm\u00f3 hoy que el presidente Alberto Fern\u00e1ndez\u00a0&#8220;no es\" \/>\n<meta property=\"og:url\" content=\"https:\/\/www.fmtrance.com\/online\/berni-sobre-el-presidente-no-es-un-muerto-politico-porque-los-muertos-no-molestan\/\" \/>\n<meta property=\"og:site_name\" content=\"FM Trance 103.3\" \/>\n<meta property=\"article:publisher\" content=\"https:\/\/www.facebook.com\/fmtrance\" \/>\n<meta property=\"article:published_time\" content=\"2023-03-23T15:55:46+00:00\" \/>\n<meta property=\"article:modified_time\" content=\"2023-03-31T16:01:58+00:00\" \/>\n<meta property=\"og:image\" content=\"https:\/\/www.fmtrance.com\/online\/wp-content\/uploads\/2023\/03\/berni.jpg\" \/>\n\t<meta property=\"og:image:width\" content=\"713\" \/>\n\t<meta property=\"og:image:height\" content=\"373\" \/>\n\t<meta property=\"og:image:type\" content=\"image\/jpeg\" \/>\n<meta name=\"author\" content=\"Redaccion FM Trance\" \/>\n<meta name=\"twitter:card\" content=\"summary_large_image\" \/>\n<meta name=\"twitter:creator\" content=\"@fmtrance\" \/>\n<meta name=\"twitter:site\" content=\"@fmtrance\" \/>\n<meta name=\"twitter:label1\" content=\"Escrito por\" \/>\n\t<meta name=\"twitter:data1\" content=\"Redaccion FM Trance\" \/>\n\t<meta name=\"twitter:label2\" content=\"Tiempo de lectura\" \/>\n\t<meta name=\"twitter:data2\" content=\"1 minuto\" \/>\n<script type=\"application\/ld+json\" class=\"yoast-schema-graph\">{\"@context\":\"https:\/\/schema.org\",\"@graph\":[{\"@type\":\"Article\",\"@id\":\"https:\/\/www.fmtrance.com\/online\/berni-sobre-el-presidente-no-es-un-muerto-politico-porque-los-muertos-no-molestan\/#article\",\"isPartOf\":{\"@id\":\"https:\/\/www.fmtrance.com\/online\/berni-sobre-el-presidente-no-es-un-muerto-politico-porque-los-muertos-no-molestan\/\"},\"author\":{\"name\":\"Redaccion FM Trance\",\"@id\":\"https:\/\/www.fmtrance.com\/online\/#\/schema\/person\/686af7f826dd2f08b36b4760b7dcdddd\"},\"headline\":\"Berni sobre el Presidente: &#8220;No es un muerto pol\u00edtico porque los muertos no molestan&#8221;\",\"datePublished\":\"2023-03-23T15:55:46+00:00\",\"dateModified\":\"2023-03-31T16:01:58+00:00\",\"mainEntityOfPage\":{\"@id\":\"https:\/\/www.fmtrance.com\/online\/berni-sobre-el-presidente-no-es-un-muerto-politico-porque-los-muertos-no-molestan\/\"},\"wordCount\":262,\"commentCount\":0,\"publisher\":{\"@id\":\"https:\/\/www.fmtrance.com\/online\/#organization\"},\"image\":{\"@id\":\"https:\/\/www.fmtrance.com\/online\/berni-sobre-el-presidente-no-es-un-muerto-politico-porque-los-muertos-no-molestan\/#primaryimage\"},\"thumbnailUrl\":\"https:\/\/www.fmtrance.com\/online\/wp-content\/uploads\/2023\/03\/berni.jpg\",\"keywords\":[\"Uncategorized\"],\"articleSection\":[\"Noticias\"],\"inLanguage\":\"es-AR\",\"potentialAction\":[{\"@type\":\"CommentAction\",\"name\":\"Comment\",\"target\":[\"https:\/\/www.fmtrance.com\/online\/berni-sobre-el-presidente-no-es-un-muerto-politico-porque-los-muertos-no-molestan\/#respond\"]}]},{\"@type\":\"WebPage\",\"@id\":\"https:\/\/www.fmtrance.com\/online\/berni-sobre-el-presidente-no-es-un-muerto-politico-porque-los-muertos-no-molestan\/\",\"url\":\"https:\/\/www.fmtrance.com\/online\/berni-sobre-el-presidente-no-es-un-muerto-politico-porque-los-muertos-no-molestan\/\",\"name\":\"Berni sobre el Presidente: \\\"No es un muerto pol\u00edtico porque los muertos no molestan\\\" | FM Trance 103.3\",\"isPartOf\":{\"@id\":\"https:\/\/www.fmtrance.com\/online\/#website\"},\"primaryImageOfPage\":{\"@id\":\"https:\/\/www.fmtrance.com\/online\/berni-sobre-el-presidente-no-es-un-muerto-politico-porque-los-muertos-no-molestan\/#primaryimage\"},\"image\":{\"@id\":\"https:\/\/www.fmtrance.com\/online\/berni-sobre-el-presidente-no-es-un-muerto-politico-porque-los-muertos-no-molestan\/#primaryimage\"},\"thumbnailUrl\":\"https:\/\/www.fmtrance.com\/online\/wp-content\/uploads\/2023\/03\/berni.jpg\",\"datePublished\":\"2023-03-23T15:55:46+00:00\",\"dateModified\":\"2023-03-31T16:01:58+00:00\",\"breadcrumb\":{\"@id\":\"https:\/\/www.fmtrance.com\/online\/berni-sobre-el-presidente-no-es-un-muerto-politico-porque-los-muertos-no-molestan\/#breadcrumb\"},\"inLanguage\":\"es-AR\",\"potentialAction\":[{\"@type\":\"ReadAction\",\"target\":[\"https:\/\/www.fmtrance.com\/online\/berni-sobre-el-presidente-no-es-un-muerto-politico-porque-los-muertos-no-molestan\/\"]}]},{\"@type\":\"ImageObject\",\"inLanguage\":\"es-AR\",\"@id\":\"https:\/\/www.fmtrance.com\/online\/berni-sobre-el-presidente-no-es-un-muerto-politico-porque-los-muertos-no-molestan\/#primaryimage\",\"url\":\"https:\/\/www.fmtrance.com\/online\/wp-content\/uploads\/2023\/03\/berni.jpg\",\"contentUrl\":\"https:\/\/www.fmtrance.com\/online\/wp-content\/uploads\/2023\/03\/berni.jpg\",\"width\":713,\"height\":373},{\"@type\":\"BreadcrumbList\",\"@id\":\"https:\/\/www.fmtrance.com\/online\/berni-sobre-el-presidente-no-es-un-muerto-politico-porque-los-muertos-no-molestan\/#breadcrumb\",\"itemListElement\":[{\"@type\":\"ListItem\",\"position\":1,\"name\":\"Inicio\",\"item\":\"https:\/\/www.fmtrance.com\/online\/\"},{\"@type\":\"ListItem\",\"position\":2,\"name\":\"Berni sobre el Presidente: &#8220;No es un muerto pol\u00edtico porque los muertos no molestan&#8221;\"}]},{\"@type\":\"WebSite\",\"@id\":\"https:\/\/www.fmtrance.com\/online\/#website\",\"url\":\"https:\/\/www.fmtrance.com\/online\/\",\"name\":\"FM Trance 103.3\",\"description\":\"CABA. Radio de musica electronica\",\"publisher\":{\"@id\":\"https:\/\/www.fmtrance.com\/online\/#organization\"},\"potentialAction\":[{\"@type\":\"SearchAction\",\"target\":{\"@type\":\"EntryPoint\",\"urlTemplate\":\"https:\/\/www.fmtrance.com\/online\/?s={search_term_string}\"},\"query-input\":{\"@type\":\"PropertyValueSpecification\",\"valueRequired\":true,\"valueName\":\"search_term_string\"}}],\"inLanguage\":\"es-AR\"},{\"@type\":\"Organization\",\"@id\":\"https:\/\/www.fmtrance.com\/online\/#organization\",\"name\":\"FM TRANCE\",\"url\":\"https:\/\/www.fmtrance.com\/online\/\",\"logo\":{\"@type\":\"ImageObject\",\"inLanguage\":\"es-AR\",\"@id\":\"https:\/\/www.fmtrance.com\/online\/#\/schema\/logo\/image\/\",\"url\":\"https:\/\/www.fmtrance.com\/online\/wp-content\/uploads\/2025\/03\/LOGO-WEB.png\",\"contentUrl\":\"https:\/\/www.fmtrance.com\/online\/wp-content\/uploads\/2025\/03\/LOGO-WEB.png\",\"width\":500,\"height\":500,\"caption\":\"FM TRANCE\"},\"image\":{\"@id\":\"https:\/\/www.fmtrance.com\/online\/#\/schema\/logo\/image\/\"},\"sameAs\":[\"https:\/\/www.facebook.com\/fmtrance\",\"https:\/\/x.com\/fmtrance\",\"https:\/\/www.instagram.com\/fmtrance\"]},{\"@type\":\"Person\",\"@id\":\"https:\/\/www.fmtrance.com\/online\/#\/schema\/person\/686af7f826dd2f08b36b4760b7dcdddd\",\"name\":\"Redaccion FM Trance\",\"image\":{\"@type\":\"ImageObject\",\"inLanguage\":\"es-AR\",\"@id\":\"https:\/\/www.fmtrance.com\/online\/#\/schema\/person\/image\/\",\"url\":\"https:\/\/secure.gravatar.com\/avatar\/c9d0afa8b0785bea8046a42861739f0a26fb9e8da739ce032e6598dc2981bc38?s=96&r=g\",\"contentUrl\":\"https:\/\/secure.gravatar.com\/avatar\/c9d0afa8b0785bea8046a42861739f0a26fb9e8da739ce032e6598dc2981bc38?s=96&r=g\",\"caption\":\"Redaccion FM Trance\"},\"description\":\"Fundador y Director general de FM Trance. Nacido el 24 de Septiembre de 1987, en Caballito, Ciudad Autonoma de Buenos Aires. Alguien de Radio desde siempre: ya a los 9 a\u00f1os de edad como radioescucha, sintonizando estaci\u00f3nes de AM, FM, onda corta, TV UHF\/VHF, y dem\u00e1s servicios. Se desempe\u00f1\u00f3 como Operador T\u00e9cnico en diferentes emisoras locales de CABA y GBA, y hasta el dia de hoy sigue ejerciendo desde la parte t\u00e9cnica, realizando trabajos en varias Radios. Egresado del ISER de la carrera de Operador Tecnico de Planta Transmisora, cursando actualmente la carrera de Operador Tecnico de Estudios de Radio en dicha instituci\u00f3n, y flamante radioaficionado (habiendo completado el curso en el Radioclub Buenos Aires), distintiva LU2DBK.\",\"url\":\"https:\/\/www.fmtrance.com\/online\/author\/fmtrance\/\"}]}<\/script>\n<!-- \/ Yoast SEO plugin. -->","yoast_head_json":{"title":"Berni sobre el Presidente: \"No es un muerto pol\u00edtico porque los muertos no molestan\" | FM Trance 103.3","robots":{"index":"index","follow":"follow","max-snippet":"max-snippet:-1","max-image-preview":"max-image-preview:large","max-video-preview":"max-video-preview:-1"},"canonical":"https:\/\/www.fmtrance.com\/online\/berni-sobre-el-presidente-no-es-un-muerto-politico-porque-los-muertos-no-molestan\/","og_locale":"es_ES","og_type":"article","og_title":"Berni sobre el Presidente: \"No es un muerto pol\u00edtico porque los muertos no molestan\" | FM Trance 103.3","og_description":"El ministro de Seguridad de la provincia de Buenos Aires, Sergio Berni, afirm\u00f3 hoy que el presidente Alberto Fern\u00e1ndez\u00a0&#8220;no es","og_url":"https:\/\/www.fmtrance.com\/online\/berni-sobre-el-presidente-no-es-un-muerto-politico-porque-los-muertos-no-molestan\/","og_site_name":"FM Trance 103.3","article_publisher":"https:\/\/www.facebook.com\/fmtrance","article_published_time":"2023-03-23T15:55:46+00:00","article_modified_time":"2023-03-31T16:01:58+00:00","og_image":[{"width":713,"height":373,"url":"https:\/\/www.fmtrance.com\/online\/wp-content\/uploads\/2023\/03\/berni.jpg","type":"image\/jpeg"}],"author":"Redaccion FM Trance","twitter_card":"summary_large_image","twitter_creator":"@fmtrance","twitter_site":"@fmtrance","twitter_misc":{"Escrito por":"Redaccion FM Trance","Tiempo de lectura":"1 minuto"},"schema":{"@context":"https:\/\/schema.org","@graph":[{"@type":"Article","@id":"https:\/\/www.fmtrance.com\/online\/berni-sobre-el-presidente-no-es-un-muerto-politico-porque-los-muertos-no-molestan\/#article","isPartOf":{"@id":"https:\/\/www.fmtrance.com\/online\/berni-sobre-el-presidente-no-es-un-muerto-politico-porque-los-muertos-no-molestan\/"},"author":{"name":"Redaccion FM Trance","@id":"https:\/\/www.fmtrance.com\/online\/#\/schema\/person\/686af7f826dd2f08b36b4760b7dcdddd"},"headline":"Berni sobre el Presidente: &#8220;No es un muerto pol\u00edtico porque los muertos no molestan&#8221;","datePublished":"2023-03-23T15:55:46+00:00","dateModified":"2023-03-31T16:01:58+00:00","mainEntityOfPage":{"@id":"https:\/\/www.fmtrance.com\/online\/berni-sobre-el-presidente-no-es-un-muerto-politico-porque-los-muertos-no-molestan\/"},"wordCount":262,"commentCount":0,"publisher":{"@id":"https:\/\/www.fmtrance.com\/online\/#organization"},"image":{"@id":"https:\/\/www.fmtrance.com\/online\/berni-sobre-el-presidente-no-es-un-muerto-politico-porque-los-muertos-no-molestan\/#primaryimage"},"thumbnailUrl":"https:\/\/www.fmtrance.com\/online\/wp-content\/uploads\/2023\/03\/berni.jpg","keywords":["Uncategorized"],"articleSection":["Noticias"],"inLanguage":"es-AR","potentialAction":[{"@type":"CommentAction","name":"Comment","target":["https:\/\/www.fmtrance.com\/online\/berni-sobre-el-presidente-no-es-un-muerto-politico-porque-los-muertos-no-molestan\/#respond"]}]},{"@type":"WebPage","@id":"https:\/\/www.fmtrance.com\/online\/berni-sobre-el-presidente-no-es-un-muerto-politico-porque-los-muertos-no-molestan\/","url":"https:\/\/www.fmtrance.com\/online\/berni-sobre-el-presidente-no-es-un-muerto-politico-porque-los-muertos-no-molestan\/","name":"Berni sobre el Presidente: \"No es un muerto pol\u00edtico porque los muertos no molestan\" | FM Trance 103.3","isPartOf":{"@id":"https:\/\/www.fmtrance.com\/online\/#website"},"primaryImageOfPage":{"@id":"https:\/\/www.fmtrance.com\/online\/berni-sobre-el-presidente-no-es-un-muerto-politico-porque-los-muertos-no-molestan\/#primaryimage"},"image":{"@id":"https:\/\/www.fmtrance.com\/online\/berni-sobre-el-presidente-no-es-un-muerto-politico-porque-los-muertos-no-molestan\/#primaryimage"},"thumbnailUrl":"https:\/\/www.fmtrance.com\/online\/wp-content\/uploads\/2023\/03\/berni.jpg","datePublished":"2023-03-23T15:55:46+00:00","dateModified":"2023-03-31T16:01:58+00:00","breadcrumb":{"@id":"https:\/\/www.fmtrance.com\/online\/berni-sobre-el-presidente-no-es-un-muerto-politico-porque-los-muertos-no-molestan\/#breadcrumb"},"inLanguage":"es-AR","potentialAction":[{"@type":"ReadAction","target":["https:\/\/www.fmtrance.com\/online\/berni-sobre-el-presidente-no-es-un-muerto-politico-porque-los-muertos-no-molestan\/"]}]},{"@type":"ImageObject","inLanguage":"es-AR","@id":"https:\/\/www.fmtrance.com\/online\/berni-sobre-el-presidente-no-es-un-muerto-politico-porque-los-muertos-no-molestan\/#primaryimage","url":"https:\/\/www.fmtrance.com\/online\/wp-content\/uploads\/2023\/03\/berni.jpg","contentUrl":"https:\/\/www.fmtrance.com\/online\/wp-content\/uploads\/2023\/03\/berni.jpg","width":713,"height":373},{"@type":"BreadcrumbList","@id":"https:\/\/www.fmtrance.com\/online\/berni-sobre-el-presidente-no-es-un-muerto-politico-porque-los-muertos-no-molestan\/#breadcrumb","itemListElement":[{"@type":"ListItem","position":1,"name":"Inicio","item":"https:\/\/www.fmtrance.com\/online\/"},{"@type":"ListItem","position":2,"name":"Berni sobre el Presidente: &#8220;No es un muerto pol\u00edtico porque los muertos no molestan&#8221;"}]},{"@type":"WebSite","@id":"https:\/\/www.fmtrance.com\/online\/#website","url":"https:\/\/www.fmtrance.com\/online\/","name":"FM Trance 103.3","description":"CABA. Radio de musica electronica","publisher":{"@id":"https:\/\/www.fmtrance.com\/online\/#organization"},"potentialAction":[{"@type":"SearchAction","target":{"@type":"EntryPoint","urlTemplate":"https:\/\/www.fmtrance.com\/online\/?s={search_term_string}"},"query-input":{"@type":"PropertyValueSpecification","valueRequired":true,"valueName":"search_term_string"}}],"inLanguage":"es-AR"},{"@type":"Organization","@id":"https:\/\/www.fmtrance.com\/online\/#organization","name":"FM TRANCE","url":"https:\/\/www.fmtrance.com\/online\/","logo":{"@type":"ImageObject","inLanguage":"es-AR","@id":"https:\/\/www.fmtrance.com\/online\/#\/schema\/logo\/image\/","url":"https:\/\/www.fmtrance.com\/online\/wp-content\/uploads\/2025\/03\/LOGO-WEB.png","contentUrl":"https:\/\/www.fmtrance.com\/online\/wp-content\/uploads\/2025\/03\/LOGO-WEB.png","width":500,"height":500,"caption":"FM TRANCE"},"image":{"@id":"https:\/\/www.fmtrance.com\/online\/#\/schema\/logo\/image\/"},"sameAs":["https:\/\/www.facebook.com\/fmtrance","https:\/\/x.com\/fmtrance","https:\/\/www.instagram.com\/fmtrance"]},{"@type":"Person","@id":"https:\/\/www.fmtrance.com\/online\/#\/schema\/person\/686af7f826dd2f08b36b4760b7dcdddd","name":"Redaccion FM Trance","image":{"@type":"ImageObject","inLanguage":"es-AR","@id":"https:\/\/www.fmtrance.com\/online\/#\/schema\/person\/image\/","url":"https:\/\/secure.gravatar.com\/avatar\/c9d0afa8b0785bea8046a42861739f0a26fb9e8da739ce032e6598dc2981bc38?s=96&r=g","contentUrl":"https:\/\/secure.gravatar.com\/avatar\/c9d0afa8b0785bea8046a42861739f0a26fb9e8da739ce032e6598dc2981bc38?s=96&r=g","caption":"Redaccion FM Trance"},"description":"Fundador y Director general de FM Trance. Nacido el 24 de Septiembre de 1987, en Caballito, Ciudad Autonoma de Buenos Aires. Alguien de Radio desde siempre: ya a los 9 a\u00f1os de edad como radioescucha, sintonizando estaci\u00f3nes de AM, FM, onda corta, TV UHF\/VHF, y dem\u00e1s servicios. Se desempe\u00f1\u00f3 como Operador T\u00e9cnico en diferentes emisoras locales de CABA y GBA, y hasta el dia de hoy sigue ejerciendo desde la parte t\u00e9cnica, realizando trabajos en varias Radios. Egresado del ISER de la carrera de Operador Tecnico de Planta Transmisora, cursando actualmente la carrera de Operador Tecnico de Estudios de Radio en dicha instituci\u00f3n, y flamante radioaficionado (habiendo completado el curso en el Radioclub Buenos Aires), distintiva LU2DBK.","url":"https:\/\/www.fmtrance.com\/online\/author\/fmtrance\/"}]}},"_links":{"self":[{"href":"https:\/\/www.fmtrance.com\/online\/wp-json\/wp\/v2\/posts\/4017","targetHints":{"allow":["GET"]}}],"collection":[{"href":"https:\/\/www.fmtrance.com\/online\/wp-json\/wp\/v2\/posts"}],"about":[{"href":"https:\/\/www.fmtrance.com\/online\/wp-json\/wp\/v2\/types\/post"}],"author":[{"embeddable":true,"href":"https:\/\/www.fmtrance.com\/online\/wp-json\/wp\/v2\/users\/1"}],"replies":[{"embeddable":true,"href":"https:\/\/www.fmtrance.com\/online\/wp-json\/wp\/v2\/comments?post=4017"}],"version-history":[{"count":1,"href":"https:\/\/www.fmtrance.com\/online\/wp-json\/wp\/v2\/posts\/4017\/revisions"}],"predecessor-version":[{"id":4019,"href":"https:\/\/www.fmtrance.com\/online\/wp-json\/wp\/v2\/posts\/4017\/revisions\/4019"}],"wp:featuredmedia":[{"embeddable":true,"href":"https:\/\/www.fmtrance.com\/online\/wp-json\/wp\/v2\/media\/4018"}],"wp:attachment":[{"href":"https:\/\/www.fmtrance.com\/online\/wp-json\/wp\/v2\/media?parent=4017"}],"wp:term":[{"taxonomy":"category","embeddable":true,"href":"https:\/\/www.fmtrance.com\/online\/wp-json\/wp\/v2\/categories?post=4017"},{"taxonomy":"post_tag","embeddable":true,"href":"https:\/\/www.fmtrance.com\/online\/wp-json\/wp\/v2\/tags?post=4017"}],"curies":[{"name":"wp","href":"https:\/\/api.w.org\/{rel}","templated":true}]}}