{"id":4014,"date":"2023-03-23T12:52:36","date_gmt":"2023-03-23T15:52:36","guid":{"rendered":"http:\/\/www.fmtrance.com\/online\/?p=4014"},"modified":"2023-03-31T12:54:10","modified_gmt":"2023-03-31T15:54:10","slug":"vuelve-la-feria-leer-y-comer","status":"publish","type":"post","link":"https:\/\/www.fmtrance.com\/online\/vuelve-la-feria-leer-y-comer\/","title":{"rendered":"Vuelve la Feria Leer y Comer"},"content":{"rendered":"<div class=\"_none block block-layout-builder block-field-blocknodearticlefield-summary\">\n<div class=\"content\">\n<p class=\"lead\"><strong>Tendr\u00e1 lugar el 1 y 2 de abril desde las 12 h en el barrio de Villa Crespo, en las calles Concepci\u00f3n Arenal y Warnes.<\/strong><\/p>\n<div class=\"field__item mt-4\">\n<div class=\"paragraph paragraph--type--paragraph paragraph--view-mode--default\">\n<div class=\"clearfix text-formatted field field--name-body field--type-text-long field--label-hidden field__item\">\n<p>El\u00a0<a href=\"https:\/\/buenosaires.gob.ar\/desarrolloeconomico\">Ministerio de Desarrollo Econ\u00f3mico y Producci\u00f3n\u00a0<\/a>de la Ciudad invita, a trav\u00e9s de la\u00a0<a href=\"https:\/\/buenosaires.gob.ar\/desarrolloeconomico\/gastronomia\">Subsecretar\u00eda de Pol\u00edticas Gastron\u00f3micas<\/a>, a vecinos, vecinas y turistas a la\u00a0<strong>16a edici\u00f3n de la Feria Leer y Comer<\/strong>.<\/p>\n<p>Esta iniciativa propone, bajo el lema\u00a0<strong>\u201cde Argentina al mundo\u201d<\/strong>, un fin de semana con<strong>\u00a0lo mejor de la gastronom\u00eda<\/strong>, el arte y la literatura, por medio de\u00a0<strong>Food Trucks, charlas tem\u00e1ticas, m\u00fasica en vivo,<\/strong>\u00a0presentaciones de libros, y juegos para grandes y chicos.<\/p>\n<p>Con entrada\u00a0<strong>libre y gratuita<\/strong>, quienes visiten la Feria podr\u00e1n disfrutar de una\u00a0<strong>propuesta gastron\u00f3mica rica, saludable y variada,<\/strong>\u00a0con ofertas que incluyen comida de\u00a0<strong>distintas regiones del mundo,<\/strong>\u00a0como:<\/p>\n<ul>\n<li><strong>Corea<\/strong><\/li>\n<li><strong>Espa\u00f1a<\/strong><\/li>\n<li><strong>Per\u00fa<\/strong><\/li>\n<li><strong>Latinoam\u00e9rica en general.\u00a0<\/strong><\/li>\n<\/ul>\n<p>Adem\u00e1s, los puestos contar\u00e1n con opciones\u00a0<strong>vegetarianas, veganas y sin TACC.\u00a0<\/strong><\/p>\n<p><strong>Algunos de los Food Trucks<\/strong>\u00a0que estar\u00e1n presentes en la Feria ser\u00e1n\u00a0<strong>Como te lo Digo;<\/strong>\u00a0El Hornero;\u00a0<strong>Felices Las Vacas;<\/strong>\u00a0Gazpacho; Guapaletas;\u00a0<strong>Jordanas;<\/strong>\u00a0Koi; Kreaps;\u00a0<strong>Margen del Mundo Caf\u00e9;<\/strong>\u00a0Mochica; No es Soberbia;\u00a0<strong>Sandra Lee;<\/strong>\u00a0Teque Pops y\u00a0<strong>Todo Brasas.<\/strong><\/p>\n<p>Como ya es costumbre, este a\u00f1o la Feria tambi\u00e9n propondr\u00e1 un nuevo ciclo de charlas entre\u00a0<strong>cocineros, artistas y escritores<\/strong>\u00a0de los m\u00e1s reconocidos, entre los que se destacan:<\/p>\n<ul>\n<li><strong>Federico Andahazi<\/strong><\/li>\n<li>Gonzalo Bonadeo<\/li>\n<li>Juan Jos\u00e9 Campanella<\/li>\n<li><strong>Donato de Santis<\/strong><\/li>\n<li>Florencia Etcheves<\/li>\n<li>H\u00e9ctor Gatto<\/li>\n<li><strong>Iwao Komiyama<\/strong><\/li>\n<li>Milo Locket<\/li>\n<li>Mart\u00edn Migoya<\/li>\n<li><strong>Gustavo Noriega<\/strong><\/li>\n<li>Guillermo Oliveto<\/li>\n<li>Mario Pergolini<\/li>\n<li><strong>Claudia Pi\u00f1eiro<\/strong><\/li>\n<li>Daniel L\u00f3pez Rosetti<\/li>\n<li><strong>Eduardo Sacheri<\/strong><\/li>\n<li>Pietro Sorba<\/li>\n<li><strong>Fernando Trocca<\/strong><\/li>\n<li>Diego Valenzuela<\/li>\n<li><strong>Alejandro Vigil.<\/strong><\/li>\n<\/ul>\n<\/div>\n<\/div>\n<\/div>\n<div class=\"field__item mt-4\">\n<div class=\"paragraph paragraph--type--gallery paragraph--view-mode--default\">\n<div class=\"container\">\n<div class=\"row\">\n<div>\n<div class=\"gallery-grid-container\">\n<div class=\"gallery-grid gallery-max-1\"><a class=\"gallery-grid-item\" data-toggle=\"modal\" data-target=\"#modalGallery-44C2amAEjW1680274018101\"><img decoding=\"async\" src=\"https:\/\/buenosaires.gob.ar\/sites\/default\/files\/styles\/full_width\/public\/2023-03\/nota%20leer%20y%20comer%20%281%29_0.png?itok=SVrFcKzd\" alt=\"Leer y comer.\" \/><\/a><\/div>\n<\/div>\n<\/div>\n<\/div>\n<\/div>\n<\/div>\n<\/div>\n<div class=\"field__item mt-4\">\n<div class=\"paragraph paragraph--type--paragraph paragraph--view-mode--default\">\n<div class=\"clearfix text-formatted field field--name-body field--type-text-long field--label-hidden field__item\">\n<p><strong>Lo que vaya sucediendo<\/strong>\u00a0durante la Feria va a ser transmitido\u00a0<strong>en<\/strong>\u00a0vivo por\u00a0<strong>Radio Berl\u00edn 107.9.<\/strong><\/p>\n<p>Adem\u00e1s de las entrevistas exclusivas a\u00a0<strong>cocineros, artistas y escritores,<\/strong>\u00a0la radio agranda la apuesta y\u00a0<strong>sale a la calle<\/strong>\u00a0con la participaci\u00f3n de los artistas invitados\u00a0<strong>Juku Ares y Caro Donati,<\/strong>\u00a0quienes se presentar\u00e1n con un\u00a0<strong>show en vivo<\/strong>\u00a0para cerrar la jornada del s\u00e1bado a\u00a0<strong>pura m\u00fasica.<\/strong><\/p>\n<p>La Feria\u00a0<strong>Leer y Comer<\/strong>\u00a0cuenta con el apoyo de\u00a0<strong>BA Capital Gastron\u00f3mica<\/strong>, un programa de la\u00a0<strong>Subsecretar\u00eda de Pol\u00edticas Gastron\u00f3micas<\/strong>\u00a0que busca posicionar a la Ciudad de Buenos Aires como\u00a0<strong>capital gastron\u00f3mica de Am\u00e9rica Latina.\u00a0<\/strong><\/p>\n<p>Su objetivo es\u00a0<strong>potenciar la actividad econ\u00f3mica<\/strong>\u00a0a trav\u00e9s del\u00a0<strong>desarrollo gastron\u00f3mico porte\u00f1o,<\/strong>\u00a0mediante la generaci\u00f3n de\u00a0<strong>empleo,<\/strong>\u00a0la\u00a0<strong>promoci\u00f3n tur\u00edstica<\/strong>\u00a0y la inclusi\u00f3n social.<\/p>\n<h1><strong>Pod\u00e9s encontrar m\u00e1s informaci\u00f3n sobre el evento en las redes de\u00a0<a href=\"https:\/\/www.instagram.com\/leerycomer\/?hl=es\">@leerycomer<\/a>\u00a0y\u00a0<a href=\"https:\/\/www.instagram.com\/bacapitalgastronomica\/?hl=es\">@bacapitalgastronomica<\/a>.\u00a0<\/strong><\/h1>\n<\/div>\n<\/div>\n<\/div>\n<\/div>\n<\/div>\n","protected":false},"excerpt":{"rendered":"<p>Tendr\u00e1 lugar el 1 y 2 de abril desde las 12 h en el barrio de Villa Crespo, en las<\/p>\n","protected":false},"author":1,"featured_media":4015,"comment_status":"open","ping_status":"closed","sticky":false,"template":"","format":"standard","meta":{"footnotes":""},"categories":[1],"tags":[1726],"class_list":["post-4014","post","type-post","status-publish","format-standard","has-post-thumbnail","hentry","category-uncategorized","tag-uncategorized"],"yoast_head":"<!-- This site is optimized with the Yoast SEO plugin v24.6 - https:\/\/yoast.com\/wordpress\/plugins\/seo\/ -->\n<title>Vuelve la Feria Leer y Comer | FM Trance 103.3<\/title>\n<meta name=\"robots\" content=\"index, follow, max-snippet:-1, max-image-preview:large, max-video-preview:-1\" \/>\n<link rel=\"canonical\" href=\"https:\/\/www.fmtrance.com\/online\/vuelve-la-feria-leer-y-comer\/\" \/>\n<meta property=\"og:locale\" content=\"es_ES\" \/>\n<meta property=\"og:type\" content=\"article\" \/>\n<meta property=\"og:title\" content=\"Vuelve la Feria Leer y Comer | FM Trance 103.3\" \/>\n<meta property=\"og:description\" content=\"Tendr\u00e1 lugar el 1 y 2 de abril desde las 12 h en el barrio de Villa Crespo, en las\" \/>\n<meta property=\"og:url\" content=\"https:\/\/www.fmtrance.com\/online\/vuelve-la-feria-leer-y-comer\/\" \/>\n<meta property=\"og:site_name\" content=\"FM Trance 103.3\" \/>\n<meta property=\"article:publisher\" content=\"https:\/\/www.facebook.com\/fmtrance\" \/>\n<meta property=\"article:published_time\" content=\"2023-03-23T15:52:36+00:00\" \/>\n<meta property=\"article:modified_time\" content=\"2023-03-31T15:54:10+00:00\" \/>\n<meta property=\"og:image\" content=\"https:\/\/www.fmtrance.com\/online\/wp-content\/uploads\/2023\/03\/nota-leer-y-comer-1_0.png\" \/>\n\t<meta property=\"og:image:width\" content=\"747\" \/>\n\t<meta property=\"og:image:height\" content=\"427\" \/>\n\t<meta property=\"og:image:type\" content=\"image\/png\" \/>\n<meta name=\"author\" content=\"Redaccion FM Trance\" \/>\n<meta name=\"twitter:card\" content=\"summary_large_image\" \/>\n<meta name=\"twitter:creator\" content=\"@fmtrance\" \/>\n<meta name=\"twitter:site\" content=\"@fmtrance\" \/>\n<meta name=\"twitter:label1\" content=\"Escrito por\" \/>\n\t<meta name=\"twitter:data1\" content=\"Redaccion FM Trance\" \/>\n\t<meta name=\"twitter:label2\" content=\"Tiempo de lectura\" \/>\n\t<meta name=\"twitter:data2\" content=\"2 minutos\" \/>\n<script type=\"application\/ld+json\" class=\"yoast-schema-graph\">{\"@context\":\"https:\/\/schema.org\",\"@graph\":[{\"@type\":\"Article\",\"@id\":\"https:\/\/www.fmtrance.com\/online\/vuelve-la-feria-leer-y-comer\/#article\",\"isPartOf\":{\"@id\":\"https:\/\/www.fmtrance.com\/online\/vuelve-la-feria-leer-y-comer\/\"},\"author\":{\"name\":\"Redaccion FM Trance\",\"@id\":\"https:\/\/www.fmtrance.com\/online\/#\/schema\/person\/686af7f826dd2f08b36b4760b7dcdddd\"},\"headline\":\"Vuelve la Feria Leer y Comer\",\"datePublished\":\"2023-03-23T15:52:36+00:00\",\"dateModified\":\"2023-03-31T15:54:10+00:00\",\"mainEntityOfPage\":{\"@id\":\"https:\/\/www.fmtrance.com\/online\/vuelve-la-feria-leer-y-comer\/\"},\"wordCount\":453,\"commentCount\":0,\"publisher\":{\"@id\":\"https:\/\/www.fmtrance.com\/online\/#organization\"},\"image\":{\"@id\":\"https:\/\/www.fmtrance.com\/online\/vuelve-la-feria-leer-y-comer\/#primaryimage\"},\"thumbnailUrl\":\"https:\/\/www.fmtrance.com\/online\/wp-content\/uploads\/2023\/03\/nota-leer-y-comer-1_0.png\",\"keywords\":[\"Uncategorized\"],\"articleSection\":[\"Noticias\"],\"inLanguage\":\"es-AR\",\"potentialAction\":[{\"@type\":\"CommentAction\",\"name\":\"Comment\",\"target\":[\"https:\/\/www.fmtrance.com\/online\/vuelve-la-feria-leer-y-comer\/#respond\"]}]},{\"@type\":\"WebPage\",\"@id\":\"https:\/\/www.fmtrance.com\/online\/vuelve-la-feria-leer-y-comer\/\",\"url\":\"https:\/\/www.fmtrance.com\/online\/vuelve-la-feria-leer-y-comer\/\",\"name\":\"Vuelve la Feria Leer y Comer | FM Trance 103.3\",\"isPartOf\":{\"@id\":\"https:\/\/www.fmtrance.com\/online\/#website\"},\"primaryImageOfPage\":{\"@id\":\"https:\/\/www.fmtrance.com\/online\/vuelve-la-feria-leer-y-comer\/#primaryimage\"},\"image\":{\"@id\":\"https:\/\/www.fmtrance.com\/online\/vuelve-la-feria-leer-y-comer\/#primaryimage\"},\"thumbnailUrl\":\"https:\/\/www.fmtrance.com\/online\/wp-content\/uploads\/2023\/03\/nota-leer-y-comer-1_0.png\",\"datePublished\":\"2023-03-23T15:52:36+00:00\",\"dateModified\":\"2023-03-31T15:54:10+00:00\",\"breadcrumb\":{\"@id\":\"https:\/\/www.fmtrance.com\/online\/vuelve-la-feria-leer-y-comer\/#breadcrumb\"},\"inLanguage\":\"es-AR\",\"potentialAction\":[{\"@type\":\"ReadAction\",\"target\":[\"https:\/\/www.fmtrance.com\/online\/vuelve-la-feria-leer-y-comer\/\"]}]},{\"@type\":\"ImageObject\",\"inLanguage\":\"es-AR\",\"@id\":\"https:\/\/www.fmtrance.com\/online\/vuelve-la-feria-leer-y-comer\/#primaryimage\",\"url\":\"https:\/\/www.fmtrance.com\/online\/wp-content\/uploads\/2023\/03\/nota-leer-y-comer-1_0.png\",\"contentUrl\":\"https:\/\/www.fmtrance.com\/online\/wp-content\/uploads\/2023\/03\/nota-leer-y-comer-1_0.png\",\"width\":747,\"height\":427},{\"@type\":\"BreadcrumbList\",\"@id\":\"https:\/\/www.fmtrance.com\/online\/vuelve-la-feria-leer-y-comer\/#breadcrumb\",\"itemListElement\":[{\"@type\":\"ListItem\",\"position\":1,\"name\":\"Inicio\",\"item\":\"https:\/\/www.fmtrance.com\/online\/\"},{\"@type\":\"ListItem\",\"position\":2,\"name\":\"Vuelve la Feria Leer y Comer\"}]},{\"@type\":\"WebSite\",\"@id\":\"https:\/\/www.fmtrance.com\/online\/#website\",\"url\":\"https:\/\/www.fmtrance.com\/online\/\",\"name\":\"FM Trance 103.3\",\"description\":\"CABA. Radio de musica electronica\",\"publisher\":{\"@id\":\"https:\/\/www.fmtrance.com\/online\/#organization\"},\"potentialAction\":[{\"@type\":\"SearchAction\",\"target\":{\"@type\":\"EntryPoint\",\"urlTemplate\":\"https:\/\/www.fmtrance.com\/online\/?s={search_term_string}\"},\"query-input\":{\"@type\":\"PropertyValueSpecification\",\"valueRequired\":true,\"valueName\":\"search_term_string\"}}],\"inLanguage\":\"es-AR\"},{\"@type\":\"Organization\",\"@id\":\"https:\/\/www.fmtrance.com\/online\/#organization\",\"name\":\"FM TRANCE\",\"url\":\"https:\/\/www.fmtrance.com\/online\/\",\"logo\":{\"@type\":\"ImageObject\",\"inLanguage\":\"es-AR\",\"@id\":\"https:\/\/www.fmtrance.com\/online\/#\/schema\/logo\/image\/\",\"url\":\"https:\/\/www.fmtrance.com\/online\/wp-content\/uploads\/2025\/03\/LOGO-WEB.png\",\"contentUrl\":\"https:\/\/www.fmtrance.com\/online\/wp-content\/uploads\/2025\/03\/LOGO-WEB.png\",\"width\":500,\"height\":500,\"caption\":\"FM TRANCE\"},\"image\":{\"@id\":\"https:\/\/www.fmtrance.com\/online\/#\/schema\/logo\/image\/\"},\"sameAs\":[\"https:\/\/www.facebook.com\/fmtrance\",\"https:\/\/x.com\/fmtrance\",\"https:\/\/www.instagram.com\/fmtrance\"]},{\"@type\":\"Person\",\"@id\":\"https:\/\/www.fmtrance.com\/online\/#\/schema\/person\/686af7f826dd2f08b36b4760b7dcdddd\",\"name\":\"Redaccion FM Trance\",\"image\":{\"@type\":\"ImageObject\",\"inLanguage\":\"es-AR\",\"@id\":\"https:\/\/www.fmtrance.com\/online\/#\/schema\/person\/image\/\",\"url\":\"https:\/\/secure.gravatar.com\/avatar\/c9d0afa8b0785bea8046a42861739f0a26fb9e8da739ce032e6598dc2981bc38?s=96&r=g\",\"contentUrl\":\"https:\/\/secure.gravatar.com\/avatar\/c9d0afa8b0785bea8046a42861739f0a26fb9e8da739ce032e6598dc2981bc38?s=96&r=g\",\"caption\":\"Redaccion FM Trance\"},\"description\":\"Fundador y Director general de FM Trance. Nacido el 24 de Septiembre de 1987, en Caballito, Ciudad Autonoma de Buenos Aires. Alguien de Radio desde siempre: ya a los 9 a\u00f1os de edad como radioescucha, sintonizando estaci\u00f3nes de AM, FM, onda corta, TV UHF\/VHF, y dem\u00e1s servicios. Se desempe\u00f1\u00f3 como Operador T\u00e9cnico en diferentes emisoras locales de CABA y GBA, y hasta el dia de hoy sigue ejerciendo desde la parte t\u00e9cnica, realizando trabajos en varias Radios. Egresado del ISER de la carrera de Operador Tecnico de Planta Transmisora, cursando actualmente la carrera de Operador Tecnico de Estudios de Radio en dicha instituci\u00f3n, y flamante radioaficionado (habiendo completado el curso en el Radioclub Buenos Aires), distintiva LU2DBK.\",\"url\":\"https:\/\/www.fmtrance.com\/online\/author\/fmtrance\/\"}]}<\/script>\n<!-- \/ Yoast SEO plugin. -->","yoast_head_json":{"title":"Vuelve la Feria Leer y Comer | FM Trance 103.3","robots":{"index":"index","follow":"follow","max-snippet":"max-snippet:-1","max-image-preview":"max-image-preview:large","max-video-preview":"max-video-preview:-1"},"canonical":"https:\/\/www.fmtrance.com\/online\/vuelve-la-feria-leer-y-comer\/","og_locale":"es_ES","og_type":"article","og_title":"Vuelve la Feria Leer y Comer | FM Trance 103.3","og_description":"Tendr\u00e1 lugar el 1 y 2 de abril desde las 12 h en el barrio de Villa Crespo, en las","og_url":"https:\/\/www.fmtrance.com\/online\/vuelve-la-feria-leer-y-comer\/","og_site_name":"FM Trance 103.3","article_publisher":"https:\/\/www.facebook.com\/fmtrance","article_published_time":"2023-03-23T15:52:36+00:00","article_modified_time":"2023-03-31T15:54:10+00:00","og_image":[{"width":747,"height":427,"url":"https:\/\/www.fmtrance.com\/online\/wp-content\/uploads\/2023\/03\/nota-leer-y-comer-1_0.png","type":"image\/png"}],"author":"Redaccion FM Trance","twitter_card":"summary_large_image","twitter_creator":"@fmtrance","twitter_site":"@fmtrance","twitter_misc":{"Escrito por":"Redaccion FM Trance","Tiempo de lectura":"2 minutos"},"schema":{"@context":"https:\/\/schema.org","@graph":[{"@type":"Article","@id":"https:\/\/www.fmtrance.com\/online\/vuelve-la-feria-leer-y-comer\/#article","isPartOf":{"@id":"https:\/\/www.fmtrance.com\/online\/vuelve-la-feria-leer-y-comer\/"},"author":{"name":"Redaccion FM Trance","@id":"https:\/\/www.fmtrance.com\/online\/#\/schema\/person\/686af7f826dd2f08b36b4760b7dcdddd"},"headline":"Vuelve la Feria Leer y Comer","datePublished":"2023-03-23T15:52:36+00:00","dateModified":"2023-03-31T15:54:10+00:00","mainEntityOfPage":{"@id":"https:\/\/www.fmtrance.com\/online\/vuelve-la-feria-leer-y-comer\/"},"wordCount":453,"commentCount":0,"publisher":{"@id":"https:\/\/www.fmtrance.com\/online\/#organization"},"image":{"@id":"https:\/\/www.fmtrance.com\/online\/vuelve-la-feria-leer-y-comer\/#primaryimage"},"thumbnailUrl":"https:\/\/www.fmtrance.com\/online\/wp-content\/uploads\/2023\/03\/nota-leer-y-comer-1_0.png","keywords":["Uncategorized"],"articleSection":["Noticias"],"inLanguage":"es-AR","potentialAction":[{"@type":"CommentAction","name":"Comment","target":["https:\/\/www.fmtrance.com\/online\/vuelve-la-feria-leer-y-comer\/#respond"]}]},{"@type":"WebPage","@id":"https:\/\/www.fmtrance.com\/online\/vuelve-la-feria-leer-y-comer\/","url":"https:\/\/www.fmtrance.com\/online\/vuelve-la-feria-leer-y-comer\/","name":"Vuelve la Feria Leer y Comer | FM Trance 103.3","isPartOf":{"@id":"https:\/\/www.fmtrance.com\/online\/#website"},"primaryImageOfPage":{"@id":"https:\/\/www.fmtrance.com\/online\/vuelve-la-feria-leer-y-comer\/#primaryimage"},"image":{"@id":"https:\/\/www.fmtrance.com\/online\/vuelve-la-feria-leer-y-comer\/#primaryimage"},"thumbnailUrl":"https:\/\/www.fmtrance.com\/online\/wp-content\/uploads\/2023\/03\/nota-leer-y-comer-1_0.png","datePublished":"2023-03-23T15:52:36+00:00","dateModified":"2023-03-31T15:54:10+00:00","breadcrumb":{"@id":"https:\/\/www.fmtrance.com\/online\/vuelve-la-feria-leer-y-comer\/#breadcrumb"},"inLanguage":"es-AR","potentialAction":[{"@type":"ReadAction","target":["https:\/\/www.fmtrance.com\/online\/vuelve-la-feria-leer-y-comer\/"]}]},{"@type":"ImageObject","inLanguage":"es-AR","@id":"https:\/\/www.fmtrance.com\/online\/vuelve-la-feria-leer-y-comer\/#primaryimage","url":"https:\/\/www.fmtrance.com\/online\/wp-content\/uploads\/2023\/03\/nota-leer-y-comer-1_0.png","contentUrl":"https:\/\/www.fmtrance.com\/online\/wp-content\/uploads\/2023\/03\/nota-leer-y-comer-1_0.png","width":747,"height":427},{"@type":"BreadcrumbList","@id":"https:\/\/www.fmtrance.com\/online\/vuelve-la-feria-leer-y-comer\/#breadcrumb","itemListElement":[{"@type":"ListItem","position":1,"name":"Inicio","item":"https:\/\/www.fmtrance.com\/online\/"},{"@type":"ListItem","position":2,"name":"Vuelve la Feria Leer y Comer"}]},{"@type":"WebSite","@id":"https:\/\/www.fmtrance.com\/online\/#website","url":"https:\/\/www.fmtrance.com\/online\/","name":"FM Trance 103.3","description":"CABA. Radio de musica electronica","publisher":{"@id":"https:\/\/www.fmtrance.com\/online\/#organization"},"potentialAction":[{"@type":"SearchAction","target":{"@type":"EntryPoint","urlTemplate":"https:\/\/www.fmtrance.com\/online\/?s={search_term_string}"},"query-input":{"@type":"PropertyValueSpecification","valueRequired":true,"valueName":"search_term_string"}}],"inLanguage":"es-AR"},{"@type":"Organization","@id":"https:\/\/www.fmtrance.com\/online\/#organization","name":"FM TRANCE","url":"https:\/\/www.fmtrance.com\/online\/","logo":{"@type":"ImageObject","inLanguage":"es-AR","@id":"https:\/\/www.fmtrance.com\/online\/#\/schema\/logo\/image\/","url":"https:\/\/www.fmtrance.com\/online\/wp-content\/uploads\/2025\/03\/LOGO-WEB.png","contentUrl":"https:\/\/www.fmtrance.com\/online\/wp-content\/uploads\/2025\/03\/LOGO-WEB.png","width":500,"height":500,"caption":"FM TRANCE"},"image":{"@id":"https:\/\/www.fmtrance.com\/online\/#\/schema\/logo\/image\/"},"sameAs":["https:\/\/www.facebook.com\/fmtrance","https:\/\/x.com\/fmtrance","https:\/\/www.instagram.com\/fmtrance"]},{"@type":"Person","@id":"https:\/\/www.fmtrance.com\/online\/#\/schema\/person\/686af7f826dd2f08b36b4760b7dcdddd","name":"Redaccion FM Trance","image":{"@type":"ImageObject","inLanguage":"es-AR","@id":"https:\/\/www.fmtrance.com\/online\/#\/schema\/person\/image\/","url":"https:\/\/secure.gravatar.com\/avatar\/c9d0afa8b0785bea8046a42861739f0a26fb9e8da739ce032e6598dc2981bc38?s=96&r=g","contentUrl":"https:\/\/secure.gravatar.com\/avatar\/c9d0afa8b0785bea8046a42861739f0a26fb9e8da739ce032e6598dc2981bc38?s=96&r=g","caption":"Redaccion FM Trance"},"description":"Fundador y Director general de FM Trance. Nacido el 24 de Septiembre de 1987, en Caballito, Ciudad Autonoma de Buenos Aires. Alguien de Radio desde siempre: ya a los 9 a\u00f1os de edad como radioescucha, sintonizando estaci\u00f3nes de AM, FM, onda corta, TV UHF\/VHF, y dem\u00e1s servicios. Se desempe\u00f1\u00f3 como Operador T\u00e9cnico en diferentes emisoras locales de CABA y GBA, y hasta el dia de hoy sigue ejerciendo desde la parte t\u00e9cnica, realizando trabajos en varias Radios. Egresado del ISER de la carrera de Operador Tecnico de Planta Transmisora, cursando actualmente la carrera de Operador Tecnico de Estudios de Radio en dicha instituci\u00f3n, y flamante radioaficionado (habiendo completado el curso en el Radioclub Buenos Aires), distintiva LU2DBK.","url":"https:\/\/www.fmtrance.com\/online\/author\/fmtrance\/"}]}},"_links":{"self":[{"href":"https:\/\/www.fmtrance.com\/online\/wp-json\/wp\/v2\/posts\/4014","targetHints":{"allow":["GET"]}}],"collection":[{"href":"https:\/\/www.fmtrance.com\/online\/wp-json\/wp\/v2\/posts"}],"about":[{"href":"https:\/\/www.fmtrance.com\/online\/wp-json\/wp\/v2\/types\/post"}],"author":[{"embeddable":true,"href":"https:\/\/www.fmtrance.com\/online\/wp-json\/wp\/v2\/users\/1"}],"replies":[{"embeddable":true,"href":"https:\/\/www.fmtrance.com\/online\/wp-json\/wp\/v2\/comments?post=4014"}],"version-history":[{"count":1,"href":"https:\/\/www.fmtrance.com\/online\/wp-json\/wp\/v2\/posts\/4014\/revisions"}],"predecessor-version":[{"id":4016,"href":"https:\/\/www.fmtrance.com\/online\/wp-json\/wp\/v2\/posts\/4014\/revisions\/4016"}],"wp:featuredmedia":[{"embeddable":true,"href":"https:\/\/www.fmtrance.com\/online\/wp-json\/wp\/v2\/media\/4015"}],"wp:attachment":[{"href":"https:\/\/www.fmtrance.com\/online\/wp-json\/wp\/v2\/media?parent=4014"}],"wp:term":[{"taxonomy":"category","embeddable":true,"href":"https:\/\/www.fmtrance.com\/online\/wp-json\/wp\/v2\/categories?post=4014"},{"taxonomy":"post_tag","embeddable":true,"href":"https:\/\/www.fmtrance.com\/online\/wp-json\/wp\/v2\/tags?post=4014"}],"curies":[{"name":"wp","href":"https:\/\/api.w.org\/{rel}","templated":true}]}}