{"id":4011,"date":"2023-03-23T12:49:18","date_gmt":"2023-03-23T15:49:18","guid":{"rendered":"http:\/\/www.fmtrance.com\/online\/?p=4011"},"modified":"2023-03-31T12:50:50","modified_gmt":"2023-03-31T15:50:50","slug":"el-lunes-27-cierra-la-estacion-castro-barros-por-obras-de-renovacion-integral","status":"publish","type":"post","link":"https:\/\/www.fmtrance.com\/online\/el-lunes-27-cierra-la-estacion-castro-barros-por-obras-de-renovacion-integral\/","title":{"rendered":"El lunes 27 cierra la estaci\u00f3n Castro Barros por obras de renovaci\u00f3n integral"},"content":{"rendered":"<div class=\"_none block block-layout-builder block-field-blocknodearticlefield-summary\">\n<div class=\"content\">\n<p class=\"lead\"><strong>La puesta en valor incluir\u00e1 trabajos de impermeabilizaci\u00f3n, pintura, arreglo de pisos, luminarias y adecuaci\u00f3n de instalaciones en general. San Mart\u00edn y Bulnes permanecen cerradas y pr\u00f3ximamente tambi\u00e9n lo har\u00e1n Acoyte y Jujuy.<\/strong><\/p>\n<div class=\"_none bs-mt-3\">\n<div class=\"container\">\n<div class=\"layout row layout-builder__layout\">\n<div class=\"col-lg-8 col-md-8 col-8\">\n<div class=\"_none block block-layout-builder block-field-blocknodearticlebody\">\n<div class=\"content\">\n<div class=\"clearfix text-formatted field field--name-body field--type-text-with-summary field--label-hidden field__item\">\n<p>En el marco del Plan de Renovaci\u00f3n Integral de Estaciones llevado adelante por Subterr\u00e1neos de Buenos Aires S.E. (SBASE), este lunes 27 de marzo cerrar\u00e1 la estaci\u00f3n Castro Barros de la L\u00ednea A aproximadamente por dos meses, con el objetivo de mejorar la infraestructura existente y la experiencia de viaje de los usuarios y usuarias.<\/p>\n<p>Se trata de una renovaci\u00f3n integral que incluir\u00e1 trabajos de impermeabilizaci\u00f3n, pintura, recambio de luminarias, arreglo de pisos, trabajos de herrer\u00eda, reordenamiento del tendido el\u00e9ctrico, adecuaci\u00f3n de se\u00f1al\u00e9tica, colocaci\u00f3n de se\u00f1alizaci\u00f3n braille en pasamanos y p\u00f3rticos, y nuevo mobiliario en and\u00e9n, como bancos, cestos y apoyos isqui\u00e1ticos.<\/p>\n<p>De esta manera, se apunta a garantizar una mejor circulaci\u00f3n por las estaciones, al transformarlas en espacios m\u00e1s c\u00f3modos, ordenados y con mayor iluminaci\u00f3n.<\/p>\n<p>En el marco del mismo plan, se encuentran en obra las estaciones San Mart\u00edn (L\u00ednea C) y Bulnes (L\u00ednea D) y se cerrar\u00e1n Acoyte (L\u00ednea A &#8211; el 5\/4) y Jujuy (L\u00ednea E &#8211; 10\/4), donde pr\u00f3ximamente comenzar\u00e1n los trabajos. En el caso de esta \u00faltima, que combina con la L\u00ednea H, los pasajeros podr\u00e1n pedir un ticket de combinaci\u00f3n en las boleter\u00edas de las estaciones Urquiza y Pichincha o en Humberto 1\u00b0 de la L\u00ednea H.<\/p>\n<p>La elecci\u00f3n y priorizaci\u00f3n de cada estaci\u00f3n se hizo en base a dos factores: la complejidad de los trabajos a realizar y la cantidad de pasajeros que circula por cada una de ellas.<\/p>\n<\/div>\n<\/div>\n<\/div>\n<\/div>\n<div class=\"col-lg-4 col-md-4 col-4\"><\/div>\n<\/div>\n<\/div>\n<\/div>\n<div class=\"_none pb-5\">\n<div class=\"container\">\n<div class=\"layout row layout-builder__layout\">\n<div class=\"col-12\">\n<div class=\"_none block block-gcaba-block block-gcaba-hr-block\"><\/div>\n<\/div>\n<\/div>\n<\/div>\n<\/div>\n<\/div>\n<\/div>\n","protected":false},"excerpt":{"rendered":"<p>La puesta en valor incluir\u00e1 trabajos de impermeabilizaci\u00f3n, pintura, arreglo de pisos, luminarias y adecuaci\u00f3n de instalaciones en general. San<\/p>\n","protected":false},"author":1,"featured_media":4012,"comment_status":"open","ping_status":"closed","sticky":false,"template":"","format":"standard","meta":{"footnotes":""},"categories":[1],"tags":[1726],"class_list":["post-4011","post","type-post","status-publish","format-standard","has-post-thumbnail","hentry","category-uncategorized","tag-uncategorized"],"yoast_head":"<!-- This site is optimized with the Yoast SEO plugin v24.6 - https:\/\/yoast.com\/wordpress\/plugins\/seo\/ -->\n<title>El lunes 27 cierra la estaci\u00f3n Castro Barros por obras de renovaci\u00f3n integral | FM Trance 103.3<\/title>\n<meta name=\"robots\" content=\"index, follow, max-snippet:-1, max-image-preview:large, max-video-preview:-1\" \/>\n<link rel=\"canonical\" href=\"https:\/\/www.fmtrance.com\/online\/el-lunes-27-cierra-la-estacion-castro-barros-por-obras-de-renovacion-integral\/\" \/>\n<meta property=\"og:locale\" content=\"es_ES\" \/>\n<meta property=\"og:type\" content=\"article\" \/>\n<meta property=\"og:title\" content=\"El lunes 27 cierra la estaci\u00f3n Castro Barros por obras de renovaci\u00f3n integral | FM Trance 103.3\" \/>\n<meta property=\"og:description\" content=\"La puesta en valor incluir\u00e1 trabajos de impermeabilizaci\u00f3n, pintura, arreglo de pisos, luminarias y adecuaci\u00f3n de instalaciones en general. San\" \/>\n<meta property=\"og:url\" content=\"https:\/\/www.fmtrance.com\/online\/el-lunes-27-cierra-la-estacion-castro-barros-por-obras-de-renovacion-integral\/\" \/>\n<meta property=\"og:site_name\" content=\"FM Trance 103.3\" \/>\n<meta property=\"article:publisher\" content=\"https:\/\/www.facebook.com\/fmtrance\" \/>\n<meta property=\"article:published_time\" content=\"2023-03-23T15:49:18+00:00\" \/>\n<meta property=\"article:modified_time\" content=\"2023-03-31T15:50:50+00:00\" \/>\n<meta property=\"og:image\" content=\"https:\/\/www.fmtrance.com\/online\/wp-content\/uploads\/2023\/03\/Castro-Barros.jpg\" \/>\n\t<meta property=\"og:image:width\" content=\"1312\" \/>\n\t<meta property=\"og:image:height\" content=\"738\" \/>\n\t<meta property=\"og:image:type\" content=\"image\/jpeg\" \/>\n<meta name=\"author\" content=\"Redaccion FM Trance\" \/>\n<meta name=\"twitter:card\" content=\"summary_large_image\" \/>\n<meta name=\"twitter:creator\" content=\"@fmtrance\" \/>\n<meta name=\"twitter:site\" content=\"@fmtrance\" \/>\n<meta name=\"twitter:label1\" content=\"Escrito por\" \/>\n\t<meta name=\"twitter:data1\" content=\"Redaccion FM Trance\" \/>\n\t<meta name=\"twitter:label2\" content=\"Tiempo de lectura\" \/>\n\t<meta name=\"twitter:data2\" content=\"2 minutos\" \/>\n<script type=\"application\/ld+json\" class=\"yoast-schema-graph\">{\"@context\":\"https:\/\/schema.org\",\"@graph\":[{\"@type\":\"Article\",\"@id\":\"https:\/\/www.fmtrance.com\/online\/el-lunes-27-cierra-la-estacion-castro-barros-por-obras-de-renovacion-integral\/#article\",\"isPartOf\":{\"@id\":\"https:\/\/www.fmtrance.com\/online\/el-lunes-27-cierra-la-estacion-castro-barros-por-obras-de-renovacion-integral\/\"},\"author\":{\"name\":\"Redaccion FM Trance\",\"@id\":\"https:\/\/www.fmtrance.com\/online\/#\/schema\/person\/686af7f826dd2f08b36b4760b7dcdddd\"},\"headline\":\"El lunes 27 cierra la estaci\u00f3n Castro Barros por obras de renovaci\u00f3n integral\",\"datePublished\":\"2023-03-23T15:49:18+00:00\",\"dateModified\":\"2023-03-31T15:50:50+00:00\",\"mainEntityOfPage\":{\"@id\":\"https:\/\/www.fmtrance.com\/online\/el-lunes-27-cierra-la-estacion-castro-barros-por-obras-de-renovacion-integral\/\"},\"wordCount\":323,\"commentCount\":0,\"publisher\":{\"@id\":\"https:\/\/www.fmtrance.com\/online\/#organization\"},\"image\":{\"@id\":\"https:\/\/www.fmtrance.com\/online\/el-lunes-27-cierra-la-estacion-castro-barros-por-obras-de-renovacion-integral\/#primaryimage\"},\"thumbnailUrl\":\"https:\/\/www.fmtrance.com\/online\/wp-content\/uploads\/2023\/03\/Castro-Barros.jpg\",\"keywords\":[\"Uncategorized\"],\"articleSection\":[\"Noticias\"],\"inLanguage\":\"es-AR\",\"potentialAction\":[{\"@type\":\"CommentAction\",\"name\":\"Comment\",\"target\":[\"https:\/\/www.fmtrance.com\/online\/el-lunes-27-cierra-la-estacion-castro-barros-por-obras-de-renovacion-integral\/#respond\"]}]},{\"@type\":\"WebPage\",\"@id\":\"https:\/\/www.fmtrance.com\/online\/el-lunes-27-cierra-la-estacion-castro-barros-por-obras-de-renovacion-integral\/\",\"url\":\"https:\/\/www.fmtrance.com\/online\/el-lunes-27-cierra-la-estacion-castro-barros-por-obras-de-renovacion-integral\/\",\"name\":\"El lunes 27 cierra la estaci\u00f3n Castro Barros por obras de renovaci\u00f3n integral | FM Trance 103.3\",\"isPartOf\":{\"@id\":\"https:\/\/www.fmtrance.com\/online\/#website\"},\"primaryImageOfPage\":{\"@id\":\"https:\/\/www.fmtrance.com\/online\/el-lunes-27-cierra-la-estacion-castro-barros-por-obras-de-renovacion-integral\/#primaryimage\"},\"image\":{\"@id\":\"https:\/\/www.fmtrance.com\/online\/el-lunes-27-cierra-la-estacion-castro-barros-por-obras-de-renovacion-integral\/#primaryimage\"},\"thumbnailUrl\":\"https:\/\/www.fmtrance.com\/online\/wp-content\/uploads\/2023\/03\/Castro-Barros.jpg\",\"datePublished\":\"2023-03-23T15:49:18+00:00\",\"dateModified\":\"2023-03-31T15:50:50+00:00\",\"breadcrumb\":{\"@id\":\"https:\/\/www.fmtrance.com\/online\/el-lunes-27-cierra-la-estacion-castro-barros-por-obras-de-renovacion-integral\/#breadcrumb\"},\"inLanguage\":\"es-AR\",\"potentialAction\":[{\"@type\":\"ReadAction\",\"target\":[\"https:\/\/www.fmtrance.com\/online\/el-lunes-27-cierra-la-estacion-castro-barros-por-obras-de-renovacion-integral\/\"]}]},{\"@type\":\"ImageObject\",\"inLanguage\":\"es-AR\",\"@id\":\"https:\/\/www.fmtrance.com\/online\/el-lunes-27-cierra-la-estacion-castro-barros-por-obras-de-renovacion-integral\/#primaryimage\",\"url\":\"https:\/\/www.fmtrance.com\/online\/wp-content\/uploads\/2023\/03\/Castro-Barros.jpg\",\"contentUrl\":\"https:\/\/www.fmtrance.com\/online\/wp-content\/uploads\/2023\/03\/Castro-Barros.jpg\",\"width\":1312,\"height\":738},{\"@type\":\"BreadcrumbList\",\"@id\":\"https:\/\/www.fmtrance.com\/online\/el-lunes-27-cierra-la-estacion-castro-barros-por-obras-de-renovacion-integral\/#breadcrumb\",\"itemListElement\":[{\"@type\":\"ListItem\",\"position\":1,\"name\":\"Inicio\",\"item\":\"https:\/\/www.fmtrance.com\/online\/\"},{\"@type\":\"ListItem\",\"position\":2,\"name\":\"El lunes 27 cierra la estaci\u00f3n Castro Barros por obras de renovaci\u00f3n integral\"}]},{\"@type\":\"WebSite\",\"@id\":\"https:\/\/www.fmtrance.com\/online\/#website\",\"url\":\"https:\/\/www.fmtrance.com\/online\/\",\"name\":\"FM Trance 103.3\",\"description\":\"CABA. Radio de musica electronica\",\"publisher\":{\"@id\":\"https:\/\/www.fmtrance.com\/online\/#organization\"},\"potentialAction\":[{\"@type\":\"SearchAction\",\"target\":{\"@type\":\"EntryPoint\",\"urlTemplate\":\"https:\/\/www.fmtrance.com\/online\/?s={search_term_string}\"},\"query-input\":{\"@type\":\"PropertyValueSpecification\",\"valueRequired\":true,\"valueName\":\"search_term_string\"}}],\"inLanguage\":\"es-AR\"},{\"@type\":\"Organization\",\"@id\":\"https:\/\/www.fmtrance.com\/online\/#organization\",\"name\":\"FM TRANCE\",\"url\":\"https:\/\/www.fmtrance.com\/online\/\",\"logo\":{\"@type\":\"ImageObject\",\"inLanguage\":\"es-AR\",\"@id\":\"https:\/\/www.fmtrance.com\/online\/#\/schema\/logo\/image\/\",\"url\":\"https:\/\/www.fmtrance.com\/online\/wp-content\/uploads\/2025\/03\/LOGO-WEB.png\",\"contentUrl\":\"https:\/\/www.fmtrance.com\/online\/wp-content\/uploads\/2025\/03\/LOGO-WEB.png\",\"width\":500,\"height\":500,\"caption\":\"FM TRANCE\"},\"image\":{\"@id\":\"https:\/\/www.fmtrance.com\/online\/#\/schema\/logo\/image\/\"},\"sameAs\":[\"https:\/\/www.facebook.com\/fmtrance\",\"https:\/\/x.com\/fmtrance\",\"https:\/\/www.instagram.com\/fmtrance\"]},{\"@type\":\"Person\",\"@id\":\"https:\/\/www.fmtrance.com\/online\/#\/schema\/person\/686af7f826dd2f08b36b4760b7dcdddd\",\"name\":\"Redaccion FM Trance\",\"image\":{\"@type\":\"ImageObject\",\"inLanguage\":\"es-AR\",\"@id\":\"https:\/\/www.fmtrance.com\/online\/#\/schema\/person\/image\/\",\"url\":\"https:\/\/secure.gravatar.com\/avatar\/c9d0afa8b0785bea8046a42861739f0a26fb9e8da739ce032e6598dc2981bc38?s=96&r=g\",\"contentUrl\":\"https:\/\/secure.gravatar.com\/avatar\/c9d0afa8b0785bea8046a42861739f0a26fb9e8da739ce032e6598dc2981bc38?s=96&r=g\",\"caption\":\"Redaccion FM Trance\"},\"description\":\"Fundador y Director general de FM Trance. Nacido el 24 de Septiembre de 1987, en Caballito, Ciudad Autonoma de Buenos Aires. Alguien de Radio desde siempre: ya a los 9 a\u00f1os de edad como radioescucha, sintonizando estaci\u00f3nes de AM, FM, onda corta, TV UHF\/VHF, y dem\u00e1s servicios. Se desempe\u00f1\u00f3 como Operador T\u00e9cnico en diferentes emisoras locales de CABA y GBA, y hasta el dia de hoy sigue ejerciendo desde la parte t\u00e9cnica, realizando trabajos en varias Radios. Egresado del ISER de la carrera de Operador Tecnico de Planta Transmisora, cursando actualmente la carrera de Operador Tecnico de Estudios de Radio en dicha instituci\u00f3n, y flamante radioaficionado (habiendo completado el curso en el Radioclub Buenos Aires), distintiva LU2DBK.\",\"url\":\"https:\/\/www.fmtrance.com\/online\/author\/fmtrance\/\"}]}<\/script>\n<!-- \/ Yoast SEO plugin. -->","yoast_head_json":{"title":"El lunes 27 cierra la estaci\u00f3n Castro Barros por obras de renovaci\u00f3n integral | FM Trance 103.3","robots":{"index":"index","follow":"follow","max-snippet":"max-snippet:-1","max-image-preview":"max-image-preview:large","max-video-preview":"max-video-preview:-1"},"canonical":"https:\/\/www.fmtrance.com\/online\/el-lunes-27-cierra-la-estacion-castro-barros-por-obras-de-renovacion-integral\/","og_locale":"es_ES","og_type":"article","og_title":"El lunes 27 cierra la estaci\u00f3n Castro Barros por obras de renovaci\u00f3n integral | FM Trance 103.3","og_description":"La puesta en valor incluir\u00e1 trabajos de impermeabilizaci\u00f3n, pintura, arreglo de pisos, luminarias y adecuaci\u00f3n de instalaciones en general. San","og_url":"https:\/\/www.fmtrance.com\/online\/el-lunes-27-cierra-la-estacion-castro-barros-por-obras-de-renovacion-integral\/","og_site_name":"FM Trance 103.3","article_publisher":"https:\/\/www.facebook.com\/fmtrance","article_published_time":"2023-03-23T15:49:18+00:00","article_modified_time":"2023-03-31T15:50:50+00:00","og_image":[{"width":1312,"height":738,"url":"https:\/\/www.fmtrance.com\/online\/wp-content\/uploads\/2023\/03\/Castro-Barros.jpg","type":"image\/jpeg"}],"author":"Redaccion FM Trance","twitter_card":"summary_large_image","twitter_creator":"@fmtrance","twitter_site":"@fmtrance","twitter_misc":{"Escrito por":"Redaccion FM Trance","Tiempo de lectura":"2 minutos"},"schema":{"@context":"https:\/\/schema.org","@graph":[{"@type":"Article","@id":"https:\/\/www.fmtrance.com\/online\/el-lunes-27-cierra-la-estacion-castro-barros-por-obras-de-renovacion-integral\/#article","isPartOf":{"@id":"https:\/\/www.fmtrance.com\/online\/el-lunes-27-cierra-la-estacion-castro-barros-por-obras-de-renovacion-integral\/"},"author":{"name":"Redaccion FM Trance","@id":"https:\/\/www.fmtrance.com\/online\/#\/schema\/person\/686af7f826dd2f08b36b4760b7dcdddd"},"headline":"El lunes 27 cierra la estaci\u00f3n Castro Barros por obras de renovaci\u00f3n integral","datePublished":"2023-03-23T15:49:18+00:00","dateModified":"2023-03-31T15:50:50+00:00","mainEntityOfPage":{"@id":"https:\/\/www.fmtrance.com\/online\/el-lunes-27-cierra-la-estacion-castro-barros-por-obras-de-renovacion-integral\/"},"wordCount":323,"commentCount":0,"publisher":{"@id":"https:\/\/www.fmtrance.com\/online\/#organization"},"image":{"@id":"https:\/\/www.fmtrance.com\/online\/el-lunes-27-cierra-la-estacion-castro-barros-por-obras-de-renovacion-integral\/#primaryimage"},"thumbnailUrl":"https:\/\/www.fmtrance.com\/online\/wp-content\/uploads\/2023\/03\/Castro-Barros.jpg","keywords":["Uncategorized"],"articleSection":["Noticias"],"inLanguage":"es-AR","potentialAction":[{"@type":"CommentAction","name":"Comment","target":["https:\/\/www.fmtrance.com\/online\/el-lunes-27-cierra-la-estacion-castro-barros-por-obras-de-renovacion-integral\/#respond"]}]},{"@type":"WebPage","@id":"https:\/\/www.fmtrance.com\/online\/el-lunes-27-cierra-la-estacion-castro-barros-por-obras-de-renovacion-integral\/","url":"https:\/\/www.fmtrance.com\/online\/el-lunes-27-cierra-la-estacion-castro-barros-por-obras-de-renovacion-integral\/","name":"El lunes 27 cierra la estaci\u00f3n Castro Barros por obras de renovaci\u00f3n integral | FM Trance 103.3","isPartOf":{"@id":"https:\/\/www.fmtrance.com\/online\/#website"},"primaryImageOfPage":{"@id":"https:\/\/www.fmtrance.com\/online\/el-lunes-27-cierra-la-estacion-castro-barros-por-obras-de-renovacion-integral\/#primaryimage"},"image":{"@id":"https:\/\/www.fmtrance.com\/online\/el-lunes-27-cierra-la-estacion-castro-barros-por-obras-de-renovacion-integral\/#primaryimage"},"thumbnailUrl":"https:\/\/www.fmtrance.com\/online\/wp-content\/uploads\/2023\/03\/Castro-Barros.jpg","datePublished":"2023-03-23T15:49:18+00:00","dateModified":"2023-03-31T15:50:50+00:00","breadcrumb":{"@id":"https:\/\/www.fmtrance.com\/online\/el-lunes-27-cierra-la-estacion-castro-barros-por-obras-de-renovacion-integral\/#breadcrumb"},"inLanguage":"es-AR","potentialAction":[{"@type":"ReadAction","target":["https:\/\/www.fmtrance.com\/online\/el-lunes-27-cierra-la-estacion-castro-barros-por-obras-de-renovacion-integral\/"]}]},{"@type":"ImageObject","inLanguage":"es-AR","@id":"https:\/\/www.fmtrance.com\/online\/el-lunes-27-cierra-la-estacion-castro-barros-por-obras-de-renovacion-integral\/#primaryimage","url":"https:\/\/www.fmtrance.com\/online\/wp-content\/uploads\/2023\/03\/Castro-Barros.jpg","contentUrl":"https:\/\/www.fmtrance.com\/online\/wp-content\/uploads\/2023\/03\/Castro-Barros.jpg","width":1312,"height":738},{"@type":"BreadcrumbList","@id":"https:\/\/www.fmtrance.com\/online\/el-lunes-27-cierra-la-estacion-castro-barros-por-obras-de-renovacion-integral\/#breadcrumb","itemListElement":[{"@type":"ListItem","position":1,"name":"Inicio","item":"https:\/\/www.fmtrance.com\/online\/"},{"@type":"ListItem","position":2,"name":"El lunes 27 cierra la estaci\u00f3n Castro Barros por obras de renovaci\u00f3n integral"}]},{"@type":"WebSite","@id":"https:\/\/www.fmtrance.com\/online\/#website","url":"https:\/\/www.fmtrance.com\/online\/","name":"FM Trance 103.3","description":"CABA. Radio de musica electronica","publisher":{"@id":"https:\/\/www.fmtrance.com\/online\/#organization"},"potentialAction":[{"@type":"SearchAction","target":{"@type":"EntryPoint","urlTemplate":"https:\/\/www.fmtrance.com\/online\/?s={search_term_string}"},"query-input":{"@type":"PropertyValueSpecification","valueRequired":true,"valueName":"search_term_string"}}],"inLanguage":"es-AR"},{"@type":"Organization","@id":"https:\/\/www.fmtrance.com\/online\/#organization","name":"FM TRANCE","url":"https:\/\/www.fmtrance.com\/online\/","logo":{"@type":"ImageObject","inLanguage":"es-AR","@id":"https:\/\/www.fmtrance.com\/online\/#\/schema\/logo\/image\/","url":"https:\/\/www.fmtrance.com\/online\/wp-content\/uploads\/2025\/03\/LOGO-WEB.png","contentUrl":"https:\/\/www.fmtrance.com\/online\/wp-content\/uploads\/2025\/03\/LOGO-WEB.png","width":500,"height":500,"caption":"FM TRANCE"},"image":{"@id":"https:\/\/www.fmtrance.com\/online\/#\/schema\/logo\/image\/"},"sameAs":["https:\/\/www.facebook.com\/fmtrance","https:\/\/x.com\/fmtrance","https:\/\/www.instagram.com\/fmtrance"]},{"@type":"Person","@id":"https:\/\/www.fmtrance.com\/online\/#\/schema\/person\/686af7f826dd2f08b36b4760b7dcdddd","name":"Redaccion FM Trance","image":{"@type":"ImageObject","inLanguage":"es-AR","@id":"https:\/\/www.fmtrance.com\/online\/#\/schema\/person\/image\/","url":"https:\/\/secure.gravatar.com\/avatar\/c9d0afa8b0785bea8046a42861739f0a26fb9e8da739ce032e6598dc2981bc38?s=96&r=g","contentUrl":"https:\/\/secure.gravatar.com\/avatar\/c9d0afa8b0785bea8046a42861739f0a26fb9e8da739ce032e6598dc2981bc38?s=96&r=g","caption":"Redaccion FM Trance"},"description":"Fundador y Director general de FM Trance. Nacido el 24 de Septiembre de 1987, en Caballito, Ciudad Autonoma de Buenos Aires. Alguien de Radio desde siempre: ya a los 9 a\u00f1os de edad como radioescucha, sintonizando estaci\u00f3nes de AM, FM, onda corta, TV UHF\/VHF, y dem\u00e1s servicios. Se desempe\u00f1\u00f3 como Operador T\u00e9cnico en diferentes emisoras locales de CABA y GBA, y hasta el dia de hoy sigue ejerciendo desde la parte t\u00e9cnica, realizando trabajos en varias Radios. Egresado del ISER de la carrera de Operador Tecnico de Planta Transmisora, cursando actualmente la carrera de Operador Tecnico de Estudios de Radio en dicha instituci\u00f3n, y flamante radioaficionado (habiendo completado el curso en el Radioclub Buenos Aires), distintiva LU2DBK.","url":"https:\/\/www.fmtrance.com\/online\/author\/fmtrance\/"}]}},"_links":{"self":[{"href":"https:\/\/www.fmtrance.com\/online\/wp-json\/wp\/v2\/posts\/4011","targetHints":{"allow":["GET"]}}],"collection":[{"href":"https:\/\/www.fmtrance.com\/online\/wp-json\/wp\/v2\/posts"}],"about":[{"href":"https:\/\/www.fmtrance.com\/online\/wp-json\/wp\/v2\/types\/post"}],"author":[{"embeddable":true,"href":"https:\/\/www.fmtrance.com\/online\/wp-json\/wp\/v2\/users\/1"}],"replies":[{"embeddable":true,"href":"https:\/\/www.fmtrance.com\/online\/wp-json\/wp\/v2\/comments?post=4011"}],"version-history":[{"count":1,"href":"https:\/\/www.fmtrance.com\/online\/wp-json\/wp\/v2\/posts\/4011\/revisions"}],"predecessor-version":[{"id":4013,"href":"https:\/\/www.fmtrance.com\/online\/wp-json\/wp\/v2\/posts\/4011\/revisions\/4013"}],"wp:featuredmedia":[{"embeddable":true,"href":"https:\/\/www.fmtrance.com\/online\/wp-json\/wp\/v2\/media\/4012"}],"wp:attachment":[{"href":"https:\/\/www.fmtrance.com\/online\/wp-json\/wp\/v2\/media?parent=4011"}],"wp:term":[{"taxonomy":"category","embeddable":true,"href":"https:\/\/www.fmtrance.com\/online\/wp-json\/wp\/v2\/categories?post=4011"},{"taxonomy":"post_tag","embeddable":true,"href":"https:\/\/www.fmtrance.com\/online\/wp-json\/wp\/v2\/tags?post=4011"}],"curies":[{"name":"wp","href":"https:\/\/api.w.org\/{rel}","templated":true}]}}