{"id":4008,"date":"2023-03-22T12:41:52","date_gmt":"2023-03-22T15:41:52","guid":{"rendered":"http:\/\/www.fmtrance.com\/online\/?p=4008"},"modified":"2023-03-31T12:45:20","modified_gmt":"2023-03-31T15:45:20","slug":"compromiso-cumplido-todas-las-escuelas-de-gestion-estatal-ya-cuentan-con-secundaria-del-futuro","status":"publish","type":"post","link":"https:\/\/www.fmtrance.com\/online\/compromiso-cumplido-todas-las-escuelas-de-gestion-estatal-ya-cuentan-con-secundaria-del-futuro\/","title":{"rendered":"Compromiso cumplido: todas las escuelas de gesti\u00f3n estatal ya cuentan con Secundaria del Futuro"},"content":{"rendered":"<div class=\"_none block block-layout-builder block-field-blocknodearticlefield-summary\">\n<div class=\"content\">\n<p class=\"lead\"><strong>El modelo se apoya en el uso de la tecnolog\u00eda y promueve el desarrollo de las capacidades individuales y grupales para que los chicos puedan construir un futuro con m\u00e1s y mejores oportunidades.<\/strong><\/p>\n<div class=\"col-lg-8 col-md-8 col-8\">\n<div class=\"_none block block-layout-builder block-field-blocknodearticlebody\">\n<div class=\"content\">\n<div class=\"clearfix text-formatted field field--name-body field--type-text-with-summary field--label-hidden field__item\">\n<p>Queremos una escuela que se adapte a las innovaciones tecnol\u00f3gicas y a las demandas del siglo XXI. Por eso, para formar estudiantes que tengan cada vez mayores oportunidades, nos comprometimos a implementar el sistema Secundaria del Futuro en todas las escuelas de gesti\u00f3n estatal de la Ciudad, y lo cumplimos.<\/p>\n<p>La Secundaria del Futuro propone un modelo educativo cada vez m\u00e1s inclusivo, que se apoya en el uso de la tecnolog\u00eda y privilegia el desarrollo de las capacidades individuales y grupales. Para cumplir con nuestra meta, en 2018 empezamos a implementar el programa en algunas escuelas de la Ciudad, y lo extendimos de manera progresiva hasta alcanzar el 100% de escuelas con Secundaria del Futuro en marzo de 2023.<\/p>\n<p>Mediante esta iniciativa, sumamos el trabajo por proyectos, agregamos horas de tutor\u00eda para acompa\u00f1ar a los chicos, e impulsamos la articulaci\u00f3n de la escuela con el mundo laboral. As\u00ed, la incorporaci\u00f3n de Secundaria del Futuro tuvo como resultado una mayor promoci\u00f3n y retenci\u00f3n de estudiantes, y una disminuci\u00f3n de la repitencia.<\/p>\n<p>De esta manera, continuamos avanzando para que los y las j\u00f3venes puedan estar cada vez mejor preparados y sean due\u00f1os de su futuro.<\/p>\n<h1>\u00bfQu\u00e9 propone la Secundaria del Futuro?<\/h1>\n<p><img loading=\"lazy\" decoding=\"async\" src=\"https:\/\/lh3.googleusercontent.com\/Hr4e-N57Vf7zZV9n3oerzrKPzLLH1A2GDYP-vC8uLKDobqhMf0qgDJgMkt80gNC1TX8hnrn6_8lE0NI6rbGrkBg4yuG48S26rDqhc8tv9fh2pUuhhQnNoFUXq9sTie6wVOuTxhw6ZhTV\" width=\"567\" height=\"319\" \/><\/p>\n<p>Este modelo busca formar personas responsables y preparadas para tomar decisiones, promoviendo el aprendizaje aut\u00f3nomo e incentivando el estudio. Tiene como ejes la creatividad, el desarrollo de la investigaci\u00f3n, el pensamiento cr\u00edtico, el trabajo en equipo y la formaci\u00f3n en valores.<\/p>\n<p>Adem\u00e1s, la Secundaria del Futuro integra las materias en distintas \u00e1reas de conocimiento y propone el trabajo articulado entre disciplinas, sin afectar los contenidos de cada una.<\/p>\n<p>Asimismo, impulsa el acompa\u00f1amiento a las trayectorias escolares, mediante la conformaci\u00f3n de un equipo especializado que realiza un seguimiento personalizado de los aprendizajes de cada estudiante.<\/p>\n<\/div>\n<\/div>\n<\/div>\n<\/div>\n<\/div>\n<\/div>\n","protected":false},"excerpt":{"rendered":"<p>El modelo se apoya en el uso de la tecnolog\u00eda y promueve el desarrollo de las capacidades individuales y grupales<\/p>\n","protected":false},"author":1,"featured_media":4009,"comment_status":"open","ping_status":"closed","sticky":false,"template":"","format":"standard","meta":{"footnotes":""},"categories":[1],"tags":[1726],"class_list":["post-4008","post","type-post","status-publish","format-standard","has-post-thumbnail","hentry","category-uncategorized","tag-uncategorized"],"yoast_head":"<!-- This site is optimized with the Yoast SEO plugin v24.6 - https:\/\/yoast.com\/wordpress\/plugins\/seo\/ -->\n<title>Compromiso cumplido: todas las escuelas de gesti\u00f3n estatal ya cuentan con Secundaria del Futuro | FM Trance 103.3<\/title>\n<meta name=\"robots\" content=\"index, follow, max-snippet:-1, max-image-preview:large, max-video-preview:-1\" \/>\n<link rel=\"canonical\" href=\"https:\/\/www.fmtrance.com\/online\/compromiso-cumplido-todas-las-escuelas-de-gestion-estatal-ya-cuentan-con-secundaria-del-futuro\/\" \/>\n<meta property=\"og:locale\" content=\"es_ES\" \/>\n<meta property=\"og:type\" content=\"article\" \/>\n<meta property=\"og:title\" content=\"Compromiso cumplido: todas las escuelas de gesti\u00f3n estatal ya cuentan con Secundaria del Futuro | FM Trance 103.3\" \/>\n<meta property=\"og:description\" content=\"El modelo se apoya en el uso de la tecnolog\u00eda y promueve el desarrollo de las capacidades individuales y grupales\" \/>\n<meta property=\"og:url\" content=\"https:\/\/www.fmtrance.com\/online\/compromiso-cumplido-todas-las-escuelas-de-gestion-estatal-ya-cuentan-con-secundaria-del-futuro\/\" \/>\n<meta property=\"og:site_name\" content=\"FM Trance 103.3\" \/>\n<meta property=\"article:publisher\" content=\"https:\/\/www.facebook.com\/fmtrance\" \/>\n<meta property=\"article:published_time\" content=\"2023-03-22T15:41:52+00:00\" \/>\n<meta property=\"article:modified_time\" content=\"2023-03-31T15:45:20+00:00\" \/>\n<meta property=\"og:image\" content=\"https:\/\/www.fmtrance.com\/online\/wp-content\/uploads\/2023\/03\/sec-del-futuro_0.jpg\" \/>\n\t<meta property=\"og:image:width\" content=\"900\" \/>\n\t<meta property=\"og:image:height\" content=\"675\" \/>\n\t<meta property=\"og:image:type\" content=\"image\/jpeg\" \/>\n<meta name=\"author\" content=\"Redaccion FM Trance\" \/>\n<meta name=\"twitter:card\" content=\"summary_large_image\" \/>\n<meta name=\"twitter:creator\" content=\"@fmtrance\" \/>\n<meta name=\"twitter:site\" content=\"@fmtrance\" \/>\n<meta name=\"twitter:label1\" content=\"Escrito por\" \/>\n\t<meta name=\"twitter:data1\" content=\"Redaccion FM Trance\" \/>\n\t<meta name=\"twitter:label2\" content=\"Tiempo de lectura\" \/>\n\t<meta name=\"twitter:data2\" content=\"2 minutos\" \/>\n<script type=\"application\/ld+json\" class=\"yoast-schema-graph\">{\"@context\":\"https:\/\/schema.org\",\"@graph\":[{\"@type\":\"Article\",\"@id\":\"https:\/\/www.fmtrance.com\/online\/compromiso-cumplido-todas-las-escuelas-de-gestion-estatal-ya-cuentan-con-secundaria-del-futuro\/#article\",\"isPartOf\":{\"@id\":\"https:\/\/www.fmtrance.com\/online\/compromiso-cumplido-todas-las-escuelas-de-gestion-estatal-ya-cuentan-con-secundaria-del-futuro\/\"},\"author\":{\"name\":\"Redaccion FM Trance\",\"@id\":\"https:\/\/www.fmtrance.com\/online\/#\/schema\/person\/686af7f826dd2f08b36b4760b7dcdddd\"},\"headline\":\"Compromiso cumplido: todas las escuelas de gesti\u00f3n estatal ya cuentan con Secundaria del Futuro\",\"datePublished\":\"2023-03-22T15:41:52+00:00\",\"dateModified\":\"2023-03-31T15:45:20+00:00\",\"mainEntityOfPage\":{\"@id\":\"https:\/\/www.fmtrance.com\/online\/compromiso-cumplido-todas-las-escuelas-de-gestion-estatal-ya-cuentan-con-secundaria-del-futuro\/\"},\"wordCount\":360,\"commentCount\":0,\"publisher\":{\"@id\":\"https:\/\/www.fmtrance.com\/online\/#organization\"},\"image\":{\"@id\":\"https:\/\/www.fmtrance.com\/online\/compromiso-cumplido-todas-las-escuelas-de-gestion-estatal-ya-cuentan-con-secundaria-del-futuro\/#primaryimage\"},\"thumbnailUrl\":\"https:\/\/www.fmtrance.com\/online\/wp-content\/uploads\/2023\/03\/sec-del-futuro_0.jpg\",\"keywords\":[\"Uncategorized\"],\"articleSection\":[\"Noticias\"],\"inLanguage\":\"es-AR\",\"potentialAction\":[{\"@type\":\"CommentAction\",\"name\":\"Comment\",\"target\":[\"https:\/\/www.fmtrance.com\/online\/compromiso-cumplido-todas-las-escuelas-de-gestion-estatal-ya-cuentan-con-secundaria-del-futuro\/#respond\"]}]},{\"@type\":\"WebPage\",\"@id\":\"https:\/\/www.fmtrance.com\/online\/compromiso-cumplido-todas-las-escuelas-de-gestion-estatal-ya-cuentan-con-secundaria-del-futuro\/\",\"url\":\"https:\/\/www.fmtrance.com\/online\/compromiso-cumplido-todas-las-escuelas-de-gestion-estatal-ya-cuentan-con-secundaria-del-futuro\/\",\"name\":\"Compromiso cumplido: todas las escuelas de gesti\u00f3n estatal ya cuentan con Secundaria del Futuro | FM Trance 103.3\",\"isPartOf\":{\"@id\":\"https:\/\/www.fmtrance.com\/online\/#website\"},\"primaryImageOfPage\":{\"@id\":\"https:\/\/www.fmtrance.com\/online\/compromiso-cumplido-todas-las-escuelas-de-gestion-estatal-ya-cuentan-con-secundaria-del-futuro\/#primaryimage\"},\"image\":{\"@id\":\"https:\/\/www.fmtrance.com\/online\/compromiso-cumplido-todas-las-escuelas-de-gestion-estatal-ya-cuentan-con-secundaria-del-futuro\/#primaryimage\"},\"thumbnailUrl\":\"https:\/\/www.fmtrance.com\/online\/wp-content\/uploads\/2023\/03\/sec-del-futuro_0.jpg\",\"datePublished\":\"2023-03-22T15:41:52+00:00\",\"dateModified\":\"2023-03-31T15:45:20+00:00\",\"breadcrumb\":{\"@id\":\"https:\/\/www.fmtrance.com\/online\/compromiso-cumplido-todas-las-escuelas-de-gestion-estatal-ya-cuentan-con-secundaria-del-futuro\/#breadcrumb\"},\"inLanguage\":\"es-AR\",\"potentialAction\":[{\"@type\":\"ReadAction\",\"target\":[\"https:\/\/www.fmtrance.com\/online\/compromiso-cumplido-todas-las-escuelas-de-gestion-estatal-ya-cuentan-con-secundaria-del-futuro\/\"]}]},{\"@type\":\"ImageObject\",\"inLanguage\":\"es-AR\",\"@id\":\"https:\/\/www.fmtrance.com\/online\/compromiso-cumplido-todas-las-escuelas-de-gestion-estatal-ya-cuentan-con-secundaria-del-futuro\/#primaryimage\",\"url\":\"https:\/\/www.fmtrance.com\/online\/wp-content\/uploads\/2023\/03\/sec-del-futuro_0.jpg\",\"contentUrl\":\"https:\/\/www.fmtrance.com\/online\/wp-content\/uploads\/2023\/03\/sec-del-futuro_0.jpg\",\"width\":900,\"height\":675},{\"@type\":\"BreadcrumbList\",\"@id\":\"https:\/\/www.fmtrance.com\/online\/compromiso-cumplido-todas-las-escuelas-de-gestion-estatal-ya-cuentan-con-secundaria-del-futuro\/#breadcrumb\",\"itemListElement\":[{\"@type\":\"ListItem\",\"position\":1,\"name\":\"Inicio\",\"item\":\"https:\/\/www.fmtrance.com\/online\/\"},{\"@type\":\"ListItem\",\"position\":2,\"name\":\"Compromiso cumplido: todas las escuelas de gesti\u00f3n estatal ya cuentan con Secundaria del Futuro\"}]},{\"@type\":\"WebSite\",\"@id\":\"https:\/\/www.fmtrance.com\/online\/#website\",\"url\":\"https:\/\/www.fmtrance.com\/online\/\",\"name\":\"FM Trance 103.3\",\"description\":\"CABA. Radio de musica electronica\",\"publisher\":{\"@id\":\"https:\/\/www.fmtrance.com\/online\/#organization\"},\"potentialAction\":[{\"@type\":\"SearchAction\",\"target\":{\"@type\":\"EntryPoint\",\"urlTemplate\":\"https:\/\/www.fmtrance.com\/online\/?s={search_term_string}\"},\"query-input\":{\"@type\":\"PropertyValueSpecification\",\"valueRequired\":true,\"valueName\":\"search_term_string\"}}],\"inLanguage\":\"es-AR\"},{\"@type\":\"Organization\",\"@id\":\"https:\/\/www.fmtrance.com\/online\/#organization\",\"name\":\"FM TRANCE\",\"url\":\"https:\/\/www.fmtrance.com\/online\/\",\"logo\":{\"@type\":\"ImageObject\",\"inLanguage\":\"es-AR\",\"@id\":\"https:\/\/www.fmtrance.com\/online\/#\/schema\/logo\/image\/\",\"url\":\"https:\/\/www.fmtrance.com\/online\/wp-content\/uploads\/2025\/03\/LOGO-WEB.png\",\"contentUrl\":\"https:\/\/www.fmtrance.com\/online\/wp-content\/uploads\/2025\/03\/LOGO-WEB.png\",\"width\":500,\"height\":500,\"caption\":\"FM TRANCE\"},\"image\":{\"@id\":\"https:\/\/www.fmtrance.com\/online\/#\/schema\/logo\/image\/\"},\"sameAs\":[\"https:\/\/www.facebook.com\/fmtrance\",\"https:\/\/x.com\/fmtrance\",\"https:\/\/www.instagram.com\/fmtrance\"]},{\"@type\":\"Person\",\"@id\":\"https:\/\/www.fmtrance.com\/online\/#\/schema\/person\/686af7f826dd2f08b36b4760b7dcdddd\",\"name\":\"Redaccion FM Trance\",\"image\":{\"@type\":\"ImageObject\",\"inLanguage\":\"es-AR\",\"@id\":\"https:\/\/www.fmtrance.com\/online\/#\/schema\/person\/image\/\",\"url\":\"https:\/\/secure.gravatar.com\/avatar\/c9d0afa8b0785bea8046a42861739f0a26fb9e8da739ce032e6598dc2981bc38?s=96&r=g\",\"contentUrl\":\"https:\/\/secure.gravatar.com\/avatar\/c9d0afa8b0785bea8046a42861739f0a26fb9e8da739ce032e6598dc2981bc38?s=96&r=g\",\"caption\":\"Redaccion FM Trance\"},\"description\":\"Fundador y Director general de FM Trance. Nacido el 24 de Septiembre de 1987, en Caballito, Ciudad Autonoma de Buenos Aires. Alguien de Radio desde siempre: ya a los 9 a\u00f1os de edad como radioescucha, sintonizando estaci\u00f3nes de AM, FM, onda corta, TV UHF\/VHF, y dem\u00e1s servicios. Se desempe\u00f1\u00f3 como Operador T\u00e9cnico en diferentes emisoras locales de CABA y GBA, y hasta el dia de hoy sigue ejerciendo desde la parte t\u00e9cnica, realizando trabajos en varias Radios. Egresado del ISER de la carrera de Operador Tecnico de Planta Transmisora, cursando actualmente la carrera de Operador Tecnico de Estudios de Radio en dicha instituci\u00f3n, y flamante radioaficionado (habiendo completado el curso en el Radioclub Buenos Aires), distintiva LU2DBK.\",\"url\":\"https:\/\/www.fmtrance.com\/online\/author\/fmtrance\/\"}]}<\/script>\n<!-- \/ Yoast SEO plugin. -->","yoast_head_json":{"title":"Compromiso cumplido: todas las escuelas de gesti\u00f3n estatal ya cuentan con Secundaria del Futuro | FM Trance 103.3","robots":{"index":"index","follow":"follow","max-snippet":"max-snippet:-1","max-image-preview":"max-image-preview:large","max-video-preview":"max-video-preview:-1"},"canonical":"https:\/\/www.fmtrance.com\/online\/compromiso-cumplido-todas-las-escuelas-de-gestion-estatal-ya-cuentan-con-secundaria-del-futuro\/","og_locale":"es_ES","og_type":"article","og_title":"Compromiso cumplido: todas las escuelas de gesti\u00f3n estatal ya cuentan con Secundaria del Futuro | FM Trance 103.3","og_description":"El modelo se apoya en el uso de la tecnolog\u00eda y promueve el desarrollo de las capacidades individuales y grupales","og_url":"https:\/\/www.fmtrance.com\/online\/compromiso-cumplido-todas-las-escuelas-de-gestion-estatal-ya-cuentan-con-secundaria-del-futuro\/","og_site_name":"FM Trance 103.3","article_publisher":"https:\/\/www.facebook.com\/fmtrance","article_published_time":"2023-03-22T15:41:52+00:00","article_modified_time":"2023-03-31T15:45:20+00:00","og_image":[{"width":900,"height":675,"url":"https:\/\/www.fmtrance.com\/online\/wp-content\/uploads\/2023\/03\/sec-del-futuro_0.jpg","type":"image\/jpeg"}],"author":"Redaccion FM Trance","twitter_card":"summary_large_image","twitter_creator":"@fmtrance","twitter_site":"@fmtrance","twitter_misc":{"Escrito por":"Redaccion FM Trance","Tiempo de lectura":"2 minutos"},"schema":{"@context":"https:\/\/schema.org","@graph":[{"@type":"Article","@id":"https:\/\/www.fmtrance.com\/online\/compromiso-cumplido-todas-las-escuelas-de-gestion-estatal-ya-cuentan-con-secundaria-del-futuro\/#article","isPartOf":{"@id":"https:\/\/www.fmtrance.com\/online\/compromiso-cumplido-todas-las-escuelas-de-gestion-estatal-ya-cuentan-con-secundaria-del-futuro\/"},"author":{"name":"Redaccion FM Trance","@id":"https:\/\/www.fmtrance.com\/online\/#\/schema\/person\/686af7f826dd2f08b36b4760b7dcdddd"},"headline":"Compromiso cumplido: todas las escuelas de gesti\u00f3n estatal ya cuentan con Secundaria del Futuro","datePublished":"2023-03-22T15:41:52+00:00","dateModified":"2023-03-31T15:45:20+00:00","mainEntityOfPage":{"@id":"https:\/\/www.fmtrance.com\/online\/compromiso-cumplido-todas-las-escuelas-de-gestion-estatal-ya-cuentan-con-secundaria-del-futuro\/"},"wordCount":360,"commentCount":0,"publisher":{"@id":"https:\/\/www.fmtrance.com\/online\/#organization"},"image":{"@id":"https:\/\/www.fmtrance.com\/online\/compromiso-cumplido-todas-las-escuelas-de-gestion-estatal-ya-cuentan-con-secundaria-del-futuro\/#primaryimage"},"thumbnailUrl":"https:\/\/www.fmtrance.com\/online\/wp-content\/uploads\/2023\/03\/sec-del-futuro_0.jpg","keywords":["Uncategorized"],"articleSection":["Noticias"],"inLanguage":"es-AR","potentialAction":[{"@type":"CommentAction","name":"Comment","target":["https:\/\/www.fmtrance.com\/online\/compromiso-cumplido-todas-las-escuelas-de-gestion-estatal-ya-cuentan-con-secundaria-del-futuro\/#respond"]}]},{"@type":"WebPage","@id":"https:\/\/www.fmtrance.com\/online\/compromiso-cumplido-todas-las-escuelas-de-gestion-estatal-ya-cuentan-con-secundaria-del-futuro\/","url":"https:\/\/www.fmtrance.com\/online\/compromiso-cumplido-todas-las-escuelas-de-gestion-estatal-ya-cuentan-con-secundaria-del-futuro\/","name":"Compromiso cumplido: todas las escuelas de gesti\u00f3n estatal ya cuentan con Secundaria del Futuro | FM Trance 103.3","isPartOf":{"@id":"https:\/\/www.fmtrance.com\/online\/#website"},"primaryImageOfPage":{"@id":"https:\/\/www.fmtrance.com\/online\/compromiso-cumplido-todas-las-escuelas-de-gestion-estatal-ya-cuentan-con-secundaria-del-futuro\/#primaryimage"},"image":{"@id":"https:\/\/www.fmtrance.com\/online\/compromiso-cumplido-todas-las-escuelas-de-gestion-estatal-ya-cuentan-con-secundaria-del-futuro\/#primaryimage"},"thumbnailUrl":"https:\/\/www.fmtrance.com\/online\/wp-content\/uploads\/2023\/03\/sec-del-futuro_0.jpg","datePublished":"2023-03-22T15:41:52+00:00","dateModified":"2023-03-31T15:45:20+00:00","breadcrumb":{"@id":"https:\/\/www.fmtrance.com\/online\/compromiso-cumplido-todas-las-escuelas-de-gestion-estatal-ya-cuentan-con-secundaria-del-futuro\/#breadcrumb"},"inLanguage":"es-AR","potentialAction":[{"@type":"ReadAction","target":["https:\/\/www.fmtrance.com\/online\/compromiso-cumplido-todas-las-escuelas-de-gestion-estatal-ya-cuentan-con-secundaria-del-futuro\/"]}]},{"@type":"ImageObject","inLanguage":"es-AR","@id":"https:\/\/www.fmtrance.com\/online\/compromiso-cumplido-todas-las-escuelas-de-gestion-estatal-ya-cuentan-con-secundaria-del-futuro\/#primaryimage","url":"https:\/\/www.fmtrance.com\/online\/wp-content\/uploads\/2023\/03\/sec-del-futuro_0.jpg","contentUrl":"https:\/\/www.fmtrance.com\/online\/wp-content\/uploads\/2023\/03\/sec-del-futuro_0.jpg","width":900,"height":675},{"@type":"BreadcrumbList","@id":"https:\/\/www.fmtrance.com\/online\/compromiso-cumplido-todas-las-escuelas-de-gestion-estatal-ya-cuentan-con-secundaria-del-futuro\/#breadcrumb","itemListElement":[{"@type":"ListItem","position":1,"name":"Inicio","item":"https:\/\/www.fmtrance.com\/online\/"},{"@type":"ListItem","position":2,"name":"Compromiso cumplido: todas las escuelas de gesti\u00f3n estatal ya cuentan con Secundaria del Futuro"}]},{"@type":"WebSite","@id":"https:\/\/www.fmtrance.com\/online\/#website","url":"https:\/\/www.fmtrance.com\/online\/","name":"FM Trance 103.3","description":"CABA. Radio de musica electronica","publisher":{"@id":"https:\/\/www.fmtrance.com\/online\/#organization"},"potentialAction":[{"@type":"SearchAction","target":{"@type":"EntryPoint","urlTemplate":"https:\/\/www.fmtrance.com\/online\/?s={search_term_string}"},"query-input":{"@type":"PropertyValueSpecification","valueRequired":true,"valueName":"search_term_string"}}],"inLanguage":"es-AR"},{"@type":"Organization","@id":"https:\/\/www.fmtrance.com\/online\/#organization","name":"FM TRANCE","url":"https:\/\/www.fmtrance.com\/online\/","logo":{"@type":"ImageObject","inLanguage":"es-AR","@id":"https:\/\/www.fmtrance.com\/online\/#\/schema\/logo\/image\/","url":"https:\/\/www.fmtrance.com\/online\/wp-content\/uploads\/2025\/03\/LOGO-WEB.png","contentUrl":"https:\/\/www.fmtrance.com\/online\/wp-content\/uploads\/2025\/03\/LOGO-WEB.png","width":500,"height":500,"caption":"FM TRANCE"},"image":{"@id":"https:\/\/www.fmtrance.com\/online\/#\/schema\/logo\/image\/"},"sameAs":["https:\/\/www.facebook.com\/fmtrance","https:\/\/x.com\/fmtrance","https:\/\/www.instagram.com\/fmtrance"]},{"@type":"Person","@id":"https:\/\/www.fmtrance.com\/online\/#\/schema\/person\/686af7f826dd2f08b36b4760b7dcdddd","name":"Redaccion FM Trance","image":{"@type":"ImageObject","inLanguage":"es-AR","@id":"https:\/\/www.fmtrance.com\/online\/#\/schema\/person\/image\/","url":"https:\/\/secure.gravatar.com\/avatar\/c9d0afa8b0785bea8046a42861739f0a26fb9e8da739ce032e6598dc2981bc38?s=96&r=g","contentUrl":"https:\/\/secure.gravatar.com\/avatar\/c9d0afa8b0785bea8046a42861739f0a26fb9e8da739ce032e6598dc2981bc38?s=96&r=g","caption":"Redaccion FM Trance"},"description":"Fundador y Director general de FM Trance. Nacido el 24 de Septiembre de 1987, en Caballito, Ciudad Autonoma de Buenos Aires. Alguien de Radio desde siempre: ya a los 9 a\u00f1os de edad como radioescucha, sintonizando estaci\u00f3nes de AM, FM, onda corta, TV UHF\/VHF, y dem\u00e1s servicios. Se desempe\u00f1\u00f3 como Operador T\u00e9cnico en diferentes emisoras locales de CABA y GBA, y hasta el dia de hoy sigue ejerciendo desde la parte t\u00e9cnica, realizando trabajos en varias Radios. Egresado del ISER de la carrera de Operador Tecnico de Planta Transmisora, cursando actualmente la carrera de Operador Tecnico de Estudios de Radio en dicha instituci\u00f3n, y flamante radioaficionado (habiendo completado el curso en el Radioclub Buenos Aires), distintiva LU2DBK.","url":"https:\/\/www.fmtrance.com\/online\/author\/fmtrance\/"}]}},"_links":{"self":[{"href":"https:\/\/www.fmtrance.com\/online\/wp-json\/wp\/v2\/posts\/4008","targetHints":{"allow":["GET"]}}],"collection":[{"href":"https:\/\/www.fmtrance.com\/online\/wp-json\/wp\/v2\/posts"}],"about":[{"href":"https:\/\/www.fmtrance.com\/online\/wp-json\/wp\/v2\/types\/post"}],"author":[{"embeddable":true,"href":"https:\/\/www.fmtrance.com\/online\/wp-json\/wp\/v2\/users\/1"}],"replies":[{"embeddable":true,"href":"https:\/\/www.fmtrance.com\/online\/wp-json\/wp\/v2\/comments?post=4008"}],"version-history":[{"count":1,"href":"https:\/\/www.fmtrance.com\/online\/wp-json\/wp\/v2\/posts\/4008\/revisions"}],"predecessor-version":[{"id":4010,"href":"https:\/\/www.fmtrance.com\/online\/wp-json\/wp\/v2\/posts\/4008\/revisions\/4010"}],"wp:featuredmedia":[{"embeddable":true,"href":"https:\/\/www.fmtrance.com\/online\/wp-json\/wp\/v2\/media\/4009"}],"wp:attachment":[{"href":"https:\/\/www.fmtrance.com\/online\/wp-json\/wp\/v2\/media?parent=4008"}],"wp:term":[{"taxonomy":"category","embeddable":true,"href":"https:\/\/www.fmtrance.com\/online\/wp-json\/wp\/v2\/categories?post=4008"},{"taxonomy":"post_tag","embeddable":true,"href":"https:\/\/www.fmtrance.com\/online\/wp-json\/wp\/v2\/tags?post=4008"}],"curies":[{"name":"wp","href":"https:\/\/api.w.org\/{rel}","templated":true}]}}