{"id":4005,"date":"2023-03-22T23:50:05","date_gmt":"2023-03-23T02:50:05","guid":{"rendered":"http:\/\/www.fmtrance.com\/online\/?p=4005"},"modified":"2023-03-30T23:51:58","modified_gmt":"2023-03-31T02:51:58","slug":"el-presidente-puso-en-marcha-el-tren-que-une-mendoza-con-caba","status":"publish","type":"post","link":"https:\/\/www.fmtrance.com\/online\/el-presidente-puso-en-marcha-el-tren-que-une-mendoza-con-caba\/","title":{"rendered":"El Presidente puso en marcha el tren que une Mendoza con CABA"},"content":{"rendered":"<div class=\"entry__article-wrap\">\n<div class=\"entry__article\">El presidente Alberto Fern\u00e1ndez afirm\u00f3 hoy que &#8220;en cualquier rinc\u00f3n de la Patria est\u00e1 el Estado presente&#8221;, al encabezar en Mendoza el acto de puesta en marcha de la ruta ferroviaria que une esa provincia con la ciudad de Buenos Aires, que no funcionaba desde hace 30 a\u00f1os, y record\u00f3 que &#8220;otros&#8221; hab\u00edan dejado abandonado ese tren.<\/p>\n<p>Desde la ciudad de Palmira, distante 25 kil\u00f3metros del centro de Mendoza, el mandatario destac\u00f3 que fue un d\u00eda &#8220;de celebraci\u00f3n&#8221; y ponder\u00f3 el rol de los ferrocarriles para que &#8220;Argentina se federalice&#8221;.<\/p>\n<p>&#8220;Miren cualquier rinc\u00f3n de la Patria: hay obras. En cualquier rinc\u00f3n de la patria est\u00e1 el Estado presente, llevando salud, educaci\u00f3n y conectividad&#8221;, subray\u00f3.<\/p>\n<p>El jefe de Estado record\u00f3 que, a pesar de la pandemia, de la guerra en Ucrania y de la sequ\u00eda que &#8220;afect\u00f3 much\u00edsimo&#8221; al pa\u00eds, su Gobierno sigui\u00f3 adelante, &#8220;construyendo escuelas, poniendo en pie universidades, construyendo hospitales y mejorando las rutas&#8221;.<\/p>\n<p>Acompa\u00f1ado por el ministro de Econom\u00eda, Sergio Massa; el ministro de Transporte, Diego Giuliano; el gobernador local, Rodolfo Suarez; y el presidente de Trenes Argentinos, Mart\u00edn Marinucci, el mandatario record\u00f3 el proceso de privatizaci\u00f3n de los trenes en la d\u00e9cada de 1990 y lo se\u00f1al\u00f3 como &#8220;desintegrador&#8221;.<\/p>\n<p>&#8220;&#8216;Ramal que para, ramal que cierra&#8217;. El d\u00eda que se dijo eso, la Argentina se desintegr\u00f3. La conectividad se desintegr\u00f3&#8221;, subray\u00f3.<\/p>\n<p>El tren San Mart\u00edn a Mendoza no prestaba ese servicio desde hac\u00eda 30 a\u00f1os, y hab\u00eda convertido a ciudades como Palmira en &#8220;fantasma&#8221;, con altas tasas de desocupaci\u00f3n.<\/p>\n<p>&#8220;Cuando viajo por el mundo me pregunto por qu\u00e9 los argentinos dilapidamos esa red ferroviaria que tuvimos. Hoy el tren est\u00e1 llevando argentinos a todos los lugares del pa\u00eds&#8221;, destac\u00f3 Fern\u00e1ndez.<\/p>\n<p>Y se\u00f1al\u00f3 adem\u00e1s que la recuperaci\u00f3n de los trenes &#8220;para muchos era impensable&#8221;.<\/p>\n<p>&#8220;Creyeron que est\u00e1bamos vendiendo una mentira, que no \u00edbamos a concretar, aqu\u00ed est\u00e1: es el tren que sale de Buenos Aires y llega a Mendoza&#8221;, celebr\u00f3.<\/p>\n<p>Fern\u00e1ndez record\u00f3 tambi\u00e9n la figura del dirigente peronista Antonio Cafiero cuando dec\u00eda que &#8220;quien sue\u00f1a solo, s\u00f3lo sue\u00f1a; pero quien sue\u00f1a con otros puede cambiar al mundo&#8221;.<\/p>\n<p>&#8220;No me dejen so\u00f1ando solo con la utop\u00eda de la igualdad, y hag\u00e1mosla realidad para que estos trenes lleguen a cada rinc\u00f3n de la Argentina&#8221;, concluy\u00f3 Fern\u00e1ndez.<\/p>\n<div id=\"mul157305\" class=\"video\"><iframe loading=\"lazy\" src=\"https:\/\/www.youtube.com\/embed\/99Ex8Tvb6T0?rel=0\" width=\"638\" height=\"320\" frameborder=\"0\" allowfullscreen=\"allowfullscreen\" data-mce-fragment=\"1\"><\/iframe><\/div>\n<\/div>\n<\/div>\n<section class=\"section related-posts mt-40 mb-0\">\n<div class=\"title-wrap title-wrap--line title-wrap--pr\"><\/div>\n<\/section>\n","protected":false},"excerpt":{"rendered":"<p>El presidente Alberto Fern\u00e1ndez afirm\u00f3 hoy que &#8220;en cualquier rinc\u00f3n de la Patria est\u00e1 el Estado presente&#8221;, al encabezar en<\/p>\n","protected":false},"author":1,"featured_media":4006,"comment_status":"open","ping_status":"closed","sticky":false,"template":"","format":"standard","meta":{"footnotes":""},"categories":[1],"tags":[1726],"class_list":["post-4005","post","type-post","status-publish","format-standard","has-post-thumbnail","hentry","category-uncategorized","tag-uncategorized"],"yoast_head":"<!-- This site is optimized with the Yoast SEO plugin v24.6 - https:\/\/yoast.com\/wordpress\/plugins\/seo\/ -->\n<title>El Presidente puso en marcha el tren que une Mendoza con CABA | FM Trance 103.3<\/title>\n<meta name=\"robots\" content=\"index, follow, max-snippet:-1, max-image-preview:large, max-video-preview:-1\" \/>\n<link rel=\"canonical\" href=\"https:\/\/www.fmtrance.com\/online\/el-presidente-puso-en-marcha-el-tren-que-une-mendoza-con-caba\/\" \/>\n<meta property=\"og:locale\" content=\"es_ES\" \/>\n<meta property=\"og:type\" content=\"article\" \/>\n<meta property=\"og:title\" content=\"El Presidente puso en marcha el tren que une Mendoza con CABA | FM Trance 103.3\" \/>\n<meta property=\"og:description\" content=\"El presidente Alberto Fern\u00e1ndez afirm\u00f3 hoy que &#8220;en cualquier rinc\u00f3n de la Patria est\u00e1 el Estado presente&#8221;, al encabezar en\" \/>\n<meta property=\"og:url\" content=\"https:\/\/www.fmtrance.com\/online\/el-presidente-puso-en-marcha-el-tren-que-une-mendoza-con-caba\/\" \/>\n<meta property=\"og:site_name\" content=\"FM Trance 103.3\" \/>\n<meta property=\"article:publisher\" content=\"https:\/\/www.facebook.com\/fmtrance\" \/>\n<meta property=\"article:published_time\" content=\"2023-03-23T02:50:05+00:00\" \/>\n<meta property=\"article:modified_time\" content=\"2023-03-31T02:51:58+00:00\" \/>\n<meta property=\"og:image\" content=\"https:\/\/www.fmtrance.com\/online\/wp-content\/uploads\/2023\/03\/alverso1.jpg\" \/>\n\t<meta property=\"og:image:width\" content=\"674\" \/>\n\t<meta property=\"og:image:height\" content=\"380\" \/>\n\t<meta property=\"og:image:type\" content=\"image\/jpeg\" \/>\n<meta name=\"author\" content=\"Redaccion FM Trance\" \/>\n<meta name=\"twitter:card\" content=\"summary_large_image\" \/>\n<meta name=\"twitter:creator\" content=\"@fmtrance\" \/>\n<meta name=\"twitter:site\" content=\"@fmtrance\" \/>\n<meta name=\"twitter:label1\" content=\"Escrito por\" \/>\n\t<meta name=\"twitter:data1\" content=\"Redaccion FM Trance\" \/>\n\t<meta name=\"twitter:label2\" content=\"Tiempo de lectura\" \/>\n\t<meta name=\"twitter:data2\" content=\"2 minutos\" \/>\n<script type=\"application\/ld+json\" class=\"yoast-schema-graph\">{\"@context\":\"https:\/\/schema.org\",\"@graph\":[{\"@type\":\"Article\",\"@id\":\"https:\/\/www.fmtrance.com\/online\/el-presidente-puso-en-marcha-el-tren-que-une-mendoza-con-caba\/#article\",\"isPartOf\":{\"@id\":\"https:\/\/www.fmtrance.com\/online\/el-presidente-puso-en-marcha-el-tren-que-une-mendoza-con-caba\/\"},\"author\":{\"name\":\"Redaccion FM Trance\",\"@id\":\"https:\/\/www.fmtrance.com\/online\/#\/schema\/person\/686af7f826dd2f08b36b4760b7dcdddd\"},\"headline\":\"El Presidente puso en marcha el tren que une Mendoza con CABA\",\"datePublished\":\"2023-03-23T02:50:05+00:00\",\"dateModified\":\"2023-03-31T02:51:58+00:00\",\"mainEntityOfPage\":{\"@id\":\"https:\/\/www.fmtrance.com\/online\/el-presidente-puso-en-marcha-el-tren-que-une-mendoza-con-caba\/\"},\"wordCount\":426,\"commentCount\":0,\"publisher\":{\"@id\":\"https:\/\/www.fmtrance.com\/online\/#organization\"},\"image\":{\"@id\":\"https:\/\/www.fmtrance.com\/online\/el-presidente-puso-en-marcha-el-tren-que-une-mendoza-con-caba\/#primaryimage\"},\"thumbnailUrl\":\"https:\/\/www.fmtrance.com\/online\/wp-content\/uploads\/2023\/03\/alverso1.jpg\",\"keywords\":[\"Uncategorized\"],\"articleSection\":[\"Noticias\"],\"inLanguage\":\"es-AR\",\"potentialAction\":[{\"@type\":\"CommentAction\",\"name\":\"Comment\",\"target\":[\"https:\/\/www.fmtrance.com\/online\/el-presidente-puso-en-marcha-el-tren-que-une-mendoza-con-caba\/#respond\"]}]},{\"@type\":\"WebPage\",\"@id\":\"https:\/\/www.fmtrance.com\/online\/el-presidente-puso-en-marcha-el-tren-que-une-mendoza-con-caba\/\",\"url\":\"https:\/\/www.fmtrance.com\/online\/el-presidente-puso-en-marcha-el-tren-que-une-mendoza-con-caba\/\",\"name\":\"El Presidente puso en marcha el tren que une Mendoza con CABA | FM Trance 103.3\",\"isPartOf\":{\"@id\":\"https:\/\/www.fmtrance.com\/online\/#website\"},\"primaryImageOfPage\":{\"@id\":\"https:\/\/www.fmtrance.com\/online\/el-presidente-puso-en-marcha-el-tren-que-une-mendoza-con-caba\/#primaryimage\"},\"image\":{\"@id\":\"https:\/\/www.fmtrance.com\/online\/el-presidente-puso-en-marcha-el-tren-que-une-mendoza-con-caba\/#primaryimage\"},\"thumbnailUrl\":\"https:\/\/www.fmtrance.com\/online\/wp-content\/uploads\/2023\/03\/alverso1.jpg\",\"datePublished\":\"2023-03-23T02:50:05+00:00\",\"dateModified\":\"2023-03-31T02:51:58+00:00\",\"breadcrumb\":{\"@id\":\"https:\/\/www.fmtrance.com\/online\/el-presidente-puso-en-marcha-el-tren-que-une-mendoza-con-caba\/#breadcrumb\"},\"inLanguage\":\"es-AR\",\"potentialAction\":[{\"@type\":\"ReadAction\",\"target\":[\"https:\/\/www.fmtrance.com\/online\/el-presidente-puso-en-marcha-el-tren-que-une-mendoza-con-caba\/\"]}]},{\"@type\":\"ImageObject\",\"inLanguage\":\"es-AR\",\"@id\":\"https:\/\/www.fmtrance.com\/online\/el-presidente-puso-en-marcha-el-tren-que-une-mendoza-con-caba\/#primaryimage\",\"url\":\"https:\/\/www.fmtrance.com\/online\/wp-content\/uploads\/2023\/03\/alverso1.jpg\",\"contentUrl\":\"https:\/\/www.fmtrance.com\/online\/wp-content\/uploads\/2023\/03\/alverso1.jpg\",\"width\":674,\"height\":380},{\"@type\":\"BreadcrumbList\",\"@id\":\"https:\/\/www.fmtrance.com\/online\/el-presidente-puso-en-marcha-el-tren-que-une-mendoza-con-caba\/#breadcrumb\",\"itemListElement\":[{\"@type\":\"ListItem\",\"position\":1,\"name\":\"Inicio\",\"item\":\"https:\/\/www.fmtrance.com\/online\/\"},{\"@type\":\"ListItem\",\"position\":2,\"name\":\"El Presidente puso en marcha el tren que une Mendoza con CABA\"}]},{\"@type\":\"WebSite\",\"@id\":\"https:\/\/www.fmtrance.com\/online\/#website\",\"url\":\"https:\/\/www.fmtrance.com\/online\/\",\"name\":\"FM Trance 103.3\",\"description\":\"CABA. Radio de musica electronica\",\"publisher\":{\"@id\":\"https:\/\/www.fmtrance.com\/online\/#organization\"},\"potentialAction\":[{\"@type\":\"SearchAction\",\"target\":{\"@type\":\"EntryPoint\",\"urlTemplate\":\"https:\/\/www.fmtrance.com\/online\/?s={search_term_string}\"},\"query-input\":{\"@type\":\"PropertyValueSpecification\",\"valueRequired\":true,\"valueName\":\"search_term_string\"}}],\"inLanguage\":\"es-AR\"},{\"@type\":\"Organization\",\"@id\":\"https:\/\/www.fmtrance.com\/online\/#organization\",\"name\":\"FM TRANCE\",\"url\":\"https:\/\/www.fmtrance.com\/online\/\",\"logo\":{\"@type\":\"ImageObject\",\"inLanguage\":\"es-AR\",\"@id\":\"https:\/\/www.fmtrance.com\/online\/#\/schema\/logo\/image\/\",\"url\":\"https:\/\/www.fmtrance.com\/online\/wp-content\/uploads\/2025\/03\/LOGO-WEB.png\",\"contentUrl\":\"https:\/\/www.fmtrance.com\/online\/wp-content\/uploads\/2025\/03\/LOGO-WEB.png\",\"width\":500,\"height\":500,\"caption\":\"FM TRANCE\"},\"image\":{\"@id\":\"https:\/\/www.fmtrance.com\/online\/#\/schema\/logo\/image\/\"},\"sameAs\":[\"https:\/\/www.facebook.com\/fmtrance\",\"https:\/\/x.com\/fmtrance\",\"https:\/\/www.instagram.com\/fmtrance\"]},{\"@type\":\"Person\",\"@id\":\"https:\/\/www.fmtrance.com\/online\/#\/schema\/person\/686af7f826dd2f08b36b4760b7dcdddd\",\"name\":\"Redaccion FM Trance\",\"image\":{\"@type\":\"ImageObject\",\"inLanguage\":\"es-AR\",\"@id\":\"https:\/\/www.fmtrance.com\/online\/#\/schema\/person\/image\/\",\"url\":\"https:\/\/secure.gravatar.com\/avatar\/c9d0afa8b0785bea8046a42861739f0a26fb9e8da739ce032e6598dc2981bc38?s=96&r=g\",\"contentUrl\":\"https:\/\/secure.gravatar.com\/avatar\/c9d0afa8b0785bea8046a42861739f0a26fb9e8da739ce032e6598dc2981bc38?s=96&r=g\",\"caption\":\"Redaccion FM Trance\"},\"description\":\"Fundador y Director general de FM Trance. Nacido el 24 de Septiembre de 1987, en Caballito, Ciudad Autonoma de Buenos Aires. Alguien de Radio desde siempre: ya a los 9 a\u00f1os de edad como radioescucha, sintonizando estaci\u00f3nes de AM, FM, onda corta, TV UHF\/VHF, y dem\u00e1s servicios. Se desempe\u00f1\u00f3 como Operador T\u00e9cnico en diferentes emisoras locales de CABA y GBA, y hasta el dia de hoy sigue ejerciendo desde la parte t\u00e9cnica, realizando trabajos en varias Radios. Egresado del ISER de la carrera de Operador Tecnico de Planta Transmisora, cursando actualmente la carrera de Operador Tecnico de Estudios de Radio en dicha instituci\u00f3n, y flamante radioaficionado (habiendo completado el curso en el Radioclub Buenos Aires), distintiva LU2DBK.\",\"url\":\"https:\/\/www.fmtrance.com\/online\/author\/fmtrance\/\"}]}<\/script>\n<!-- \/ Yoast SEO plugin. -->","yoast_head_json":{"title":"El Presidente puso en marcha el tren que une Mendoza con CABA | FM Trance 103.3","robots":{"index":"index","follow":"follow","max-snippet":"max-snippet:-1","max-image-preview":"max-image-preview:large","max-video-preview":"max-video-preview:-1"},"canonical":"https:\/\/www.fmtrance.com\/online\/el-presidente-puso-en-marcha-el-tren-que-une-mendoza-con-caba\/","og_locale":"es_ES","og_type":"article","og_title":"El Presidente puso en marcha el tren que une Mendoza con CABA | FM Trance 103.3","og_description":"El presidente Alberto Fern\u00e1ndez afirm\u00f3 hoy que &#8220;en cualquier rinc\u00f3n de la Patria est\u00e1 el Estado presente&#8221;, al encabezar en","og_url":"https:\/\/www.fmtrance.com\/online\/el-presidente-puso-en-marcha-el-tren-que-une-mendoza-con-caba\/","og_site_name":"FM Trance 103.3","article_publisher":"https:\/\/www.facebook.com\/fmtrance","article_published_time":"2023-03-23T02:50:05+00:00","article_modified_time":"2023-03-31T02:51:58+00:00","og_image":[{"width":674,"height":380,"url":"https:\/\/www.fmtrance.com\/online\/wp-content\/uploads\/2023\/03\/alverso1.jpg","type":"image\/jpeg"}],"author":"Redaccion FM Trance","twitter_card":"summary_large_image","twitter_creator":"@fmtrance","twitter_site":"@fmtrance","twitter_misc":{"Escrito por":"Redaccion FM Trance","Tiempo de lectura":"2 minutos"},"schema":{"@context":"https:\/\/schema.org","@graph":[{"@type":"Article","@id":"https:\/\/www.fmtrance.com\/online\/el-presidente-puso-en-marcha-el-tren-que-une-mendoza-con-caba\/#article","isPartOf":{"@id":"https:\/\/www.fmtrance.com\/online\/el-presidente-puso-en-marcha-el-tren-que-une-mendoza-con-caba\/"},"author":{"name":"Redaccion FM Trance","@id":"https:\/\/www.fmtrance.com\/online\/#\/schema\/person\/686af7f826dd2f08b36b4760b7dcdddd"},"headline":"El Presidente puso en marcha el tren que une Mendoza con CABA","datePublished":"2023-03-23T02:50:05+00:00","dateModified":"2023-03-31T02:51:58+00:00","mainEntityOfPage":{"@id":"https:\/\/www.fmtrance.com\/online\/el-presidente-puso-en-marcha-el-tren-que-une-mendoza-con-caba\/"},"wordCount":426,"commentCount":0,"publisher":{"@id":"https:\/\/www.fmtrance.com\/online\/#organization"},"image":{"@id":"https:\/\/www.fmtrance.com\/online\/el-presidente-puso-en-marcha-el-tren-que-une-mendoza-con-caba\/#primaryimage"},"thumbnailUrl":"https:\/\/www.fmtrance.com\/online\/wp-content\/uploads\/2023\/03\/alverso1.jpg","keywords":["Uncategorized"],"articleSection":["Noticias"],"inLanguage":"es-AR","potentialAction":[{"@type":"CommentAction","name":"Comment","target":["https:\/\/www.fmtrance.com\/online\/el-presidente-puso-en-marcha-el-tren-que-une-mendoza-con-caba\/#respond"]}]},{"@type":"WebPage","@id":"https:\/\/www.fmtrance.com\/online\/el-presidente-puso-en-marcha-el-tren-que-une-mendoza-con-caba\/","url":"https:\/\/www.fmtrance.com\/online\/el-presidente-puso-en-marcha-el-tren-que-une-mendoza-con-caba\/","name":"El Presidente puso en marcha el tren que une Mendoza con CABA | FM Trance 103.3","isPartOf":{"@id":"https:\/\/www.fmtrance.com\/online\/#website"},"primaryImageOfPage":{"@id":"https:\/\/www.fmtrance.com\/online\/el-presidente-puso-en-marcha-el-tren-que-une-mendoza-con-caba\/#primaryimage"},"image":{"@id":"https:\/\/www.fmtrance.com\/online\/el-presidente-puso-en-marcha-el-tren-que-une-mendoza-con-caba\/#primaryimage"},"thumbnailUrl":"https:\/\/www.fmtrance.com\/online\/wp-content\/uploads\/2023\/03\/alverso1.jpg","datePublished":"2023-03-23T02:50:05+00:00","dateModified":"2023-03-31T02:51:58+00:00","breadcrumb":{"@id":"https:\/\/www.fmtrance.com\/online\/el-presidente-puso-en-marcha-el-tren-que-une-mendoza-con-caba\/#breadcrumb"},"inLanguage":"es-AR","potentialAction":[{"@type":"ReadAction","target":["https:\/\/www.fmtrance.com\/online\/el-presidente-puso-en-marcha-el-tren-que-une-mendoza-con-caba\/"]}]},{"@type":"ImageObject","inLanguage":"es-AR","@id":"https:\/\/www.fmtrance.com\/online\/el-presidente-puso-en-marcha-el-tren-que-une-mendoza-con-caba\/#primaryimage","url":"https:\/\/www.fmtrance.com\/online\/wp-content\/uploads\/2023\/03\/alverso1.jpg","contentUrl":"https:\/\/www.fmtrance.com\/online\/wp-content\/uploads\/2023\/03\/alverso1.jpg","width":674,"height":380},{"@type":"BreadcrumbList","@id":"https:\/\/www.fmtrance.com\/online\/el-presidente-puso-en-marcha-el-tren-que-une-mendoza-con-caba\/#breadcrumb","itemListElement":[{"@type":"ListItem","position":1,"name":"Inicio","item":"https:\/\/www.fmtrance.com\/online\/"},{"@type":"ListItem","position":2,"name":"El Presidente puso en marcha el tren que une Mendoza con CABA"}]},{"@type":"WebSite","@id":"https:\/\/www.fmtrance.com\/online\/#website","url":"https:\/\/www.fmtrance.com\/online\/","name":"FM Trance 103.3","description":"CABA. Radio de musica electronica","publisher":{"@id":"https:\/\/www.fmtrance.com\/online\/#organization"},"potentialAction":[{"@type":"SearchAction","target":{"@type":"EntryPoint","urlTemplate":"https:\/\/www.fmtrance.com\/online\/?s={search_term_string}"},"query-input":{"@type":"PropertyValueSpecification","valueRequired":true,"valueName":"search_term_string"}}],"inLanguage":"es-AR"},{"@type":"Organization","@id":"https:\/\/www.fmtrance.com\/online\/#organization","name":"FM TRANCE","url":"https:\/\/www.fmtrance.com\/online\/","logo":{"@type":"ImageObject","inLanguage":"es-AR","@id":"https:\/\/www.fmtrance.com\/online\/#\/schema\/logo\/image\/","url":"https:\/\/www.fmtrance.com\/online\/wp-content\/uploads\/2025\/03\/LOGO-WEB.png","contentUrl":"https:\/\/www.fmtrance.com\/online\/wp-content\/uploads\/2025\/03\/LOGO-WEB.png","width":500,"height":500,"caption":"FM TRANCE"},"image":{"@id":"https:\/\/www.fmtrance.com\/online\/#\/schema\/logo\/image\/"},"sameAs":["https:\/\/www.facebook.com\/fmtrance","https:\/\/x.com\/fmtrance","https:\/\/www.instagram.com\/fmtrance"]},{"@type":"Person","@id":"https:\/\/www.fmtrance.com\/online\/#\/schema\/person\/686af7f826dd2f08b36b4760b7dcdddd","name":"Redaccion FM Trance","image":{"@type":"ImageObject","inLanguage":"es-AR","@id":"https:\/\/www.fmtrance.com\/online\/#\/schema\/person\/image\/","url":"https:\/\/secure.gravatar.com\/avatar\/c9d0afa8b0785bea8046a42861739f0a26fb9e8da739ce032e6598dc2981bc38?s=96&r=g","contentUrl":"https:\/\/secure.gravatar.com\/avatar\/c9d0afa8b0785bea8046a42861739f0a26fb9e8da739ce032e6598dc2981bc38?s=96&r=g","caption":"Redaccion FM Trance"},"description":"Fundador y Director general de FM Trance. Nacido el 24 de Septiembre de 1987, en Caballito, Ciudad Autonoma de Buenos Aires. Alguien de Radio desde siempre: ya a los 9 a\u00f1os de edad como radioescucha, sintonizando estaci\u00f3nes de AM, FM, onda corta, TV UHF\/VHF, y dem\u00e1s servicios. Se desempe\u00f1\u00f3 como Operador T\u00e9cnico en diferentes emisoras locales de CABA y GBA, y hasta el dia de hoy sigue ejerciendo desde la parte t\u00e9cnica, realizando trabajos en varias Radios. Egresado del ISER de la carrera de Operador Tecnico de Planta Transmisora, cursando actualmente la carrera de Operador Tecnico de Estudios de Radio en dicha instituci\u00f3n, y flamante radioaficionado (habiendo completado el curso en el Radioclub Buenos Aires), distintiva LU2DBK.","url":"https:\/\/www.fmtrance.com\/online\/author\/fmtrance\/"}]}},"_links":{"self":[{"href":"https:\/\/www.fmtrance.com\/online\/wp-json\/wp\/v2\/posts\/4005","targetHints":{"allow":["GET"]}}],"collection":[{"href":"https:\/\/www.fmtrance.com\/online\/wp-json\/wp\/v2\/posts"}],"about":[{"href":"https:\/\/www.fmtrance.com\/online\/wp-json\/wp\/v2\/types\/post"}],"author":[{"embeddable":true,"href":"https:\/\/www.fmtrance.com\/online\/wp-json\/wp\/v2\/users\/1"}],"replies":[{"embeddable":true,"href":"https:\/\/www.fmtrance.com\/online\/wp-json\/wp\/v2\/comments?post=4005"}],"version-history":[{"count":1,"href":"https:\/\/www.fmtrance.com\/online\/wp-json\/wp\/v2\/posts\/4005\/revisions"}],"predecessor-version":[{"id":4007,"href":"https:\/\/www.fmtrance.com\/online\/wp-json\/wp\/v2\/posts\/4005\/revisions\/4007"}],"wp:featuredmedia":[{"embeddable":true,"href":"https:\/\/www.fmtrance.com\/online\/wp-json\/wp\/v2\/media\/4006"}],"wp:attachment":[{"href":"https:\/\/www.fmtrance.com\/online\/wp-json\/wp\/v2\/media?parent=4005"}],"wp:term":[{"taxonomy":"category","embeddable":true,"href":"https:\/\/www.fmtrance.com\/online\/wp-json\/wp\/v2\/categories?post=4005"},{"taxonomy":"post_tag","embeddable":true,"href":"https:\/\/www.fmtrance.com\/online\/wp-json\/wp\/v2\/tags?post=4005"}],"curies":[{"name":"wp","href":"https:\/\/api.w.org\/{rel}","templated":true}]}}