{"id":4002,"date":"2023-03-21T23:45:51","date_gmt":"2023-03-22T02:45:51","guid":{"rendered":"http:\/\/www.fmtrance.com\/online\/?p=4002"},"modified":"2023-03-30T23:47:15","modified_gmt":"2023-03-31T02:47:15","slug":"enfermeros-de-la-ciudad-se-movilizan-con-un-ruidazo-del-obelisco-a-la-justicia-portena","status":"publish","type":"post","link":"https:\/\/www.fmtrance.com\/online\/enfermeros-de-la-ciudad-se-movilizan-con-un-ruidazo-del-obelisco-a-la-justicia-portena\/","title":{"rendered":"Enfermeros de la Ciudad se movilizan con un \u201cruidazo\u201d del Obelisco a la Justicia porte\u00f1a"},"content":{"rendered":"<div class=\"row\">\n<div class=\"col-lg-12\">\n<div class=\"detail\">\n<p><strong>Los trabajadores de la salud nucleados en distintas organizaciones llevar\u00e1n adelante un reclamo en rechazo a una decisi\u00f3n judicial que impide la &#8220;normalizaci\u00f3n profesional&#8221; de m\u00e1s de 12.000 enfermeros de los hospitales p\u00fablicos.<\/strong><\/p>\n<\/div>\n<\/div>\n<\/div>\n<div class=\"row\">\n<div class=\"col-lg-8\">\n<section>\n<div class=\"row\">\n<article class=\"col-lg-12 col-md-12\">\n<div class=\"head-media clearfix\">\n<p>El personal de\u00a0<strong>enfermer\u00eda de la Ciudad de Buenos Aires<\/strong>, representados por la\u00a0<strong>Asociaci\u00f3n de Licenciados en Enfermer\u00eda (ALE)<\/strong>, realizar\u00e1n desde este mediod\u00eda una movilizaci\u00f3n con \u201c<strong>ruidazo<\/strong>\u201d incluido que ir\u00e1\u00a0desde el Obelisco a la Justicia porte\u00f1a\u00a0(Hip\u00f3lito Yrigoyen 932), con el fin de expresar su rechazo hacia una decisi\u00f3n judicial que impide la &#8220;normalizaci\u00f3n profesional&#8221; de m\u00e1s de 12.000 enfermeros y enfermeras de los hospitales p\u00fablicos.<\/p>\n<p>Seg\u00fan expresaron voceros sindicales,<strong>\u00a0consideran una \u201cprovocaci\u00f3n\u201d de la Fiscal de C\u00e1mara, Nidia C\u00edcero, quien \u201crecomend\u00f3\u201d al Tribunal Superior que revoque el fallo favorable a la enfermer\u00eda que dict\u00f3 la Jueza L\u00f3pez Vergara.<\/strong><\/p>\n<p><strong>&#8220;El dictamen de C\u00edcero es denigrante y ofensivo<\/strong>\u00a0para todo el cuerpo de enfermer\u00eda que dejo su vida para cuidar la del pueblo de la Ciudad y en todo el pa\u00eds&#8221;, indic\u00f3 a T\u00e9lam<strong>\u00a0Luis Ortiz<\/strong>, dirigente de la Agrupaci\u00f3n Hospitales de la Ciudad, nucleados en la Asociaci\u00f3n de Trabajadores del Estado (ATE).<\/p>\n<p>Al mismo tiempo destac\u00f3 &#8220;la labor de los enfermeros y enfermeras durante la tr\u00e1gica pandemia de coronavirus, en la que m\u00e1s de 30 compa\u00f1eros fallecieron a causa de ese virus&#8221;.<\/p>\n<p>Cabe recordar que los enfermeros y enfermeras de la Ciudad quedaron excluidos en 2018 de la ley 6.035, que regula el sistema de salud del distrito e incluye a 24 especialidades en la &#8220;carrera profesional&#8221;, y desde entonces se mantiene el reclamo por v\u00eda judicial.<\/p>\n<p>Por su parte,\u00a0<strong>Andrea Ram\u00edrez<\/strong>, enfermera del Hospital Ramos Mej\u00eda y presidenta de ALE, manifest\u00f3: \u201cFrancamente no pod\u00edamos creer lo que le\u00edamos cuando nuestro abogado nos hizo llegar el dictamen de esta se\u00f1ora fiscal:\u00a0<strong>\u00a1le \u201crecomienda\u201d al Tribunal Superior que revoque el fallo favorable a la enfermer\u00eda que dict\u00f3 la Jueza L\u00f3pez Vergara! Todos los argumentos con los que fundamenta su postura, son los que venimos escuchando y desmintiendo, de Larreta y Quir\u00f3s<\/strong>.\u00a0<strong>Esto es indignante. Por eso convocamos a una gran marcha en unidad con m\u00e1s sectores de la Enfermer\u00eda\u201d<\/strong>.<\/p>\n<p>La movilizaci\u00f3n de este martes est\u00e1 impulsada por el\u00a0<strong>Sindicato de Enfermer\u00eda (Sitre), la Asociaci\u00f3n de Licenciados en Enfermer\u00eda (ALE), ATE-CTA de Capital Federal, la Asociaci\u00f3n de Licenciados de Enfermer\u00eda de la Provincia de Buenos Aires, ATE-Hospitales de la Ciudad de Buenos Aires, CTA-Aut\u00f3noma de la Ciudad y el Frente de Unidad Germ\u00e1n Abdala de ATE.<\/strong><\/p>\n<\/div>\n<\/article>\n<\/div>\n<\/section>\n<\/div>\n<\/div>\n","protected":false},"excerpt":{"rendered":"<p>Los trabajadores de la salud nucleados en distintas organizaciones llevar\u00e1n adelante un reclamo en rechazo a una decisi\u00f3n judicial que<\/p>\n","protected":false},"author":1,"featured_media":4003,"comment_status":"open","ping_status":"closed","sticky":false,"template":"","format":"standard","meta":{"footnotes":""},"categories":[1],"tags":[1726],"class_list":["post-4002","post","type-post","status-publish","format-standard","has-post-thumbnail","hentry","category-uncategorized","tag-uncategorized"],"yoast_head":"<!-- This site is optimized with the Yoast SEO plugin v24.6 - https:\/\/yoast.com\/wordpress\/plugins\/seo\/ -->\n<title>Enfermeros de la Ciudad se movilizan con un \u201cruidazo\u201d del Obelisco a la Justicia porte\u00f1a | FM Trance 103.3<\/title>\n<meta name=\"robots\" content=\"index, follow, max-snippet:-1, max-image-preview:large, max-video-preview:-1\" \/>\n<link rel=\"canonical\" href=\"https:\/\/www.fmtrance.com\/online\/enfermeros-de-la-ciudad-se-movilizan-con-un-ruidazo-del-obelisco-a-la-justicia-portena\/\" \/>\n<meta property=\"og:locale\" content=\"es_ES\" \/>\n<meta property=\"og:type\" content=\"article\" \/>\n<meta property=\"og:title\" content=\"Enfermeros de la Ciudad se movilizan con un \u201cruidazo\u201d del Obelisco a la Justicia porte\u00f1a | FM Trance 103.3\" \/>\n<meta property=\"og:description\" content=\"Los trabajadores de la salud nucleados en distintas organizaciones llevar\u00e1n adelante un reclamo en rechazo a una decisi\u00f3n judicial que\" \/>\n<meta property=\"og:url\" content=\"https:\/\/www.fmtrance.com\/online\/enfermeros-de-la-ciudad-se-movilizan-con-un-ruidazo-del-obelisco-a-la-justicia-portena\/\" \/>\n<meta property=\"og:site_name\" content=\"FM Trance 103.3\" \/>\n<meta property=\"article:publisher\" content=\"https:\/\/www.facebook.com\/fmtrance\" \/>\n<meta property=\"article:published_time\" content=\"2023-03-22T02:45:51+00:00\" \/>\n<meta property=\"article:modified_time\" content=\"2023-03-31T02:47:15+00:00\" \/>\n<meta property=\"og:image\" content=\"https:\/\/www.fmtrance.com\/online\/wp-content\/uploads\/2023\/03\/6419aba7eb062_800x591.jpg\" \/>\n\t<meta property=\"og:image:width\" content=\"800\" \/>\n\t<meta property=\"og:image:height\" content=\"591\" \/>\n\t<meta property=\"og:image:type\" content=\"image\/jpeg\" \/>\n<meta name=\"author\" content=\"Redaccion FM Trance\" \/>\n<meta name=\"twitter:card\" content=\"summary_large_image\" \/>\n<meta name=\"twitter:creator\" content=\"@fmtrance\" \/>\n<meta name=\"twitter:site\" content=\"@fmtrance\" \/>\n<meta name=\"twitter:label1\" content=\"Escrito por\" \/>\n\t<meta name=\"twitter:data1\" content=\"Redaccion FM Trance\" \/>\n\t<meta name=\"twitter:label2\" content=\"Tiempo de lectura\" \/>\n\t<meta name=\"twitter:data2\" content=\"2 minutos\" \/>\n<script type=\"application\/ld+json\" class=\"yoast-schema-graph\">{\"@context\":\"https:\/\/schema.org\",\"@graph\":[{\"@type\":\"Article\",\"@id\":\"https:\/\/www.fmtrance.com\/online\/enfermeros-de-la-ciudad-se-movilizan-con-un-ruidazo-del-obelisco-a-la-justicia-portena\/#article\",\"isPartOf\":{\"@id\":\"https:\/\/www.fmtrance.com\/online\/enfermeros-de-la-ciudad-se-movilizan-con-un-ruidazo-del-obelisco-a-la-justicia-portena\/\"},\"author\":{\"name\":\"Redaccion FM Trance\",\"@id\":\"https:\/\/www.fmtrance.com\/online\/#\/schema\/person\/686af7f826dd2f08b36b4760b7dcdddd\"},\"headline\":\"Enfermeros de la Ciudad se movilizan con un \u201cruidazo\u201d del Obelisco a la Justicia porte\u00f1a\",\"datePublished\":\"2023-03-22T02:45:51+00:00\",\"dateModified\":\"2023-03-31T02:47:15+00:00\",\"mainEntityOfPage\":{\"@id\":\"https:\/\/www.fmtrance.com\/online\/enfermeros-de-la-ciudad-se-movilizan-con-un-ruidazo-del-obelisco-a-la-justicia-portena\/\"},\"wordCount\":468,\"commentCount\":0,\"publisher\":{\"@id\":\"https:\/\/www.fmtrance.com\/online\/#organization\"},\"image\":{\"@id\":\"https:\/\/www.fmtrance.com\/online\/enfermeros-de-la-ciudad-se-movilizan-con-un-ruidazo-del-obelisco-a-la-justicia-portena\/#primaryimage\"},\"thumbnailUrl\":\"https:\/\/www.fmtrance.com\/online\/wp-content\/uploads\/2023\/03\/6419aba7eb062_800x591.jpg\",\"keywords\":[\"Uncategorized\"],\"articleSection\":[\"Noticias\"],\"inLanguage\":\"es-AR\",\"potentialAction\":[{\"@type\":\"CommentAction\",\"name\":\"Comment\",\"target\":[\"https:\/\/www.fmtrance.com\/online\/enfermeros-de-la-ciudad-se-movilizan-con-un-ruidazo-del-obelisco-a-la-justicia-portena\/#respond\"]}]},{\"@type\":\"WebPage\",\"@id\":\"https:\/\/www.fmtrance.com\/online\/enfermeros-de-la-ciudad-se-movilizan-con-un-ruidazo-del-obelisco-a-la-justicia-portena\/\",\"url\":\"https:\/\/www.fmtrance.com\/online\/enfermeros-de-la-ciudad-se-movilizan-con-un-ruidazo-del-obelisco-a-la-justicia-portena\/\",\"name\":\"Enfermeros de la Ciudad se movilizan con un \u201cruidazo\u201d del Obelisco a la Justicia porte\u00f1a | FM Trance 103.3\",\"isPartOf\":{\"@id\":\"https:\/\/www.fmtrance.com\/online\/#website\"},\"primaryImageOfPage\":{\"@id\":\"https:\/\/www.fmtrance.com\/online\/enfermeros-de-la-ciudad-se-movilizan-con-un-ruidazo-del-obelisco-a-la-justicia-portena\/#primaryimage\"},\"image\":{\"@id\":\"https:\/\/www.fmtrance.com\/online\/enfermeros-de-la-ciudad-se-movilizan-con-un-ruidazo-del-obelisco-a-la-justicia-portena\/#primaryimage\"},\"thumbnailUrl\":\"https:\/\/www.fmtrance.com\/online\/wp-content\/uploads\/2023\/03\/6419aba7eb062_800x591.jpg\",\"datePublished\":\"2023-03-22T02:45:51+00:00\",\"dateModified\":\"2023-03-31T02:47:15+00:00\",\"breadcrumb\":{\"@id\":\"https:\/\/www.fmtrance.com\/online\/enfermeros-de-la-ciudad-se-movilizan-con-un-ruidazo-del-obelisco-a-la-justicia-portena\/#breadcrumb\"},\"inLanguage\":\"es-AR\",\"potentialAction\":[{\"@type\":\"ReadAction\",\"target\":[\"https:\/\/www.fmtrance.com\/online\/enfermeros-de-la-ciudad-se-movilizan-con-un-ruidazo-del-obelisco-a-la-justicia-portena\/\"]}]},{\"@type\":\"ImageObject\",\"inLanguage\":\"es-AR\",\"@id\":\"https:\/\/www.fmtrance.com\/online\/enfermeros-de-la-ciudad-se-movilizan-con-un-ruidazo-del-obelisco-a-la-justicia-portena\/#primaryimage\",\"url\":\"https:\/\/www.fmtrance.com\/online\/wp-content\/uploads\/2023\/03\/6419aba7eb062_800x591.jpg\",\"contentUrl\":\"https:\/\/www.fmtrance.com\/online\/wp-content\/uploads\/2023\/03\/6419aba7eb062_800x591.jpg\",\"width\":800,\"height\":591},{\"@type\":\"BreadcrumbList\",\"@id\":\"https:\/\/www.fmtrance.com\/online\/enfermeros-de-la-ciudad-se-movilizan-con-un-ruidazo-del-obelisco-a-la-justicia-portena\/#breadcrumb\",\"itemListElement\":[{\"@type\":\"ListItem\",\"position\":1,\"name\":\"Inicio\",\"item\":\"https:\/\/www.fmtrance.com\/online\/\"},{\"@type\":\"ListItem\",\"position\":2,\"name\":\"Enfermeros de la Ciudad se movilizan con un \u201cruidazo\u201d del Obelisco a la Justicia porte\u00f1a\"}]},{\"@type\":\"WebSite\",\"@id\":\"https:\/\/www.fmtrance.com\/online\/#website\",\"url\":\"https:\/\/www.fmtrance.com\/online\/\",\"name\":\"FM Trance 103.3\",\"description\":\"CABA. Radio de musica electronica\",\"publisher\":{\"@id\":\"https:\/\/www.fmtrance.com\/online\/#organization\"},\"potentialAction\":[{\"@type\":\"SearchAction\",\"target\":{\"@type\":\"EntryPoint\",\"urlTemplate\":\"https:\/\/www.fmtrance.com\/online\/?s={search_term_string}\"},\"query-input\":{\"@type\":\"PropertyValueSpecification\",\"valueRequired\":true,\"valueName\":\"search_term_string\"}}],\"inLanguage\":\"es-AR\"},{\"@type\":\"Organization\",\"@id\":\"https:\/\/www.fmtrance.com\/online\/#organization\",\"name\":\"FM TRANCE\",\"url\":\"https:\/\/www.fmtrance.com\/online\/\",\"logo\":{\"@type\":\"ImageObject\",\"inLanguage\":\"es-AR\",\"@id\":\"https:\/\/www.fmtrance.com\/online\/#\/schema\/logo\/image\/\",\"url\":\"https:\/\/www.fmtrance.com\/online\/wp-content\/uploads\/2025\/03\/LOGO-WEB.png\",\"contentUrl\":\"https:\/\/www.fmtrance.com\/online\/wp-content\/uploads\/2025\/03\/LOGO-WEB.png\",\"width\":500,\"height\":500,\"caption\":\"FM TRANCE\"},\"image\":{\"@id\":\"https:\/\/www.fmtrance.com\/online\/#\/schema\/logo\/image\/\"},\"sameAs\":[\"https:\/\/www.facebook.com\/fmtrance\",\"https:\/\/x.com\/fmtrance\",\"https:\/\/www.instagram.com\/fmtrance\"]},{\"@type\":\"Person\",\"@id\":\"https:\/\/www.fmtrance.com\/online\/#\/schema\/person\/686af7f826dd2f08b36b4760b7dcdddd\",\"name\":\"Redaccion FM Trance\",\"image\":{\"@type\":\"ImageObject\",\"inLanguage\":\"es-AR\",\"@id\":\"https:\/\/www.fmtrance.com\/online\/#\/schema\/person\/image\/\",\"url\":\"https:\/\/secure.gravatar.com\/avatar\/c9d0afa8b0785bea8046a42861739f0a26fb9e8da739ce032e6598dc2981bc38?s=96&r=g\",\"contentUrl\":\"https:\/\/secure.gravatar.com\/avatar\/c9d0afa8b0785bea8046a42861739f0a26fb9e8da739ce032e6598dc2981bc38?s=96&r=g\",\"caption\":\"Redaccion FM Trance\"},\"description\":\"Fundador y Director general de FM Trance. Nacido el 24 de Septiembre de 1987, en Caballito, Ciudad Autonoma de Buenos Aires. Alguien de Radio desde siempre: ya a los 9 a\u00f1os de edad como radioescucha, sintonizando estaci\u00f3nes de AM, FM, onda corta, TV UHF\/VHF, y dem\u00e1s servicios. Se desempe\u00f1\u00f3 como Operador T\u00e9cnico en diferentes emisoras locales de CABA y GBA, y hasta el dia de hoy sigue ejerciendo desde la parte t\u00e9cnica, realizando trabajos en varias Radios. Egresado del ISER de la carrera de Operador Tecnico de Planta Transmisora, cursando actualmente la carrera de Operador Tecnico de Estudios de Radio en dicha instituci\u00f3n, y flamante radioaficionado (habiendo completado el curso en el Radioclub Buenos Aires), distintiva LU2DBK.\",\"url\":\"https:\/\/www.fmtrance.com\/online\/author\/fmtrance\/\"}]}<\/script>\n<!-- \/ Yoast SEO plugin. -->","yoast_head_json":{"title":"Enfermeros de la Ciudad se movilizan con un \u201cruidazo\u201d del Obelisco a la Justicia porte\u00f1a | FM Trance 103.3","robots":{"index":"index","follow":"follow","max-snippet":"max-snippet:-1","max-image-preview":"max-image-preview:large","max-video-preview":"max-video-preview:-1"},"canonical":"https:\/\/www.fmtrance.com\/online\/enfermeros-de-la-ciudad-se-movilizan-con-un-ruidazo-del-obelisco-a-la-justicia-portena\/","og_locale":"es_ES","og_type":"article","og_title":"Enfermeros de la Ciudad se movilizan con un \u201cruidazo\u201d del Obelisco a la Justicia porte\u00f1a | FM Trance 103.3","og_description":"Los trabajadores de la salud nucleados en distintas organizaciones llevar\u00e1n adelante un reclamo en rechazo a una decisi\u00f3n judicial que","og_url":"https:\/\/www.fmtrance.com\/online\/enfermeros-de-la-ciudad-se-movilizan-con-un-ruidazo-del-obelisco-a-la-justicia-portena\/","og_site_name":"FM Trance 103.3","article_publisher":"https:\/\/www.facebook.com\/fmtrance","article_published_time":"2023-03-22T02:45:51+00:00","article_modified_time":"2023-03-31T02:47:15+00:00","og_image":[{"width":800,"height":591,"url":"https:\/\/www.fmtrance.com\/online\/wp-content\/uploads\/2023\/03\/6419aba7eb062_800x591.jpg","type":"image\/jpeg"}],"author":"Redaccion FM Trance","twitter_card":"summary_large_image","twitter_creator":"@fmtrance","twitter_site":"@fmtrance","twitter_misc":{"Escrito por":"Redaccion FM Trance","Tiempo de lectura":"2 minutos"},"schema":{"@context":"https:\/\/schema.org","@graph":[{"@type":"Article","@id":"https:\/\/www.fmtrance.com\/online\/enfermeros-de-la-ciudad-se-movilizan-con-un-ruidazo-del-obelisco-a-la-justicia-portena\/#article","isPartOf":{"@id":"https:\/\/www.fmtrance.com\/online\/enfermeros-de-la-ciudad-se-movilizan-con-un-ruidazo-del-obelisco-a-la-justicia-portena\/"},"author":{"name":"Redaccion FM Trance","@id":"https:\/\/www.fmtrance.com\/online\/#\/schema\/person\/686af7f826dd2f08b36b4760b7dcdddd"},"headline":"Enfermeros de la Ciudad se movilizan con un \u201cruidazo\u201d del Obelisco a la Justicia porte\u00f1a","datePublished":"2023-03-22T02:45:51+00:00","dateModified":"2023-03-31T02:47:15+00:00","mainEntityOfPage":{"@id":"https:\/\/www.fmtrance.com\/online\/enfermeros-de-la-ciudad-se-movilizan-con-un-ruidazo-del-obelisco-a-la-justicia-portena\/"},"wordCount":468,"commentCount":0,"publisher":{"@id":"https:\/\/www.fmtrance.com\/online\/#organization"},"image":{"@id":"https:\/\/www.fmtrance.com\/online\/enfermeros-de-la-ciudad-se-movilizan-con-un-ruidazo-del-obelisco-a-la-justicia-portena\/#primaryimage"},"thumbnailUrl":"https:\/\/www.fmtrance.com\/online\/wp-content\/uploads\/2023\/03\/6419aba7eb062_800x591.jpg","keywords":["Uncategorized"],"articleSection":["Noticias"],"inLanguage":"es-AR","potentialAction":[{"@type":"CommentAction","name":"Comment","target":["https:\/\/www.fmtrance.com\/online\/enfermeros-de-la-ciudad-se-movilizan-con-un-ruidazo-del-obelisco-a-la-justicia-portena\/#respond"]}]},{"@type":"WebPage","@id":"https:\/\/www.fmtrance.com\/online\/enfermeros-de-la-ciudad-se-movilizan-con-un-ruidazo-del-obelisco-a-la-justicia-portena\/","url":"https:\/\/www.fmtrance.com\/online\/enfermeros-de-la-ciudad-se-movilizan-con-un-ruidazo-del-obelisco-a-la-justicia-portena\/","name":"Enfermeros de la Ciudad se movilizan con un \u201cruidazo\u201d del Obelisco a la Justicia porte\u00f1a | FM Trance 103.3","isPartOf":{"@id":"https:\/\/www.fmtrance.com\/online\/#website"},"primaryImageOfPage":{"@id":"https:\/\/www.fmtrance.com\/online\/enfermeros-de-la-ciudad-se-movilizan-con-un-ruidazo-del-obelisco-a-la-justicia-portena\/#primaryimage"},"image":{"@id":"https:\/\/www.fmtrance.com\/online\/enfermeros-de-la-ciudad-se-movilizan-con-un-ruidazo-del-obelisco-a-la-justicia-portena\/#primaryimage"},"thumbnailUrl":"https:\/\/www.fmtrance.com\/online\/wp-content\/uploads\/2023\/03\/6419aba7eb062_800x591.jpg","datePublished":"2023-03-22T02:45:51+00:00","dateModified":"2023-03-31T02:47:15+00:00","breadcrumb":{"@id":"https:\/\/www.fmtrance.com\/online\/enfermeros-de-la-ciudad-se-movilizan-con-un-ruidazo-del-obelisco-a-la-justicia-portena\/#breadcrumb"},"inLanguage":"es-AR","potentialAction":[{"@type":"ReadAction","target":["https:\/\/www.fmtrance.com\/online\/enfermeros-de-la-ciudad-se-movilizan-con-un-ruidazo-del-obelisco-a-la-justicia-portena\/"]}]},{"@type":"ImageObject","inLanguage":"es-AR","@id":"https:\/\/www.fmtrance.com\/online\/enfermeros-de-la-ciudad-se-movilizan-con-un-ruidazo-del-obelisco-a-la-justicia-portena\/#primaryimage","url":"https:\/\/www.fmtrance.com\/online\/wp-content\/uploads\/2023\/03\/6419aba7eb062_800x591.jpg","contentUrl":"https:\/\/www.fmtrance.com\/online\/wp-content\/uploads\/2023\/03\/6419aba7eb062_800x591.jpg","width":800,"height":591},{"@type":"BreadcrumbList","@id":"https:\/\/www.fmtrance.com\/online\/enfermeros-de-la-ciudad-se-movilizan-con-un-ruidazo-del-obelisco-a-la-justicia-portena\/#breadcrumb","itemListElement":[{"@type":"ListItem","position":1,"name":"Inicio","item":"https:\/\/www.fmtrance.com\/online\/"},{"@type":"ListItem","position":2,"name":"Enfermeros de la Ciudad se movilizan con un \u201cruidazo\u201d del Obelisco a la Justicia porte\u00f1a"}]},{"@type":"WebSite","@id":"https:\/\/www.fmtrance.com\/online\/#website","url":"https:\/\/www.fmtrance.com\/online\/","name":"FM Trance 103.3","description":"CABA. Radio de musica electronica","publisher":{"@id":"https:\/\/www.fmtrance.com\/online\/#organization"},"potentialAction":[{"@type":"SearchAction","target":{"@type":"EntryPoint","urlTemplate":"https:\/\/www.fmtrance.com\/online\/?s={search_term_string}"},"query-input":{"@type":"PropertyValueSpecification","valueRequired":true,"valueName":"search_term_string"}}],"inLanguage":"es-AR"},{"@type":"Organization","@id":"https:\/\/www.fmtrance.com\/online\/#organization","name":"FM TRANCE","url":"https:\/\/www.fmtrance.com\/online\/","logo":{"@type":"ImageObject","inLanguage":"es-AR","@id":"https:\/\/www.fmtrance.com\/online\/#\/schema\/logo\/image\/","url":"https:\/\/www.fmtrance.com\/online\/wp-content\/uploads\/2025\/03\/LOGO-WEB.png","contentUrl":"https:\/\/www.fmtrance.com\/online\/wp-content\/uploads\/2025\/03\/LOGO-WEB.png","width":500,"height":500,"caption":"FM TRANCE"},"image":{"@id":"https:\/\/www.fmtrance.com\/online\/#\/schema\/logo\/image\/"},"sameAs":["https:\/\/www.facebook.com\/fmtrance","https:\/\/x.com\/fmtrance","https:\/\/www.instagram.com\/fmtrance"]},{"@type":"Person","@id":"https:\/\/www.fmtrance.com\/online\/#\/schema\/person\/686af7f826dd2f08b36b4760b7dcdddd","name":"Redaccion FM Trance","image":{"@type":"ImageObject","inLanguage":"es-AR","@id":"https:\/\/www.fmtrance.com\/online\/#\/schema\/person\/image\/","url":"https:\/\/secure.gravatar.com\/avatar\/c9d0afa8b0785bea8046a42861739f0a26fb9e8da739ce032e6598dc2981bc38?s=96&r=g","contentUrl":"https:\/\/secure.gravatar.com\/avatar\/c9d0afa8b0785bea8046a42861739f0a26fb9e8da739ce032e6598dc2981bc38?s=96&r=g","caption":"Redaccion FM Trance"},"description":"Fundador y Director general de FM Trance. Nacido el 24 de Septiembre de 1987, en Caballito, Ciudad Autonoma de Buenos Aires. Alguien de Radio desde siempre: ya a los 9 a\u00f1os de edad como radioescucha, sintonizando estaci\u00f3nes de AM, FM, onda corta, TV UHF\/VHF, y dem\u00e1s servicios. Se desempe\u00f1\u00f3 como Operador T\u00e9cnico en diferentes emisoras locales de CABA y GBA, y hasta el dia de hoy sigue ejerciendo desde la parte t\u00e9cnica, realizando trabajos en varias Radios. Egresado del ISER de la carrera de Operador Tecnico de Planta Transmisora, cursando actualmente la carrera de Operador Tecnico de Estudios de Radio en dicha instituci\u00f3n, y flamante radioaficionado (habiendo completado el curso en el Radioclub Buenos Aires), distintiva LU2DBK.","url":"https:\/\/www.fmtrance.com\/online\/author\/fmtrance\/"}]}},"_links":{"self":[{"href":"https:\/\/www.fmtrance.com\/online\/wp-json\/wp\/v2\/posts\/4002","targetHints":{"allow":["GET"]}}],"collection":[{"href":"https:\/\/www.fmtrance.com\/online\/wp-json\/wp\/v2\/posts"}],"about":[{"href":"https:\/\/www.fmtrance.com\/online\/wp-json\/wp\/v2\/types\/post"}],"author":[{"embeddable":true,"href":"https:\/\/www.fmtrance.com\/online\/wp-json\/wp\/v2\/users\/1"}],"replies":[{"embeddable":true,"href":"https:\/\/www.fmtrance.com\/online\/wp-json\/wp\/v2\/comments?post=4002"}],"version-history":[{"count":1,"href":"https:\/\/www.fmtrance.com\/online\/wp-json\/wp\/v2\/posts\/4002\/revisions"}],"predecessor-version":[{"id":4004,"href":"https:\/\/www.fmtrance.com\/online\/wp-json\/wp\/v2\/posts\/4002\/revisions\/4004"}],"wp:featuredmedia":[{"embeddable":true,"href":"https:\/\/www.fmtrance.com\/online\/wp-json\/wp\/v2\/media\/4003"}],"wp:attachment":[{"href":"https:\/\/www.fmtrance.com\/online\/wp-json\/wp\/v2\/media?parent=4002"}],"wp:term":[{"taxonomy":"category","embeddable":true,"href":"https:\/\/www.fmtrance.com\/online\/wp-json\/wp\/v2\/categories?post=4002"},{"taxonomy":"post_tag","embeddable":true,"href":"https:\/\/www.fmtrance.com\/online\/wp-json\/wp\/v2\/tags?post=4002"}],"curies":[{"name":"wp","href":"https:\/\/api.w.org\/{rel}","templated":true}]}}