{"id":3999,"date":"2023-03-21T23:40:19","date_gmt":"2023-03-22T02:40:19","guid":{"rendered":"http:\/\/www.fmtrance.com\/online\/?p=3999"},"modified":"2023-03-30T23:43:21","modified_gmt":"2023-03-31T02:43:21","slug":"anunciaron-un-paro-de-colectivos-de-24-horas-para-el-jueves","status":"publish","type":"post","link":"https:\/\/www.fmtrance.com\/online\/anunciaron-un-paro-de-colectivos-de-24-horas-para-el-jueves\/","title":{"rendered":"Anunciaron un paro de colectivos de 24 horas para el jueves"},"content":{"rendered":"<p><strong><em>La Lista Azul de la Uni\u00f3n Tranviarios Automotor anunci\u00f3 un paro nacional de colectivos de 24 horas para este jueves en reclamo de una paritaria \u00fanica para todo el pa\u00eds.<\/em><\/strong><\/p>\n<p>La\u00a0<strong>Lista Azul de la Uni\u00f3n Tranviarios Automotor<\/strong>\u00a0anunci\u00f3 un\u00a0<strong>paro nacional de colectivos de 24 horas<\/strong>\u00a0para este\u00a0<strong>jueves<\/strong>\u00a0en reclamo de una<strong>\u00a0paritaria \u00fanica para todo el pa\u00eds.<\/strong>\u00a0El viernes pasado la agrupaci\u00f3n hab\u00eda realizada una medida de fuerza por 12 horas que dej\u00f3 sin servicio a m\u00e1s de\u00a0<strong>80 l\u00edneas en el AMBA<\/strong>. Desde el gremio indicaron que\u00a0<em>\u201cse busca una paritaria \u00fanica para todo el pa\u00eds con un sueldo inicial de<strong>\u00a0350.000 pesos\u201d<\/strong>.\u00a0<\/em>As\u00ed lo se\u00f1ala un comunicado de la agrupaci\u00f3n\u00a0<strong>Juan Manuel Palacios.<\/strong><\/p>\n<p><em>&#8220;El problema tiene que ver con la\u00a0<strong>p\u00e9rdida de poder adquisitivo del salario\u00a0<\/strong>y la precarizaci\u00f3n de la actividad. Y se agrav\u00f3 en diciembre cuando hubo fraude en las \u00faltimas elecciones y miles de compa\u00f1eros no pudieron votar porque fueron sacados del padr\u00f3n&#8221;<\/em>, afirm\u00f3\u00a0<strong>Miguel Bustinduy, secretario general de la lista Azul de la UTA<\/strong>\u00a0en declaraciones radiales. En el\u00a0<strong>Ministerio de Trabajo\u00a0<\/strong>consideran que existe una situaci\u00f3n particular en este conflicto vinculado con la representaci\u00f3n gremial.<\/p>\n<p>Desde la\u00a0<strong>Lista Azul\u00a0<\/strong>plantearon que existen dificultades por las condiciones de contrataci\u00f3n.\u00a0<em>\u201c\u00bfC\u00f3mo se puede explicar que la conducci\u00f3n actual de la\u00a0<strong>UTA<\/strong>, que debe defender los derechos de sus trabajadores, firme acuerdos desde hace tres a\u00f1os para que el 88 por ciento del sueldo de los compa\u00f1eros no sea remuneraci\u00f3n y que encima el\u00a0<strong>Ministerio de Trabajo\u00a0<\/strong>los homologue? Exigimos el fin del trabajo en negro y de los acuerdos del 223 bis\u201d.<\/em><\/p>\n<p>En declaraciones radiales tambi\u00e9n agregaron que<em>\u00a0\u201cel 88 por ciento del trabajo en el interior se da en negro. El da\u00f1o que estamos sufriendo ahora es econ\u00f3mico&#8221;.\u00a0<\/em>Y agregaron que \u201c<em><strong>Roberto Fern\u00e1ndez, secretario general de la UTA\u00a0<\/strong>los precariz\u00f3 porque negocia salarios a la baja con el\u00a0<strong>Gobierno Nacional<\/strong>. Las empresas est\u00e1n cada vez m\u00e1s deterioradas&#8221;.<\/em><\/p>\n<p>La semana pasada la\u00a0<strong>ministra de Trabajo de la Naci\u00f3n, Raquel \u2018Kelly\u2019 Kismer de Olmos,<\/strong>\u00a0consider\u00f3\u00a0<em>&#8220;terrible<\/em>&#8221; y\u00a0<em>&#8220;un exceso&#8221;<\/em>\u00a0al paro dispuesto por un sector disidente de la\u00a0<strong>UTA<\/strong>\u00a0y apunt\u00f3 contra e<strong>l grupo DOTA\u00a0<\/strong>al plantear que se trataba en verdad, de una suerte de lockout patronal.<\/p>\n<p><em>\u201cEsto es terrible. Es un exceso, ya que no es un paro gremial sino un conflicto interno de un sector que perdi\u00f3 las elecciones en el sindicato de la\u00a0<strong>UTA<\/strong>\u00a0y quiere torcer el brazo teniendo de reh\u00e9n a los usuarios con la complicidad de la\u00a0<strong>empresa DOTA<\/strong>\u201d,<\/em>\u00a0hab\u00eda dicho la funcionaria.<\/p>\n","protected":false},"excerpt":{"rendered":"<p>La Lista Azul de la Uni\u00f3n Tranviarios Automotor anunci\u00f3 un paro nacional de colectivos de 24 horas para este jueves<\/p>\n","protected":false},"author":1,"featured_media":4000,"comment_status":"open","ping_status":"closed","sticky":false,"template":"","format":"standard","meta":{"footnotes":""},"categories":[1],"tags":[1726],"class_list":["post-3999","post","type-post","status-publish","format-standard","has-post-thumbnail","hentry","category-uncategorized","tag-uncategorized"],"yoast_head":"<!-- This site is optimized with the Yoast SEO plugin v24.6 - https:\/\/yoast.com\/wordpress\/plugins\/seo\/ -->\n<title>Anunciaron un paro de colectivos de 24 horas para el jueves | FM Trance 103.3<\/title>\n<meta name=\"robots\" content=\"index, follow, max-snippet:-1, max-image-preview:large, max-video-preview:-1\" \/>\n<link rel=\"canonical\" href=\"https:\/\/www.fmtrance.com\/online\/anunciaron-un-paro-de-colectivos-de-24-horas-para-el-jueves\/\" \/>\n<meta property=\"og:locale\" content=\"es_ES\" \/>\n<meta property=\"og:type\" content=\"article\" \/>\n<meta property=\"og:title\" content=\"Anunciaron un paro de colectivos de 24 horas para el jueves | FM Trance 103.3\" \/>\n<meta property=\"og:description\" content=\"La Lista Azul de la Uni\u00f3n Tranviarios Automotor anunci\u00f3 un paro nacional de colectivos de 24 horas para este jueves\" \/>\n<meta property=\"og:url\" content=\"https:\/\/www.fmtrance.com\/online\/anunciaron-un-paro-de-colectivos-de-24-horas-para-el-jueves\/\" \/>\n<meta property=\"og:site_name\" content=\"FM Trance 103.3\" \/>\n<meta property=\"article:publisher\" content=\"https:\/\/www.facebook.com\/fmtrance\" \/>\n<meta property=\"article:published_time\" content=\"2023-03-22T02:40:19+00:00\" \/>\n<meta property=\"article:modified_time\" content=\"2023-03-31T02:43:21+00:00\" \/>\n<meta property=\"og:image\" content=\"https:\/\/www.fmtrance.com\/online\/wp-content\/uploads\/2023\/03\/6419a46d66e9b_800x533.jpg\" \/>\n\t<meta property=\"og:image:width\" content=\"800\" \/>\n\t<meta property=\"og:image:height\" content=\"533\" \/>\n\t<meta property=\"og:image:type\" content=\"image\/jpeg\" \/>\n<meta name=\"author\" content=\"Redaccion FM Trance\" \/>\n<meta name=\"twitter:card\" content=\"summary_large_image\" \/>\n<meta name=\"twitter:creator\" content=\"@fmtrance\" \/>\n<meta name=\"twitter:site\" content=\"@fmtrance\" \/>\n<meta name=\"twitter:label1\" content=\"Escrito por\" \/>\n\t<meta name=\"twitter:data1\" content=\"Redaccion FM Trance\" \/>\n\t<meta name=\"twitter:label2\" content=\"Tiempo de lectura\" \/>\n\t<meta name=\"twitter:data2\" content=\"2 minutos\" \/>\n<script type=\"application\/ld+json\" class=\"yoast-schema-graph\">{\"@context\":\"https:\/\/schema.org\",\"@graph\":[{\"@type\":\"Article\",\"@id\":\"https:\/\/www.fmtrance.com\/online\/anunciaron-un-paro-de-colectivos-de-24-horas-para-el-jueves\/#article\",\"isPartOf\":{\"@id\":\"https:\/\/www.fmtrance.com\/online\/anunciaron-un-paro-de-colectivos-de-24-horas-para-el-jueves\/\"},\"author\":{\"name\":\"Redaccion FM Trance\",\"@id\":\"https:\/\/www.fmtrance.com\/online\/#\/schema\/person\/686af7f826dd2f08b36b4760b7dcdddd\"},\"headline\":\"Anunciaron un paro de colectivos de 24 horas para el jueves\",\"datePublished\":\"2023-03-22T02:40:19+00:00\",\"dateModified\":\"2023-03-31T02:43:21+00:00\",\"mainEntityOfPage\":{\"@id\":\"https:\/\/www.fmtrance.com\/online\/anunciaron-un-paro-de-colectivos-de-24-horas-para-el-jueves\/\"},\"wordCount\":461,\"commentCount\":0,\"publisher\":{\"@id\":\"https:\/\/www.fmtrance.com\/online\/#organization\"},\"image\":{\"@id\":\"https:\/\/www.fmtrance.com\/online\/anunciaron-un-paro-de-colectivos-de-24-horas-para-el-jueves\/#primaryimage\"},\"thumbnailUrl\":\"https:\/\/www.fmtrance.com\/online\/wp-content\/uploads\/2023\/03\/6419a46d66e9b_800x533.jpg\",\"keywords\":[\"Uncategorized\"],\"articleSection\":[\"Noticias\"],\"inLanguage\":\"es-AR\",\"potentialAction\":[{\"@type\":\"CommentAction\",\"name\":\"Comment\",\"target\":[\"https:\/\/www.fmtrance.com\/online\/anunciaron-un-paro-de-colectivos-de-24-horas-para-el-jueves\/#respond\"]}]},{\"@type\":\"WebPage\",\"@id\":\"https:\/\/www.fmtrance.com\/online\/anunciaron-un-paro-de-colectivos-de-24-horas-para-el-jueves\/\",\"url\":\"https:\/\/www.fmtrance.com\/online\/anunciaron-un-paro-de-colectivos-de-24-horas-para-el-jueves\/\",\"name\":\"Anunciaron un paro de colectivos de 24 horas para el jueves | FM Trance 103.3\",\"isPartOf\":{\"@id\":\"https:\/\/www.fmtrance.com\/online\/#website\"},\"primaryImageOfPage\":{\"@id\":\"https:\/\/www.fmtrance.com\/online\/anunciaron-un-paro-de-colectivos-de-24-horas-para-el-jueves\/#primaryimage\"},\"image\":{\"@id\":\"https:\/\/www.fmtrance.com\/online\/anunciaron-un-paro-de-colectivos-de-24-horas-para-el-jueves\/#primaryimage\"},\"thumbnailUrl\":\"https:\/\/www.fmtrance.com\/online\/wp-content\/uploads\/2023\/03\/6419a46d66e9b_800x533.jpg\",\"datePublished\":\"2023-03-22T02:40:19+00:00\",\"dateModified\":\"2023-03-31T02:43:21+00:00\",\"breadcrumb\":{\"@id\":\"https:\/\/www.fmtrance.com\/online\/anunciaron-un-paro-de-colectivos-de-24-horas-para-el-jueves\/#breadcrumb\"},\"inLanguage\":\"es-AR\",\"potentialAction\":[{\"@type\":\"ReadAction\",\"target\":[\"https:\/\/www.fmtrance.com\/online\/anunciaron-un-paro-de-colectivos-de-24-horas-para-el-jueves\/\"]}]},{\"@type\":\"ImageObject\",\"inLanguage\":\"es-AR\",\"@id\":\"https:\/\/www.fmtrance.com\/online\/anunciaron-un-paro-de-colectivos-de-24-horas-para-el-jueves\/#primaryimage\",\"url\":\"https:\/\/www.fmtrance.com\/online\/wp-content\/uploads\/2023\/03\/6419a46d66e9b_800x533.jpg\",\"contentUrl\":\"https:\/\/www.fmtrance.com\/online\/wp-content\/uploads\/2023\/03\/6419a46d66e9b_800x533.jpg\",\"width\":800,\"height\":533},{\"@type\":\"BreadcrumbList\",\"@id\":\"https:\/\/www.fmtrance.com\/online\/anunciaron-un-paro-de-colectivos-de-24-horas-para-el-jueves\/#breadcrumb\",\"itemListElement\":[{\"@type\":\"ListItem\",\"position\":1,\"name\":\"Inicio\",\"item\":\"https:\/\/www.fmtrance.com\/online\/\"},{\"@type\":\"ListItem\",\"position\":2,\"name\":\"Anunciaron un paro de colectivos de 24 horas para el jueves\"}]},{\"@type\":\"WebSite\",\"@id\":\"https:\/\/www.fmtrance.com\/online\/#website\",\"url\":\"https:\/\/www.fmtrance.com\/online\/\",\"name\":\"FM Trance 103.3\",\"description\":\"CABA. Radio de musica electronica\",\"publisher\":{\"@id\":\"https:\/\/www.fmtrance.com\/online\/#organization\"},\"potentialAction\":[{\"@type\":\"SearchAction\",\"target\":{\"@type\":\"EntryPoint\",\"urlTemplate\":\"https:\/\/www.fmtrance.com\/online\/?s={search_term_string}\"},\"query-input\":{\"@type\":\"PropertyValueSpecification\",\"valueRequired\":true,\"valueName\":\"search_term_string\"}}],\"inLanguage\":\"es-AR\"},{\"@type\":\"Organization\",\"@id\":\"https:\/\/www.fmtrance.com\/online\/#organization\",\"name\":\"FM TRANCE\",\"url\":\"https:\/\/www.fmtrance.com\/online\/\",\"logo\":{\"@type\":\"ImageObject\",\"inLanguage\":\"es-AR\",\"@id\":\"https:\/\/www.fmtrance.com\/online\/#\/schema\/logo\/image\/\",\"url\":\"https:\/\/www.fmtrance.com\/online\/wp-content\/uploads\/2025\/03\/LOGO-WEB.png\",\"contentUrl\":\"https:\/\/www.fmtrance.com\/online\/wp-content\/uploads\/2025\/03\/LOGO-WEB.png\",\"width\":500,\"height\":500,\"caption\":\"FM TRANCE\"},\"image\":{\"@id\":\"https:\/\/www.fmtrance.com\/online\/#\/schema\/logo\/image\/\"},\"sameAs\":[\"https:\/\/www.facebook.com\/fmtrance\",\"https:\/\/x.com\/fmtrance\",\"https:\/\/www.instagram.com\/fmtrance\"]},{\"@type\":\"Person\",\"@id\":\"https:\/\/www.fmtrance.com\/online\/#\/schema\/person\/686af7f826dd2f08b36b4760b7dcdddd\",\"name\":\"Redaccion FM Trance\",\"image\":{\"@type\":\"ImageObject\",\"inLanguage\":\"es-AR\",\"@id\":\"https:\/\/www.fmtrance.com\/online\/#\/schema\/person\/image\/\",\"url\":\"https:\/\/secure.gravatar.com\/avatar\/c9d0afa8b0785bea8046a42861739f0a26fb9e8da739ce032e6598dc2981bc38?s=96&r=g\",\"contentUrl\":\"https:\/\/secure.gravatar.com\/avatar\/c9d0afa8b0785bea8046a42861739f0a26fb9e8da739ce032e6598dc2981bc38?s=96&r=g\",\"caption\":\"Redaccion FM Trance\"},\"description\":\"Fundador y Director general de FM Trance. Nacido el 24 de Septiembre de 1987, en Caballito, Ciudad Autonoma de Buenos Aires. Alguien de Radio desde siempre: ya a los 9 a\u00f1os de edad como radioescucha, sintonizando estaci\u00f3nes de AM, FM, onda corta, TV UHF\/VHF, y dem\u00e1s servicios. Se desempe\u00f1\u00f3 como Operador T\u00e9cnico en diferentes emisoras locales de CABA y GBA, y hasta el dia de hoy sigue ejerciendo desde la parte t\u00e9cnica, realizando trabajos en varias Radios. Egresado del ISER de la carrera de Operador Tecnico de Planta Transmisora, cursando actualmente la carrera de Operador Tecnico de Estudios de Radio en dicha instituci\u00f3n, y flamante radioaficionado (habiendo completado el curso en el Radioclub Buenos Aires), distintiva LU2DBK.\",\"url\":\"https:\/\/www.fmtrance.com\/online\/author\/fmtrance\/\"}]}<\/script>\n<!-- \/ Yoast SEO plugin. -->","yoast_head_json":{"title":"Anunciaron un paro de colectivos de 24 horas para el jueves | FM Trance 103.3","robots":{"index":"index","follow":"follow","max-snippet":"max-snippet:-1","max-image-preview":"max-image-preview:large","max-video-preview":"max-video-preview:-1"},"canonical":"https:\/\/www.fmtrance.com\/online\/anunciaron-un-paro-de-colectivos-de-24-horas-para-el-jueves\/","og_locale":"es_ES","og_type":"article","og_title":"Anunciaron un paro de colectivos de 24 horas para el jueves | FM Trance 103.3","og_description":"La Lista Azul de la Uni\u00f3n Tranviarios Automotor anunci\u00f3 un paro nacional de colectivos de 24 horas para este jueves","og_url":"https:\/\/www.fmtrance.com\/online\/anunciaron-un-paro-de-colectivos-de-24-horas-para-el-jueves\/","og_site_name":"FM Trance 103.3","article_publisher":"https:\/\/www.facebook.com\/fmtrance","article_published_time":"2023-03-22T02:40:19+00:00","article_modified_time":"2023-03-31T02:43:21+00:00","og_image":[{"width":800,"height":533,"url":"https:\/\/www.fmtrance.com\/online\/wp-content\/uploads\/2023\/03\/6419a46d66e9b_800x533.jpg","type":"image\/jpeg"}],"author":"Redaccion FM Trance","twitter_card":"summary_large_image","twitter_creator":"@fmtrance","twitter_site":"@fmtrance","twitter_misc":{"Escrito por":"Redaccion FM Trance","Tiempo de lectura":"2 minutos"},"schema":{"@context":"https:\/\/schema.org","@graph":[{"@type":"Article","@id":"https:\/\/www.fmtrance.com\/online\/anunciaron-un-paro-de-colectivos-de-24-horas-para-el-jueves\/#article","isPartOf":{"@id":"https:\/\/www.fmtrance.com\/online\/anunciaron-un-paro-de-colectivos-de-24-horas-para-el-jueves\/"},"author":{"name":"Redaccion FM Trance","@id":"https:\/\/www.fmtrance.com\/online\/#\/schema\/person\/686af7f826dd2f08b36b4760b7dcdddd"},"headline":"Anunciaron un paro de colectivos de 24 horas para el jueves","datePublished":"2023-03-22T02:40:19+00:00","dateModified":"2023-03-31T02:43:21+00:00","mainEntityOfPage":{"@id":"https:\/\/www.fmtrance.com\/online\/anunciaron-un-paro-de-colectivos-de-24-horas-para-el-jueves\/"},"wordCount":461,"commentCount":0,"publisher":{"@id":"https:\/\/www.fmtrance.com\/online\/#organization"},"image":{"@id":"https:\/\/www.fmtrance.com\/online\/anunciaron-un-paro-de-colectivos-de-24-horas-para-el-jueves\/#primaryimage"},"thumbnailUrl":"https:\/\/www.fmtrance.com\/online\/wp-content\/uploads\/2023\/03\/6419a46d66e9b_800x533.jpg","keywords":["Uncategorized"],"articleSection":["Noticias"],"inLanguage":"es-AR","potentialAction":[{"@type":"CommentAction","name":"Comment","target":["https:\/\/www.fmtrance.com\/online\/anunciaron-un-paro-de-colectivos-de-24-horas-para-el-jueves\/#respond"]}]},{"@type":"WebPage","@id":"https:\/\/www.fmtrance.com\/online\/anunciaron-un-paro-de-colectivos-de-24-horas-para-el-jueves\/","url":"https:\/\/www.fmtrance.com\/online\/anunciaron-un-paro-de-colectivos-de-24-horas-para-el-jueves\/","name":"Anunciaron un paro de colectivos de 24 horas para el jueves | FM Trance 103.3","isPartOf":{"@id":"https:\/\/www.fmtrance.com\/online\/#website"},"primaryImageOfPage":{"@id":"https:\/\/www.fmtrance.com\/online\/anunciaron-un-paro-de-colectivos-de-24-horas-para-el-jueves\/#primaryimage"},"image":{"@id":"https:\/\/www.fmtrance.com\/online\/anunciaron-un-paro-de-colectivos-de-24-horas-para-el-jueves\/#primaryimage"},"thumbnailUrl":"https:\/\/www.fmtrance.com\/online\/wp-content\/uploads\/2023\/03\/6419a46d66e9b_800x533.jpg","datePublished":"2023-03-22T02:40:19+00:00","dateModified":"2023-03-31T02:43:21+00:00","breadcrumb":{"@id":"https:\/\/www.fmtrance.com\/online\/anunciaron-un-paro-de-colectivos-de-24-horas-para-el-jueves\/#breadcrumb"},"inLanguage":"es-AR","potentialAction":[{"@type":"ReadAction","target":["https:\/\/www.fmtrance.com\/online\/anunciaron-un-paro-de-colectivos-de-24-horas-para-el-jueves\/"]}]},{"@type":"ImageObject","inLanguage":"es-AR","@id":"https:\/\/www.fmtrance.com\/online\/anunciaron-un-paro-de-colectivos-de-24-horas-para-el-jueves\/#primaryimage","url":"https:\/\/www.fmtrance.com\/online\/wp-content\/uploads\/2023\/03\/6419a46d66e9b_800x533.jpg","contentUrl":"https:\/\/www.fmtrance.com\/online\/wp-content\/uploads\/2023\/03\/6419a46d66e9b_800x533.jpg","width":800,"height":533},{"@type":"BreadcrumbList","@id":"https:\/\/www.fmtrance.com\/online\/anunciaron-un-paro-de-colectivos-de-24-horas-para-el-jueves\/#breadcrumb","itemListElement":[{"@type":"ListItem","position":1,"name":"Inicio","item":"https:\/\/www.fmtrance.com\/online\/"},{"@type":"ListItem","position":2,"name":"Anunciaron un paro de colectivos de 24 horas para el jueves"}]},{"@type":"WebSite","@id":"https:\/\/www.fmtrance.com\/online\/#website","url":"https:\/\/www.fmtrance.com\/online\/","name":"FM Trance 103.3","description":"CABA. Radio de musica electronica","publisher":{"@id":"https:\/\/www.fmtrance.com\/online\/#organization"},"potentialAction":[{"@type":"SearchAction","target":{"@type":"EntryPoint","urlTemplate":"https:\/\/www.fmtrance.com\/online\/?s={search_term_string}"},"query-input":{"@type":"PropertyValueSpecification","valueRequired":true,"valueName":"search_term_string"}}],"inLanguage":"es-AR"},{"@type":"Organization","@id":"https:\/\/www.fmtrance.com\/online\/#organization","name":"FM TRANCE","url":"https:\/\/www.fmtrance.com\/online\/","logo":{"@type":"ImageObject","inLanguage":"es-AR","@id":"https:\/\/www.fmtrance.com\/online\/#\/schema\/logo\/image\/","url":"https:\/\/www.fmtrance.com\/online\/wp-content\/uploads\/2025\/03\/LOGO-WEB.png","contentUrl":"https:\/\/www.fmtrance.com\/online\/wp-content\/uploads\/2025\/03\/LOGO-WEB.png","width":500,"height":500,"caption":"FM TRANCE"},"image":{"@id":"https:\/\/www.fmtrance.com\/online\/#\/schema\/logo\/image\/"},"sameAs":["https:\/\/www.facebook.com\/fmtrance","https:\/\/x.com\/fmtrance","https:\/\/www.instagram.com\/fmtrance"]},{"@type":"Person","@id":"https:\/\/www.fmtrance.com\/online\/#\/schema\/person\/686af7f826dd2f08b36b4760b7dcdddd","name":"Redaccion FM Trance","image":{"@type":"ImageObject","inLanguage":"es-AR","@id":"https:\/\/www.fmtrance.com\/online\/#\/schema\/person\/image\/","url":"https:\/\/secure.gravatar.com\/avatar\/c9d0afa8b0785bea8046a42861739f0a26fb9e8da739ce032e6598dc2981bc38?s=96&r=g","contentUrl":"https:\/\/secure.gravatar.com\/avatar\/c9d0afa8b0785bea8046a42861739f0a26fb9e8da739ce032e6598dc2981bc38?s=96&r=g","caption":"Redaccion FM Trance"},"description":"Fundador y Director general de FM Trance. Nacido el 24 de Septiembre de 1987, en Caballito, Ciudad Autonoma de Buenos Aires. Alguien de Radio desde siempre: ya a los 9 a\u00f1os de edad como radioescucha, sintonizando estaci\u00f3nes de AM, FM, onda corta, TV UHF\/VHF, y dem\u00e1s servicios. Se desempe\u00f1\u00f3 como Operador T\u00e9cnico en diferentes emisoras locales de CABA y GBA, y hasta el dia de hoy sigue ejerciendo desde la parte t\u00e9cnica, realizando trabajos en varias Radios. Egresado del ISER de la carrera de Operador Tecnico de Planta Transmisora, cursando actualmente la carrera de Operador Tecnico de Estudios de Radio en dicha instituci\u00f3n, y flamante radioaficionado (habiendo completado el curso en el Radioclub Buenos Aires), distintiva LU2DBK.","url":"https:\/\/www.fmtrance.com\/online\/author\/fmtrance\/"}]}},"_links":{"self":[{"href":"https:\/\/www.fmtrance.com\/online\/wp-json\/wp\/v2\/posts\/3999","targetHints":{"allow":["GET"]}}],"collection":[{"href":"https:\/\/www.fmtrance.com\/online\/wp-json\/wp\/v2\/posts"}],"about":[{"href":"https:\/\/www.fmtrance.com\/online\/wp-json\/wp\/v2\/types\/post"}],"author":[{"embeddable":true,"href":"https:\/\/www.fmtrance.com\/online\/wp-json\/wp\/v2\/users\/1"}],"replies":[{"embeddable":true,"href":"https:\/\/www.fmtrance.com\/online\/wp-json\/wp\/v2\/comments?post=3999"}],"version-history":[{"count":1,"href":"https:\/\/www.fmtrance.com\/online\/wp-json\/wp\/v2\/posts\/3999\/revisions"}],"predecessor-version":[{"id":4001,"href":"https:\/\/www.fmtrance.com\/online\/wp-json\/wp\/v2\/posts\/3999\/revisions\/4001"}],"wp:featuredmedia":[{"embeddable":true,"href":"https:\/\/www.fmtrance.com\/online\/wp-json\/wp\/v2\/media\/4000"}],"wp:attachment":[{"href":"https:\/\/www.fmtrance.com\/online\/wp-json\/wp\/v2\/media?parent=3999"}],"wp:term":[{"taxonomy":"category","embeddable":true,"href":"https:\/\/www.fmtrance.com\/online\/wp-json\/wp\/v2\/categories?post=3999"},{"taxonomy":"post_tag","embeddable":true,"href":"https:\/\/www.fmtrance.com\/online\/wp-json\/wp\/v2\/tags?post=3999"}],"curies":[{"name":"wp","href":"https:\/\/api.w.org\/{rel}","templated":true}]}}