{"id":3996,"date":"2023-03-20T23:34:00","date_gmt":"2023-03-21T02:34:00","guid":{"rendered":"http:\/\/www.fmtrance.com\/online\/?p=3996"},"modified":"2023-03-30T23:39:45","modified_gmt":"2023-03-31T02:39:45","slug":"un-nuevo-crimen-expone-al-gcba-asesinaron-a-un-hombre-en-bajo-flores","status":"publish","type":"post","link":"https:\/\/www.fmtrance.com\/online\/un-nuevo-crimen-expone-al-gcba-asesinaron-a-un-hombre-en-bajo-flores\/","title":{"rendered":"Un nuevo crimen expone al GCBA: Asesinaron a un hombre en Bajo Flores"},"content":{"rendered":"<div class=\"row\">\n<div class=\"col-lg-12\">\n<div class=\"detail\">\n<p><strong>La v\u00edctima fue identificada como Alfredo Espinoza P\u00e9rez. Los investigadores sospechan que se trata de una disputa narco en el barrio 1.11.14. Estiman que una nueva banda quiso ingresar a vender drogas en el sector donde se hace fuerte \u201cla banda de Marcos\u201d.<\/strong><\/p>\n<\/div>\n<\/div>\n<\/div>\n<div class=\"row\">\n<div class=\"col-lg-8\">\n<section>\n<div class=\"row\">\n<article class=\"col-lg-12 col-md-12\">\n<div class=\"head-media clearfix\">\n<div class=\"description\">Un hombre de nacionalidad boliviana identificado como\u00a0<strong>Alfredo Espinoza P\u00e9rez<\/strong>\u00a0fue asesinado este domingo en el cruce de las calles Pasaje San Jorge y Mercosur, del Barrio Ricciardelli, conocido como\u00a0<strong>Barrio 1.11.14 del Bajo Flores<\/strong>\u00a0porte\u00f1o.<\/p>\n<p>Se trata de una nueva v\u00edctima en una d<strong>isputa por el territorio por narcomenudeo<\/strong>. Seg\u00fan fuentes policiales, a \u201cR\u00f3mulo&#8221; Espinoza P\u00e9rez se lo emparentaba con Fernando &#8220;Piti&#8221; Estrada Gonzales, hermano de &#8220;Marcos&#8221;, el capo narco que desde hace m\u00e1s de 20 a\u00f1os ejerce el poder de la venta de drogas en el Barrio 1-11-14.<\/p>\n<p><strong>La v\u00edctima, de 43 a\u00f1os, se encontraba frente a una vivienda cuando fue atacado a tiros por un hombre, quien se dio a la fuga tras el hecho<\/strong>. Minutos m\u00e1s tarde, vecinos del barrio trasladaron al herido hasta el Hospital Pi\u00f1ero, donde falleci\u00f3 producto de los impactos de bala.<\/p>\n<p>La principal sospecha de quienes est\u00e1n a cargo de la investigaci\u00f3n es que una nueva banda quiso ingresar a vender drogas en el sector donde se hace fuerte\u00a0<strong>\u201cla banda de Marcos\u201d.<\/strong><\/p>\n<p>El ataque se cree que fue como un intento de avanzar en el territorio luego de la detenci\u00f3n el pasado jueves de Jhon Paul Revilla Estrada (46), alias &#8220;Burro&#8221;, sobrino de &#8220;Marcos&#8221;. Revilla Estrada fue capturado en un operativo conjunto realizado por una comisi\u00f3n de la\u00a0<strong>Polic\u00eda Federal Argentina (PFA)<\/strong>\u00a0y la<strong>\u00a0Direcci\u00f3n Antidrogas de la Polic\u00eda Nacional de Per\u00fa<\/strong>, en el distrito de Carabayllo, a unos 35 kil\u00f3metros de la ciudad de Lima.<\/p>\n<p>Los hechos de inseguridad ligados al narcotr\u00e1fico son una constante el \u00faltimo tiempo en la Ciudad de Buenos Aires. Una semana atr\u00e1s un nene de 4 a\u00f1os fue baleado luego de un enfrentamiento en la v\u00eda p\u00fablica en el barrio de Constituci\u00f3n.\u00a0Nayla Noemy Torrilla, de la misma edad, fue asesinada de un balazo en el Bajo Flores durante un enfrentamiento entre bandas el 8 de febrero pasado.<\/p>\n<div class=\"codigo_js\">\n<div class=\"twitter-tweet twitter-tweet-rendered\"><iframe id=\"twitter-widget-1\" class=\"\" title=\"Twitter Tweet\" src=\"https:\/\/platform.twitter.com\/embed\/Tweet.html?creatorScreenName=nciudad&amp;dnt=false&amp;embedId=twitter-widget-1&amp;features=eyJ0ZndfdGltZWxpbmVfbGlzdCI6eyJidWNrZXQiOltdLCJ2ZXJzaW9uIjpudWxsfSwidGZ3X2ZvbGxvd2VyX2NvdW50X3N1bnNldCI6eyJidWNrZXQiOnRydWUsInZlcnNpb24iOm51bGx9LCJ0ZndfdHdlZXRfZWRpdF9iYWNrZW5kIjp7ImJ1Y2tldCI6Im9uIiwidmVyc2lvbiI6bnVsbH0sInRmd19yZWZzcmNfc2Vzc2lvbiI6eyJidWNrZXQiOiJvbiIsInZlcnNpb24iOm51bGx9LCJ0ZndfbWl4ZWRfbWVkaWFfMTU4OTciOnsiYnVja2V0IjoidHJlYXRtZW50IiwidmVyc2lvbiI6bnVsbH0sInRmd19leHBlcmltZW50c19jb29raWVfZXhwaXJhdGlvbiI6eyJidWNrZXQiOjEyMDk2MDAsInZlcnNpb24iOm51bGx9LCJ0ZndfZHVwbGljYXRlX3NjcmliZXNfdG9fc2V0dGluZ3MiOnsiYnVja2V0Ijoib24iLCJ2ZXJzaW9uIjpudWxsfSwidGZ3X3ZpZGVvX2hsc19keW5hbWljX21hbmlmZXN0c18xNTA4MiI6eyJidWNrZXQiOiJ0cnVlX2JpdHJhdGUiLCJ2ZXJzaW9uIjpudWxsfSwidGZ3X2xlZ2FjeV90aW1lbGluZV9zdW5zZXQiOnsiYnVja2V0Ijp0cnVlLCJ2ZXJzaW9uIjpudWxsfSwidGZ3X3R3ZWV0X2VkaXRfZnJvbnRlbmQiOnsiYnVja2V0Ijoib24iLCJ2ZXJzaW9uIjpudWxsfX0%3D&amp;frame=false&amp;hideCard=false&amp;hideThread=false&amp;id=1637548941532094468&amp;lang=es&amp;origin=https%3A%2F%2Fwww.nueva-ciudad.com.ar%2Fnotas%2F202303%2F51091-un-nuevo-crimen-golpe-a-la-ciudad-asesinaron-a-un-hombre-en-bajo-flores.html&amp;sessionId=24a724360ce781aa72c2e504e3b75a7dfdd17891&amp;siteScreenName=nciudad&amp;theme=light&amp;widgetsVersion=aaf4084522e3a%3A1674595607486&amp;width=550px\" frameborder=\"0\" scrolling=\"no\" allowfullscreen=\"allowfullscreen\" data-tweet-id=\"1637548941532094468\" data-mce-fragment=\"1\"><\/iframe><\/div>\n<\/div>\n<p>Desde la oposici\u00f3n al Gobierno que conduce Horacio Rodr\u00edguez Larreta insisten en que \u201cla inseguridad en CABA est\u00e1 descontrolada\u201d, y reclaman por la falta de control de las fuerzas policiales ante la licencia del ministro de Seguridad, Marcelo D\u2019alessandro.<\/p><\/div>\n<div class=\"clearfix\"><\/div>\n<\/div>\n<\/article>\n<\/div>\n<\/section>\n<\/div>\n<\/div>\n","protected":false},"excerpt":{"rendered":"<p>La v\u00edctima fue identificada como Alfredo Espinoza P\u00e9rez. Los investigadores sospechan que se trata de una disputa narco en el<\/p>\n","protected":false},"author":1,"featured_media":3997,"comment_status":"open","ping_status":"closed","sticky":false,"template":"","format":"standard","meta":{"footnotes":""},"categories":[1],"tags":[1726],"class_list":["post-3996","post","type-post","status-publish","format-standard","has-post-thumbnail","hentry","category-uncategorized","tag-uncategorized"],"yoast_head":"<!-- This site is optimized with the Yoast SEO plugin v24.6 - https:\/\/yoast.com\/wordpress\/plugins\/seo\/ -->\n<title>Un nuevo crimen expone al GCBA: Asesinaron a un hombre en Bajo Flores | FM Trance 103.3<\/title>\n<meta name=\"robots\" content=\"index, follow, max-snippet:-1, max-image-preview:large, max-video-preview:-1\" \/>\n<link rel=\"canonical\" href=\"https:\/\/www.fmtrance.com\/online\/un-nuevo-crimen-expone-al-gcba-asesinaron-a-un-hombre-en-bajo-flores\/\" \/>\n<meta property=\"og:locale\" content=\"es_ES\" \/>\n<meta property=\"og:type\" content=\"article\" \/>\n<meta property=\"og:title\" content=\"Un nuevo crimen expone al GCBA: Asesinaron a un hombre en Bajo Flores | FM Trance 103.3\" \/>\n<meta property=\"og:description\" content=\"La v\u00edctima fue identificada como Alfredo Espinoza P\u00e9rez. Los investigadores sospechan que se trata de una disputa narco en el\" \/>\n<meta property=\"og:url\" content=\"https:\/\/www.fmtrance.com\/online\/un-nuevo-crimen-expone-al-gcba-asesinaron-a-un-hombre-en-bajo-flores\/\" \/>\n<meta property=\"og:site_name\" content=\"FM Trance 103.3\" \/>\n<meta property=\"article:publisher\" content=\"https:\/\/www.facebook.com\/fmtrance\" \/>\n<meta property=\"article:published_time\" content=\"2023-03-21T02:34:00+00:00\" \/>\n<meta property=\"article:modified_time\" content=\"2023-03-31T02:39:45+00:00\" \/>\n<meta property=\"og:image\" content=\"https:\/\/www.fmtrance.com\/online\/wp-content\/uploads\/2023\/03\/64186c838ca17_800x597.jpg\" \/>\n\t<meta property=\"og:image:width\" content=\"800\" \/>\n\t<meta property=\"og:image:height\" content=\"597\" \/>\n\t<meta property=\"og:image:type\" content=\"image\/jpeg\" \/>\n<meta name=\"author\" content=\"Redaccion FM Trance\" \/>\n<meta name=\"twitter:card\" content=\"summary_large_image\" \/>\n<meta name=\"twitter:creator\" content=\"@fmtrance\" \/>\n<meta name=\"twitter:site\" content=\"@fmtrance\" \/>\n<meta name=\"twitter:label1\" content=\"Escrito por\" \/>\n\t<meta name=\"twitter:data1\" content=\"Redaccion FM Trance\" \/>\n\t<meta name=\"twitter:label2\" content=\"Tiempo de lectura\" \/>\n\t<meta name=\"twitter:data2\" content=\"2 minutos\" \/>\n<script type=\"application\/ld+json\" class=\"yoast-schema-graph\">{\"@context\":\"https:\/\/schema.org\",\"@graph\":[{\"@type\":\"Article\",\"@id\":\"https:\/\/www.fmtrance.com\/online\/un-nuevo-crimen-expone-al-gcba-asesinaron-a-un-hombre-en-bajo-flores\/#article\",\"isPartOf\":{\"@id\":\"https:\/\/www.fmtrance.com\/online\/un-nuevo-crimen-expone-al-gcba-asesinaron-a-un-hombre-en-bajo-flores\/\"},\"author\":{\"name\":\"Redaccion FM Trance\",\"@id\":\"https:\/\/www.fmtrance.com\/online\/#\/schema\/person\/686af7f826dd2f08b36b4760b7dcdddd\"},\"headline\":\"Un nuevo crimen expone al GCBA: Asesinaron a un hombre en Bajo Flores\",\"datePublished\":\"2023-03-21T02:34:00+00:00\",\"dateModified\":\"2023-03-31T02:39:45+00:00\",\"mainEntityOfPage\":{\"@id\":\"https:\/\/www.fmtrance.com\/online\/un-nuevo-crimen-expone-al-gcba-asesinaron-a-un-hombre-en-bajo-flores\/\"},\"wordCount\":432,\"commentCount\":0,\"publisher\":{\"@id\":\"https:\/\/www.fmtrance.com\/online\/#organization\"},\"image\":{\"@id\":\"https:\/\/www.fmtrance.com\/online\/un-nuevo-crimen-expone-al-gcba-asesinaron-a-un-hombre-en-bajo-flores\/#primaryimage\"},\"thumbnailUrl\":\"https:\/\/www.fmtrance.com\/online\/wp-content\/uploads\/2023\/03\/64186c838ca17_800x597.jpg\",\"keywords\":[\"Uncategorized\"],\"articleSection\":[\"Noticias\"],\"inLanguage\":\"es-AR\",\"potentialAction\":[{\"@type\":\"CommentAction\",\"name\":\"Comment\",\"target\":[\"https:\/\/www.fmtrance.com\/online\/un-nuevo-crimen-expone-al-gcba-asesinaron-a-un-hombre-en-bajo-flores\/#respond\"]}]},{\"@type\":\"WebPage\",\"@id\":\"https:\/\/www.fmtrance.com\/online\/un-nuevo-crimen-expone-al-gcba-asesinaron-a-un-hombre-en-bajo-flores\/\",\"url\":\"https:\/\/www.fmtrance.com\/online\/un-nuevo-crimen-expone-al-gcba-asesinaron-a-un-hombre-en-bajo-flores\/\",\"name\":\"Un nuevo crimen expone al GCBA: Asesinaron a un hombre en Bajo Flores | FM Trance 103.3\",\"isPartOf\":{\"@id\":\"https:\/\/www.fmtrance.com\/online\/#website\"},\"primaryImageOfPage\":{\"@id\":\"https:\/\/www.fmtrance.com\/online\/un-nuevo-crimen-expone-al-gcba-asesinaron-a-un-hombre-en-bajo-flores\/#primaryimage\"},\"image\":{\"@id\":\"https:\/\/www.fmtrance.com\/online\/un-nuevo-crimen-expone-al-gcba-asesinaron-a-un-hombre-en-bajo-flores\/#primaryimage\"},\"thumbnailUrl\":\"https:\/\/www.fmtrance.com\/online\/wp-content\/uploads\/2023\/03\/64186c838ca17_800x597.jpg\",\"datePublished\":\"2023-03-21T02:34:00+00:00\",\"dateModified\":\"2023-03-31T02:39:45+00:00\",\"breadcrumb\":{\"@id\":\"https:\/\/www.fmtrance.com\/online\/un-nuevo-crimen-expone-al-gcba-asesinaron-a-un-hombre-en-bajo-flores\/#breadcrumb\"},\"inLanguage\":\"es-AR\",\"potentialAction\":[{\"@type\":\"ReadAction\",\"target\":[\"https:\/\/www.fmtrance.com\/online\/un-nuevo-crimen-expone-al-gcba-asesinaron-a-un-hombre-en-bajo-flores\/\"]}]},{\"@type\":\"ImageObject\",\"inLanguage\":\"es-AR\",\"@id\":\"https:\/\/www.fmtrance.com\/online\/un-nuevo-crimen-expone-al-gcba-asesinaron-a-un-hombre-en-bajo-flores\/#primaryimage\",\"url\":\"https:\/\/www.fmtrance.com\/online\/wp-content\/uploads\/2023\/03\/64186c838ca17_800x597.jpg\",\"contentUrl\":\"https:\/\/www.fmtrance.com\/online\/wp-content\/uploads\/2023\/03\/64186c838ca17_800x597.jpg\",\"width\":800,\"height\":597},{\"@type\":\"BreadcrumbList\",\"@id\":\"https:\/\/www.fmtrance.com\/online\/un-nuevo-crimen-expone-al-gcba-asesinaron-a-un-hombre-en-bajo-flores\/#breadcrumb\",\"itemListElement\":[{\"@type\":\"ListItem\",\"position\":1,\"name\":\"Inicio\",\"item\":\"https:\/\/www.fmtrance.com\/online\/\"},{\"@type\":\"ListItem\",\"position\":2,\"name\":\"Un nuevo crimen expone al GCBA: Asesinaron a un hombre en Bajo Flores\"}]},{\"@type\":\"WebSite\",\"@id\":\"https:\/\/www.fmtrance.com\/online\/#website\",\"url\":\"https:\/\/www.fmtrance.com\/online\/\",\"name\":\"FM Trance 103.3\",\"description\":\"CABA. Radio de musica electronica\",\"publisher\":{\"@id\":\"https:\/\/www.fmtrance.com\/online\/#organization\"},\"potentialAction\":[{\"@type\":\"SearchAction\",\"target\":{\"@type\":\"EntryPoint\",\"urlTemplate\":\"https:\/\/www.fmtrance.com\/online\/?s={search_term_string}\"},\"query-input\":{\"@type\":\"PropertyValueSpecification\",\"valueRequired\":true,\"valueName\":\"search_term_string\"}}],\"inLanguage\":\"es-AR\"},{\"@type\":\"Organization\",\"@id\":\"https:\/\/www.fmtrance.com\/online\/#organization\",\"name\":\"FM TRANCE\",\"url\":\"https:\/\/www.fmtrance.com\/online\/\",\"logo\":{\"@type\":\"ImageObject\",\"inLanguage\":\"es-AR\",\"@id\":\"https:\/\/www.fmtrance.com\/online\/#\/schema\/logo\/image\/\",\"url\":\"https:\/\/www.fmtrance.com\/online\/wp-content\/uploads\/2025\/03\/LOGO-WEB.png\",\"contentUrl\":\"https:\/\/www.fmtrance.com\/online\/wp-content\/uploads\/2025\/03\/LOGO-WEB.png\",\"width\":500,\"height\":500,\"caption\":\"FM TRANCE\"},\"image\":{\"@id\":\"https:\/\/www.fmtrance.com\/online\/#\/schema\/logo\/image\/\"},\"sameAs\":[\"https:\/\/www.facebook.com\/fmtrance\",\"https:\/\/x.com\/fmtrance\",\"https:\/\/www.instagram.com\/fmtrance\"]},{\"@type\":\"Person\",\"@id\":\"https:\/\/www.fmtrance.com\/online\/#\/schema\/person\/686af7f826dd2f08b36b4760b7dcdddd\",\"name\":\"Redaccion FM Trance\",\"image\":{\"@type\":\"ImageObject\",\"inLanguage\":\"es-AR\",\"@id\":\"https:\/\/www.fmtrance.com\/online\/#\/schema\/person\/image\/\",\"url\":\"https:\/\/secure.gravatar.com\/avatar\/c9d0afa8b0785bea8046a42861739f0a26fb9e8da739ce032e6598dc2981bc38?s=96&r=g\",\"contentUrl\":\"https:\/\/secure.gravatar.com\/avatar\/c9d0afa8b0785bea8046a42861739f0a26fb9e8da739ce032e6598dc2981bc38?s=96&r=g\",\"caption\":\"Redaccion FM Trance\"},\"description\":\"Fundador y Director general de FM Trance. Nacido el 24 de Septiembre de 1987, en Caballito, Ciudad Autonoma de Buenos Aires. Alguien de Radio desde siempre: ya a los 9 a\u00f1os de edad como radioescucha, sintonizando estaci\u00f3nes de AM, FM, onda corta, TV UHF\/VHF, y dem\u00e1s servicios. Se desempe\u00f1\u00f3 como Operador T\u00e9cnico en diferentes emisoras locales de CABA y GBA, y hasta el dia de hoy sigue ejerciendo desde la parte t\u00e9cnica, realizando trabajos en varias Radios. Egresado del ISER de la carrera de Operador Tecnico de Planta Transmisora, cursando actualmente la carrera de Operador Tecnico de Estudios de Radio en dicha instituci\u00f3n, y flamante radioaficionado (habiendo completado el curso en el Radioclub Buenos Aires), distintiva LU2DBK.\",\"url\":\"https:\/\/www.fmtrance.com\/online\/author\/fmtrance\/\"}]}<\/script>\n<!-- \/ Yoast SEO plugin. -->","yoast_head_json":{"title":"Un nuevo crimen expone al GCBA: Asesinaron a un hombre en Bajo Flores | FM Trance 103.3","robots":{"index":"index","follow":"follow","max-snippet":"max-snippet:-1","max-image-preview":"max-image-preview:large","max-video-preview":"max-video-preview:-1"},"canonical":"https:\/\/www.fmtrance.com\/online\/un-nuevo-crimen-expone-al-gcba-asesinaron-a-un-hombre-en-bajo-flores\/","og_locale":"es_ES","og_type":"article","og_title":"Un nuevo crimen expone al GCBA: Asesinaron a un hombre en Bajo Flores | FM Trance 103.3","og_description":"La v\u00edctima fue identificada como Alfredo Espinoza P\u00e9rez. Los investigadores sospechan que se trata de una disputa narco en el","og_url":"https:\/\/www.fmtrance.com\/online\/un-nuevo-crimen-expone-al-gcba-asesinaron-a-un-hombre-en-bajo-flores\/","og_site_name":"FM Trance 103.3","article_publisher":"https:\/\/www.facebook.com\/fmtrance","article_published_time":"2023-03-21T02:34:00+00:00","article_modified_time":"2023-03-31T02:39:45+00:00","og_image":[{"width":800,"height":597,"url":"https:\/\/www.fmtrance.com\/online\/wp-content\/uploads\/2023\/03\/64186c838ca17_800x597.jpg","type":"image\/jpeg"}],"author":"Redaccion FM Trance","twitter_card":"summary_large_image","twitter_creator":"@fmtrance","twitter_site":"@fmtrance","twitter_misc":{"Escrito por":"Redaccion FM Trance","Tiempo de lectura":"2 minutos"},"schema":{"@context":"https:\/\/schema.org","@graph":[{"@type":"Article","@id":"https:\/\/www.fmtrance.com\/online\/un-nuevo-crimen-expone-al-gcba-asesinaron-a-un-hombre-en-bajo-flores\/#article","isPartOf":{"@id":"https:\/\/www.fmtrance.com\/online\/un-nuevo-crimen-expone-al-gcba-asesinaron-a-un-hombre-en-bajo-flores\/"},"author":{"name":"Redaccion FM Trance","@id":"https:\/\/www.fmtrance.com\/online\/#\/schema\/person\/686af7f826dd2f08b36b4760b7dcdddd"},"headline":"Un nuevo crimen expone al GCBA: Asesinaron a un hombre en Bajo Flores","datePublished":"2023-03-21T02:34:00+00:00","dateModified":"2023-03-31T02:39:45+00:00","mainEntityOfPage":{"@id":"https:\/\/www.fmtrance.com\/online\/un-nuevo-crimen-expone-al-gcba-asesinaron-a-un-hombre-en-bajo-flores\/"},"wordCount":432,"commentCount":0,"publisher":{"@id":"https:\/\/www.fmtrance.com\/online\/#organization"},"image":{"@id":"https:\/\/www.fmtrance.com\/online\/un-nuevo-crimen-expone-al-gcba-asesinaron-a-un-hombre-en-bajo-flores\/#primaryimage"},"thumbnailUrl":"https:\/\/www.fmtrance.com\/online\/wp-content\/uploads\/2023\/03\/64186c838ca17_800x597.jpg","keywords":["Uncategorized"],"articleSection":["Noticias"],"inLanguage":"es-AR","potentialAction":[{"@type":"CommentAction","name":"Comment","target":["https:\/\/www.fmtrance.com\/online\/un-nuevo-crimen-expone-al-gcba-asesinaron-a-un-hombre-en-bajo-flores\/#respond"]}]},{"@type":"WebPage","@id":"https:\/\/www.fmtrance.com\/online\/un-nuevo-crimen-expone-al-gcba-asesinaron-a-un-hombre-en-bajo-flores\/","url":"https:\/\/www.fmtrance.com\/online\/un-nuevo-crimen-expone-al-gcba-asesinaron-a-un-hombre-en-bajo-flores\/","name":"Un nuevo crimen expone al GCBA: Asesinaron a un hombre en Bajo Flores | FM Trance 103.3","isPartOf":{"@id":"https:\/\/www.fmtrance.com\/online\/#website"},"primaryImageOfPage":{"@id":"https:\/\/www.fmtrance.com\/online\/un-nuevo-crimen-expone-al-gcba-asesinaron-a-un-hombre-en-bajo-flores\/#primaryimage"},"image":{"@id":"https:\/\/www.fmtrance.com\/online\/un-nuevo-crimen-expone-al-gcba-asesinaron-a-un-hombre-en-bajo-flores\/#primaryimage"},"thumbnailUrl":"https:\/\/www.fmtrance.com\/online\/wp-content\/uploads\/2023\/03\/64186c838ca17_800x597.jpg","datePublished":"2023-03-21T02:34:00+00:00","dateModified":"2023-03-31T02:39:45+00:00","breadcrumb":{"@id":"https:\/\/www.fmtrance.com\/online\/un-nuevo-crimen-expone-al-gcba-asesinaron-a-un-hombre-en-bajo-flores\/#breadcrumb"},"inLanguage":"es-AR","potentialAction":[{"@type":"ReadAction","target":["https:\/\/www.fmtrance.com\/online\/un-nuevo-crimen-expone-al-gcba-asesinaron-a-un-hombre-en-bajo-flores\/"]}]},{"@type":"ImageObject","inLanguage":"es-AR","@id":"https:\/\/www.fmtrance.com\/online\/un-nuevo-crimen-expone-al-gcba-asesinaron-a-un-hombre-en-bajo-flores\/#primaryimage","url":"https:\/\/www.fmtrance.com\/online\/wp-content\/uploads\/2023\/03\/64186c838ca17_800x597.jpg","contentUrl":"https:\/\/www.fmtrance.com\/online\/wp-content\/uploads\/2023\/03\/64186c838ca17_800x597.jpg","width":800,"height":597},{"@type":"BreadcrumbList","@id":"https:\/\/www.fmtrance.com\/online\/un-nuevo-crimen-expone-al-gcba-asesinaron-a-un-hombre-en-bajo-flores\/#breadcrumb","itemListElement":[{"@type":"ListItem","position":1,"name":"Inicio","item":"https:\/\/www.fmtrance.com\/online\/"},{"@type":"ListItem","position":2,"name":"Un nuevo crimen expone al GCBA: Asesinaron a un hombre en Bajo Flores"}]},{"@type":"WebSite","@id":"https:\/\/www.fmtrance.com\/online\/#website","url":"https:\/\/www.fmtrance.com\/online\/","name":"FM Trance 103.3","description":"CABA. Radio de musica electronica","publisher":{"@id":"https:\/\/www.fmtrance.com\/online\/#organization"},"potentialAction":[{"@type":"SearchAction","target":{"@type":"EntryPoint","urlTemplate":"https:\/\/www.fmtrance.com\/online\/?s={search_term_string}"},"query-input":{"@type":"PropertyValueSpecification","valueRequired":true,"valueName":"search_term_string"}}],"inLanguage":"es-AR"},{"@type":"Organization","@id":"https:\/\/www.fmtrance.com\/online\/#organization","name":"FM TRANCE","url":"https:\/\/www.fmtrance.com\/online\/","logo":{"@type":"ImageObject","inLanguage":"es-AR","@id":"https:\/\/www.fmtrance.com\/online\/#\/schema\/logo\/image\/","url":"https:\/\/www.fmtrance.com\/online\/wp-content\/uploads\/2025\/03\/LOGO-WEB.png","contentUrl":"https:\/\/www.fmtrance.com\/online\/wp-content\/uploads\/2025\/03\/LOGO-WEB.png","width":500,"height":500,"caption":"FM TRANCE"},"image":{"@id":"https:\/\/www.fmtrance.com\/online\/#\/schema\/logo\/image\/"},"sameAs":["https:\/\/www.facebook.com\/fmtrance","https:\/\/x.com\/fmtrance","https:\/\/www.instagram.com\/fmtrance"]},{"@type":"Person","@id":"https:\/\/www.fmtrance.com\/online\/#\/schema\/person\/686af7f826dd2f08b36b4760b7dcdddd","name":"Redaccion FM Trance","image":{"@type":"ImageObject","inLanguage":"es-AR","@id":"https:\/\/www.fmtrance.com\/online\/#\/schema\/person\/image\/","url":"https:\/\/secure.gravatar.com\/avatar\/c9d0afa8b0785bea8046a42861739f0a26fb9e8da739ce032e6598dc2981bc38?s=96&r=g","contentUrl":"https:\/\/secure.gravatar.com\/avatar\/c9d0afa8b0785bea8046a42861739f0a26fb9e8da739ce032e6598dc2981bc38?s=96&r=g","caption":"Redaccion FM Trance"},"description":"Fundador y Director general de FM Trance. Nacido el 24 de Septiembre de 1987, en Caballito, Ciudad Autonoma de Buenos Aires. Alguien de Radio desde siempre: ya a los 9 a\u00f1os de edad como radioescucha, sintonizando estaci\u00f3nes de AM, FM, onda corta, TV UHF\/VHF, y dem\u00e1s servicios. Se desempe\u00f1\u00f3 como Operador T\u00e9cnico en diferentes emisoras locales de CABA y GBA, y hasta el dia de hoy sigue ejerciendo desde la parte t\u00e9cnica, realizando trabajos en varias Radios. Egresado del ISER de la carrera de Operador Tecnico de Planta Transmisora, cursando actualmente la carrera de Operador Tecnico de Estudios de Radio en dicha instituci\u00f3n, y flamante radioaficionado (habiendo completado el curso en el Radioclub Buenos Aires), distintiva LU2DBK.","url":"https:\/\/www.fmtrance.com\/online\/author\/fmtrance\/"}]}},"_links":{"self":[{"href":"https:\/\/www.fmtrance.com\/online\/wp-json\/wp\/v2\/posts\/3996","targetHints":{"allow":["GET"]}}],"collection":[{"href":"https:\/\/www.fmtrance.com\/online\/wp-json\/wp\/v2\/posts"}],"about":[{"href":"https:\/\/www.fmtrance.com\/online\/wp-json\/wp\/v2\/types\/post"}],"author":[{"embeddable":true,"href":"https:\/\/www.fmtrance.com\/online\/wp-json\/wp\/v2\/users\/1"}],"replies":[{"embeddable":true,"href":"https:\/\/www.fmtrance.com\/online\/wp-json\/wp\/v2\/comments?post=3996"}],"version-history":[{"count":1,"href":"https:\/\/www.fmtrance.com\/online\/wp-json\/wp\/v2\/posts\/3996\/revisions"}],"predecessor-version":[{"id":3998,"href":"https:\/\/www.fmtrance.com\/online\/wp-json\/wp\/v2\/posts\/3996\/revisions\/3998"}],"wp:featuredmedia":[{"embeddable":true,"href":"https:\/\/www.fmtrance.com\/online\/wp-json\/wp\/v2\/media\/3997"}],"wp:attachment":[{"href":"https:\/\/www.fmtrance.com\/online\/wp-json\/wp\/v2\/media?parent=3996"}],"wp:term":[{"taxonomy":"category","embeddable":true,"href":"https:\/\/www.fmtrance.com\/online\/wp-json\/wp\/v2\/categories?post=3996"},{"taxonomy":"post_tag","embeddable":true,"href":"https:\/\/www.fmtrance.com\/online\/wp-json\/wp\/v2\/tags?post=3996"}],"curies":[{"name":"wp","href":"https:\/\/api.w.org\/{rel}","templated":true}]}}