{"id":3991,"date":"2023-03-20T23:25:50","date_gmt":"2023-03-21T02:25:50","guid":{"rendered":"http:\/\/www.fmtrance.com\/online\/?p=3991"},"modified":"2023-03-30T23:32:58","modified_gmt":"2023-03-31T02:32:58","slug":"impulsan-un-homenaje-a-10-anos-de-las-inundaciones-en-saavedra","status":"publish","type":"post","link":"https:\/\/www.fmtrance.com\/online\/impulsan-un-homenaje-a-10-anos-de-las-inundaciones-en-saavedra\/","title":{"rendered":"Impulsan un homenaje a 10 a\u00f1os de las inundaciones en Saavedra"},"content":{"rendered":"<p><strong><em>Legisladores porte\u00f1os del Frente de Todos buscan conmemorar \u201ccon pesar el d\u00e9cimo aniversario de las tr\u00e1gicas inundaciones en el barrio de Saavedra y zonas aleda\u00f1as, que dejaron un saldo de seis v\u00edctimas fatales y miles de damnificados, acaecidas el d\u00eda 2 de abril de 2013\u201d.<\/em><\/strong><\/p>\n<p><strong>Legisladores porte\u00f1os del Frente de Todos <\/strong>presentaron un\u00a0<strong>proyecto de Declaraci\u00f3n\u00a0<\/strong>para que la\u00a0<strong>Legislatura de la Ciudad de Buenos Aires<\/strong>\u00a0conmemore \u201c<em>con pesar el d\u00e9cimo aniversario de las tr\u00e1gicas inundaciones en el barrio de\u00a0<strong>Saavedra\u00a0<\/strong>y zonas aleda\u00f1as, que dejaron un saldo de seis v\u00edctimas fatales y miles de damnificados, acaecidas el d\u00eda\u00a0<strong>2 de abril de 2013\u201d.<\/strong><br \/>\n<\/em><br \/>\n<em>\u201cComo cada\u00a0<strong>2 de abril,<\/strong>\u00a0se estremece la memoria de miles de ciudadanos que sufrieron las consecuencias de un hecho tr\u00e1gico y de miles de vecinos que estuvieron bajo el agua o perdieron bienes materiales y seres queridos, en la jornada m\u00e1s luctuosa de la historia del barrio\u201d,\u00a0<\/em>plasma la defensa de esta iniciativa parlamentaria.<\/p>\n<p>La misma lleva la firma del\u00a0<strong>presidente del bloque del Frente de Todos y vecino Claudio Ferre\u00f1o<\/strong>. Son coautores:\u00a0<strong>Maia Daer, Berenice Ia\u00f1ez, Claudio Morresi, Juan Pablo O\u00b4Dezaille, Manuel Soc\u00edas y Laura Velasco.<\/strong><\/p>\n<p>La defensa del proyecto incluye asuntos sobre la lucha vecinal vigente por mejores<strong>\u00a0pol\u00edticas p\u00fablicas hidr\u00e1ulicas<\/strong>\u00a0en la zona:\u00a0<em>\u201cTras diez a\u00f1os de medidas que no lograron salvar la situaci\u00f3n de manera completamente satisfactoria, el\u00a0<strong>Poder Ejecutivo porte\u00f1o<\/strong>\u00a0sigue presentando proyectos que no dan la seguridad que las y los vecinos reclaman. Entre ellos, durante el a\u00f1o 2022 se present\u00f3 un proyecto para la\u00a0<strong>creaci\u00f3n de un curso de agua dentro del parque,\u00a0<\/strong>paralelo al\u00a0<strong>entubado del Arroyo Medrano<\/strong>, que funcionar\u00eda como un reservorio temporal a cielo abierto. Este recibi\u00f3 un f\u00e9rreo y masivo rechazo por parte de las vecinas o los vecinos del barrio, quienes lo calificaron como un gran zanj\u00f3n decorativo que solo restar\u00eda metros de\u00a0<strong>espacios verdes<\/strong>\u201d.<\/em><\/p>\n<p><em>\u201cHoy en d\u00eda, los porte\u00f1os seguimos reclamando una respuesta efectiva y definitiva a esta problem\u00e1tica que, hist\u00f3rica y sistem\u00e1ticamente, ha castigado al\u00a0<strong>Barrio de Saavedra.<\/strong>\u00a0Asimismo, seguimos exigiendo que se realice el\u00a0<strong>segundo reservorio del Parque Sarmiento<\/strong>, previsto desde el a\u00f1o 2006 y cuyas obras hoy se encuentran con dificultades para avanzar porque el mismo\u00a0<strong>Poder Ejecutivo<\/strong>\u00a0concesion\u00f3 los espacios para que se construyan canchas para el club privado\u00a0<strong>Belgrano Athletic Club\u201d<\/strong>,<\/em>\u00a0se a\u00f1ade.<\/p>\n<p>Sobre la\u00a0<strong>inundaci\u00f3n\u00a0<\/strong>propiamente dicha, consta en el proyecto:\u00a0<em>\u201cEl\u00a0<strong>2 de abril de 2013,<\/strong>\u00a0un hecho tr\u00e1gico pero evitable golpe\u00f3 al\u00a0<strong>Barrio de Saavedra<\/strong>\u00a0y sus zonas aleda\u00f1as: una fuerte lluvia provoc\u00f3 una inundaci\u00f3n masiva y dej\u00f3 un saldo de<strong>\u00a06 v\u00edctimas fatales<\/strong>\u00a0y\u00a0<strong>decenas de hogares tapados por el agua<\/strong>. Seg\u00fan inform\u00f3 el\u00a0<strong>Observatorio Central de Buenos Aires,<\/strong>\u00a0aquella madrugada luctuosa se registraron<strong>\u00a0156 mil\u00edmetros ca\u00eddos<\/strong>\u00a0en menos de dos horas, aunque se estim\u00f3 que el volumen podr\u00eda haber sido mayor. Si bien todos los puntos del barrio se vieron afectados, la zona situada alrededor del\u00a0<strong>Arroyo Medrano<\/strong>\u00a0fue la m\u00e1s perjudicada. Pero esta no fue la \u00fanica zona cr\u00edtica: distintos puntos de\u00a0<strong>Villa Urquiza<\/strong>\u00a0tambi\u00e9n sufrieron las devastadoras consecuencias de este hecho desolador. Es as\u00ed que miles de vecinos debieron evacuar de urgencia sus hogares, llegando a tener que cortar rejas o romper puertas para rescatar a quienes hab\u00edan quedado atrapados en sus casas. El agua inund\u00f3 calles y\u00a0<strong>viviendas<\/strong>, arras\u00f3 con miles de\u00a0<strong>veh\u00edculos\u00a0<\/strong>que amanecieron flotando o apilados, y ocasion\u00f3 p\u00e9rdidas econ\u00f3micas y afectivas irrecuperables. Camas, colchones, mesas y electrodom\u00e9sticos, entre otros elementos hogare\u00f1os, eran sacados a las calles, en un intento desesperado de ser preservados. Los autom\u00f3viles que no fueron llevados por el agua, permanecieron por d\u00edas enteros en las calles con el capot y las puertas abiertas, dejando a la gran mayor\u00eda de ellos inservibles\u201d.<\/em><\/p>\n<p><em>\u201cDada la ausencia de los, por entonces,\u00a0<strong>jefe de Gobierno, Mauricio Macri, y jefe de Gabinete, Horacio Rodr\u00edguez Larreta<\/strong>, quienes se encontraban vacacionando en<strong>\u00a0Brasil y en Europa<\/strong>, respectivamente, fue<strong>\u00a0Diego Santilli, ministro de Ambiente y Espacio P\u00fablico<\/strong>, quien por la ma\u00f1ana atribuy\u00f3 el caos de la ciudad a la cantidad de lluvia, afirmando que se trataba de \u201cla mayor de los \u00faltimos 100 a\u00f1os en lo que respecta al mes de abril\u201d. Frente a la situaci\u00f3n de colapso, y ante la falta de respuesta de\u00a0<strong>Emergencias<\/strong>, muchos vecinos debieron salir a destapar sumideros y ayudarse -hasta con gomones- para evacuar. Por la ma\u00f1ana, se manifestaron justamente indignados y denunciaron que agentes de la\u00a0<strong>Polic\u00eda Metropolitana, Bomberos y Defensa Civil\u00a0<\/strong>no se presentaron sino hasta largas horas m\u00e1s tarde, as\u00ed como tampoco contestaron en tiempo y forma sus insistentes llamados\u201d<\/em>, se agreg\u00f3.<\/p>\n<p><em>\u201cDurante el resto de esa fat\u00eddica jornada,\u00a0<strong>257.000 usuarios quedaron sin luz,\u00a0<\/strong>mientras que las autoridades viales pidieron a los conductores abstenerse de circular por las avenidas porte\u00f1as, los accesos al \u00e1rea metropolitana y las rutas y autopistas. A su vez, muchos vecinos no pudieron regresar a sus casas por varios d\u00edas. En ese marco se constituy\u00f3 la\u00a0<strong>Asamblea de Inundados de Saavedra<\/strong>, un espacio integrado por vecinos y fuerzas vivas que se encarg\u00f3 de denunciar lo ocurrido, y que exigi\u00f3 al\u00a0<strong>Gobierno porte\u00f1o<\/strong>\u00a0planes de contingencia y obras\u201d,\u00a0<\/em>concluy\u00f3 el repaso de aquellas tr\u00e1gicas jornadas en\u00a0<strong>Saavedra.<\/strong><\/p>\n","protected":false},"excerpt":{"rendered":"<p>Legisladores porte\u00f1os del Frente de Todos buscan conmemorar \u201ccon pesar el d\u00e9cimo aniversario de las tr\u00e1gicas inundaciones en el barrio<\/p>\n","protected":false},"author":1,"featured_media":3992,"comment_status":"open","ping_status":"closed","sticky":false,"template":"","format":"standard","meta":{"footnotes":""},"categories":[1],"tags":[1726],"class_list":["post-3991","post","type-post","status-publish","format-standard","has-post-thumbnail","hentry","category-uncategorized","tag-uncategorized"],"yoast_head":"<!-- This site is optimized with the Yoast SEO plugin v24.6 - https:\/\/yoast.com\/wordpress\/plugins\/seo\/ -->\n<title>Impulsan un homenaje a 10 a\u00f1os de las inundaciones en Saavedra | FM Trance 103.3<\/title>\n<meta name=\"robots\" content=\"index, follow, max-snippet:-1, max-image-preview:large, max-video-preview:-1\" \/>\n<link rel=\"canonical\" href=\"https:\/\/www.fmtrance.com\/online\/impulsan-un-homenaje-a-10-anos-de-las-inundaciones-en-saavedra\/\" \/>\n<meta property=\"og:locale\" content=\"es_ES\" \/>\n<meta property=\"og:type\" content=\"article\" \/>\n<meta property=\"og:title\" content=\"Impulsan un homenaje a 10 a\u00f1os de las inundaciones en Saavedra | FM Trance 103.3\" \/>\n<meta property=\"og:description\" content=\"Legisladores porte\u00f1os del Frente de Todos buscan conmemorar \u201ccon pesar el d\u00e9cimo aniversario de las tr\u00e1gicas inundaciones en el barrio\" \/>\n<meta property=\"og:url\" content=\"https:\/\/www.fmtrance.com\/online\/impulsan-un-homenaje-a-10-anos-de-las-inundaciones-en-saavedra\/\" \/>\n<meta property=\"og:site_name\" content=\"FM Trance 103.3\" \/>\n<meta property=\"article:publisher\" content=\"https:\/\/www.facebook.com\/fmtrance\" \/>\n<meta property=\"article:published_time\" content=\"2023-03-21T02:25:50+00:00\" \/>\n<meta property=\"article:modified_time\" content=\"2023-03-31T02:32:58+00:00\" \/>\n<meta property=\"og:image\" content=\"https:\/\/www.fmtrance.com\/online\/wp-content\/uploads\/2023\/03\/64184debe1c0d_800x488.jpg\" \/>\n\t<meta property=\"og:image:width\" content=\"800\" \/>\n\t<meta property=\"og:image:height\" content=\"488\" \/>\n\t<meta property=\"og:image:type\" content=\"image\/jpeg\" \/>\n<meta name=\"author\" content=\"Redaccion FM Trance\" \/>\n<meta name=\"twitter:card\" content=\"summary_large_image\" \/>\n<meta name=\"twitter:creator\" content=\"@fmtrance\" \/>\n<meta name=\"twitter:site\" content=\"@fmtrance\" \/>\n<meta name=\"twitter:label1\" content=\"Escrito por\" \/>\n\t<meta name=\"twitter:data1\" content=\"Redaccion FM Trance\" \/>\n\t<meta name=\"twitter:label2\" content=\"Tiempo de lectura\" \/>\n\t<meta name=\"twitter:data2\" content=\"5 minutos\" \/>\n<script type=\"application\/ld+json\" class=\"yoast-schema-graph\">{\"@context\":\"https:\/\/schema.org\",\"@graph\":[{\"@type\":\"Article\",\"@id\":\"https:\/\/www.fmtrance.com\/online\/impulsan-un-homenaje-a-10-anos-de-las-inundaciones-en-saavedra\/#article\",\"isPartOf\":{\"@id\":\"https:\/\/www.fmtrance.com\/online\/impulsan-un-homenaje-a-10-anos-de-las-inundaciones-en-saavedra\/\"},\"author\":{\"name\":\"Redaccion FM Trance\",\"@id\":\"https:\/\/www.fmtrance.com\/online\/#\/schema\/person\/686af7f826dd2f08b36b4760b7dcdddd\"},\"headline\":\"Impulsan un homenaje a 10 a\u00f1os de las inundaciones en Saavedra\",\"datePublished\":\"2023-03-21T02:25:50+00:00\",\"dateModified\":\"2023-03-31T02:32:58+00:00\",\"mainEntityOfPage\":{\"@id\":\"https:\/\/www.fmtrance.com\/online\/impulsan-un-homenaje-a-10-anos-de-las-inundaciones-en-saavedra\/\"},\"wordCount\":928,\"commentCount\":0,\"publisher\":{\"@id\":\"https:\/\/www.fmtrance.com\/online\/#organization\"},\"image\":{\"@id\":\"https:\/\/www.fmtrance.com\/online\/impulsan-un-homenaje-a-10-anos-de-las-inundaciones-en-saavedra\/#primaryimage\"},\"thumbnailUrl\":\"https:\/\/www.fmtrance.com\/online\/wp-content\/uploads\/2023\/03\/64184debe1c0d_800x488.jpg\",\"keywords\":[\"Uncategorized\"],\"articleSection\":[\"Noticias\"],\"inLanguage\":\"es-AR\",\"potentialAction\":[{\"@type\":\"CommentAction\",\"name\":\"Comment\",\"target\":[\"https:\/\/www.fmtrance.com\/online\/impulsan-un-homenaje-a-10-anos-de-las-inundaciones-en-saavedra\/#respond\"]}]},{\"@type\":\"WebPage\",\"@id\":\"https:\/\/www.fmtrance.com\/online\/impulsan-un-homenaje-a-10-anos-de-las-inundaciones-en-saavedra\/\",\"url\":\"https:\/\/www.fmtrance.com\/online\/impulsan-un-homenaje-a-10-anos-de-las-inundaciones-en-saavedra\/\",\"name\":\"Impulsan un homenaje a 10 a\u00f1os de las inundaciones en Saavedra | FM Trance 103.3\",\"isPartOf\":{\"@id\":\"https:\/\/www.fmtrance.com\/online\/#website\"},\"primaryImageOfPage\":{\"@id\":\"https:\/\/www.fmtrance.com\/online\/impulsan-un-homenaje-a-10-anos-de-las-inundaciones-en-saavedra\/#primaryimage\"},\"image\":{\"@id\":\"https:\/\/www.fmtrance.com\/online\/impulsan-un-homenaje-a-10-anos-de-las-inundaciones-en-saavedra\/#primaryimage\"},\"thumbnailUrl\":\"https:\/\/www.fmtrance.com\/online\/wp-content\/uploads\/2023\/03\/64184debe1c0d_800x488.jpg\",\"datePublished\":\"2023-03-21T02:25:50+00:00\",\"dateModified\":\"2023-03-31T02:32:58+00:00\",\"breadcrumb\":{\"@id\":\"https:\/\/www.fmtrance.com\/online\/impulsan-un-homenaje-a-10-anos-de-las-inundaciones-en-saavedra\/#breadcrumb\"},\"inLanguage\":\"es-AR\",\"potentialAction\":[{\"@type\":\"ReadAction\",\"target\":[\"https:\/\/www.fmtrance.com\/online\/impulsan-un-homenaje-a-10-anos-de-las-inundaciones-en-saavedra\/\"]}]},{\"@type\":\"ImageObject\",\"inLanguage\":\"es-AR\",\"@id\":\"https:\/\/www.fmtrance.com\/online\/impulsan-un-homenaje-a-10-anos-de-las-inundaciones-en-saavedra\/#primaryimage\",\"url\":\"https:\/\/www.fmtrance.com\/online\/wp-content\/uploads\/2023\/03\/64184debe1c0d_800x488.jpg\",\"contentUrl\":\"https:\/\/www.fmtrance.com\/online\/wp-content\/uploads\/2023\/03\/64184debe1c0d_800x488.jpg\",\"width\":800,\"height\":488},{\"@type\":\"BreadcrumbList\",\"@id\":\"https:\/\/www.fmtrance.com\/online\/impulsan-un-homenaje-a-10-anos-de-las-inundaciones-en-saavedra\/#breadcrumb\",\"itemListElement\":[{\"@type\":\"ListItem\",\"position\":1,\"name\":\"Inicio\",\"item\":\"https:\/\/www.fmtrance.com\/online\/\"},{\"@type\":\"ListItem\",\"position\":2,\"name\":\"Impulsan un homenaje a 10 a\u00f1os de las inundaciones en Saavedra\"}]},{\"@type\":\"WebSite\",\"@id\":\"https:\/\/www.fmtrance.com\/online\/#website\",\"url\":\"https:\/\/www.fmtrance.com\/online\/\",\"name\":\"FM Trance 103.3\",\"description\":\"CABA. Radio de musica electronica\",\"publisher\":{\"@id\":\"https:\/\/www.fmtrance.com\/online\/#organization\"},\"potentialAction\":[{\"@type\":\"SearchAction\",\"target\":{\"@type\":\"EntryPoint\",\"urlTemplate\":\"https:\/\/www.fmtrance.com\/online\/?s={search_term_string}\"},\"query-input\":{\"@type\":\"PropertyValueSpecification\",\"valueRequired\":true,\"valueName\":\"search_term_string\"}}],\"inLanguage\":\"es-AR\"},{\"@type\":\"Organization\",\"@id\":\"https:\/\/www.fmtrance.com\/online\/#organization\",\"name\":\"FM TRANCE\",\"url\":\"https:\/\/www.fmtrance.com\/online\/\",\"logo\":{\"@type\":\"ImageObject\",\"inLanguage\":\"es-AR\",\"@id\":\"https:\/\/www.fmtrance.com\/online\/#\/schema\/logo\/image\/\",\"url\":\"https:\/\/www.fmtrance.com\/online\/wp-content\/uploads\/2025\/03\/LOGO-WEB.png\",\"contentUrl\":\"https:\/\/www.fmtrance.com\/online\/wp-content\/uploads\/2025\/03\/LOGO-WEB.png\",\"width\":500,\"height\":500,\"caption\":\"FM TRANCE\"},\"image\":{\"@id\":\"https:\/\/www.fmtrance.com\/online\/#\/schema\/logo\/image\/\"},\"sameAs\":[\"https:\/\/www.facebook.com\/fmtrance\",\"https:\/\/x.com\/fmtrance\",\"https:\/\/www.instagram.com\/fmtrance\"]},{\"@type\":\"Person\",\"@id\":\"https:\/\/www.fmtrance.com\/online\/#\/schema\/person\/686af7f826dd2f08b36b4760b7dcdddd\",\"name\":\"Redaccion FM Trance\",\"image\":{\"@type\":\"ImageObject\",\"inLanguage\":\"es-AR\",\"@id\":\"https:\/\/www.fmtrance.com\/online\/#\/schema\/person\/image\/\",\"url\":\"https:\/\/secure.gravatar.com\/avatar\/c9d0afa8b0785bea8046a42861739f0a26fb9e8da739ce032e6598dc2981bc38?s=96&r=g\",\"contentUrl\":\"https:\/\/secure.gravatar.com\/avatar\/c9d0afa8b0785bea8046a42861739f0a26fb9e8da739ce032e6598dc2981bc38?s=96&r=g\",\"caption\":\"Redaccion FM Trance\"},\"description\":\"Fundador y Director general de FM Trance. Nacido el 24 de Septiembre de 1987, en Caballito, Ciudad Autonoma de Buenos Aires. Alguien de Radio desde siempre: ya a los 9 a\u00f1os de edad como radioescucha, sintonizando estaci\u00f3nes de AM, FM, onda corta, TV UHF\/VHF, y dem\u00e1s servicios. Se desempe\u00f1\u00f3 como Operador T\u00e9cnico en diferentes emisoras locales de CABA y GBA, y hasta el dia de hoy sigue ejerciendo desde la parte t\u00e9cnica, realizando trabajos en varias Radios. Egresado del ISER de la carrera de Operador Tecnico de Planta Transmisora, cursando actualmente la carrera de Operador Tecnico de Estudios de Radio en dicha instituci\u00f3n, y flamante radioaficionado (habiendo completado el curso en el Radioclub Buenos Aires), distintiva LU2DBK.\",\"url\":\"https:\/\/www.fmtrance.com\/online\/author\/fmtrance\/\"}]}<\/script>\n<!-- \/ Yoast SEO plugin. -->","yoast_head_json":{"title":"Impulsan un homenaje a 10 a\u00f1os de las inundaciones en Saavedra | FM Trance 103.3","robots":{"index":"index","follow":"follow","max-snippet":"max-snippet:-1","max-image-preview":"max-image-preview:large","max-video-preview":"max-video-preview:-1"},"canonical":"https:\/\/www.fmtrance.com\/online\/impulsan-un-homenaje-a-10-anos-de-las-inundaciones-en-saavedra\/","og_locale":"es_ES","og_type":"article","og_title":"Impulsan un homenaje a 10 a\u00f1os de las inundaciones en Saavedra | FM Trance 103.3","og_description":"Legisladores porte\u00f1os del Frente de Todos buscan conmemorar \u201ccon pesar el d\u00e9cimo aniversario de las tr\u00e1gicas inundaciones en el barrio","og_url":"https:\/\/www.fmtrance.com\/online\/impulsan-un-homenaje-a-10-anos-de-las-inundaciones-en-saavedra\/","og_site_name":"FM Trance 103.3","article_publisher":"https:\/\/www.facebook.com\/fmtrance","article_published_time":"2023-03-21T02:25:50+00:00","article_modified_time":"2023-03-31T02:32:58+00:00","og_image":[{"width":800,"height":488,"url":"https:\/\/www.fmtrance.com\/online\/wp-content\/uploads\/2023\/03\/64184debe1c0d_800x488.jpg","type":"image\/jpeg"}],"author":"Redaccion FM Trance","twitter_card":"summary_large_image","twitter_creator":"@fmtrance","twitter_site":"@fmtrance","twitter_misc":{"Escrito por":"Redaccion FM Trance","Tiempo de lectura":"5 minutos"},"schema":{"@context":"https:\/\/schema.org","@graph":[{"@type":"Article","@id":"https:\/\/www.fmtrance.com\/online\/impulsan-un-homenaje-a-10-anos-de-las-inundaciones-en-saavedra\/#article","isPartOf":{"@id":"https:\/\/www.fmtrance.com\/online\/impulsan-un-homenaje-a-10-anos-de-las-inundaciones-en-saavedra\/"},"author":{"name":"Redaccion FM Trance","@id":"https:\/\/www.fmtrance.com\/online\/#\/schema\/person\/686af7f826dd2f08b36b4760b7dcdddd"},"headline":"Impulsan un homenaje a 10 a\u00f1os de las inundaciones en Saavedra","datePublished":"2023-03-21T02:25:50+00:00","dateModified":"2023-03-31T02:32:58+00:00","mainEntityOfPage":{"@id":"https:\/\/www.fmtrance.com\/online\/impulsan-un-homenaje-a-10-anos-de-las-inundaciones-en-saavedra\/"},"wordCount":928,"commentCount":0,"publisher":{"@id":"https:\/\/www.fmtrance.com\/online\/#organization"},"image":{"@id":"https:\/\/www.fmtrance.com\/online\/impulsan-un-homenaje-a-10-anos-de-las-inundaciones-en-saavedra\/#primaryimage"},"thumbnailUrl":"https:\/\/www.fmtrance.com\/online\/wp-content\/uploads\/2023\/03\/64184debe1c0d_800x488.jpg","keywords":["Uncategorized"],"articleSection":["Noticias"],"inLanguage":"es-AR","potentialAction":[{"@type":"CommentAction","name":"Comment","target":["https:\/\/www.fmtrance.com\/online\/impulsan-un-homenaje-a-10-anos-de-las-inundaciones-en-saavedra\/#respond"]}]},{"@type":"WebPage","@id":"https:\/\/www.fmtrance.com\/online\/impulsan-un-homenaje-a-10-anos-de-las-inundaciones-en-saavedra\/","url":"https:\/\/www.fmtrance.com\/online\/impulsan-un-homenaje-a-10-anos-de-las-inundaciones-en-saavedra\/","name":"Impulsan un homenaje a 10 a\u00f1os de las inundaciones en Saavedra | FM Trance 103.3","isPartOf":{"@id":"https:\/\/www.fmtrance.com\/online\/#website"},"primaryImageOfPage":{"@id":"https:\/\/www.fmtrance.com\/online\/impulsan-un-homenaje-a-10-anos-de-las-inundaciones-en-saavedra\/#primaryimage"},"image":{"@id":"https:\/\/www.fmtrance.com\/online\/impulsan-un-homenaje-a-10-anos-de-las-inundaciones-en-saavedra\/#primaryimage"},"thumbnailUrl":"https:\/\/www.fmtrance.com\/online\/wp-content\/uploads\/2023\/03\/64184debe1c0d_800x488.jpg","datePublished":"2023-03-21T02:25:50+00:00","dateModified":"2023-03-31T02:32:58+00:00","breadcrumb":{"@id":"https:\/\/www.fmtrance.com\/online\/impulsan-un-homenaje-a-10-anos-de-las-inundaciones-en-saavedra\/#breadcrumb"},"inLanguage":"es-AR","potentialAction":[{"@type":"ReadAction","target":["https:\/\/www.fmtrance.com\/online\/impulsan-un-homenaje-a-10-anos-de-las-inundaciones-en-saavedra\/"]}]},{"@type":"ImageObject","inLanguage":"es-AR","@id":"https:\/\/www.fmtrance.com\/online\/impulsan-un-homenaje-a-10-anos-de-las-inundaciones-en-saavedra\/#primaryimage","url":"https:\/\/www.fmtrance.com\/online\/wp-content\/uploads\/2023\/03\/64184debe1c0d_800x488.jpg","contentUrl":"https:\/\/www.fmtrance.com\/online\/wp-content\/uploads\/2023\/03\/64184debe1c0d_800x488.jpg","width":800,"height":488},{"@type":"BreadcrumbList","@id":"https:\/\/www.fmtrance.com\/online\/impulsan-un-homenaje-a-10-anos-de-las-inundaciones-en-saavedra\/#breadcrumb","itemListElement":[{"@type":"ListItem","position":1,"name":"Inicio","item":"https:\/\/www.fmtrance.com\/online\/"},{"@type":"ListItem","position":2,"name":"Impulsan un homenaje a 10 a\u00f1os de las inundaciones en Saavedra"}]},{"@type":"WebSite","@id":"https:\/\/www.fmtrance.com\/online\/#website","url":"https:\/\/www.fmtrance.com\/online\/","name":"FM Trance 103.3","description":"CABA. Radio de musica electronica","publisher":{"@id":"https:\/\/www.fmtrance.com\/online\/#organization"},"potentialAction":[{"@type":"SearchAction","target":{"@type":"EntryPoint","urlTemplate":"https:\/\/www.fmtrance.com\/online\/?s={search_term_string}"},"query-input":{"@type":"PropertyValueSpecification","valueRequired":true,"valueName":"search_term_string"}}],"inLanguage":"es-AR"},{"@type":"Organization","@id":"https:\/\/www.fmtrance.com\/online\/#organization","name":"FM TRANCE","url":"https:\/\/www.fmtrance.com\/online\/","logo":{"@type":"ImageObject","inLanguage":"es-AR","@id":"https:\/\/www.fmtrance.com\/online\/#\/schema\/logo\/image\/","url":"https:\/\/www.fmtrance.com\/online\/wp-content\/uploads\/2025\/03\/LOGO-WEB.png","contentUrl":"https:\/\/www.fmtrance.com\/online\/wp-content\/uploads\/2025\/03\/LOGO-WEB.png","width":500,"height":500,"caption":"FM TRANCE"},"image":{"@id":"https:\/\/www.fmtrance.com\/online\/#\/schema\/logo\/image\/"},"sameAs":["https:\/\/www.facebook.com\/fmtrance","https:\/\/x.com\/fmtrance","https:\/\/www.instagram.com\/fmtrance"]},{"@type":"Person","@id":"https:\/\/www.fmtrance.com\/online\/#\/schema\/person\/686af7f826dd2f08b36b4760b7dcdddd","name":"Redaccion FM Trance","image":{"@type":"ImageObject","inLanguage":"es-AR","@id":"https:\/\/www.fmtrance.com\/online\/#\/schema\/person\/image\/","url":"https:\/\/secure.gravatar.com\/avatar\/c9d0afa8b0785bea8046a42861739f0a26fb9e8da739ce032e6598dc2981bc38?s=96&r=g","contentUrl":"https:\/\/secure.gravatar.com\/avatar\/c9d0afa8b0785bea8046a42861739f0a26fb9e8da739ce032e6598dc2981bc38?s=96&r=g","caption":"Redaccion FM Trance"},"description":"Fundador y Director general de FM Trance. Nacido el 24 de Septiembre de 1987, en Caballito, Ciudad Autonoma de Buenos Aires. Alguien de Radio desde siempre: ya a los 9 a\u00f1os de edad como radioescucha, sintonizando estaci\u00f3nes de AM, FM, onda corta, TV UHF\/VHF, y dem\u00e1s servicios. Se desempe\u00f1\u00f3 como Operador T\u00e9cnico en diferentes emisoras locales de CABA y GBA, y hasta el dia de hoy sigue ejerciendo desde la parte t\u00e9cnica, realizando trabajos en varias Radios. Egresado del ISER de la carrera de Operador Tecnico de Planta Transmisora, cursando actualmente la carrera de Operador Tecnico de Estudios de Radio en dicha instituci\u00f3n, y flamante radioaficionado (habiendo completado el curso en el Radioclub Buenos Aires), distintiva LU2DBK.","url":"https:\/\/www.fmtrance.com\/online\/author\/fmtrance\/"}]}},"_links":{"self":[{"href":"https:\/\/www.fmtrance.com\/online\/wp-json\/wp\/v2\/posts\/3991","targetHints":{"allow":["GET"]}}],"collection":[{"href":"https:\/\/www.fmtrance.com\/online\/wp-json\/wp\/v2\/posts"}],"about":[{"href":"https:\/\/www.fmtrance.com\/online\/wp-json\/wp\/v2\/types\/post"}],"author":[{"embeddable":true,"href":"https:\/\/www.fmtrance.com\/online\/wp-json\/wp\/v2\/users\/1"}],"replies":[{"embeddable":true,"href":"https:\/\/www.fmtrance.com\/online\/wp-json\/wp\/v2\/comments?post=3991"}],"version-history":[{"count":3,"href":"https:\/\/www.fmtrance.com\/online\/wp-json\/wp\/v2\/posts\/3991\/revisions"}],"predecessor-version":[{"id":3995,"href":"https:\/\/www.fmtrance.com\/online\/wp-json\/wp\/v2\/posts\/3991\/revisions\/3995"}],"wp:featuredmedia":[{"embeddable":true,"href":"https:\/\/www.fmtrance.com\/online\/wp-json\/wp\/v2\/media\/3992"}],"wp:attachment":[{"href":"https:\/\/www.fmtrance.com\/online\/wp-json\/wp\/v2\/media?parent=3991"}],"wp:term":[{"taxonomy":"category","embeddable":true,"href":"https:\/\/www.fmtrance.com\/online\/wp-json\/wp\/v2\/categories?post=3991"},{"taxonomy":"post_tag","embeddable":true,"href":"https:\/\/www.fmtrance.com\/online\/wp-json\/wp\/v2\/tags?post=3991"}],"curies":[{"name":"wp","href":"https:\/\/api.w.org\/{rel}","templated":true}]}}