{"id":3988,"date":"2023-03-18T23:22:05","date_gmt":"2023-03-19T02:22:05","guid":{"rendered":"http:\/\/www.fmtrance.com\/online\/?p=3988"},"modified":"2023-03-30T23:25:13","modified_gmt":"2023-03-31T02:25:13","slug":"larreta-ignoro-las-criticas-de-bullrich-y-pidio-evitar-los-gritos-desde-la-tribuna","status":"publish","type":"post","link":"https:\/\/www.fmtrance.com\/online\/larreta-ignoro-las-criticas-de-bullrich-y-pidio-evitar-los-gritos-desde-la-tribuna\/","title":{"rendered":"Larreta ignor\u00f3 las cr\u00edticas de Bullrich y pidi\u00f3 evitar \u201clos gritos desde la tribuna\u201d"},"content":{"rendered":"<div class=\"row\">\n<div class=\"col-lg-12\">\n<div class=\"detail\">\n<p><strong>El jefe de Gobierno afirm\u00f3 que \u201cno va a contestar\u201d los cuestionamientos de compa\u00f1eros de espacio, ya que consider\u00f3 que eso \u201catenta contra la unidad\u201d. \u201cSoy uno de los once que juega en la cancha, tengo que gobernar, tomar decisiones que no es f\u00e1cil\u201d, desliz\u00f3.<\/strong><\/p>\n<\/div>\n<\/div>\n<\/div>\n<div class=\"row\">\n<div class=\"col-lg-8\">\n<section>\n<div class=\"row\">\n<article class=\"col-lg-12 col-md-12\">\n<div class=\"head-media clearfix\">\n<div class=\"description\">El precandidato presidencial por Juntos por el Cambio,\u00a0<strong>Horacio Rodr\u00edguez Larreta<\/strong>, afirm\u00f3 que no entrar\u00e1 en el fuego cruzado con compa\u00f1eros de espacio y se distanci\u00f3 del resto al comentar que\u00a0<strong>\u201ces uno de los once titulares\u201d\u00a0<\/strong>a los cuales le toca gobernar, por lo que pidi\u00f3\u00a0<strong>evitar \u201clos gritos desde la tribuna\u201d<\/strong>, en un claro reproche a la ex ministra de Seguridad,\u00a0<strong>Patricia Bullrich<\/strong>, y sus constantes cuestionamientos al alcalde porte\u00f1o.<\/p>\n<p>D\u00edas atr\u00e1s la titular del PRO a nivel nacional asegur\u00f3 que Larreta \u201ces una persona de gesti\u00f3n\u201d, no obstante, explic\u00f3 que para asumir la presidencia del pa\u00eds \u201c<strong>se necesita car\u00e1cter, decisi\u00f3n y convicci\u00f3n\u201d.<\/strong><\/p>\n<p>\u201cCreo en la firmeza de resolver los problemas de la gente, no gritar desde la tribuna.\u00a0<strong>Soy uno de los once que juega en la cancha, tengo que gobernar, tomar decisiones que no es f\u00e1cil\u201d<\/strong>, le respondi\u00f3 el encargado del ejecutivo de la Ciudad de Buenos Aires.<\/p>\n<p>Y enfatiz\u00f3: \u201cLa firmeza la ejerzo, por ejemplo, cuando no se cerraron las escuelas, esa es la firmeza que vale, la de que los chicos tengan clase o la que tengo para sacar a los narcos de la Ciudad, meterlos presos y bajar el delito\u201d.<\/p>\n<p>Consultado por los cruces en la interna, desarroll\u00f3: \u201c<strong>A m\u00ed no me vas a ver nunca criticando a alguien de Juntos por el Cambio, jam\u00e1s, no lo hice nunca ni lo voy a hacer, porque creo que eso atenta contra la unidad y las posibilidades electorales.\u00a0<\/strong>Al final del d\u00eda, eso favorece al kirchnerismo, no lo hago nunca ni lo voy a hacer, no me pongo a juzgar a otros de los nuestros que lo hacen y por m\u00e1s que otros me cuestionen a mi yo no voy a contestar porque no creo en eso\u201d.<\/p>\n<p>En contacto con Radio con Vos, Rodr\u00edguez Larreta insisti\u00f3 en la importancia de la herramienta de las PASO para definir el candidato de la principal coalici\u00f3n opositora: \u201c<strong>Hoy el sistema de elecci\u00f3n de candidatos internos es la PASO, eso dice la ley, cumplamos con eso que elige la gente.<\/strong>\u00a0En la mayor\u00eda de las provincias nos estamos poniendo de acuerdo. Pasa siempre que con los cierres de listas hay muchas tensiones en el \u00faltimo momento\u201d.<\/p>\n<p><strong>Campa\u00f1a y promesas<\/strong><\/p>\n<p>El alcalde porte\u00f1o apunt\u00f3 a la inflaci\u00f3n como uno de los principales temas de agenda de la gente y explic\u00f3 que se debe atacar con\u00a0<strong>\u201cun plan de desarrollo integral\u201d<\/strong>, mientras se expres\u00f3 en contra de las \u201csoluciones m\u00e1gicas\u201d. \u201c<strong>El que viene en 30 segundos y te explica c\u00f3mo se baja la inflaci\u00f3n es mentira<\/strong>\u201d, sostuvo.<\/p>\n<p>En ese plano, asegur\u00f3 que, en caso de llegar a Casa Rosada, desde su gesti\u00f3n \u201cno van a darle a la maquinita para financiar el Estado\u201d, sino que reforzar\u00e1n la \u201cexportaci\u00f3n\u201d. \u201cHoy tenemos una oportunidad porque el mundo necesita productos argentinos\u201d, mencion\u00f3.<\/p>\n<p>\u201cNo pod\u00e9s gastar m\u00e1s de lo que ten\u00e9s, no lo vamos a hacer, no vamos a gastar m\u00e1s de lo que la Argentina pueda gastar porque si no termin\u00e1s con la maquinita, que al final afecta a los que menos tienen con la inflaci\u00f3n\u201d, sentenci\u00f3.<\/p><\/div>\n<div class=\"clearfix\"><\/div>\n<\/div>\n<\/article>\n<\/div>\n<\/section>\n<\/div>\n<\/div>\n","protected":false},"excerpt":{"rendered":"<p>El jefe de Gobierno afirm\u00f3 que \u201cno va a contestar\u201d los cuestionamientos de compa\u00f1eros de espacio, ya que consider\u00f3 que<\/p>\n","protected":false},"author":1,"featured_media":3989,"comment_status":"open","ping_status":"closed","sticky":false,"template":"","format":"standard","meta":{"footnotes":""},"categories":[1],"tags":[1726],"class_list":["post-3988","post","type-post","status-publish","format-standard","has-post-thumbnail","hentry","category-uncategorized","tag-uncategorized"],"yoast_head":"<!-- This site is optimized with the Yoast SEO plugin v24.6 - https:\/\/yoast.com\/wordpress\/plugins\/seo\/ -->\n<title>Larreta ignor\u00f3 las cr\u00edticas de Bullrich y pidi\u00f3 evitar \u201clos gritos desde la tribuna\u201d | FM Trance 103.3<\/title>\n<meta name=\"robots\" content=\"index, follow, max-snippet:-1, max-image-preview:large, max-video-preview:-1\" \/>\n<link rel=\"canonical\" href=\"https:\/\/www.fmtrance.com\/online\/larreta-ignoro-las-criticas-de-bullrich-y-pidio-evitar-los-gritos-desde-la-tribuna\/\" \/>\n<meta property=\"og:locale\" content=\"es_ES\" \/>\n<meta property=\"og:type\" content=\"article\" \/>\n<meta property=\"og:title\" content=\"Larreta ignor\u00f3 las cr\u00edticas de Bullrich y pidi\u00f3 evitar \u201clos gritos desde la tribuna\u201d | FM Trance 103.3\" \/>\n<meta property=\"og:description\" content=\"El jefe de Gobierno afirm\u00f3 que \u201cno va a contestar\u201d los cuestionamientos de compa\u00f1eros de espacio, ya que consider\u00f3 que\" \/>\n<meta property=\"og:url\" content=\"https:\/\/www.fmtrance.com\/online\/larreta-ignoro-las-criticas-de-bullrich-y-pidio-evitar-los-gritos-desde-la-tribuna\/\" \/>\n<meta property=\"og:site_name\" content=\"FM Trance 103.3\" \/>\n<meta property=\"article:publisher\" content=\"https:\/\/www.facebook.com\/fmtrance\" \/>\n<meta property=\"article:published_time\" content=\"2023-03-19T02:22:05+00:00\" \/>\n<meta property=\"article:modified_time\" content=\"2023-03-31T02:25:13+00:00\" \/>\n<meta property=\"og:image\" content=\"https:\/\/www.fmtrance.com\/online\/wp-content\/uploads\/2023\/03\/63bc0f2c8d41f_800x569.jpg\" \/>\n\t<meta property=\"og:image:width\" content=\"800\" \/>\n\t<meta property=\"og:image:height\" content=\"569\" \/>\n\t<meta property=\"og:image:type\" content=\"image\/jpeg\" \/>\n<meta name=\"author\" content=\"Redaccion FM Trance\" \/>\n<meta name=\"twitter:card\" content=\"summary_large_image\" \/>\n<meta name=\"twitter:creator\" content=\"@fmtrance\" \/>\n<meta name=\"twitter:site\" content=\"@fmtrance\" \/>\n<meta name=\"twitter:label1\" content=\"Escrito por\" \/>\n\t<meta name=\"twitter:data1\" content=\"Redaccion FM Trance\" \/>\n\t<meta name=\"twitter:label2\" content=\"Tiempo de lectura\" \/>\n\t<meta name=\"twitter:data2\" content=\"3 minutos\" \/>\n<script type=\"application\/ld+json\" class=\"yoast-schema-graph\">{\"@context\":\"https:\/\/schema.org\",\"@graph\":[{\"@type\":\"Article\",\"@id\":\"https:\/\/www.fmtrance.com\/online\/larreta-ignoro-las-criticas-de-bullrich-y-pidio-evitar-los-gritos-desde-la-tribuna\/#article\",\"isPartOf\":{\"@id\":\"https:\/\/www.fmtrance.com\/online\/larreta-ignoro-las-criticas-de-bullrich-y-pidio-evitar-los-gritos-desde-la-tribuna\/\"},\"author\":{\"name\":\"Redaccion FM Trance\",\"@id\":\"https:\/\/www.fmtrance.com\/online\/#\/schema\/person\/686af7f826dd2f08b36b4760b7dcdddd\"},\"headline\":\"Larreta ignor\u00f3 las cr\u00edticas de Bullrich y pidi\u00f3 evitar \u201clos gritos desde la tribuna\u201d\",\"datePublished\":\"2023-03-19T02:22:05+00:00\",\"dateModified\":\"2023-03-31T02:25:13+00:00\",\"mainEntityOfPage\":{\"@id\":\"https:\/\/www.fmtrance.com\/online\/larreta-ignoro-las-criticas-de-bullrich-y-pidio-evitar-los-gritos-desde-la-tribuna\/\"},\"wordCount\":607,\"commentCount\":0,\"publisher\":{\"@id\":\"https:\/\/www.fmtrance.com\/online\/#organization\"},\"image\":{\"@id\":\"https:\/\/www.fmtrance.com\/online\/larreta-ignoro-las-criticas-de-bullrich-y-pidio-evitar-los-gritos-desde-la-tribuna\/#primaryimage\"},\"thumbnailUrl\":\"https:\/\/www.fmtrance.com\/online\/wp-content\/uploads\/2023\/03\/63bc0f2c8d41f_800x569.jpg\",\"keywords\":[\"Uncategorized\"],\"articleSection\":[\"Noticias\"],\"inLanguage\":\"es-AR\",\"potentialAction\":[{\"@type\":\"CommentAction\",\"name\":\"Comment\",\"target\":[\"https:\/\/www.fmtrance.com\/online\/larreta-ignoro-las-criticas-de-bullrich-y-pidio-evitar-los-gritos-desde-la-tribuna\/#respond\"]}]},{\"@type\":\"WebPage\",\"@id\":\"https:\/\/www.fmtrance.com\/online\/larreta-ignoro-las-criticas-de-bullrich-y-pidio-evitar-los-gritos-desde-la-tribuna\/\",\"url\":\"https:\/\/www.fmtrance.com\/online\/larreta-ignoro-las-criticas-de-bullrich-y-pidio-evitar-los-gritos-desde-la-tribuna\/\",\"name\":\"Larreta ignor\u00f3 las cr\u00edticas de Bullrich y pidi\u00f3 evitar \u201clos gritos desde la tribuna\u201d | FM Trance 103.3\",\"isPartOf\":{\"@id\":\"https:\/\/www.fmtrance.com\/online\/#website\"},\"primaryImageOfPage\":{\"@id\":\"https:\/\/www.fmtrance.com\/online\/larreta-ignoro-las-criticas-de-bullrich-y-pidio-evitar-los-gritos-desde-la-tribuna\/#primaryimage\"},\"image\":{\"@id\":\"https:\/\/www.fmtrance.com\/online\/larreta-ignoro-las-criticas-de-bullrich-y-pidio-evitar-los-gritos-desde-la-tribuna\/#primaryimage\"},\"thumbnailUrl\":\"https:\/\/www.fmtrance.com\/online\/wp-content\/uploads\/2023\/03\/63bc0f2c8d41f_800x569.jpg\",\"datePublished\":\"2023-03-19T02:22:05+00:00\",\"dateModified\":\"2023-03-31T02:25:13+00:00\",\"breadcrumb\":{\"@id\":\"https:\/\/www.fmtrance.com\/online\/larreta-ignoro-las-criticas-de-bullrich-y-pidio-evitar-los-gritos-desde-la-tribuna\/#breadcrumb\"},\"inLanguage\":\"es-AR\",\"potentialAction\":[{\"@type\":\"ReadAction\",\"target\":[\"https:\/\/www.fmtrance.com\/online\/larreta-ignoro-las-criticas-de-bullrich-y-pidio-evitar-los-gritos-desde-la-tribuna\/\"]}]},{\"@type\":\"ImageObject\",\"inLanguage\":\"es-AR\",\"@id\":\"https:\/\/www.fmtrance.com\/online\/larreta-ignoro-las-criticas-de-bullrich-y-pidio-evitar-los-gritos-desde-la-tribuna\/#primaryimage\",\"url\":\"https:\/\/www.fmtrance.com\/online\/wp-content\/uploads\/2023\/03\/63bc0f2c8d41f_800x569.jpg\",\"contentUrl\":\"https:\/\/www.fmtrance.com\/online\/wp-content\/uploads\/2023\/03\/63bc0f2c8d41f_800x569.jpg\",\"width\":800,\"height\":569},{\"@type\":\"BreadcrumbList\",\"@id\":\"https:\/\/www.fmtrance.com\/online\/larreta-ignoro-las-criticas-de-bullrich-y-pidio-evitar-los-gritos-desde-la-tribuna\/#breadcrumb\",\"itemListElement\":[{\"@type\":\"ListItem\",\"position\":1,\"name\":\"Inicio\",\"item\":\"https:\/\/www.fmtrance.com\/online\/\"},{\"@type\":\"ListItem\",\"position\":2,\"name\":\"Larreta ignor\u00f3 las cr\u00edticas de Bullrich y pidi\u00f3 evitar \u201clos gritos desde la tribuna\u201d\"}]},{\"@type\":\"WebSite\",\"@id\":\"https:\/\/www.fmtrance.com\/online\/#website\",\"url\":\"https:\/\/www.fmtrance.com\/online\/\",\"name\":\"FM Trance 103.3\",\"description\":\"CABA. Radio de musica electronica\",\"publisher\":{\"@id\":\"https:\/\/www.fmtrance.com\/online\/#organization\"},\"potentialAction\":[{\"@type\":\"SearchAction\",\"target\":{\"@type\":\"EntryPoint\",\"urlTemplate\":\"https:\/\/www.fmtrance.com\/online\/?s={search_term_string}\"},\"query-input\":{\"@type\":\"PropertyValueSpecification\",\"valueRequired\":true,\"valueName\":\"search_term_string\"}}],\"inLanguage\":\"es-AR\"},{\"@type\":\"Organization\",\"@id\":\"https:\/\/www.fmtrance.com\/online\/#organization\",\"name\":\"FM TRANCE\",\"url\":\"https:\/\/www.fmtrance.com\/online\/\",\"logo\":{\"@type\":\"ImageObject\",\"inLanguage\":\"es-AR\",\"@id\":\"https:\/\/www.fmtrance.com\/online\/#\/schema\/logo\/image\/\",\"url\":\"https:\/\/www.fmtrance.com\/online\/wp-content\/uploads\/2025\/03\/LOGO-WEB.png\",\"contentUrl\":\"https:\/\/www.fmtrance.com\/online\/wp-content\/uploads\/2025\/03\/LOGO-WEB.png\",\"width\":500,\"height\":500,\"caption\":\"FM TRANCE\"},\"image\":{\"@id\":\"https:\/\/www.fmtrance.com\/online\/#\/schema\/logo\/image\/\"},\"sameAs\":[\"https:\/\/www.facebook.com\/fmtrance\",\"https:\/\/x.com\/fmtrance\",\"https:\/\/www.instagram.com\/fmtrance\"]},{\"@type\":\"Person\",\"@id\":\"https:\/\/www.fmtrance.com\/online\/#\/schema\/person\/686af7f826dd2f08b36b4760b7dcdddd\",\"name\":\"Redaccion FM Trance\",\"image\":{\"@type\":\"ImageObject\",\"inLanguage\":\"es-AR\",\"@id\":\"https:\/\/www.fmtrance.com\/online\/#\/schema\/person\/image\/\",\"url\":\"https:\/\/secure.gravatar.com\/avatar\/c9d0afa8b0785bea8046a42861739f0a26fb9e8da739ce032e6598dc2981bc38?s=96&r=g\",\"contentUrl\":\"https:\/\/secure.gravatar.com\/avatar\/c9d0afa8b0785bea8046a42861739f0a26fb9e8da739ce032e6598dc2981bc38?s=96&r=g\",\"caption\":\"Redaccion FM Trance\"},\"description\":\"Fundador y Director general de FM Trance. Nacido el 24 de Septiembre de 1987, en Caballito, Ciudad Autonoma de Buenos Aires. Alguien de Radio desde siempre: ya a los 9 a\u00f1os de edad como radioescucha, sintonizando estaci\u00f3nes de AM, FM, onda corta, TV UHF\/VHF, y dem\u00e1s servicios. Se desempe\u00f1\u00f3 como Operador T\u00e9cnico en diferentes emisoras locales de CABA y GBA, y hasta el dia de hoy sigue ejerciendo desde la parte t\u00e9cnica, realizando trabajos en varias Radios. Egresado del ISER de la carrera de Operador Tecnico de Planta Transmisora, cursando actualmente la carrera de Operador Tecnico de Estudios de Radio en dicha instituci\u00f3n, y flamante radioaficionado (habiendo completado el curso en el Radioclub Buenos Aires), distintiva LU2DBK.\",\"url\":\"https:\/\/www.fmtrance.com\/online\/author\/fmtrance\/\"}]}<\/script>\n<!-- \/ Yoast SEO plugin. -->","yoast_head_json":{"title":"Larreta ignor\u00f3 las cr\u00edticas de Bullrich y pidi\u00f3 evitar \u201clos gritos desde la tribuna\u201d | FM Trance 103.3","robots":{"index":"index","follow":"follow","max-snippet":"max-snippet:-1","max-image-preview":"max-image-preview:large","max-video-preview":"max-video-preview:-1"},"canonical":"https:\/\/www.fmtrance.com\/online\/larreta-ignoro-las-criticas-de-bullrich-y-pidio-evitar-los-gritos-desde-la-tribuna\/","og_locale":"es_ES","og_type":"article","og_title":"Larreta ignor\u00f3 las cr\u00edticas de Bullrich y pidi\u00f3 evitar \u201clos gritos desde la tribuna\u201d | FM Trance 103.3","og_description":"El jefe de Gobierno afirm\u00f3 que \u201cno va a contestar\u201d los cuestionamientos de compa\u00f1eros de espacio, ya que consider\u00f3 que","og_url":"https:\/\/www.fmtrance.com\/online\/larreta-ignoro-las-criticas-de-bullrich-y-pidio-evitar-los-gritos-desde-la-tribuna\/","og_site_name":"FM Trance 103.3","article_publisher":"https:\/\/www.facebook.com\/fmtrance","article_published_time":"2023-03-19T02:22:05+00:00","article_modified_time":"2023-03-31T02:25:13+00:00","og_image":[{"width":800,"height":569,"url":"https:\/\/www.fmtrance.com\/online\/wp-content\/uploads\/2023\/03\/63bc0f2c8d41f_800x569.jpg","type":"image\/jpeg"}],"author":"Redaccion FM Trance","twitter_card":"summary_large_image","twitter_creator":"@fmtrance","twitter_site":"@fmtrance","twitter_misc":{"Escrito por":"Redaccion FM Trance","Tiempo de lectura":"3 minutos"},"schema":{"@context":"https:\/\/schema.org","@graph":[{"@type":"Article","@id":"https:\/\/www.fmtrance.com\/online\/larreta-ignoro-las-criticas-de-bullrich-y-pidio-evitar-los-gritos-desde-la-tribuna\/#article","isPartOf":{"@id":"https:\/\/www.fmtrance.com\/online\/larreta-ignoro-las-criticas-de-bullrich-y-pidio-evitar-los-gritos-desde-la-tribuna\/"},"author":{"name":"Redaccion FM Trance","@id":"https:\/\/www.fmtrance.com\/online\/#\/schema\/person\/686af7f826dd2f08b36b4760b7dcdddd"},"headline":"Larreta ignor\u00f3 las cr\u00edticas de Bullrich y pidi\u00f3 evitar \u201clos gritos desde la tribuna\u201d","datePublished":"2023-03-19T02:22:05+00:00","dateModified":"2023-03-31T02:25:13+00:00","mainEntityOfPage":{"@id":"https:\/\/www.fmtrance.com\/online\/larreta-ignoro-las-criticas-de-bullrich-y-pidio-evitar-los-gritos-desde-la-tribuna\/"},"wordCount":607,"commentCount":0,"publisher":{"@id":"https:\/\/www.fmtrance.com\/online\/#organization"},"image":{"@id":"https:\/\/www.fmtrance.com\/online\/larreta-ignoro-las-criticas-de-bullrich-y-pidio-evitar-los-gritos-desde-la-tribuna\/#primaryimage"},"thumbnailUrl":"https:\/\/www.fmtrance.com\/online\/wp-content\/uploads\/2023\/03\/63bc0f2c8d41f_800x569.jpg","keywords":["Uncategorized"],"articleSection":["Noticias"],"inLanguage":"es-AR","potentialAction":[{"@type":"CommentAction","name":"Comment","target":["https:\/\/www.fmtrance.com\/online\/larreta-ignoro-las-criticas-de-bullrich-y-pidio-evitar-los-gritos-desde-la-tribuna\/#respond"]}]},{"@type":"WebPage","@id":"https:\/\/www.fmtrance.com\/online\/larreta-ignoro-las-criticas-de-bullrich-y-pidio-evitar-los-gritos-desde-la-tribuna\/","url":"https:\/\/www.fmtrance.com\/online\/larreta-ignoro-las-criticas-de-bullrich-y-pidio-evitar-los-gritos-desde-la-tribuna\/","name":"Larreta ignor\u00f3 las cr\u00edticas de Bullrich y pidi\u00f3 evitar \u201clos gritos desde la tribuna\u201d | FM Trance 103.3","isPartOf":{"@id":"https:\/\/www.fmtrance.com\/online\/#website"},"primaryImageOfPage":{"@id":"https:\/\/www.fmtrance.com\/online\/larreta-ignoro-las-criticas-de-bullrich-y-pidio-evitar-los-gritos-desde-la-tribuna\/#primaryimage"},"image":{"@id":"https:\/\/www.fmtrance.com\/online\/larreta-ignoro-las-criticas-de-bullrich-y-pidio-evitar-los-gritos-desde-la-tribuna\/#primaryimage"},"thumbnailUrl":"https:\/\/www.fmtrance.com\/online\/wp-content\/uploads\/2023\/03\/63bc0f2c8d41f_800x569.jpg","datePublished":"2023-03-19T02:22:05+00:00","dateModified":"2023-03-31T02:25:13+00:00","breadcrumb":{"@id":"https:\/\/www.fmtrance.com\/online\/larreta-ignoro-las-criticas-de-bullrich-y-pidio-evitar-los-gritos-desde-la-tribuna\/#breadcrumb"},"inLanguage":"es-AR","potentialAction":[{"@type":"ReadAction","target":["https:\/\/www.fmtrance.com\/online\/larreta-ignoro-las-criticas-de-bullrich-y-pidio-evitar-los-gritos-desde-la-tribuna\/"]}]},{"@type":"ImageObject","inLanguage":"es-AR","@id":"https:\/\/www.fmtrance.com\/online\/larreta-ignoro-las-criticas-de-bullrich-y-pidio-evitar-los-gritos-desde-la-tribuna\/#primaryimage","url":"https:\/\/www.fmtrance.com\/online\/wp-content\/uploads\/2023\/03\/63bc0f2c8d41f_800x569.jpg","contentUrl":"https:\/\/www.fmtrance.com\/online\/wp-content\/uploads\/2023\/03\/63bc0f2c8d41f_800x569.jpg","width":800,"height":569},{"@type":"BreadcrumbList","@id":"https:\/\/www.fmtrance.com\/online\/larreta-ignoro-las-criticas-de-bullrich-y-pidio-evitar-los-gritos-desde-la-tribuna\/#breadcrumb","itemListElement":[{"@type":"ListItem","position":1,"name":"Inicio","item":"https:\/\/www.fmtrance.com\/online\/"},{"@type":"ListItem","position":2,"name":"Larreta ignor\u00f3 las cr\u00edticas de Bullrich y pidi\u00f3 evitar \u201clos gritos desde la tribuna\u201d"}]},{"@type":"WebSite","@id":"https:\/\/www.fmtrance.com\/online\/#website","url":"https:\/\/www.fmtrance.com\/online\/","name":"FM Trance 103.3","description":"CABA. Radio de musica electronica","publisher":{"@id":"https:\/\/www.fmtrance.com\/online\/#organization"},"potentialAction":[{"@type":"SearchAction","target":{"@type":"EntryPoint","urlTemplate":"https:\/\/www.fmtrance.com\/online\/?s={search_term_string}"},"query-input":{"@type":"PropertyValueSpecification","valueRequired":true,"valueName":"search_term_string"}}],"inLanguage":"es-AR"},{"@type":"Organization","@id":"https:\/\/www.fmtrance.com\/online\/#organization","name":"FM TRANCE","url":"https:\/\/www.fmtrance.com\/online\/","logo":{"@type":"ImageObject","inLanguage":"es-AR","@id":"https:\/\/www.fmtrance.com\/online\/#\/schema\/logo\/image\/","url":"https:\/\/www.fmtrance.com\/online\/wp-content\/uploads\/2025\/03\/LOGO-WEB.png","contentUrl":"https:\/\/www.fmtrance.com\/online\/wp-content\/uploads\/2025\/03\/LOGO-WEB.png","width":500,"height":500,"caption":"FM TRANCE"},"image":{"@id":"https:\/\/www.fmtrance.com\/online\/#\/schema\/logo\/image\/"},"sameAs":["https:\/\/www.facebook.com\/fmtrance","https:\/\/x.com\/fmtrance","https:\/\/www.instagram.com\/fmtrance"]},{"@type":"Person","@id":"https:\/\/www.fmtrance.com\/online\/#\/schema\/person\/686af7f826dd2f08b36b4760b7dcdddd","name":"Redaccion FM Trance","image":{"@type":"ImageObject","inLanguage":"es-AR","@id":"https:\/\/www.fmtrance.com\/online\/#\/schema\/person\/image\/","url":"https:\/\/secure.gravatar.com\/avatar\/c9d0afa8b0785bea8046a42861739f0a26fb9e8da739ce032e6598dc2981bc38?s=96&r=g","contentUrl":"https:\/\/secure.gravatar.com\/avatar\/c9d0afa8b0785bea8046a42861739f0a26fb9e8da739ce032e6598dc2981bc38?s=96&r=g","caption":"Redaccion FM Trance"},"description":"Fundador y Director general de FM Trance. Nacido el 24 de Septiembre de 1987, en Caballito, Ciudad Autonoma de Buenos Aires. Alguien de Radio desde siempre: ya a los 9 a\u00f1os de edad como radioescucha, sintonizando estaci\u00f3nes de AM, FM, onda corta, TV UHF\/VHF, y dem\u00e1s servicios. Se desempe\u00f1\u00f3 como Operador T\u00e9cnico en diferentes emisoras locales de CABA y GBA, y hasta el dia de hoy sigue ejerciendo desde la parte t\u00e9cnica, realizando trabajos en varias Radios. Egresado del ISER de la carrera de Operador Tecnico de Planta Transmisora, cursando actualmente la carrera de Operador Tecnico de Estudios de Radio en dicha instituci\u00f3n, y flamante radioaficionado (habiendo completado el curso en el Radioclub Buenos Aires), distintiva LU2DBK.","url":"https:\/\/www.fmtrance.com\/online\/author\/fmtrance\/"}]}},"_links":{"self":[{"href":"https:\/\/www.fmtrance.com\/online\/wp-json\/wp\/v2\/posts\/3988","targetHints":{"allow":["GET"]}}],"collection":[{"href":"https:\/\/www.fmtrance.com\/online\/wp-json\/wp\/v2\/posts"}],"about":[{"href":"https:\/\/www.fmtrance.com\/online\/wp-json\/wp\/v2\/types\/post"}],"author":[{"embeddable":true,"href":"https:\/\/www.fmtrance.com\/online\/wp-json\/wp\/v2\/users\/1"}],"replies":[{"embeddable":true,"href":"https:\/\/www.fmtrance.com\/online\/wp-json\/wp\/v2\/comments?post=3988"}],"version-history":[{"count":1,"href":"https:\/\/www.fmtrance.com\/online\/wp-json\/wp\/v2\/posts\/3988\/revisions"}],"predecessor-version":[{"id":3990,"href":"https:\/\/www.fmtrance.com\/online\/wp-json\/wp\/v2\/posts\/3988\/revisions\/3990"}],"wp:featuredmedia":[{"embeddable":true,"href":"https:\/\/www.fmtrance.com\/online\/wp-json\/wp\/v2\/media\/3989"}],"wp:attachment":[{"href":"https:\/\/www.fmtrance.com\/online\/wp-json\/wp\/v2\/media?parent=3988"}],"wp:term":[{"taxonomy":"category","embeddable":true,"href":"https:\/\/www.fmtrance.com\/online\/wp-json\/wp\/v2\/categories?post=3988"},{"taxonomy":"post_tag","embeddable":true,"href":"https:\/\/www.fmtrance.com\/online\/wp-json\/wp\/v2\/tags?post=3988"}],"curies":[{"name":"wp","href":"https:\/\/api.w.org\/{rel}","templated":true}]}}