{"id":3984,"date":"2023-03-17T23:19:09","date_gmt":"2023-03-18T02:19:09","guid":{"rendered":"http:\/\/www.fmtrance.com\/online\/?p=3984"},"modified":"2023-03-30T23:21:18","modified_gmt":"2023-03-31T02:21:18","slug":"el-gcba-refuerza-los-controles-vehiculares-por-los-festejos-de-san-patricio","status":"publish","type":"post","link":"https:\/\/www.fmtrance.com\/online\/el-gcba-refuerza-los-controles-vehiculares-por-los-festejos-de-san-patricio\/","title":{"rendered":"El GCBA refuerza los controles vehiculares por los festejos de San Patricio"},"content":{"rendered":"<div class=\"row\">\n<div class=\"col-lg-12\">\n<div class=\"detail\">\n<p><strong>El gobierno porte\u00f1o dispuso un operativo de control destinado a los conductores que celebrar\u00e1n esta noche la fiesta de San Patricio.<\/strong><\/p>\n<\/div>\n<\/div>\n<\/div>\n<div class=\"row\">\n<div class=\"col-lg-8\">\n<section>\n<div class=\"row\">\n<article class=\"col-lg-12 col-md-12\">\n<div class=\"head-media clearfix\">\n<p>A ra\u00edz de las tradicionales celebraciones por el\u00a0<strong>D\u00eda de San Patricio,<\/strong>\u00a0el Gobierno de la Ciudad de Buenos Aires dispuso un\u00a0<strong>amplio operativo de control vehicular\u00a0<\/strong>para ser rigurosos con los conductores que participen de dicho evento.<\/p>\n<p>El proceso llevado adelante por los agentes de tr\u00e1nsito consiste en tres pasos: la verificaci\u00f3n de la documentaci\u00f3n; el examen con equipamiento al\u00f3metro para determinar si hay presencia de alcohol; y, en caso de haber dado positivo, la realizaci\u00f3n del test con alcohol\u00edmetro para determinar dosaje.<\/p>\n<p>La jornada festiva ser\u00e1 esta noche y se espera una importante presencia de vecinos y vecinas en el centro porte\u00f1o. Para este evento excepcional,\u00a0<strong>se reforzar\u00e1n los controles y se incorporar\u00e1n 10 puestos adicionales en puntos estrat\u00e9gicos de la ciudad de Buenos Aires.<\/strong><\/p>\n<p>Seg\u00fan se inform\u00f3 desde el Gobierno local, se utilizar\u00e1 metodolog\u00eda embudo, ya que se encauzar\u00e1 el flujo vehicular tomando varios carriles de la avenida para poder verificar un mayor n\u00famero de conductores y para que los autos transiten a baja velocidad.<\/p>\n<p><strong>La Secretar\u00eda de Transporte y Obras P\u00fablicas estim\u00f3 que en los dos primeros meses del a\u00f1o se realizaron m\u00e1s de 73.000 controles, un 39% m\u00e1s en comparaci\u00f3n con el mismo per\u00edodo del 2022<\/strong>. Sin embargo, la cantidad de positivos disminuy\u00f3 de 3,3% al 1,2%. Desde el a\u00f1o pasado, la sanci\u00f3n por dar positivo en el test de alcoholemia es la quita de licencia por un m\u00ednimo de dos meses.<\/p>\n<\/div>\n<\/article>\n<\/div>\n<\/section>\n<\/div>\n<\/div>\n","protected":false},"excerpt":{"rendered":"<p>El gobierno porte\u00f1o dispuso un operativo de control destinado a los conductores que celebrar\u00e1n esta noche la fiesta de San<\/p>\n","protected":false},"author":1,"featured_media":3985,"comment_status":"open","ping_status":"closed","sticky":false,"template":"","format":"standard","meta":{"footnotes":""},"categories":[1],"tags":[1726],"class_list":["post-3984","post","type-post","status-publish","format-standard","has-post-thumbnail","hentry","category-uncategorized","tag-uncategorized"],"yoast_head":"<!-- This site is optimized with the Yoast SEO plugin v24.6 - https:\/\/yoast.com\/wordpress\/plugins\/seo\/ -->\n<title>El GCBA refuerza los controles vehiculares por los festejos de San Patricio | FM Trance 103.3<\/title>\n<meta name=\"robots\" content=\"index, follow, max-snippet:-1, max-image-preview:large, max-video-preview:-1\" \/>\n<link rel=\"canonical\" href=\"https:\/\/www.fmtrance.com\/online\/el-gcba-refuerza-los-controles-vehiculares-por-los-festejos-de-san-patricio\/\" \/>\n<meta property=\"og:locale\" content=\"es_ES\" \/>\n<meta property=\"og:type\" content=\"article\" \/>\n<meta property=\"og:title\" content=\"El GCBA refuerza los controles vehiculares por los festejos de San Patricio | FM Trance 103.3\" \/>\n<meta property=\"og:description\" content=\"El gobierno porte\u00f1o dispuso un operativo de control destinado a los conductores que celebrar\u00e1n esta noche la fiesta de San\" \/>\n<meta property=\"og:url\" content=\"https:\/\/www.fmtrance.com\/online\/el-gcba-refuerza-los-controles-vehiculares-por-los-festejos-de-san-patricio\/\" \/>\n<meta property=\"og:site_name\" content=\"FM Trance 103.3\" \/>\n<meta property=\"article:publisher\" content=\"https:\/\/www.facebook.com\/fmtrance\" \/>\n<meta property=\"article:published_time\" content=\"2023-03-18T02:19:09+00:00\" \/>\n<meta property=\"article:modified_time\" content=\"2023-03-31T02:21:18+00:00\" \/>\n<meta property=\"og:image\" content=\"https:\/\/www.fmtrance.com\/online\/wp-content\/uploads\/2023\/03\/6414bcf2687a3_800x599.jpg\" \/>\n\t<meta property=\"og:image:width\" content=\"800\" \/>\n\t<meta property=\"og:image:height\" content=\"599\" \/>\n\t<meta property=\"og:image:type\" content=\"image\/jpeg\" \/>\n<meta name=\"author\" content=\"Redaccion FM Trance\" \/>\n<meta name=\"twitter:card\" content=\"summary_large_image\" \/>\n<meta name=\"twitter:creator\" content=\"@fmtrance\" \/>\n<meta name=\"twitter:site\" content=\"@fmtrance\" \/>\n<meta name=\"twitter:label1\" content=\"Escrito por\" \/>\n\t<meta name=\"twitter:data1\" content=\"Redaccion FM Trance\" \/>\n\t<meta name=\"twitter:label2\" content=\"Tiempo de lectura\" \/>\n\t<meta name=\"twitter:data2\" content=\"1 minuto\" \/>\n<script type=\"application\/ld+json\" class=\"yoast-schema-graph\">{\"@context\":\"https:\/\/schema.org\",\"@graph\":[{\"@type\":\"Article\",\"@id\":\"https:\/\/www.fmtrance.com\/online\/el-gcba-refuerza-los-controles-vehiculares-por-los-festejos-de-san-patricio\/#article\",\"isPartOf\":{\"@id\":\"https:\/\/www.fmtrance.com\/online\/el-gcba-refuerza-los-controles-vehiculares-por-los-festejos-de-san-patricio\/\"},\"author\":{\"name\":\"Redaccion FM Trance\",\"@id\":\"https:\/\/www.fmtrance.com\/online\/#\/schema\/person\/686af7f826dd2f08b36b4760b7dcdddd\"},\"headline\":\"El GCBA refuerza los controles vehiculares por los festejos de San Patricio\",\"datePublished\":\"2023-03-18T02:19:09+00:00\",\"dateModified\":\"2023-03-31T02:21:18+00:00\",\"mainEntityOfPage\":{\"@id\":\"https:\/\/www.fmtrance.com\/online\/el-gcba-refuerza-los-controles-vehiculares-por-los-festejos-de-san-patricio\/\"},\"wordCount\":291,\"commentCount\":0,\"publisher\":{\"@id\":\"https:\/\/www.fmtrance.com\/online\/#organization\"},\"image\":{\"@id\":\"https:\/\/www.fmtrance.com\/online\/el-gcba-refuerza-los-controles-vehiculares-por-los-festejos-de-san-patricio\/#primaryimage\"},\"thumbnailUrl\":\"https:\/\/www.fmtrance.com\/online\/wp-content\/uploads\/2023\/03\/6414bcf2687a3_800x599.jpg\",\"keywords\":[\"Uncategorized\"],\"articleSection\":[\"Noticias\"],\"inLanguage\":\"es-AR\",\"potentialAction\":[{\"@type\":\"CommentAction\",\"name\":\"Comment\",\"target\":[\"https:\/\/www.fmtrance.com\/online\/el-gcba-refuerza-los-controles-vehiculares-por-los-festejos-de-san-patricio\/#respond\"]}]},{\"@type\":\"WebPage\",\"@id\":\"https:\/\/www.fmtrance.com\/online\/el-gcba-refuerza-los-controles-vehiculares-por-los-festejos-de-san-patricio\/\",\"url\":\"https:\/\/www.fmtrance.com\/online\/el-gcba-refuerza-los-controles-vehiculares-por-los-festejos-de-san-patricio\/\",\"name\":\"El GCBA refuerza los controles vehiculares por los festejos de San Patricio | FM Trance 103.3\",\"isPartOf\":{\"@id\":\"https:\/\/www.fmtrance.com\/online\/#website\"},\"primaryImageOfPage\":{\"@id\":\"https:\/\/www.fmtrance.com\/online\/el-gcba-refuerza-los-controles-vehiculares-por-los-festejos-de-san-patricio\/#primaryimage\"},\"image\":{\"@id\":\"https:\/\/www.fmtrance.com\/online\/el-gcba-refuerza-los-controles-vehiculares-por-los-festejos-de-san-patricio\/#primaryimage\"},\"thumbnailUrl\":\"https:\/\/www.fmtrance.com\/online\/wp-content\/uploads\/2023\/03\/6414bcf2687a3_800x599.jpg\",\"datePublished\":\"2023-03-18T02:19:09+00:00\",\"dateModified\":\"2023-03-31T02:21:18+00:00\",\"breadcrumb\":{\"@id\":\"https:\/\/www.fmtrance.com\/online\/el-gcba-refuerza-los-controles-vehiculares-por-los-festejos-de-san-patricio\/#breadcrumb\"},\"inLanguage\":\"es-AR\",\"potentialAction\":[{\"@type\":\"ReadAction\",\"target\":[\"https:\/\/www.fmtrance.com\/online\/el-gcba-refuerza-los-controles-vehiculares-por-los-festejos-de-san-patricio\/\"]}]},{\"@type\":\"ImageObject\",\"inLanguage\":\"es-AR\",\"@id\":\"https:\/\/www.fmtrance.com\/online\/el-gcba-refuerza-los-controles-vehiculares-por-los-festejos-de-san-patricio\/#primaryimage\",\"url\":\"https:\/\/www.fmtrance.com\/online\/wp-content\/uploads\/2023\/03\/6414bcf2687a3_800x599.jpg\",\"contentUrl\":\"https:\/\/www.fmtrance.com\/online\/wp-content\/uploads\/2023\/03\/6414bcf2687a3_800x599.jpg\",\"width\":800,\"height\":599},{\"@type\":\"BreadcrumbList\",\"@id\":\"https:\/\/www.fmtrance.com\/online\/el-gcba-refuerza-los-controles-vehiculares-por-los-festejos-de-san-patricio\/#breadcrumb\",\"itemListElement\":[{\"@type\":\"ListItem\",\"position\":1,\"name\":\"Inicio\",\"item\":\"https:\/\/www.fmtrance.com\/online\/\"},{\"@type\":\"ListItem\",\"position\":2,\"name\":\"El GCBA refuerza los controles vehiculares por los festejos de San Patricio\"}]},{\"@type\":\"WebSite\",\"@id\":\"https:\/\/www.fmtrance.com\/online\/#website\",\"url\":\"https:\/\/www.fmtrance.com\/online\/\",\"name\":\"FM Trance 103.3\",\"description\":\"CABA. Radio de musica electronica\",\"publisher\":{\"@id\":\"https:\/\/www.fmtrance.com\/online\/#organization\"},\"potentialAction\":[{\"@type\":\"SearchAction\",\"target\":{\"@type\":\"EntryPoint\",\"urlTemplate\":\"https:\/\/www.fmtrance.com\/online\/?s={search_term_string}\"},\"query-input\":{\"@type\":\"PropertyValueSpecification\",\"valueRequired\":true,\"valueName\":\"search_term_string\"}}],\"inLanguage\":\"es-AR\"},{\"@type\":\"Organization\",\"@id\":\"https:\/\/www.fmtrance.com\/online\/#organization\",\"name\":\"FM TRANCE\",\"url\":\"https:\/\/www.fmtrance.com\/online\/\",\"logo\":{\"@type\":\"ImageObject\",\"inLanguage\":\"es-AR\",\"@id\":\"https:\/\/www.fmtrance.com\/online\/#\/schema\/logo\/image\/\",\"url\":\"https:\/\/www.fmtrance.com\/online\/wp-content\/uploads\/2025\/03\/LOGO-WEB.png\",\"contentUrl\":\"https:\/\/www.fmtrance.com\/online\/wp-content\/uploads\/2025\/03\/LOGO-WEB.png\",\"width\":500,\"height\":500,\"caption\":\"FM TRANCE\"},\"image\":{\"@id\":\"https:\/\/www.fmtrance.com\/online\/#\/schema\/logo\/image\/\"},\"sameAs\":[\"https:\/\/www.facebook.com\/fmtrance\",\"https:\/\/x.com\/fmtrance\",\"https:\/\/www.instagram.com\/fmtrance\"]},{\"@type\":\"Person\",\"@id\":\"https:\/\/www.fmtrance.com\/online\/#\/schema\/person\/686af7f826dd2f08b36b4760b7dcdddd\",\"name\":\"Redaccion FM Trance\",\"image\":{\"@type\":\"ImageObject\",\"inLanguage\":\"es-AR\",\"@id\":\"https:\/\/www.fmtrance.com\/online\/#\/schema\/person\/image\/\",\"url\":\"https:\/\/secure.gravatar.com\/avatar\/c9d0afa8b0785bea8046a42861739f0a26fb9e8da739ce032e6598dc2981bc38?s=96&r=g\",\"contentUrl\":\"https:\/\/secure.gravatar.com\/avatar\/c9d0afa8b0785bea8046a42861739f0a26fb9e8da739ce032e6598dc2981bc38?s=96&r=g\",\"caption\":\"Redaccion FM Trance\"},\"description\":\"Fundador y Director general de FM Trance. Nacido el 24 de Septiembre de 1987, en Caballito, Ciudad Autonoma de Buenos Aires. Alguien de Radio desde siempre: ya a los 9 a\u00f1os de edad como radioescucha, sintonizando estaci\u00f3nes de AM, FM, onda corta, TV UHF\/VHF, y dem\u00e1s servicios. Se desempe\u00f1\u00f3 como Operador T\u00e9cnico en diferentes emisoras locales de CABA y GBA, y hasta el dia de hoy sigue ejerciendo desde la parte t\u00e9cnica, realizando trabajos en varias Radios. Egresado del ISER de la carrera de Operador Tecnico de Planta Transmisora, cursando actualmente la carrera de Operador Tecnico de Estudios de Radio en dicha instituci\u00f3n, y flamante radioaficionado (habiendo completado el curso en el Radioclub Buenos Aires), distintiva LU2DBK.\",\"url\":\"https:\/\/www.fmtrance.com\/online\/author\/fmtrance\/\"}]}<\/script>\n<!-- \/ Yoast SEO plugin. -->","yoast_head_json":{"title":"El GCBA refuerza los controles vehiculares por los festejos de San Patricio | FM Trance 103.3","robots":{"index":"index","follow":"follow","max-snippet":"max-snippet:-1","max-image-preview":"max-image-preview:large","max-video-preview":"max-video-preview:-1"},"canonical":"https:\/\/www.fmtrance.com\/online\/el-gcba-refuerza-los-controles-vehiculares-por-los-festejos-de-san-patricio\/","og_locale":"es_ES","og_type":"article","og_title":"El GCBA refuerza los controles vehiculares por los festejos de San Patricio | FM Trance 103.3","og_description":"El gobierno porte\u00f1o dispuso un operativo de control destinado a los conductores que celebrar\u00e1n esta noche la fiesta de San","og_url":"https:\/\/www.fmtrance.com\/online\/el-gcba-refuerza-los-controles-vehiculares-por-los-festejos-de-san-patricio\/","og_site_name":"FM Trance 103.3","article_publisher":"https:\/\/www.facebook.com\/fmtrance","article_published_time":"2023-03-18T02:19:09+00:00","article_modified_time":"2023-03-31T02:21:18+00:00","og_image":[{"width":800,"height":599,"url":"https:\/\/www.fmtrance.com\/online\/wp-content\/uploads\/2023\/03\/6414bcf2687a3_800x599.jpg","type":"image\/jpeg"}],"author":"Redaccion FM Trance","twitter_card":"summary_large_image","twitter_creator":"@fmtrance","twitter_site":"@fmtrance","twitter_misc":{"Escrito por":"Redaccion FM Trance","Tiempo de lectura":"1 minuto"},"schema":{"@context":"https:\/\/schema.org","@graph":[{"@type":"Article","@id":"https:\/\/www.fmtrance.com\/online\/el-gcba-refuerza-los-controles-vehiculares-por-los-festejos-de-san-patricio\/#article","isPartOf":{"@id":"https:\/\/www.fmtrance.com\/online\/el-gcba-refuerza-los-controles-vehiculares-por-los-festejos-de-san-patricio\/"},"author":{"name":"Redaccion FM Trance","@id":"https:\/\/www.fmtrance.com\/online\/#\/schema\/person\/686af7f826dd2f08b36b4760b7dcdddd"},"headline":"El GCBA refuerza los controles vehiculares por los festejos de San Patricio","datePublished":"2023-03-18T02:19:09+00:00","dateModified":"2023-03-31T02:21:18+00:00","mainEntityOfPage":{"@id":"https:\/\/www.fmtrance.com\/online\/el-gcba-refuerza-los-controles-vehiculares-por-los-festejos-de-san-patricio\/"},"wordCount":291,"commentCount":0,"publisher":{"@id":"https:\/\/www.fmtrance.com\/online\/#organization"},"image":{"@id":"https:\/\/www.fmtrance.com\/online\/el-gcba-refuerza-los-controles-vehiculares-por-los-festejos-de-san-patricio\/#primaryimage"},"thumbnailUrl":"https:\/\/www.fmtrance.com\/online\/wp-content\/uploads\/2023\/03\/6414bcf2687a3_800x599.jpg","keywords":["Uncategorized"],"articleSection":["Noticias"],"inLanguage":"es-AR","potentialAction":[{"@type":"CommentAction","name":"Comment","target":["https:\/\/www.fmtrance.com\/online\/el-gcba-refuerza-los-controles-vehiculares-por-los-festejos-de-san-patricio\/#respond"]}]},{"@type":"WebPage","@id":"https:\/\/www.fmtrance.com\/online\/el-gcba-refuerza-los-controles-vehiculares-por-los-festejos-de-san-patricio\/","url":"https:\/\/www.fmtrance.com\/online\/el-gcba-refuerza-los-controles-vehiculares-por-los-festejos-de-san-patricio\/","name":"El GCBA refuerza los controles vehiculares por los festejos de San Patricio | FM Trance 103.3","isPartOf":{"@id":"https:\/\/www.fmtrance.com\/online\/#website"},"primaryImageOfPage":{"@id":"https:\/\/www.fmtrance.com\/online\/el-gcba-refuerza-los-controles-vehiculares-por-los-festejos-de-san-patricio\/#primaryimage"},"image":{"@id":"https:\/\/www.fmtrance.com\/online\/el-gcba-refuerza-los-controles-vehiculares-por-los-festejos-de-san-patricio\/#primaryimage"},"thumbnailUrl":"https:\/\/www.fmtrance.com\/online\/wp-content\/uploads\/2023\/03\/6414bcf2687a3_800x599.jpg","datePublished":"2023-03-18T02:19:09+00:00","dateModified":"2023-03-31T02:21:18+00:00","breadcrumb":{"@id":"https:\/\/www.fmtrance.com\/online\/el-gcba-refuerza-los-controles-vehiculares-por-los-festejos-de-san-patricio\/#breadcrumb"},"inLanguage":"es-AR","potentialAction":[{"@type":"ReadAction","target":["https:\/\/www.fmtrance.com\/online\/el-gcba-refuerza-los-controles-vehiculares-por-los-festejos-de-san-patricio\/"]}]},{"@type":"ImageObject","inLanguage":"es-AR","@id":"https:\/\/www.fmtrance.com\/online\/el-gcba-refuerza-los-controles-vehiculares-por-los-festejos-de-san-patricio\/#primaryimage","url":"https:\/\/www.fmtrance.com\/online\/wp-content\/uploads\/2023\/03\/6414bcf2687a3_800x599.jpg","contentUrl":"https:\/\/www.fmtrance.com\/online\/wp-content\/uploads\/2023\/03\/6414bcf2687a3_800x599.jpg","width":800,"height":599},{"@type":"BreadcrumbList","@id":"https:\/\/www.fmtrance.com\/online\/el-gcba-refuerza-los-controles-vehiculares-por-los-festejos-de-san-patricio\/#breadcrumb","itemListElement":[{"@type":"ListItem","position":1,"name":"Inicio","item":"https:\/\/www.fmtrance.com\/online\/"},{"@type":"ListItem","position":2,"name":"El GCBA refuerza los controles vehiculares por los festejos de San Patricio"}]},{"@type":"WebSite","@id":"https:\/\/www.fmtrance.com\/online\/#website","url":"https:\/\/www.fmtrance.com\/online\/","name":"FM Trance 103.3","description":"CABA. Radio de musica electronica","publisher":{"@id":"https:\/\/www.fmtrance.com\/online\/#organization"},"potentialAction":[{"@type":"SearchAction","target":{"@type":"EntryPoint","urlTemplate":"https:\/\/www.fmtrance.com\/online\/?s={search_term_string}"},"query-input":{"@type":"PropertyValueSpecification","valueRequired":true,"valueName":"search_term_string"}}],"inLanguage":"es-AR"},{"@type":"Organization","@id":"https:\/\/www.fmtrance.com\/online\/#organization","name":"FM TRANCE","url":"https:\/\/www.fmtrance.com\/online\/","logo":{"@type":"ImageObject","inLanguage":"es-AR","@id":"https:\/\/www.fmtrance.com\/online\/#\/schema\/logo\/image\/","url":"https:\/\/www.fmtrance.com\/online\/wp-content\/uploads\/2025\/03\/LOGO-WEB.png","contentUrl":"https:\/\/www.fmtrance.com\/online\/wp-content\/uploads\/2025\/03\/LOGO-WEB.png","width":500,"height":500,"caption":"FM TRANCE"},"image":{"@id":"https:\/\/www.fmtrance.com\/online\/#\/schema\/logo\/image\/"},"sameAs":["https:\/\/www.facebook.com\/fmtrance","https:\/\/x.com\/fmtrance","https:\/\/www.instagram.com\/fmtrance"]},{"@type":"Person","@id":"https:\/\/www.fmtrance.com\/online\/#\/schema\/person\/686af7f826dd2f08b36b4760b7dcdddd","name":"Redaccion FM Trance","image":{"@type":"ImageObject","inLanguage":"es-AR","@id":"https:\/\/www.fmtrance.com\/online\/#\/schema\/person\/image\/","url":"https:\/\/secure.gravatar.com\/avatar\/c9d0afa8b0785bea8046a42861739f0a26fb9e8da739ce032e6598dc2981bc38?s=96&r=g","contentUrl":"https:\/\/secure.gravatar.com\/avatar\/c9d0afa8b0785bea8046a42861739f0a26fb9e8da739ce032e6598dc2981bc38?s=96&r=g","caption":"Redaccion FM Trance"},"description":"Fundador y Director general de FM Trance. Nacido el 24 de Septiembre de 1987, en Caballito, Ciudad Autonoma de Buenos Aires. Alguien de Radio desde siempre: ya a los 9 a\u00f1os de edad como radioescucha, sintonizando estaci\u00f3nes de AM, FM, onda corta, TV UHF\/VHF, y dem\u00e1s servicios. Se desempe\u00f1\u00f3 como Operador T\u00e9cnico en diferentes emisoras locales de CABA y GBA, y hasta el dia de hoy sigue ejerciendo desde la parte t\u00e9cnica, realizando trabajos en varias Radios. Egresado del ISER de la carrera de Operador Tecnico de Planta Transmisora, cursando actualmente la carrera de Operador Tecnico de Estudios de Radio en dicha instituci\u00f3n, y flamante radioaficionado (habiendo completado el curso en el Radioclub Buenos Aires), distintiva LU2DBK.","url":"https:\/\/www.fmtrance.com\/online\/author\/fmtrance\/"}]}},"_links":{"self":[{"href":"https:\/\/www.fmtrance.com\/online\/wp-json\/wp\/v2\/posts\/3984","targetHints":{"allow":["GET"]}}],"collection":[{"href":"https:\/\/www.fmtrance.com\/online\/wp-json\/wp\/v2\/posts"}],"about":[{"href":"https:\/\/www.fmtrance.com\/online\/wp-json\/wp\/v2\/types\/post"}],"author":[{"embeddable":true,"href":"https:\/\/www.fmtrance.com\/online\/wp-json\/wp\/v2\/users\/1"}],"replies":[{"embeddable":true,"href":"https:\/\/www.fmtrance.com\/online\/wp-json\/wp\/v2\/comments?post=3984"}],"version-history":[{"count":2,"href":"https:\/\/www.fmtrance.com\/online\/wp-json\/wp\/v2\/posts\/3984\/revisions"}],"predecessor-version":[{"id":3987,"href":"https:\/\/www.fmtrance.com\/online\/wp-json\/wp\/v2\/posts\/3984\/revisions\/3987"}],"wp:featuredmedia":[{"embeddable":true,"href":"https:\/\/www.fmtrance.com\/online\/wp-json\/wp\/v2\/media\/3985"}],"wp:attachment":[{"href":"https:\/\/www.fmtrance.com\/online\/wp-json\/wp\/v2\/media?parent=3984"}],"wp:term":[{"taxonomy":"category","embeddable":true,"href":"https:\/\/www.fmtrance.com\/online\/wp-json\/wp\/v2\/categories?post=3984"},{"taxonomy":"post_tag","embeddable":true,"href":"https:\/\/www.fmtrance.com\/online\/wp-json\/wp\/v2\/tags?post=3984"}],"curies":[{"name":"wp","href":"https:\/\/api.w.org\/{rel}","templated":true}]}}