{"id":3981,"date":"2023-03-17T23:15:53","date_gmt":"2023-03-18T02:15:53","guid":{"rendered":"http:\/\/www.fmtrance.com\/online\/?p=3981"},"modified":"2023-03-30T23:18:43","modified_gmt":"2023-03-31T02:18:43","slug":"se-registraron-tres-incendios-en-la-ciudad-y-denuncian-que-fueron-por-conexiones-electricas-precarias","status":"publish","type":"post","link":"https:\/\/www.fmtrance.com\/online\/se-registraron-tres-incendios-en-la-ciudad-y-denuncian-que-fueron-por-conexiones-electricas-precarias\/","title":{"rendered":"Se registraron tres incendios en la Ciudad y denuncian que fueron por \u201cconexiones el\u00e9ctricas precarias\u201d"},"content":{"rendered":"<p><strong>La legisladora del Frente de Todos, Laura Velasco, junto a referentes de Somos Barrios de Pie advirti\u00f3 que a causa de los incendios en Villa Ort\u00fazar hay m\u00e1s de 20 familias afectadas, por lo que exigieron soluciones habitacionales.<\/strong><\/p>\n<p>Hoy la legisladora del<strong>\u00a0Frente de Todos<\/strong>\u00a0(FdT)\u00a0<strong>Laura Velasco<\/strong>\u00a0junto a referentes de\u00a0<strong>Somos Barrios de Pie<\/strong>\u00a0denunciaron que hubo tres incendios en la Ciudad de Buenos Aires a causa de \u201cconexiones el\u00e9ctricas precarias\u201d.<\/p>\n<p>Y detall\u00f3 que \u201ccuando hablamos de emergencia habitacional nos referimos a esto. Tres incendios en Villa Ort\u00fazar, Comuna 15, en menos de un mes, a causa de conexiones el\u00e9ctricas precarias y falta de condiciones dignas de vida\u201d e inform\u00f3 que \u201cdesde el incendio en la calle Charlone, se viene llevando adelante una mesa de trabajo donde participa el IVC y tambi\u00e9n la Defensor\u00eda de la Ciudad pero hasta el d\u00eda hoy no se ha dado una soluci\u00f3n permanente a las familias\u201d.<\/p>\n<p>\u201cPara este a\u00f1o, el IVC tiene el presupuesto m\u00e1s bajo de su historia, mientras la Ley 341 de vivienda social est\u00e1 completamente desfinanciada. En la Ciudad necesitamos un Gobierno que tenga entre sus prioridades resolver el grave problema habitacional que tenemos\u201d, agreg\u00f3, seg\u00fan consign\u00f3 Parlamentario.<\/p>\n<p>Desde la organizaci\u00f3n Somos Barrios de Pie \u2013 Comuna 15,\u00a0<strong>Eliana S\u00e1ez<\/strong>, indic\u00f3 que \u201ceste incendio en calle Charlone no fue el \u00fanico, tambi\u00e9n hubo un incendio ac\u00e1 a dos cuadras en el hotel familiar y tambi\u00e9n en una casa a la vuelta. Se sucedieron muy seguido y se suman dentro de la traza de la ex AU 3\u201d y afirm\u00f3 que \u201ca su vez el a\u00f1o pasado, en la plaza que atraviesa esta traza, la 25 de agosto, el galp\u00f3n que se encuentra en esa plaza que es tomado por los vecinos haciendo actividades culturales y comunitarias fue desalojado de una manera muy violenta por parte de la Polic\u00eda de la Ciudad. Hoy siguen en la lucha los vecinos para poder recuperarlo\u201d.<\/p>\n<p>Mientras que\u00a0<strong>Mart\u00edn Wisner<\/strong>\u00a0de Somos Barrios de Pie \u2013 Comuna 15 concluy\u00f3 precisando: \u201cnosotros hacemos recorridas para gente en situaci\u00f3n de calle, en este caso vamos a comenzar a juntar donaciones para los damnificados en el incendio que se produjeron ac\u00e1 en Villa Ort\u00fazar\u201d.<\/p>\n","protected":false},"excerpt":{"rendered":"<p>La legisladora del Frente de Todos, Laura Velasco, junto a referentes de Somos Barrios de Pie advirti\u00f3 que a causa<\/p>\n","protected":false},"author":1,"featured_media":3982,"comment_status":"open","ping_status":"closed","sticky":false,"template":"","format":"standard","meta":{"footnotes":""},"categories":[1],"tags":[1726],"class_list":["post-3981","post","type-post","status-publish","format-standard","has-post-thumbnail","hentry","category-uncategorized","tag-uncategorized"],"yoast_head":"<!-- This site is optimized with the Yoast SEO plugin v24.6 - https:\/\/yoast.com\/wordpress\/plugins\/seo\/ -->\n<title>Se registraron tres incendios en la Ciudad y denuncian que fueron por \u201cconexiones el\u00e9ctricas precarias\u201d | FM Trance 103.3<\/title>\n<meta name=\"robots\" content=\"index, follow, max-snippet:-1, max-image-preview:large, max-video-preview:-1\" \/>\n<link rel=\"canonical\" href=\"https:\/\/www.fmtrance.com\/online\/se-registraron-tres-incendios-en-la-ciudad-y-denuncian-que-fueron-por-conexiones-electricas-precarias\/\" \/>\n<meta property=\"og:locale\" content=\"es_ES\" \/>\n<meta property=\"og:type\" content=\"article\" \/>\n<meta property=\"og:title\" content=\"Se registraron tres incendios en la Ciudad y denuncian que fueron por \u201cconexiones el\u00e9ctricas precarias\u201d | FM Trance 103.3\" \/>\n<meta property=\"og:description\" content=\"La legisladora del Frente de Todos, Laura Velasco, junto a referentes de Somos Barrios de Pie advirti\u00f3 que a causa\" \/>\n<meta property=\"og:url\" content=\"https:\/\/www.fmtrance.com\/online\/se-registraron-tres-incendios-en-la-ciudad-y-denuncian-que-fueron-por-conexiones-electricas-precarias\/\" \/>\n<meta property=\"og:site_name\" content=\"FM Trance 103.3\" \/>\n<meta property=\"article:publisher\" content=\"https:\/\/www.facebook.com\/fmtrance\" \/>\n<meta property=\"article:published_time\" content=\"2023-03-18T02:15:53+00:00\" \/>\n<meta property=\"article:modified_time\" content=\"2023-03-31T02:18:43+00:00\" \/>\n<meta property=\"og:image\" content=\"https:\/\/www.fmtrance.com\/online\/wp-content\/uploads\/2023\/03\/6250777589bde_800x533.jpg\" \/>\n\t<meta property=\"og:image:width\" content=\"800\" \/>\n\t<meta property=\"og:image:height\" content=\"533\" \/>\n\t<meta property=\"og:image:type\" content=\"image\/jpeg\" \/>\n<meta name=\"author\" content=\"Redaccion FM Trance\" \/>\n<meta name=\"twitter:card\" content=\"summary_large_image\" \/>\n<meta name=\"twitter:creator\" content=\"@fmtrance\" \/>\n<meta name=\"twitter:site\" content=\"@fmtrance\" \/>\n<meta name=\"twitter:label1\" content=\"Escrito por\" \/>\n\t<meta name=\"twitter:data1\" content=\"Redaccion FM Trance\" \/>\n\t<meta name=\"twitter:label2\" content=\"Tiempo de lectura\" \/>\n\t<meta name=\"twitter:data2\" content=\"2 minutos\" \/>\n<script type=\"application\/ld+json\" class=\"yoast-schema-graph\">{\"@context\":\"https:\/\/schema.org\",\"@graph\":[{\"@type\":\"Article\",\"@id\":\"https:\/\/www.fmtrance.com\/online\/se-registraron-tres-incendios-en-la-ciudad-y-denuncian-que-fueron-por-conexiones-electricas-precarias\/#article\",\"isPartOf\":{\"@id\":\"https:\/\/www.fmtrance.com\/online\/se-registraron-tres-incendios-en-la-ciudad-y-denuncian-que-fueron-por-conexiones-electricas-precarias\/\"},\"author\":{\"name\":\"Redaccion FM Trance\",\"@id\":\"https:\/\/www.fmtrance.com\/online\/#\/schema\/person\/686af7f826dd2f08b36b4760b7dcdddd\"},\"headline\":\"Se registraron tres incendios en la Ciudad y denuncian que fueron por \u201cconexiones el\u00e9ctricas precarias\u201d\",\"datePublished\":\"2023-03-18T02:15:53+00:00\",\"dateModified\":\"2023-03-31T02:18:43+00:00\",\"mainEntityOfPage\":{\"@id\":\"https:\/\/www.fmtrance.com\/online\/se-registraron-tres-incendios-en-la-ciudad-y-denuncian-que-fueron-por-conexiones-electricas-precarias\/\"},\"wordCount\":396,\"commentCount\":0,\"publisher\":{\"@id\":\"https:\/\/www.fmtrance.com\/online\/#organization\"},\"image\":{\"@id\":\"https:\/\/www.fmtrance.com\/online\/se-registraron-tres-incendios-en-la-ciudad-y-denuncian-que-fueron-por-conexiones-electricas-precarias\/#primaryimage\"},\"thumbnailUrl\":\"https:\/\/www.fmtrance.com\/online\/wp-content\/uploads\/2023\/03\/6250777589bde_800x533.jpg\",\"keywords\":[\"Uncategorized\"],\"articleSection\":[\"Noticias\"],\"inLanguage\":\"es-AR\",\"potentialAction\":[{\"@type\":\"CommentAction\",\"name\":\"Comment\",\"target\":[\"https:\/\/www.fmtrance.com\/online\/se-registraron-tres-incendios-en-la-ciudad-y-denuncian-que-fueron-por-conexiones-electricas-precarias\/#respond\"]}]},{\"@type\":\"WebPage\",\"@id\":\"https:\/\/www.fmtrance.com\/online\/se-registraron-tres-incendios-en-la-ciudad-y-denuncian-que-fueron-por-conexiones-electricas-precarias\/\",\"url\":\"https:\/\/www.fmtrance.com\/online\/se-registraron-tres-incendios-en-la-ciudad-y-denuncian-que-fueron-por-conexiones-electricas-precarias\/\",\"name\":\"Se registraron tres incendios en la Ciudad y denuncian que fueron por \u201cconexiones el\u00e9ctricas precarias\u201d | FM Trance 103.3\",\"isPartOf\":{\"@id\":\"https:\/\/www.fmtrance.com\/online\/#website\"},\"primaryImageOfPage\":{\"@id\":\"https:\/\/www.fmtrance.com\/online\/se-registraron-tres-incendios-en-la-ciudad-y-denuncian-que-fueron-por-conexiones-electricas-precarias\/#primaryimage\"},\"image\":{\"@id\":\"https:\/\/www.fmtrance.com\/online\/se-registraron-tres-incendios-en-la-ciudad-y-denuncian-que-fueron-por-conexiones-electricas-precarias\/#primaryimage\"},\"thumbnailUrl\":\"https:\/\/www.fmtrance.com\/online\/wp-content\/uploads\/2023\/03\/6250777589bde_800x533.jpg\",\"datePublished\":\"2023-03-18T02:15:53+00:00\",\"dateModified\":\"2023-03-31T02:18:43+00:00\",\"breadcrumb\":{\"@id\":\"https:\/\/www.fmtrance.com\/online\/se-registraron-tres-incendios-en-la-ciudad-y-denuncian-que-fueron-por-conexiones-electricas-precarias\/#breadcrumb\"},\"inLanguage\":\"es-AR\",\"potentialAction\":[{\"@type\":\"ReadAction\",\"target\":[\"https:\/\/www.fmtrance.com\/online\/se-registraron-tres-incendios-en-la-ciudad-y-denuncian-que-fueron-por-conexiones-electricas-precarias\/\"]}]},{\"@type\":\"ImageObject\",\"inLanguage\":\"es-AR\",\"@id\":\"https:\/\/www.fmtrance.com\/online\/se-registraron-tres-incendios-en-la-ciudad-y-denuncian-que-fueron-por-conexiones-electricas-precarias\/#primaryimage\",\"url\":\"https:\/\/www.fmtrance.com\/online\/wp-content\/uploads\/2023\/03\/6250777589bde_800x533.jpg\",\"contentUrl\":\"https:\/\/www.fmtrance.com\/online\/wp-content\/uploads\/2023\/03\/6250777589bde_800x533.jpg\",\"width\":800,\"height\":533},{\"@type\":\"BreadcrumbList\",\"@id\":\"https:\/\/www.fmtrance.com\/online\/se-registraron-tres-incendios-en-la-ciudad-y-denuncian-que-fueron-por-conexiones-electricas-precarias\/#breadcrumb\",\"itemListElement\":[{\"@type\":\"ListItem\",\"position\":1,\"name\":\"Inicio\",\"item\":\"https:\/\/www.fmtrance.com\/online\/\"},{\"@type\":\"ListItem\",\"position\":2,\"name\":\"Se registraron tres incendios en la Ciudad y denuncian que fueron por \u201cconexiones el\u00e9ctricas precarias\u201d\"}]},{\"@type\":\"WebSite\",\"@id\":\"https:\/\/www.fmtrance.com\/online\/#website\",\"url\":\"https:\/\/www.fmtrance.com\/online\/\",\"name\":\"FM Trance 103.3\",\"description\":\"CABA. Radio de musica electronica\",\"publisher\":{\"@id\":\"https:\/\/www.fmtrance.com\/online\/#organization\"},\"potentialAction\":[{\"@type\":\"SearchAction\",\"target\":{\"@type\":\"EntryPoint\",\"urlTemplate\":\"https:\/\/www.fmtrance.com\/online\/?s={search_term_string}\"},\"query-input\":{\"@type\":\"PropertyValueSpecification\",\"valueRequired\":true,\"valueName\":\"search_term_string\"}}],\"inLanguage\":\"es-AR\"},{\"@type\":\"Organization\",\"@id\":\"https:\/\/www.fmtrance.com\/online\/#organization\",\"name\":\"FM TRANCE\",\"url\":\"https:\/\/www.fmtrance.com\/online\/\",\"logo\":{\"@type\":\"ImageObject\",\"inLanguage\":\"es-AR\",\"@id\":\"https:\/\/www.fmtrance.com\/online\/#\/schema\/logo\/image\/\",\"url\":\"https:\/\/www.fmtrance.com\/online\/wp-content\/uploads\/2025\/03\/LOGO-WEB.png\",\"contentUrl\":\"https:\/\/www.fmtrance.com\/online\/wp-content\/uploads\/2025\/03\/LOGO-WEB.png\",\"width\":500,\"height\":500,\"caption\":\"FM TRANCE\"},\"image\":{\"@id\":\"https:\/\/www.fmtrance.com\/online\/#\/schema\/logo\/image\/\"},\"sameAs\":[\"https:\/\/www.facebook.com\/fmtrance\",\"https:\/\/x.com\/fmtrance\",\"https:\/\/www.instagram.com\/fmtrance\"]},{\"@type\":\"Person\",\"@id\":\"https:\/\/www.fmtrance.com\/online\/#\/schema\/person\/686af7f826dd2f08b36b4760b7dcdddd\",\"name\":\"Redaccion FM Trance\",\"image\":{\"@type\":\"ImageObject\",\"inLanguage\":\"es-AR\",\"@id\":\"https:\/\/www.fmtrance.com\/online\/#\/schema\/person\/image\/\",\"url\":\"https:\/\/secure.gravatar.com\/avatar\/c9d0afa8b0785bea8046a42861739f0a26fb9e8da739ce032e6598dc2981bc38?s=96&r=g\",\"contentUrl\":\"https:\/\/secure.gravatar.com\/avatar\/c9d0afa8b0785bea8046a42861739f0a26fb9e8da739ce032e6598dc2981bc38?s=96&r=g\",\"caption\":\"Redaccion FM Trance\"},\"description\":\"Fundador y Director general de FM Trance. Nacido el 24 de Septiembre de 1987, en Caballito, Ciudad Autonoma de Buenos Aires. Alguien de Radio desde siempre: ya a los 9 a\u00f1os de edad como radioescucha, sintonizando estaci\u00f3nes de AM, FM, onda corta, TV UHF\/VHF, y dem\u00e1s servicios. Se desempe\u00f1\u00f3 como Operador T\u00e9cnico en diferentes emisoras locales de CABA y GBA, y hasta el dia de hoy sigue ejerciendo desde la parte t\u00e9cnica, realizando trabajos en varias Radios. Egresado del ISER de la carrera de Operador Tecnico de Planta Transmisora, cursando actualmente la carrera de Operador Tecnico de Estudios de Radio en dicha instituci\u00f3n, y flamante radioaficionado (habiendo completado el curso en el Radioclub Buenos Aires), distintiva LU2DBK.\",\"url\":\"https:\/\/www.fmtrance.com\/online\/author\/fmtrance\/\"}]}<\/script>\n<!-- \/ Yoast SEO plugin. -->","yoast_head_json":{"title":"Se registraron tres incendios en la Ciudad y denuncian que fueron por \u201cconexiones el\u00e9ctricas precarias\u201d | FM Trance 103.3","robots":{"index":"index","follow":"follow","max-snippet":"max-snippet:-1","max-image-preview":"max-image-preview:large","max-video-preview":"max-video-preview:-1"},"canonical":"https:\/\/www.fmtrance.com\/online\/se-registraron-tres-incendios-en-la-ciudad-y-denuncian-que-fueron-por-conexiones-electricas-precarias\/","og_locale":"es_ES","og_type":"article","og_title":"Se registraron tres incendios en la Ciudad y denuncian que fueron por \u201cconexiones el\u00e9ctricas precarias\u201d | FM Trance 103.3","og_description":"La legisladora del Frente de Todos, Laura Velasco, junto a referentes de Somos Barrios de Pie advirti\u00f3 que a causa","og_url":"https:\/\/www.fmtrance.com\/online\/se-registraron-tres-incendios-en-la-ciudad-y-denuncian-que-fueron-por-conexiones-electricas-precarias\/","og_site_name":"FM Trance 103.3","article_publisher":"https:\/\/www.facebook.com\/fmtrance","article_published_time":"2023-03-18T02:15:53+00:00","article_modified_time":"2023-03-31T02:18:43+00:00","og_image":[{"width":800,"height":533,"url":"https:\/\/www.fmtrance.com\/online\/wp-content\/uploads\/2023\/03\/6250777589bde_800x533.jpg","type":"image\/jpeg"}],"author":"Redaccion FM Trance","twitter_card":"summary_large_image","twitter_creator":"@fmtrance","twitter_site":"@fmtrance","twitter_misc":{"Escrito por":"Redaccion FM Trance","Tiempo de lectura":"2 minutos"},"schema":{"@context":"https:\/\/schema.org","@graph":[{"@type":"Article","@id":"https:\/\/www.fmtrance.com\/online\/se-registraron-tres-incendios-en-la-ciudad-y-denuncian-que-fueron-por-conexiones-electricas-precarias\/#article","isPartOf":{"@id":"https:\/\/www.fmtrance.com\/online\/se-registraron-tres-incendios-en-la-ciudad-y-denuncian-que-fueron-por-conexiones-electricas-precarias\/"},"author":{"name":"Redaccion FM Trance","@id":"https:\/\/www.fmtrance.com\/online\/#\/schema\/person\/686af7f826dd2f08b36b4760b7dcdddd"},"headline":"Se registraron tres incendios en la Ciudad y denuncian que fueron por \u201cconexiones el\u00e9ctricas precarias\u201d","datePublished":"2023-03-18T02:15:53+00:00","dateModified":"2023-03-31T02:18:43+00:00","mainEntityOfPage":{"@id":"https:\/\/www.fmtrance.com\/online\/se-registraron-tres-incendios-en-la-ciudad-y-denuncian-que-fueron-por-conexiones-electricas-precarias\/"},"wordCount":396,"commentCount":0,"publisher":{"@id":"https:\/\/www.fmtrance.com\/online\/#organization"},"image":{"@id":"https:\/\/www.fmtrance.com\/online\/se-registraron-tres-incendios-en-la-ciudad-y-denuncian-que-fueron-por-conexiones-electricas-precarias\/#primaryimage"},"thumbnailUrl":"https:\/\/www.fmtrance.com\/online\/wp-content\/uploads\/2023\/03\/6250777589bde_800x533.jpg","keywords":["Uncategorized"],"articleSection":["Noticias"],"inLanguage":"es-AR","potentialAction":[{"@type":"CommentAction","name":"Comment","target":["https:\/\/www.fmtrance.com\/online\/se-registraron-tres-incendios-en-la-ciudad-y-denuncian-que-fueron-por-conexiones-electricas-precarias\/#respond"]}]},{"@type":"WebPage","@id":"https:\/\/www.fmtrance.com\/online\/se-registraron-tres-incendios-en-la-ciudad-y-denuncian-que-fueron-por-conexiones-electricas-precarias\/","url":"https:\/\/www.fmtrance.com\/online\/se-registraron-tres-incendios-en-la-ciudad-y-denuncian-que-fueron-por-conexiones-electricas-precarias\/","name":"Se registraron tres incendios en la Ciudad y denuncian que fueron por \u201cconexiones el\u00e9ctricas precarias\u201d | FM Trance 103.3","isPartOf":{"@id":"https:\/\/www.fmtrance.com\/online\/#website"},"primaryImageOfPage":{"@id":"https:\/\/www.fmtrance.com\/online\/se-registraron-tres-incendios-en-la-ciudad-y-denuncian-que-fueron-por-conexiones-electricas-precarias\/#primaryimage"},"image":{"@id":"https:\/\/www.fmtrance.com\/online\/se-registraron-tres-incendios-en-la-ciudad-y-denuncian-que-fueron-por-conexiones-electricas-precarias\/#primaryimage"},"thumbnailUrl":"https:\/\/www.fmtrance.com\/online\/wp-content\/uploads\/2023\/03\/6250777589bde_800x533.jpg","datePublished":"2023-03-18T02:15:53+00:00","dateModified":"2023-03-31T02:18:43+00:00","breadcrumb":{"@id":"https:\/\/www.fmtrance.com\/online\/se-registraron-tres-incendios-en-la-ciudad-y-denuncian-que-fueron-por-conexiones-electricas-precarias\/#breadcrumb"},"inLanguage":"es-AR","potentialAction":[{"@type":"ReadAction","target":["https:\/\/www.fmtrance.com\/online\/se-registraron-tres-incendios-en-la-ciudad-y-denuncian-que-fueron-por-conexiones-electricas-precarias\/"]}]},{"@type":"ImageObject","inLanguage":"es-AR","@id":"https:\/\/www.fmtrance.com\/online\/se-registraron-tres-incendios-en-la-ciudad-y-denuncian-que-fueron-por-conexiones-electricas-precarias\/#primaryimage","url":"https:\/\/www.fmtrance.com\/online\/wp-content\/uploads\/2023\/03\/6250777589bde_800x533.jpg","contentUrl":"https:\/\/www.fmtrance.com\/online\/wp-content\/uploads\/2023\/03\/6250777589bde_800x533.jpg","width":800,"height":533},{"@type":"BreadcrumbList","@id":"https:\/\/www.fmtrance.com\/online\/se-registraron-tres-incendios-en-la-ciudad-y-denuncian-que-fueron-por-conexiones-electricas-precarias\/#breadcrumb","itemListElement":[{"@type":"ListItem","position":1,"name":"Inicio","item":"https:\/\/www.fmtrance.com\/online\/"},{"@type":"ListItem","position":2,"name":"Se registraron tres incendios en la Ciudad y denuncian que fueron por \u201cconexiones el\u00e9ctricas precarias\u201d"}]},{"@type":"WebSite","@id":"https:\/\/www.fmtrance.com\/online\/#website","url":"https:\/\/www.fmtrance.com\/online\/","name":"FM Trance 103.3","description":"CABA. Radio de musica electronica","publisher":{"@id":"https:\/\/www.fmtrance.com\/online\/#organization"},"potentialAction":[{"@type":"SearchAction","target":{"@type":"EntryPoint","urlTemplate":"https:\/\/www.fmtrance.com\/online\/?s={search_term_string}"},"query-input":{"@type":"PropertyValueSpecification","valueRequired":true,"valueName":"search_term_string"}}],"inLanguage":"es-AR"},{"@type":"Organization","@id":"https:\/\/www.fmtrance.com\/online\/#organization","name":"FM TRANCE","url":"https:\/\/www.fmtrance.com\/online\/","logo":{"@type":"ImageObject","inLanguage":"es-AR","@id":"https:\/\/www.fmtrance.com\/online\/#\/schema\/logo\/image\/","url":"https:\/\/www.fmtrance.com\/online\/wp-content\/uploads\/2025\/03\/LOGO-WEB.png","contentUrl":"https:\/\/www.fmtrance.com\/online\/wp-content\/uploads\/2025\/03\/LOGO-WEB.png","width":500,"height":500,"caption":"FM TRANCE"},"image":{"@id":"https:\/\/www.fmtrance.com\/online\/#\/schema\/logo\/image\/"},"sameAs":["https:\/\/www.facebook.com\/fmtrance","https:\/\/x.com\/fmtrance","https:\/\/www.instagram.com\/fmtrance"]},{"@type":"Person","@id":"https:\/\/www.fmtrance.com\/online\/#\/schema\/person\/686af7f826dd2f08b36b4760b7dcdddd","name":"Redaccion FM Trance","image":{"@type":"ImageObject","inLanguage":"es-AR","@id":"https:\/\/www.fmtrance.com\/online\/#\/schema\/person\/image\/","url":"https:\/\/secure.gravatar.com\/avatar\/c9d0afa8b0785bea8046a42861739f0a26fb9e8da739ce032e6598dc2981bc38?s=96&r=g","contentUrl":"https:\/\/secure.gravatar.com\/avatar\/c9d0afa8b0785bea8046a42861739f0a26fb9e8da739ce032e6598dc2981bc38?s=96&r=g","caption":"Redaccion FM Trance"},"description":"Fundador y Director general de FM Trance. Nacido el 24 de Septiembre de 1987, en Caballito, Ciudad Autonoma de Buenos Aires. Alguien de Radio desde siempre: ya a los 9 a\u00f1os de edad como radioescucha, sintonizando estaci\u00f3nes de AM, FM, onda corta, TV UHF\/VHF, y dem\u00e1s servicios. Se desempe\u00f1\u00f3 como Operador T\u00e9cnico en diferentes emisoras locales de CABA y GBA, y hasta el dia de hoy sigue ejerciendo desde la parte t\u00e9cnica, realizando trabajos en varias Radios. Egresado del ISER de la carrera de Operador Tecnico de Planta Transmisora, cursando actualmente la carrera de Operador Tecnico de Estudios de Radio en dicha instituci\u00f3n, y flamante radioaficionado (habiendo completado el curso en el Radioclub Buenos Aires), distintiva LU2DBK.","url":"https:\/\/www.fmtrance.com\/online\/author\/fmtrance\/"}]}},"_links":{"self":[{"href":"https:\/\/www.fmtrance.com\/online\/wp-json\/wp\/v2\/posts\/3981","targetHints":{"allow":["GET"]}}],"collection":[{"href":"https:\/\/www.fmtrance.com\/online\/wp-json\/wp\/v2\/posts"}],"about":[{"href":"https:\/\/www.fmtrance.com\/online\/wp-json\/wp\/v2\/types\/post"}],"author":[{"embeddable":true,"href":"https:\/\/www.fmtrance.com\/online\/wp-json\/wp\/v2\/users\/1"}],"replies":[{"embeddable":true,"href":"https:\/\/www.fmtrance.com\/online\/wp-json\/wp\/v2\/comments?post=3981"}],"version-history":[{"count":1,"href":"https:\/\/www.fmtrance.com\/online\/wp-json\/wp\/v2\/posts\/3981\/revisions"}],"predecessor-version":[{"id":3983,"href":"https:\/\/www.fmtrance.com\/online\/wp-json\/wp\/v2\/posts\/3981\/revisions\/3983"}],"wp:featuredmedia":[{"embeddable":true,"href":"https:\/\/www.fmtrance.com\/online\/wp-json\/wp\/v2\/media\/3982"}],"wp:attachment":[{"href":"https:\/\/www.fmtrance.com\/online\/wp-json\/wp\/v2\/media?parent=3981"}],"wp:term":[{"taxonomy":"category","embeddable":true,"href":"https:\/\/www.fmtrance.com\/online\/wp-json\/wp\/v2\/categories?post=3981"},{"taxonomy":"post_tag","embeddable":true,"href":"https:\/\/www.fmtrance.com\/online\/wp-json\/wp\/v2\/tags?post=3981"}],"curies":[{"name":"wp","href":"https:\/\/api.w.org\/{rel}","templated":true}]}}