{"id":3978,"date":"2023-03-17T22:06:03","date_gmt":"2023-03-18T01:06:03","guid":{"rendered":"http:\/\/www.fmtrance.com\/online\/?p=3978"},"modified":"2023-03-30T23:14:39","modified_gmt":"2023-03-31T02:14:39","slug":"casi-28-000-usuarios-siguen-sin-luz-en-caba-y-el-conurbano-bonaerense","status":"publish","type":"post","link":"https:\/\/www.fmtrance.com\/online\/casi-28-000-usuarios-siguen-sin-luz-en-caba-y-el-conurbano-bonaerense\/","title":{"rendered":"Casi 28.000 usuarios siguen sin luz en CABA y el conurbano bonaerense"},"content":{"rendered":"<p><strong><em>Miles de hogares permanecen sin suministro el\u00e9ctrico en el \u00c1rea Metropolitana de Buenos Aires. La situaci\u00f3n deriv\u00f3 en denuncias penales contra Edesur y por la tarde habr\u00e1 una protesta en el barrio de Caballito.<\/em><\/strong><\/p>\n<p>Casi\u00a0<strong>28.000 usuarios de la Ciudad de Buenos Aires y del conurbano bonaerense\u00a0<\/strong>contin\u00faan hoy viernes<strong>\u00a0sin suministro el\u00e9ctrico,<\/strong>\u00a0en medio de la creciente protesta popular contra las empresas distribuidoras y las denuncias presentadas contra una de ellas,\u00a0<strong>Edesur,\u00a0<\/strong>por parte de los\u00a0<strong>gobiernos nacional y porte\u00f1o.<\/strong><\/p>\n<p>Seg\u00fan el reporte del\u00a0<strong>Ente Nacional Regulador de la Electricidad (ENRE)<\/strong>\u00a0de las 7.35 horas, en el \u00e1rea de concesi\u00f3n de\u00a0<strong>Edesur<\/strong>\u00a0sumaban<strong>\u00a027.330 usuarios,<\/strong>\u00a0especialmente de las localidades de<strong>\u00a0Wilde, Monte Grante, Lan\u00fas, Llavallol, Lomas de Zamora y Temperley,<\/strong>\u00a0en el\u00a0<strong>sur del conurbano bonaerense.<\/strong>\u00a0En el distrito porte\u00f1o, los barrios con mayor cantidad de cortes de luz son\u00a0<strong>Villa Riachuelo, Liniers, Parque Chacabuco, Monte Castro, Flores y Caballito.<\/strong><\/p>\n<p>Hoy a las 19 horas vecinos de<strong>\u00a0Caballito\u00a0<\/strong>convocan a realizar una protesta en la esquina de las avenidas Acoyte y Rivadavia. Se trata de usuarios de\u00a0<strong>Edesur\u00a0<\/strong>afectados por los<strong>\u00a0cortes de luz<\/strong>\u00a0que exigir\u00e1n\u00a0<em>&#8220;la renovaci\u00f3n integral del tendido el\u00e9ctrico&#8221;<\/em>\u00a0y una\u00a0<em>&#8220;indemnizaci\u00f3n autom\u00e1tica y general&#8221;\u00a0<\/em>a los afectados por la falta del servicio, seg\u00fan informaron desde el\u00a0<strong>Observatorio del Derecho a la Ciudad<\/strong>, la agrupaci\u00f3n organizadora de la movilizaci\u00f3n.<\/p>\n<p>En cuanto al \u00e1rea de concesi\u00f3n de la empresa<strong>\u00a0Edenor<\/strong>, el total de<strong>\u00a0usuarios sin luz<\/strong>\u00a0por la ma\u00f1ana sumaba\u00a0<strong>467<\/strong>, la mitad de los cuales eran de\u00a0<strong>La Lonja (Pilar)<\/strong>\u00a0por cortes programados por mantenimiento y obras, seg\u00fan se indic\u00f3 en el reporte del\u00a0<strong>ENRE.<\/strong><\/p>\n<p>El\u00a0<strong>Gobierno nacional<\/strong>, a trav\u00e9s del\u00a0<strong>ENRE,\u00a0<\/strong>present\u00f3 ayer jueves una denuncia penal contra las autoridades de la empresa\u00a0<strong>Edesur<\/strong>\u00a0para que se los investigue por defraudaci\u00f3n por desbaratamiento de los derechos acordados, abandono de persona y entorpecimiento de los\u00a0<strong>servicios p\u00fablicos.<\/strong><\/p>\n<p>Tambi\u00e9n el<strong>\u00a0Gobierno porte\u00f1o\u00a0<\/strong>present\u00f3 una denuncia penal contra la empresa\u00a0<strong>Edesur<\/strong>\u00a0por la presunta comisi\u00f3n del delito de abandono de persona con dolo eventual tras evaluar que los cortes en el suministro de energ\u00eda el\u00e9ctrica que se registran en la\u00a0<strong>Ciudad de Buenos Aires\u00a0<\/strong>ponen\u00a0<em>&#8220;en peligro la vida o la salud de los habitantes del distrito&#8221;.<\/em><\/p>\n<p>La<strong>\u00a0Defensor\u00eda del Pueblo porte\u00f1a,<\/strong>\u00a0en tanto, promovi\u00f3 una demanda colectiva ante la\u00a0<strong>Justicia porte\u00f1a\u00a0<\/strong>contra\u00a0<strong>Edesur\u00a0<\/strong>\u201c<em>por la falta de trato digno y carencia de informaci\u00f3n&#8221;<\/em>\u00a0hacia los vecinos afectados por los<strong>\u00a0cortes de luz<\/strong>\u00a0desde hace semanas, y pidi\u00f3 que se le aplique multas de entre $73.000 y $308.000 aproximadamente.<\/p>\n","protected":false},"excerpt":{"rendered":"<p>Miles de hogares permanecen sin suministro el\u00e9ctrico en el \u00c1rea Metropolitana de Buenos Aires. La situaci\u00f3n deriv\u00f3 en denuncias penales<\/p>\n","protected":false},"author":1,"featured_media":3979,"comment_status":"open","ping_status":"closed","sticky":false,"template":"","format":"standard","meta":{"footnotes":""},"categories":[1],"tags":[1726],"class_list":["post-3978","post","type-post","status-publish","format-standard","has-post-thumbnail","hentry","category-uncategorized","tag-uncategorized"],"yoast_head":"<!-- This site is optimized with the Yoast SEO plugin v24.6 - https:\/\/yoast.com\/wordpress\/plugins\/seo\/ -->\n<title>Casi 28.000 usuarios siguen sin luz en CABA y el conurbano bonaerense | FM Trance 103.3<\/title>\n<meta name=\"robots\" content=\"index, follow, max-snippet:-1, max-image-preview:large, max-video-preview:-1\" \/>\n<link rel=\"canonical\" href=\"https:\/\/www.fmtrance.com\/online\/casi-28-000-usuarios-siguen-sin-luz-en-caba-y-el-conurbano-bonaerense\/\" \/>\n<meta property=\"og:locale\" content=\"es_ES\" \/>\n<meta property=\"og:type\" content=\"article\" \/>\n<meta property=\"og:title\" content=\"Casi 28.000 usuarios siguen sin luz en CABA y el conurbano bonaerense | FM Trance 103.3\" \/>\n<meta property=\"og:description\" content=\"Miles de hogares permanecen sin suministro el\u00e9ctrico en el \u00c1rea Metropolitana de Buenos Aires. La situaci\u00f3n deriv\u00f3 en denuncias penales\" \/>\n<meta property=\"og:url\" content=\"https:\/\/www.fmtrance.com\/online\/casi-28-000-usuarios-siguen-sin-luz-en-caba-y-el-conurbano-bonaerense\/\" \/>\n<meta property=\"og:site_name\" content=\"FM Trance 103.3\" \/>\n<meta property=\"article:publisher\" content=\"https:\/\/www.facebook.com\/fmtrance\" \/>\n<meta property=\"article:published_time\" content=\"2023-03-18T01:06:03+00:00\" \/>\n<meta property=\"article:modified_time\" content=\"2023-03-31T02:14:39+00:00\" \/>\n<meta property=\"og:image\" content=\"https:\/\/www.fmtrance.com\/online\/wp-content\/uploads\/2023\/03\/641466ffd71b3_800x488.jpg\" \/>\n\t<meta property=\"og:image:width\" content=\"800\" \/>\n\t<meta property=\"og:image:height\" content=\"488\" \/>\n\t<meta property=\"og:image:type\" content=\"image\/jpeg\" \/>\n<meta name=\"author\" content=\"Redaccion FM Trance\" \/>\n<meta name=\"twitter:card\" content=\"summary_large_image\" \/>\n<meta name=\"twitter:creator\" content=\"@fmtrance\" \/>\n<meta name=\"twitter:site\" content=\"@fmtrance\" \/>\n<meta name=\"twitter:label1\" content=\"Escrito por\" \/>\n\t<meta name=\"twitter:data1\" content=\"Redaccion FM Trance\" \/>\n\t<meta name=\"twitter:label2\" content=\"Tiempo de lectura\" \/>\n\t<meta name=\"twitter:data2\" content=\"2 minutos\" \/>\n<script type=\"application\/ld+json\" class=\"yoast-schema-graph\">{\"@context\":\"https:\/\/schema.org\",\"@graph\":[{\"@type\":\"Article\",\"@id\":\"https:\/\/www.fmtrance.com\/online\/casi-28-000-usuarios-siguen-sin-luz-en-caba-y-el-conurbano-bonaerense\/#article\",\"isPartOf\":{\"@id\":\"https:\/\/www.fmtrance.com\/online\/casi-28-000-usuarios-siguen-sin-luz-en-caba-y-el-conurbano-bonaerense\/\"},\"author\":{\"name\":\"Redaccion FM Trance\",\"@id\":\"https:\/\/www.fmtrance.com\/online\/#\/schema\/person\/686af7f826dd2f08b36b4760b7dcdddd\"},\"headline\":\"Casi 28.000 usuarios siguen sin luz en CABA y el conurbano bonaerense\",\"datePublished\":\"2023-03-18T01:06:03+00:00\",\"dateModified\":\"2023-03-31T02:14:39+00:00\",\"mainEntityOfPage\":{\"@id\":\"https:\/\/www.fmtrance.com\/online\/casi-28-000-usuarios-siguen-sin-luz-en-caba-y-el-conurbano-bonaerense\/\"},\"wordCount\":457,\"commentCount\":0,\"publisher\":{\"@id\":\"https:\/\/www.fmtrance.com\/online\/#organization\"},\"image\":{\"@id\":\"https:\/\/www.fmtrance.com\/online\/casi-28-000-usuarios-siguen-sin-luz-en-caba-y-el-conurbano-bonaerense\/#primaryimage\"},\"thumbnailUrl\":\"https:\/\/www.fmtrance.com\/online\/wp-content\/uploads\/2023\/03\/641466ffd71b3_800x488.jpg\",\"keywords\":[\"Uncategorized\"],\"articleSection\":[\"Noticias\"],\"inLanguage\":\"es-AR\",\"potentialAction\":[{\"@type\":\"CommentAction\",\"name\":\"Comment\",\"target\":[\"https:\/\/www.fmtrance.com\/online\/casi-28-000-usuarios-siguen-sin-luz-en-caba-y-el-conurbano-bonaerense\/#respond\"]}]},{\"@type\":\"WebPage\",\"@id\":\"https:\/\/www.fmtrance.com\/online\/casi-28-000-usuarios-siguen-sin-luz-en-caba-y-el-conurbano-bonaerense\/\",\"url\":\"https:\/\/www.fmtrance.com\/online\/casi-28-000-usuarios-siguen-sin-luz-en-caba-y-el-conurbano-bonaerense\/\",\"name\":\"Casi 28.000 usuarios siguen sin luz en CABA y el conurbano bonaerense | FM Trance 103.3\",\"isPartOf\":{\"@id\":\"https:\/\/www.fmtrance.com\/online\/#website\"},\"primaryImageOfPage\":{\"@id\":\"https:\/\/www.fmtrance.com\/online\/casi-28-000-usuarios-siguen-sin-luz-en-caba-y-el-conurbano-bonaerense\/#primaryimage\"},\"image\":{\"@id\":\"https:\/\/www.fmtrance.com\/online\/casi-28-000-usuarios-siguen-sin-luz-en-caba-y-el-conurbano-bonaerense\/#primaryimage\"},\"thumbnailUrl\":\"https:\/\/www.fmtrance.com\/online\/wp-content\/uploads\/2023\/03\/641466ffd71b3_800x488.jpg\",\"datePublished\":\"2023-03-18T01:06:03+00:00\",\"dateModified\":\"2023-03-31T02:14:39+00:00\",\"breadcrumb\":{\"@id\":\"https:\/\/www.fmtrance.com\/online\/casi-28-000-usuarios-siguen-sin-luz-en-caba-y-el-conurbano-bonaerense\/#breadcrumb\"},\"inLanguage\":\"es-AR\",\"potentialAction\":[{\"@type\":\"ReadAction\",\"target\":[\"https:\/\/www.fmtrance.com\/online\/casi-28-000-usuarios-siguen-sin-luz-en-caba-y-el-conurbano-bonaerense\/\"]}]},{\"@type\":\"ImageObject\",\"inLanguage\":\"es-AR\",\"@id\":\"https:\/\/www.fmtrance.com\/online\/casi-28-000-usuarios-siguen-sin-luz-en-caba-y-el-conurbano-bonaerense\/#primaryimage\",\"url\":\"https:\/\/www.fmtrance.com\/online\/wp-content\/uploads\/2023\/03\/641466ffd71b3_800x488.jpg\",\"contentUrl\":\"https:\/\/www.fmtrance.com\/online\/wp-content\/uploads\/2023\/03\/641466ffd71b3_800x488.jpg\",\"width\":800,\"height\":488},{\"@type\":\"BreadcrumbList\",\"@id\":\"https:\/\/www.fmtrance.com\/online\/casi-28-000-usuarios-siguen-sin-luz-en-caba-y-el-conurbano-bonaerense\/#breadcrumb\",\"itemListElement\":[{\"@type\":\"ListItem\",\"position\":1,\"name\":\"Inicio\",\"item\":\"https:\/\/www.fmtrance.com\/online\/\"},{\"@type\":\"ListItem\",\"position\":2,\"name\":\"Casi 28.000 usuarios siguen sin luz en CABA y el conurbano bonaerense\"}]},{\"@type\":\"WebSite\",\"@id\":\"https:\/\/www.fmtrance.com\/online\/#website\",\"url\":\"https:\/\/www.fmtrance.com\/online\/\",\"name\":\"FM Trance 103.3\",\"description\":\"CABA. Radio de musica electronica\",\"publisher\":{\"@id\":\"https:\/\/www.fmtrance.com\/online\/#organization\"},\"potentialAction\":[{\"@type\":\"SearchAction\",\"target\":{\"@type\":\"EntryPoint\",\"urlTemplate\":\"https:\/\/www.fmtrance.com\/online\/?s={search_term_string}\"},\"query-input\":{\"@type\":\"PropertyValueSpecification\",\"valueRequired\":true,\"valueName\":\"search_term_string\"}}],\"inLanguage\":\"es-AR\"},{\"@type\":\"Organization\",\"@id\":\"https:\/\/www.fmtrance.com\/online\/#organization\",\"name\":\"FM TRANCE\",\"url\":\"https:\/\/www.fmtrance.com\/online\/\",\"logo\":{\"@type\":\"ImageObject\",\"inLanguage\":\"es-AR\",\"@id\":\"https:\/\/www.fmtrance.com\/online\/#\/schema\/logo\/image\/\",\"url\":\"https:\/\/www.fmtrance.com\/online\/wp-content\/uploads\/2025\/03\/LOGO-WEB.png\",\"contentUrl\":\"https:\/\/www.fmtrance.com\/online\/wp-content\/uploads\/2025\/03\/LOGO-WEB.png\",\"width\":500,\"height\":500,\"caption\":\"FM TRANCE\"},\"image\":{\"@id\":\"https:\/\/www.fmtrance.com\/online\/#\/schema\/logo\/image\/\"},\"sameAs\":[\"https:\/\/www.facebook.com\/fmtrance\",\"https:\/\/x.com\/fmtrance\",\"https:\/\/www.instagram.com\/fmtrance\"]},{\"@type\":\"Person\",\"@id\":\"https:\/\/www.fmtrance.com\/online\/#\/schema\/person\/686af7f826dd2f08b36b4760b7dcdddd\",\"name\":\"Redaccion FM Trance\",\"image\":{\"@type\":\"ImageObject\",\"inLanguage\":\"es-AR\",\"@id\":\"https:\/\/www.fmtrance.com\/online\/#\/schema\/person\/image\/\",\"url\":\"https:\/\/secure.gravatar.com\/avatar\/c9d0afa8b0785bea8046a42861739f0a26fb9e8da739ce032e6598dc2981bc38?s=96&r=g\",\"contentUrl\":\"https:\/\/secure.gravatar.com\/avatar\/c9d0afa8b0785bea8046a42861739f0a26fb9e8da739ce032e6598dc2981bc38?s=96&r=g\",\"caption\":\"Redaccion FM Trance\"},\"description\":\"Fundador y Director general de FM Trance. Nacido el 24 de Septiembre de 1987, en Caballito, Ciudad Autonoma de Buenos Aires. Alguien de Radio desde siempre: ya a los 9 a\u00f1os de edad como radioescucha, sintonizando estaci\u00f3nes de AM, FM, onda corta, TV UHF\/VHF, y dem\u00e1s servicios. Se desempe\u00f1\u00f3 como Operador T\u00e9cnico en diferentes emisoras locales de CABA y GBA, y hasta el dia de hoy sigue ejerciendo desde la parte t\u00e9cnica, realizando trabajos en varias Radios. Egresado del ISER de la carrera de Operador Tecnico de Planta Transmisora, cursando actualmente la carrera de Operador Tecnico de Estudios de Radio en dicha instituci\u00f3n, y flamante radioaficionado (habiendo completado el curso en el Radioclub Buenos Aires), distintiva LU2DBK.\",\"url\":\"https:\/\/www.fmtrance.com\/online\/author\/fmtrance\/\"}]}<\/script>\n<!-- \/ Yoast SEO plugin. -->","yoast_head_json":{"title":"Casi 28.000 usuarios siguen sin luz en CABA y el conurbano bonaerense | FM Trance 103.3","robots":{"index":"index","follow":"follow","max-snippet":"max-snippet:-1","max-image-preview":"max-image-preview:large","max-video-preview":"max-video-preview:-1"},"canonical":"https:\/\/www.fmtrance.com\/online\/casi-28-000-usuarios-siguen-sin-luz-en-caba-y-el-conurbano-bonaerense\/","og_locale":"es_ES","og_type":"article","og_title":"Casi 28.000 usuarios siguen sin luz en CABA y el conurbano bonaerense | FM Trance 103.3","og_description":"Miles de hogares permanecen sin suministro el\u00e9ctrico en el \u00c1rea Metropolitana de Buenos Aires. La situaci\u00f3n deriv\u00f3 en denuncias penales","og_url":"https:\/\/www.fmtrance.com\/online\/casi-28-000-usuarios-siguen-sin-luz-en-caba-y-el-conurbano-bonaerense\/","og_site_name":"FM Trance 103.3","article_publisher":"https:\/\/www.facebook.com\/fmtrance","article_published_time":"2023-03-18T01:06:03+00:00","article_modified_time":"2023-03-31T02:14:39+00:00","og_image":[{"width":800,"height":488,"url":"https:\/\/www.fmtrance.com\/online\/wp-content\/uploads\/2023\/03\/641466ffd71b3_800x488.jpg","type":"image\/jpeg"}],"author":"Redaccion FM Trance","twitter_card":"summary_large_image","twitter_creator":"@fmtrance","twitter_site":"@fmtrance","twitter_misc":{"Escrito por":"Redaccion FM Trance","Tiempo de lectura":"2 minutos"},"schema":{"@context":"https:\/\/schema.org","@graph":[{"@type":"Article","@id":"https:\/\/www.fmtrance.com\/online\/casi-28-000-usuarios-siguen-sin-luz-en-caba-y-el-conurbano-bonaerense\/#article","isPartOf":{"@id":"https:\/\/www.fmtrance.com\/online\/casi-28-000-usuarios-siguen-sin-luz-en-caba-y-el-conurbano-bonaerense\/"},"author":{"name":"Redaccion FM Trance","@id":"https:\/\/www.fmtrance.com\/online\/#\/schema\/person\/686af7f826dd2f08b36b4760b7dcdddd"},"headline":"Casi 28.000 usuarios siguen sin luz en CABA y el conurbano bonaerense","datePublished":"2023-03-18T01:06:03+00:00","dateModified":"2023-03-31T02:14:39+00:00","mainEntityOfPage":{"@id":"https:\/\/www.fmtrance.com\/online\/casi-28-000-usuarios-siguen-sin-luz-en-caba-y-el-conurbano-bonaerense\/"},"wordCount":457,"commentCount":0,"publisher":{"@id":"https:\/\/www.fmtrance.com\/online\/#organization"},"image":{"@id":"https:\/\/www.fmtrance.com\/online\/casi-28-000-usuarios-siguen-sin-luz-en-caba-y-el-conurbano-bonaerense\/#primaryimage"},"thumbnailUrl":"https:\/\/www.fmtrance.com\/online\/wp-content\/uploads\/2023\/03\/641466ffd71b3_800x488.jpg","keywords":["Uncategorized"],"articleSection":["Noticias"],"inLanguage":"es-AR","potentialAction":[{"@type":"CommentAction","name":"Comment","target":["https:\/\/www.fmtrance.com\/online\/casi-28-000-usuarios-siguen-sin-luz-en-caba-y-el-conurbano-bonaerense\/#respond"]}]},{"@type":"WebPage","@id":"https:\/\/www.fmtrance.com\/online\/casi-28-000-usuarios-siguen-sin-luz-en-caba-y-el-conurbano-bonaerense\/","url":"https:\/\/www.fmtrance.com\/online\/casi-28-000-usuarios-siguen-sin-luz-en-caba-y-el-conurbano-bonaerense\/","name":"Casi 28.000 usuarios siguen sin luz en CABA y el conurbano bonaerense | FM Trance 103.3","isPartOf":{"@id":"https:\/\/www.fmtrance.com\/online\/#website"},"primaryImageOfPage":{"@id":"https:\/\/www.fmtrance.com\/online\/casi-28-000-usuarios-siguen-sin-luz-en-caba-y-el-conurbano-bonaerense\/#primaryimage"},"image":{"@id":"https:\/\/www.fmtrance.com\/online\/casi-28-000-usuarios-siguen-sin-luz-en-caba-y-el-conurbano-bonaerense\/#primaryimage"},"thumbnailUrl":"https:\/\/www.fmtrance.com\/online\/wp-content\/uploads\/2023\/03\/641466ffd71b3_800x488.jpg","datePublished":"2023-03-18T01:06:03+00:00","dateModified":"2023-03-31T02:14:39+00:00","breadcrumb":{"@id":"https:\/\/www.fmtrance.com\/online\/casi-28-000-usuarios-siguen-sin-luz-en-caba-y-el-conurbano-bonaerense\/#breadcrumb"},"inLanguage":"es-AR","potentialAction":[{"@type":"ReadAction","target":["https:\/\/www.fmtrance.com\/online\/casi-28-000-usuarios-siguen-sin-luz-en-caba-y-el-conurbano-bonaerense\/"]}]},{"@type":"ImageObject","inLanguage":"es-AR","@id":"https:\/\/www.fmtrance.com\/online\/casi-28-000-usuarios-siguen-sin-luz-en-caba-y-el-conurbano-bonaerense\/#primaryimage","url":"https:\/\/www.fmtrance.com\/online\/wp-content\/uploads\/2023\/03\/641466ffd71b3_800x488.jpg","contentUrl":"https:\/\/www.fmtrance.com\/online\/wp-content\/uploads\/2023\/03\/641466ffd71b3_800x488.jpg","width":800,"height":488},{"@type":"BreadcrumbList","@id":"https:\/\/www.fmtrance.com\/online\/casi-28-000-usuarios-siguen-sin-luz-en-caba-y-el-conurbano-bonaerense\/#breadcrumb","itemListElement":[{"@type":"ListItem","position":1,"name":"Inicio","item":"https:\/\/www.fmtrance.com\/online\/"},{"@type":"ListItem","position":2,"name":"Casi 28.000 usuarios siguen sin luz en CABA y el conurbano bonaerense"}]},{"@type":"WebSite","@id":"https:\/\/www.fmtrance.com\/online\/#website","url":"https:\/\/www.fmtrance.com\/online\/","name":"FM Trance 103.3","description":"CABA. Radio de musica electronica","publisher":{"@id":"https:\/\/www.fmtrance.com\/online\/#organization"},"potentialAction":[{"@type":"SearchAction","target":{"@type":"EntryPoint","urlTemplate":"https:\/\/www.fmtrance.com\/online\/?s={search_term_string}"},"query-input":{"@type":"PropertyValueSpecification","valueRequired":true,"valueName":"search_term_string"}}],"inLanguage":"es-AR"},{"@type":"Organization","@id":"https:\/\/www.fmtrance.com\/online\/#organization","name":"FM TRANCE","url":"https:\/\/www.fmtrance.com\/online\/","logo":{"@type":"ImageObject","inLanguage":"es-AR","@id":"https:\/\/www.fmtrance.com\/online\/#\/schema\/logo\/image\/","url":"https:\/\/www.fmtrance.com\/online\/wp-content\/uploads\/2025\/03\/LOGO-WEB.png","contentUrl":"https:\/\/www.fmtrance.com\/online\/wp-content\/uploads\/2025\/03\/LOGO-WEB.png","width":500,"height":500,"caption":"FM TRANCE"},"image":{"@id":"https:\/\/www.fmtrance.com\/online\/#\/schema\/logo\/image\/"},"sameAs":["https:\/\/www.facebook.com\/fmtrance","https:\/\/x.com\/fmtrance","https:\/\/www.instagram.com\/fmtrance"]},{"@type":"Person","@id":"https:\/\/www.fmtrance.com\/online\/#\/schema\/person\/686af7f826dd2f08b36b4760b7dcdddd","name":"Redaccion FM Trance","image":{"@type":"ImageObject","inLanguage":"es-AR","@id":"https:\/\/www.fmtrance.com\/online\/#\/schema\/person\/image\/","url":"https:\/\/secure.gravatar.com\/avatar\/c9d0afa8b0785bea8046a42861739f0a26fb9e8da739ce032e6598dc2981bc38?s=96&r=g","contentUrl":"https:\/\/secure.gravatar.com\/avatar\/c9d0afa8b0785bea8046a42861739f0a26fb9e8da739ce032e6598dc2981bc38?s=96&r=g","caption":"Redaccion FM Trance"},"description":"Fundador y Director general de FM Trance. Nacido el 24 de Septiembre de 1987, en Caballito, Ciudad Autonoma de Buenos Aires. Alguien de Radio desde siempre: ya a los 9 a\u00f1os de edad como radioescucha, sintonizando estaci\u00f3nes de AM, FM, onda corta, TV UHF\/VHF, y dem\u00e1s servicios. Se desempe\u00f1\u00f3 como Operador T\u00e9cnico en diferentes emisoras locales de CABA y GBA, y hasta el dia de hoy sigue ejerciendo desde la parte t\u00e9cnica, realizando trabajos en varias Radios. Egresado del ISER de la carrera de Operador Tecnico de Planta Transmisora, cursando actualmente la carrera de Operador Tecnico de Estudios de Radio en dicha instituci\u00f3n, y flamante radioaficionado (habiendo completado el curso en el Radioclub Buenos Aires), distintiva LU2DBK.","url":"https:\/\/www.fmtrance.com\/online\/author\/fmtrance\/"}]}},"_links":{"self":[{"href":"https:\/\/www.fmtrance.com\/online\/wp-json\/wp\/v2\/posts\/3978","targetHints":{"allow":["GET"]}}],"collection":[{"href":"https:\/\/www.fmtrance.com\/online\/wp-json\/wp\/v2\/posts"}],"about":[{"href":"https:\/\/www.fmtrance.com\/online\/wp-json\/wp\/v2\/types\/post"}],"author":[{"embeddable":true,"href":"https:\/\/www.fmtrance.com\/online\/wp-json\/wp\/v2\/users\/1"}],"replies":[{"embeddable":true,"href":"https:\/\/www.fmtrance.com\/online\/wp-json\/wp\/v2\/comments?post=3978"}],"version-history":[{"count":1,"href":"https:\/\/www.fmtrance.com\/online\/wp-json\/wp\/v2\/posts\/3978\/revisions"}],"predecessor-version":[{"id":3980,"href":"https:\/\/www.fmtrance.com\/online\/wp-json\/wp\/v2\/posts\/3978\/revisions\/3980"}],"wp:featuredmedia":[{"embeddable":true,"href":"https:\/\/www.fmtrance.com\/online\/wp-json\/wp\/v2\/media\/3979"}],"wp:attachment":[{"href":"https:\/\/www.fmtrance.com\/online\/wp-json\/wp\/v2\/media?parent=3978"}],"wp:term":[{"taxonomy":"category","embeddable":true,"href":"https:\/\/www.fmtrance.com\/online\/wp-json\/wp\/v2\/categories?post=3978"},{"taxonomy":"post_tag","embeddable":true,"href":"https:\/\/www.fmtrance.com\/online\/wp-json\/wp\/v2\/tags?post=3978"}],"curies":[{"name":"wp","href":"https:\/\/api.w.org\/{rel}","templated":true}]}}