{"id":3969,"date":"2023-03-15T21:34:33","date_gmt":"2023-03-16T00:34:33","guid":{"rendered":"http:\/\/www.fmtrance.com\/online\/?p=3969"},"modified":"2023-03-30T21:47:03","modified_gmt":"2023-03-31T00:47:03","slug":"el-gobierno-porteno-planea-instalar-camaras-en-las-aulas-de-las-escuelas-del-distrito","status":"publish","type":"post","link":"https:\/\/www.fmtrance.com\/online\/el-gobierno-porteno-planea-instalar-camaras-en-las-aulas-de-las-escuelas-del-distrito\/","title":{"rendered":"El Gobierno porte\u00f1o planea instalar c\u00e1maras en las aulas de las escuelas del distrito"},"content":{"rendered":"<div class=\"row\">\n<div class=\"col-lg-12\">\n<div class=\"detail\">\n<p><strong>En el ministerio afirman que se trata de prevenci\u00f3n por los constantes robos de computadoras en los establecimientos.<\/strong><\/p>\n<\/div>\n<\/div>\n<\/div>\n<div class=\"row\">\n<div class=\"col-lg-8\">\n<section>\n<div class=\"row\">\n<article class=\"col-lg-12 col-md-12\">\n<div class=\"head-media clearfix\">\n<div class=\"description\">El ministerio de Educaci\u00f3n de la\u00a0<strong>Ciudad de Buenos Aires<\/strong>, encabezado por<strong>\u00a0Soledad Acu\u00f1a<\/strong>, planea\u00a0<strong>instalar c\u00e1maras de seguridad dentro de las aulas del distrito<\/strong>, con el fin de controlar los posibles robos de computadoras en los establecimientos.<\/p>\n<p>En su gesti\u00f3n al mando de la jefatura de Gobierno,\u00a0<strong>Mauricio Macri<\/strong>\u00a0quiso llevar adelante la instalaci\u00f3n de c\u00e1maras en m\u00e1s de 90 escuelas y\u00a0<strong>Horacio Rodr\u00edguez Larreta<\/strong>\u00a0retom\u00f3 la idea e intent\u00f3 hacer lo propio en varios edificios escolares, tras las tomas estudiantiles del 2017.<\/p>\n<p>En el ministerio adelantaron que la instalaci\u00f3n de las c\u00e1maras est\u00e1 directamente relacionada a \u201clos espacios seguros que estamos instalando para guardar los materiales de valor como las computadoras\u201d.<\/p><\/div>\n<div class=\"clearfix\"><\/div>\n<\/div>\n<\/article>\n<\/div>\n<\/section>\n<\/div>\n<\/div>\n","protected":false},"excerpt":{"rendered":"<p>En el ministerio afirman que se trata de prevenci\u00f3n por los constantes robos de computadoras en los establecimientos. El ministerio<\/p>\n","protected":false},"author":1,"featured_media":3970,"comment_status":"open","ping_status":"closed","sticky":false,"template":"","format":"standard","meta":{"footnotes":""},"categories":[1],"tags":[1726],"class_list":["post-3969","post","type-post","status-publish","format-standard","has-post-thumbnail","hentry","category-uncategorized","tag-uncategorized"],"yoast_head":"<!-- This site is optimized with the Yoast SEO plugin v24.6 - https:\/\/yoast.com\/wordpress\/plugins\/seo\/ -->\n<title>El Gobierno porte\u00f1o planea instalar c\u00e1maras en las aulas de las escuelas del distrito | FM Trance 103.3<\/title>\n<meta name=\"robots\" content=\"index, follow, max-snippet:-1, max-image-preview:large, max-video-preview:-1\" \/>\n<link rel=\"canonical\" href=\"https:\/\/www.fmtrance.com\/online\/el-gobierno-porteno-planea-instalar-camaras-en-las-aulas-de-las-escuelas-del-distrito\/\" \/>\n<meta property=\"og:locale\" content=\"es_ES\" \/>\n<meta property=\"og:type\" content=\"article\" \/>\n<meta property=\"og:title\" content=\"El Gobierno porte\u00f1o planea instalar c\u00e1maras en las aulas de las escuelas del distrito | FM Trance 103.3\" \/>\n<meta property=\"og:description\" content=\"En el ministerio afirman que se trata de prevenci\u00f3n por los constantes robos de computadoras en los establecimientos. El ministerio\" \/>\n<meta property=\"og:url\" content=\"https:\/\/www.fmtrance.com\/online\/el-gobierno-porteno-planea-instalar-camaras-en-las-aulas-de-las-escuelas-del-distrito\/\" \/>\n<meta property=\"og:site_name\" content=\"FM Trance 103.3\" \/>\n<meta property=\"article:publisher\" content=\"https:\/\/www.facebook.com\/fmtrance\" \/>\n<meta property=\"article:published_time\" content=\"2023-03-16T00:34:33+00:00\" \/>\n<meta property=\"article:modified_time\" content=\"2023-03-31T00:47:03+00:00\" \/>\n<meta property=\"og:image\" content=\"https:\/\/www.fmtrance.com\/online\/wp-content\/uploads\/2023\/03\/6412019ccc0b9_800x607.jpg\" \/>\n\t<meta property=\"og:image:width\" content=\"800\" \/>\n\t<meta property=\"og:image:height\" content=\"607\" \/>\n\t<meta property=\"og:image:type\" content=\"image\/jpeg\" \/>\n<meta name=\"author\" content=\"Redaccion FM Trance\" \/>\n<meta name=\"twitter:card\" content=\"summary_large_image\" \/>\n<meta name=\"twitter:creator\" content=\"@fmtrance\" \/>\n<meta name=\"twitter:site\" content=\"@fmtrance\" \/>\n<meta name=\"twitter:label1\" content=\"Escrito por\" \/>\n\t<meta name=\"twitter:data1\" content=\"Redaccion FM Trance\" \/>\n\t<meta name=\"twitter:label2\" content=\"Tiempo de lectura\" \/>\n\t<meta name=\"twitter:data2\" content=\"1 minuto\" \/>\n<script type=\"application\/ld+json\" class=\"yoast-schema-graph\">{\"@context\":\"https:\/\/schema.org\",\"@graph\":[{\"@type\":\"Article\",\"@id\":\"https:\/\/www.fmtrance.com\/online\/el-gobierno-porteno-planea-instalar-camaras-en-las-aulas-de-las-escuelas-del-distrito\/#article\",\"isPartOf\":{\"@id\":\"https:\/\/www.fmtrance.com\/online\/el-gobierno-porteno-planea-instalar-camaras-en-las-aulas-de-las-escuelas-del-distrito\/\"},\"author\":{\"name\":\"Redaccion FM Trance\",\"@id\":\"https:\/\/www.fmtrance.com\/online\/#\/schema\/person\/686af7f826dd2f08b36b4760b7dcdddd\"},\"headline\":\"El Gobierno porte\u00f1o planea instalar c\u00e1maras en las aulas de las escuelas del distrito\",\"datePublished\":\"2023-03-16T00:34:33+00:00\",\"dateModified\":\"2023-03-31T00:47:03+00:00\",\"mainEntityOfPage\":{\"@id\":\"https:\/\/www.fmtrance.com\/online\/el-gobierno-porteno-planea-instalar-camaras-en-las-aulas-de-las-escuelas-del-distrito\/\"},\"wordCount\":156,\"commentCount\":0,\"publisher\":{\"@id\":\"https:\/\/www.fmtrance.com\/online\/#organization\"},\"image\":{\"@id\":\"https:\/\/www.fmtrance.com\/online\/el-gobierno-porteno-planea-instalar-camaras-en-las-aulas-de-las-escuelas-del-distrito\/#primaryimage\"},\"thumbnailUrl\":\"https:\/\/www.fmtrance.com\/online\/wp-content\/uploads\/2023\/03\/6412019ccc0b9_800x607.jpg\",\"keywords\":[\"Uncategorized\"],\"articleSection\":[\"Noticias\"],\"inLanguage\":\"es-AR\",\"potentialAction\":[{\"@type\":\"CommentAction\",\"name\":\"Comment\",\"target\":[\"https:\/\/www.fmtrance.com\/online\/el-gobierno-porteno-planea-instalar-camaras-en-las-aulas-de-las-escuelas-del-distrito\/#respond\"]}]},{\"@type\":\"WebPage\",\"@id\":\"https:\/\/www.fmtrance.com\/online\/el-gobierno-porteno-planea-instalar-camaras-en-las-aulas-de-las-escuelas-del-distrito\/\",\"url\":\"https:\/\/www.fmtrance.com\/online\/el-gobierno-porteno-planea-instalar-camaras-en-las-aulas-de-las-escuelas-del-distrito\/\",\"name\":\"El Gobierno porte\u00f1o planea instalar c\u00e1maras en las aulas de las escuelas del distrito | FM Trance 103.3\",\"isPartOf\":{\"@id\":\"https:\/\/www.fmtrance.com\/online\/#website\"},\"primaryImageOfPage\":{\"@id\":\"https:\/\/www.fmtrance.com\/online\/el-gobierno-porteno-planea-instalar-camaras-en-las-aulas-de-las-escuelas-del-distrito\/#primaryimage\"},\"image\":{\"@id\":\"https:\/\/www.fmtrance.com\/online\/el-gobierno-porteno-planea-instalar-camaras-en-las-aulas-de-las-escuelas-del-distrito\/#primaryimage\"},\"thumbnailUrl\":\"https:\/\/www.fmtrance.com\/online\/wp-content\/uploads\/2023\/03\/6412019ccc0b9_800x607.jpg\",\"datePublished\":\"2023-03-16T00:34:33+00:00\",\"dateModified\":\"2023-03-31T00:47:03+00:00\",\"breadcrumb\":{\"@id\":\"https:\/\/www.fmtrance.com\/online\/el-gobierno-porteno-planea-instalar-camaras-en-las-aulas-de-las-escuelas-del-distrito\/#breadcrumb\"},\"inLanguage\":\"es-AR\",\"potentialAction\":[{\"@type\":\"ReadAction\",\"target\":[\"https:\/\/www.fmtrance.com\/online\/el-gobierno-porteno-planea-instalar-camaras-en-las-aulas-de-las-escuelas-del-distrito\/\"]}]},{\"@type\":\"ImageObject\",\"inLanguage\":\"es-AR\",\"@id\":\"https:\/\/www.fmtrance.com\/online\/el-gobierno-porteno-planea-instalar-camaras-en-las-aulas-de-las-escuelas-del-distrito\/#primaryimage\",\"url\":\"https:\/\/www.fmtrance.com\/online\/wp-content\/uploads\/2023\/03\/6412019ccc0b9_800x607.jpg\",\"contentUrl\":\"https:\/\/www.fmtrance.com\/online\/wp-content\/uploads\/2023\/03\/6412019ccc0b9_800x607.jpg\",\"width\":800,\"height\":607},{\"@type\":\"BreadcrumbList\",\"@id\":\"https:\/\/www.fmtrance.com\/online\/el-gobierno-porteno-planea-instalar-camaras-en-las-aulas-de-las-escuelas-del-distrito\/#breadcrumb\",\"itemListElement\":[{\"@type\":\"ListItem\",\"position\":1,\"name\":\"Inicio\",\"item\":\"https:\/\/www.fmtrance.com\/online\/\"},{\"@type\":\"ListItem\",\"position\":2,\"name\":\"El Gobierno porte\u00f1o planea instalar c\u00e1maras en las aulas de las escuelas del distrito\"}]},{\"@type\":\"WebSite\",\"@id\":\"https:\/\/www.fmtrance.com\/online\/#website\",\"url\":\"https:\/\/www.fmtrance.com\/online\/\",\"name\":\"FM Trance 103.3\",\"description\":\"CABA. Radio de musica electronica\",\"publisher\":{\"@id\":\"https:\/\/www.fmtrance.com\/online\/#organization\"},\"potentialAction\":[{\"@type\":\"SearchAction\",\"target\":{\"@type\":\"EntryPoint\",\"urlTemplate\":\"https:\/\/www.fmtrance.com\/online\/?s={search_term_string}\"},\"query-input\":{\"@type\":\"PropertyValueSpecification\",\"valueRequired\":true,\"valueName\":\"search_term_string\"}}],\"inLanguage\":\"es-AR\"},{\"@type\":\"Organization\",\"@id\":\"https:\/\/www.fmtrance.com\/online\/#organization\",\"name\":\"FM TRANCE\",\"url\":\"https:\/\/www.fmtrance.com\/online\/\",\"logo\":{\"@type\":\"ImageObject\",\"inLanguage\":\"es-AR\",\"@id\":\"https:\/\/www.fmtrance.com\/online\/#\/schema\/logo\/image\/\",\"url\":\"https:\/\/www.fmtrance.com\/online\/wp-content\/uploads\/2025\/03\/LOGO-WEB.png\",\"contentUrl\":\"https:\/\/www.fmtrance.com\/online\/wp-content\/uploads\/2025\/03\/LOGO-WEB.png\",\"width\":500,\"height\":500,\"caption\":\"FM TRANCE\"},\"image\":{\"@id\":\"https:\/\/www.fmtrance.com\/online\/#\/schema\/logo\/image\/\"},\"sameAs\":[\"https:\/\/www.facebook.com\/fmtrance\",\"https:\/\/x.com\/fmtrance\",\"https:\/\/www.instagram.com\/fmtrance\"]},{\"@type\":\"Person\",\"@id\":\"https:\/\/www.fmtrance.com\/online\/#\/schema\/person\/686af7f826dd2f08b36b4760b7dcdddd\",\"name\":\"Redaccion FM Trance\",\"image\":{\"@type\":\"ImageObject\",\"inLanguage\":\"es-AR\",\"@id\":\"https:\/\/www.fmtrance.com\/online\/#\/schema\/person\/image\/\",\"url\":\"https:\/\/secure.gravatar.com\/avatar\/c9d0afa8b0785bea8046a42861739f0a26fb9e8da739ce032e6598dc2981bc38?s=96&r=g\",\"contentUrl\":\"https:\/\/secure.gravatar.com\/avatar\/c9d0afa8b0785bea8046a42861739f0a26fb9e8da739ce032e6598dc2981bc38?s=96&r=g\",\"caption\":\"Redaccion FM Trance\"},\"description\":\"Fundador y Director general de FM Trance. Nacido el 24 de Septiembre de 1987, en Caballito, Ciudad Autonoma de Buenos Aires. Alguien de Radio desde siempre: ya a los 9 a\u00f1os de edad como radioescucha, sintonizando estaci\u00f3nes de AM, FM, onda corta, TV UHF\/VHF, y dem\u00e1s servicios. Se desempe\u00f1\u00f3 como Operador T\u00e9cnico en diferentes emisoras locales de CABA y GBA, y hasta el dia de hoy sigue ejerciendo desde la parte t\u00e9cnica, realizando trabajos en varias Radios. Egresado del ISER de la carrera de Operador Tecnico de Planta Transmisora, cursando actualmente la carrera de Operador Tecnico de Estudios de Radio en dicha instituci\u00f3n, y flamante radioaficionado (habiendo completado el curso en el Radioclub Buenos Aires), distintiva LU2DBK.\",\"url\":\"https:\/\/www.fmtrance.com\/online\/author\/fmtrance\/\"}]}<\/script>\n<!-- \/ Yoast SEO plugin. -->","yoast_head_json":{"title":"El Gobierno porte\u00f1o planea instalar c\u00e1maras en las aulas de las escuelas del distrito | FM Trance 103.3","robots":{"index":"index","follow":"follow","max-snippet":"max-snippet:-1","max-image-preview":"max-image-preview:large","max-video-preview":"max-video-preview:-1"},"canonical":"https:\/\/www.fmtrance.com\/online\/el-gobierno-porteno-planea-instalar-camaras-en-las-aulas-de-las-escuelas-del-distrito\/","og_locale":"es_ES","og_type":"article","og_title":"El Gobierno porte\u00f1o planea instalar c\u00e1maras en las aulas de las escuelas del distrito | FM Trance 103.3","og_description":"En el ministerio afirman que se trata de prevenci\u00f3n por los constantes robos de computadoras en los establecimientos. El ministerio","og_url":"https:\/\/www.fmtrance.com\/online\/el-gobierno-porteno-planea-instalar-camaras-en-las-aulas-de-las-escuelas-del-distrito\/","og_site_name":"FM Trance 103.3","article_publisher":"https:\/\/www.facebook.com\/fmtrance","article_published_time":"2023-03-16T00:34:33+00:00","article_modified_time":"2023-03-31T00:47:03+00:00","og_image":[{"width":800,"height":607,"url":"https:\/\/www.fmtrance.com\/online\/wp-content\/uploads\/2023\/03\/6412019ccc0b9_800x607.jpg","type":"image\/jpeg"}],"author":"Redaccion FM Trance","twitter_card":"summary_large_image","twitter_creator":"@fmtrance","twitter_site":"@fmtrance","twitter_misc":{"Escrito por":"Redaccion FM Trance","Tiempo de lectura":"1 minuto"},"schema":{"@context":"https:\/\/schema.org","@graph":[{"@type":"Article","@id":"https:\/\/www.fmtrance.com\/online\/el-gobierno-porteno-planea-instalar-camaras-en-las-aulas-de-las-escuelas-del-distrito\/#article","isPartOf":{"@id":"https:\/\/www.fmtrance.com\/online\/el-gobierno-porteno-planea-instalar-camaras-en-las-aulas-de-las-escuelas-del-distrito\/"},"author":{"name":"Redaccion FM Trance","@id":"https:\/\/www.fmtrance.com\/online\/#\/schema\/person\/686af7f826dd2f08b36b4760b7dcdddd"},"headline":"El Gobierno porte\u00f1o planea instalar c\u00e1maras en las aulas de las escuelas del distrito","datePublished":"2023-03-16T00:34:33+00:00","dateModified":"2023-03-31T00:47:03+00:00","mainEntityOfPage":{"@id":"https:\/\/www.fmtrance.com\/online\/el-gobierno-porteno-planea-instalar-camaras-en-las-aulas-de-las-escuelas-del-distrito\/"},"wordCount":156,"commentCount":0,"publisher":{"@id":"https:\/\/www.fmtrance.com\/online\/#organization"},"image":{"@id":"https:\/\/www.fmtrance.com\/online\/el-gobierno-porteno-planea-instalar-camaras-en-las-aulas-de-las-escuelas-del-distrito\/#primaryimage"},"thumbnailUrl":"https:\/\/www.fmtrance.com\/online\/wp-content\/uploads\/2023\/03\/6412019ccc0b9_800x607.jpg","keywords":["Uncategorized"],"articleSection":["Noticias"],"inLanguage":"es-AR","potentialAction":[{"@type":"CommentAction","name":"Comment","target":["https:\/\/www.fmtrance.com\/online\/el-gobierno-porteno-planea-instalar-camaras-en-las-aulas-de-las-escuelas-del-distrito\/#respond"]}]},{"@type":"WebPage","@id":"https:\/\/www.fmtrance.com\/online\/el-gobierno-porteno-planea-instalar-camaras-en-las-aulas-de-las-escuelas-del-distrito\/","url":"https:\/\/www.fmtrance.com\/online\/el-gobierno-porteno-planea-instalar-camaras-en-las-aulas-de-las-escuelas-del-distrito\/","name":"El Gobierno porte\u00f1o planea instalar c\u00e1maras en las aulas de las escuelas del distrito | FM Trance 103.3","isPartOf":{"@id":"https:\/\/www.fmtrance.com\/online\/#website"},"primaryImageOfPage":{"@id":"https:\/\/www.fmtrance.com\/online\/el-gobierno-porteno-planea-instalar-camaras-en-las-aulas-de-las-escuelas-del-distrito\/#primaryimage"},"image":{"@id":"https:\/\/www.fmtrance.com\/online\/el-gobierno-porteno-planea-instalar-camaras-en-las-aulas-de-las-escuelas-del-distrito\/#primaryimage"},"thumbnailUrl":"https:\/\/www.fmtrance.com\/online\/wp-content\/uploads\/2023\/03\/6412019ccc0b9_800x607.jpg","datePublished":"2023-03-16T00:34:33+00:00","dateModified":"2023-03-31T00:47:03+00:00","breadcrumb":{"@id":"https:\/\/www.fmtrance.com\/online\/el-gobierno-porteno-planea-instalar-camaras-en-las-aulas-de-las-escuelas-del-distrito\/#breadcrumb"},"inLanguage":"es-AR","potentialAction":[{"@type":"ReadAction","target":["https:\/\/www.fmtrance.com\/online\/el-gobierno-porteno-planea-instalar-camaras-en-las-aulas-de-las-escuelas-del-distrito\/"]}]},{"@type":"ImageObject","inLanguage":"es-AR","@id":"https:\/\/www.fmtrance.com\/online\/el-gobierno-porteno-planea-instalar-camaras-en-las-aulas-de-las-escuelas-del-distrito\/#primaryimage","url":"https:\/\/www.fmtrance.com\/online\/wp-content\/uploads\/2023\/03\/6412019ccc0b9_800x607.jpg","contentUrl":"https:\/\/www.fmtrance.com\/online\/wp-content\/uploads\/2023\/03\/6412019ccc0b9_800x607.jpg","width":800,"height":607},{"@type":"BreadcrumbList","@id":"https:\/\/www.fmtrance.com\/online\/el-gobierno-porteno-planea-instalar-camaras-en-las-aulas-de-las-escuelas-del-distrito\/#breadcrumb","itemListElement":[{"@type":"ListItem","position":1,"name":"Inicio","item":"https:\/\/www.fmtrance.com\/online\/"},{"@type":"ListItem","position":2,"name":"El Gobierno porte\u00f1o planea instalar c\u00e1maras en las aulas de las escuelas del distrito"}]},{"@type":"WebSite","@id":"https:\/\/www.fmtrance.com\/online\/#website","url":"https:\/\/www.fmtrance.com\/online\/","name":"FM Trance 103.3","description":"CABA. Radio de musica electronica","publisher":{"@id":"https:\/\/www.fmtrance.com\/online\/#organization"},"potentialAction":[{"@type":"SearchAction","target":{"@type":"EntryPoint","urlTemplate":"https:\/\/www.fmtrance.com\/online\/?s={search_term_string}"},"query-input":{"@type":"PropertyValueSpecification","valueRequired":true,"valueName":"search_term_string"}}],"inLanguage":"es-AR"},{"@type":"Organization","@id":"https:\/\/www.fmtrance.com\/online\/#organization","name":"FM TRANCE","url":"https:\/\/www.fmtrance.com\/online\/","logo":{"@type":"ImageObject","inLanguage":"es-AR","@id":"https:\/\/www.fmtrance.com\/online\/#\/schema\/logo\/image\/","url":"https:\/\/www.fmtrance.com\/online\/wp-content\/uploads\/2025\/03\/LOGO-WEB.png","contentUrl":"https:\/\/www.fmtrance.com\/online\/wp-content\/uploads\/2025\/03\/LOGO-WEB.png","width":500,"height":500,"caption":"FM TRANCE"},"image":{"@id":"https:\/\/www.fmtrance.com\/online\/#\/schema\/logo\/image\/"},"sameAs":["https:\/\/www.facebook.com\/fmtrance","https:\/\/x.com\/fmtrance","https:\/\/www.instagram.com\/fmtrance"]},{"@type":"Person","@id":"https:\/\/www.fmtrance.com\/online\/#\/schema\/person\/686af7f826dd2f08b36b4760b7dcdddd","name":"Redaccion FM Trance","image":{"@type":"ImageObject","inLanguage":"es-AR","@id":"https:\/\/www.fmtrance.com\/online\/#\/schema\/person\/image\/","url":"https:\/\/secure.gravatar.com\/avatar\/c9d0afa8b0785bea8046a42861739f0a26fb9e8da739ce032e6598dc2981bc38?s=96&r=g","contentUrl":"https:\/\/secure.gravatar.com\/avatar\/c9d0afa8b0785bea8046a42861739f0a26fb9e8da739ce032e6598dc2981bc38?s=96&r=g","caption":"Redaccion FM Trance"},"description":"Fundador y Director general de FM Trance. Nacido el 24 de Septiembre de 1987, en Caballito, Ciudad Autonoma de Buenos Aires. Alguien de Radio desde siempre: ya a los 9 a\u00f1os de edad como radioescucha, sintonizando estaci\u00f3nes de AM, FM, onda corta, TV UHF\/VHF, y dem\u00e1s servicios. Se desempe\u00f1\u00f3 como Operador T\u00e9cnico en diferentes emisoras locales de CABA y GBA, y hasta el dia de hoy sigue ejerciendo desde la parte t\u00e9cnica, realizando trabajos en varias Radios. Egresado del ISER de la carrera de Operador Tecnico de Planta Transmisora, cursando actualmente la carrera de Operador Tecnico de Estudios de Radio en dicha instituci\u00f3n, y flamante radioaficionado (habiendo completado el curso en el Radioclub Buenos Aires), distintiva LU2DBK.","url":"https:\/\/www.fmtrance.com\/online\/author\/fmtrance\/"}]}},"_links":{"self":[{"href":"https:\/\/www.fmtrance.com\/online\/wp-json\/wp\/v2\/posts\/3969","targetHints":{"allow":["GET"]}}],"collection":[{"href":"https:\/\/www.fmtrance.com\/online\/wp-json\/wp\/v2\/posts"}],"about":[{"href":"https:\/\/www.fmtrance.com\/online\/wp-json\/wp\/v2\/types\/post"}],"author":[{"embeddable":true,"href":"https:\/\/www.fmtrance.com\/online\/wp-json\/wp\/v2\/users\/1"}],"replies":[{"embeddable":true,"href":"https:\/\/www.fmtrance.com\/online\/wp-json\/wp\/v2\/comments?post=3969"}],"version-history":[{"count":1,"href":"https:\/\/www.fmtrance.com\/online\/wp-json\/wp\/v2\/posts\/3969\/revisions"}],"predecessor-version":[{"id":3971,"href":"https:\/\/www.fmtrance.com\/online\/wp-json\/wp\/v2\/posts\/3969\/revisions\/3971"}],"wp:featuredmedia":[{"embeddable":true,"href":"https:\/\/www.fmtrance.com\/online\/wp-json\/wp\/v2\/media\/3970"}],"wp:attachment":[{"href":"https:\/\/www.fmtrance.com\/online\/wp-json\/wp\/v2\/media?parent=3969"}],"wp:term":[{"taxonomy":"category","embeddable":true,"href":"https:\/\/www.fmtrance.com\/online\/wp-json\/wp\/v2\/categories?post=3969"},{"taxonomy":"post_tag","embeddable":true,"href":"https:\/\/www.fmtrance.com\/online\/wp-json\/wp\/v2\/tags?post=3969"}],"curies":[{"name":"wp","href":"https:\/\/api.w.org\/{rel}","templated":true}]}}