{"id":3966,"date":"2023-03-14T21:30:55","date_gmt":"2023-03-15T00:30:55","guid":{"rendered":"http:\/\/www.fmtrance.com\/online\/?p=3966"},"modified":"2023-03-30T21:33:49","modified_gmt":"2023-03-31T00:33:49","slug":"paro-docente-y-faltazo-masivo-de-alumnos-en-las-escuelas-de-caba-por-la-ola-de-calor","status":"publish","type":"post","link":"https:\/\/www.fmtrance.com\/online\/paro-docente-y-faltazo-masivo-de-alumnos-en-las-escuelas-de-caba-por-la-ola-de-calor\/","title":{"rendered":"Paro docente y faltazo masivo de alumnos en las escuelas de CABA por la ola de calor"},"content":{"rendered":"<div class=\"row\">\n<div class=\"col-lg-12\">\n<div class=\"detail\">\n<p><strong>Los trabajadores nucleados en Ademys llevan adelante este martes una medida de fuerza para visibilizar las condiciones en las que diariamente asisten a las instituciones. En paralelo, se registraron faltazos masivos de alumnos en 19 instituciones.<\/strong><\/p>\n<\/div>\n<\/div>\n<\/div>\n<div class=\"row\">\n<div class=\"col-lg-8\">\n<section>\n<div class=\"row\">\n<article class=\"col-lg-12 col-md-12\">\n<div class=\"head-media clearfix\">\n<p>La ola de calor castiga a la\u00a0<strong>Ciudad de Buenos Aires\u00a0<\/strong>y la comunidad educativa es una de las m\u00e1s afectadas. Desde el gremio docente\u00a0<strong>Ademys\u00a0<\/strong>decidieron realizar un paro este martes para denunciar las condiciones \u201c<strong>deplorables<\/strong>\u201d en las que ejercen su trabajo y miles de alumnos y alumnas asisten a los establecimientos p\u00fablicos.<\/p>\n<p>La medida de fuerza se lleva a cabo \u201c<strong>ante la ola de calor, el recorte de infraestructura y la p\u00e9rdida de salario<\/strong>\u201d, adem\u00e1s subrayan que la ministra de Educaci\u00f3n de la CABA,\u00a0<strong>Soledad Acu\u00f1a<\/strong>, \u201cno se hace cargo\u201d de la situaci\u00f3n.<\/p>\n<div class=\"codigo_js\">\n<div class=\"twitter-tweet twitter-tweet-rendered\"><iframe id=\"twitter-widget-1\" class=\"\" title=\"Twitter Tweet\" src=\"https:\/\/platform.twitter.com\/embed\/Tweet.html?creatorScreenName=nciudad&amp;dnt=false&amp;embedId=twitter-widget-1&amp;features=eyJ0ZndfdGltZWxpbmVfbGlzdCI6eyJidWNrZXQiOltdLCJ2ZXJzaW9uIjpudWxsfSwidGZ3X2ZvbGxvd2VyX2NvdW50X3N1bnNldCI6eyJidWNrZXQiOnRydWUsInZlcnNpb24iOm51bGx9LCJ0ZndfdHdlZXRfZWRpdF9iYWNrZW5kIjp7ImJ1Y2tldCI6Im9uIiwidmVyc2lvbiI6bnVsbH0sInRmd19yZWZzcmNfc2Vzc2lvbiI6eyJidWNrZXQiOiJvbiIsInZlcnNpb24iOm51bGx9LCJ0ZndfbWl4ZWRfbWVkaWFfMTU4OTciOnsiYnVja2V0IjoidHJlYXRtZW50IiwidmVyc2lvbiI6bnVsbH0sInRmd19leHBlcmltZW50c19jb29raWVfZXhwaXJhdGlvbiI6eyJidWNrZXQiOjEyMDk2MDAsInZlcnNpb24iOm51bGx9LCJ0ZndfZHVwbGljYXRlX3NjcmliZXNfdG9fc2V0dGluZ3MiOnsiYnVja2V0Ijoib24iLCJ2ZXJzaW9uIjpudWxsfSwidGZ3X3ZpZGVvX2hsc19keW5hbWljX21hbmlmZXN0c18xNTA4MiI6eyJidWNrZXQiOiJ0cnVlX2JpdHJhdGUiLCJ2ZXJzaW9uIjpudWxsfSwidGZ3X2xlZ2FjeV90aW1lbGluZV9zdW5zZXQiOnsiYnVja2V0Ijp0cnVlLCJ2ZXJzaW9uIjpudWxsfSwidGZ3X3R3ZWV0X2VkaXRfZnJvbnRlbmQiOnsiYnVja2V0Ijoib24iLCJ2ZXJzaW9uIjpudWxsfX0%3D&amp;frame=false&amp;hideCard=false&amp;hideThread=false&amp;id=1635633182774030343&amp;lang=es&amp;origin=https%3A%2F%2Fwww.nueva-ciudad.com.ar%2Fnotas%2F202303%2F51048-paro-docente-y-faltazo-masivo-de-alumnos-en-las-escuelas-de-la-ciudad-por-la-ola-de-calor.html&amp;sessionId=c6aa64c14ee0ebe84547b4a286838579a3fa3c86&amp;siteScreenName=nciudad&amp;theme=light&amp;widgetsVersion=aaf4084522e3a%3A1674595607486&amp;width=550px\" frameborder=\"0\" scrolling=\"no\" allowfullscreen=\"allowfullscreen\" data-tweet-id=\"1635633182774030343\" data-mce-fragment=\"1\"><\/iframe><\/div>\n<\/div>\n<p>En paralelo,<strong>\u00a0se registraron en al menos 19 instituciones del distrito faltazos masivos de alumnos \u201cpor las p\u00e9simas condiciones\u201d y los casi 40 grados de sensaci\u00f3n t\u00e9rmica\u00a0<\/strong>que desencadenaron situaciones de \u201cdescompensaci\u00f3n\u201d en alumnos y docentes.<\/p>\n<p>De la protesta participan estudiantes de los colegios\u00a0<strong>Juan Pedro Esnaola, Liceo 9, Maip\u00fa, Yrurtia, Pugliese, Mariano Acosta, Mariano Moreno, Agust\u00edn Tosco, Nicol\u00e1s Avellaneda, Rodolfo Walsh, Antonio Devoto, Fernando Fader, Mar\u00eda Claudia Falcone, Comercial 32, Normal 5, Normal 1, Escuela Superior de Educaci\u00f3n Art\u00edstica Manuel Belgrano, la Escuela Normal 7 y la Escuela de Cer\u00e1mica N\u00ba 1.<\/strong><\/p>\n<p>Por su parte, desde el gremio docente justifican la decisi\u00f3n frente a \u201clas condiciones de las escuelas de CABA, ante la falta de presupuesto educativo, que son deplorables y no permiten garantizar el aprendizaje\u201d.<\/p>\n<p>Como respuesta al panorama alarmante que vive la comunidad, la funcionaria y precandidata a jefa de Gobierno, Acu\u00f1a, cuestion\u00f3 la medida y asegur\u00f3 que\u00a0<strong>la ola de calor es \u201cextraordinaria y at\u00edpica\u201d.<\/strong><\/p>\n<div class=\"codigo_js\">\n<div class=\"twitter-tweet twitter-tweet-rendered\"><iframe id=\"twitter-widget-2\" class=\"\" title=\"Twitter Tweet\" src=\"https:\/\/platform.twitter.com\/embed\/Tweet.html?creatorScreenName=nciudad&amp;dnt=false&amp;embedId=twitter-widget-2&amp;features=eyJ0ZndfdGltZWxpbmVfbGlzdCI6eyJidWNrZXQiOltdLCJ2ZXJzaW9uIjpudWxsfSwidGZ3X2ZvbGxvd2VyX2NvdW50X3N1bnNldCI6eyJidWNrZXQiOnRydWUsInZlcnNpb24iOm51bGx9LCJ0ZndfdHdlZXRfZWRpdF9iYWNrZW5kIjp7ImJ1Y2tldCI6Im9uIiwidmVyc2lvbiI6bnVsbH0sInRmd19yZWZzcmNfc2Vzc2lvbiI6eyJidWNrZXQiOiJvbiIsInZlcnNpb24iOm51bGx9LCJ0ZndfbWl4ZWRfbWVkaWFfMTU4OTciOnsiYnVja2V0IjoidHJlYXRtZW50IiwidmVyc2lvbiI6bnVsbH0sInRmd19leHBlcmltZW50c19jb29raWVfZXhwaXJhdGlvbiI6eyJidWNrZXQiOjEyMDk2MDAsInZlcnNpb24iOm51bGx9LCJ0ZndfZHVwbGljYXRlX3NjcmliZXNfdG9fc2V0dGluZ3MiOnsiYnVja2V0Ijoib24iLCJ2ZXJzaW9uIjpudWxsfSwidGZ3X3ZpZGVvX2hsc19keW5hbWljX21hbmlmZXN0c18xNTA4MiI6eyJidWNrZXQiOiJ0cnVlX2JpdHJhdGUiLCJ2ZXJzaW9uIjpudWxsfSwidGZ3X2xlZ2FjeV90aW1lbGluZV9zdW5zZXQiOnsiYnVja2V0Ijp0cnVlLCJ2ZXJzaW9uIjpudWxsfSwidGZ3X3R3ZWV0X2VkaXRfZnJvbnRlbmQiOnsiYnVja2V0Ijoib24iLCJ2ZXJzaW9uIjpudWxsfX0%3D&amp;frame=false&amp;hideCard=false&amp;hideThread=false&amp;id=1635441230107615234&amp;lang=es&amp;origin=https%3A%2F%2Fwww.nueva-ciudad.com.ar%2Fnotas%2F202303%2F51048-paro-docente-y-faltazo-masivo-de-alumnos-en-las-escuelas-de-la-ciudad-por-la-ola-de-calor.html&amp;sessionId=c6aa64c14ee0ebe84547b4a286838579a3fa3c86&amp;siteScreenName=nciudad&amp;theme=light&amp;widgetsVersion=aaf4084522e3a%3A1674595607486&amp;width=550px\" frameborder=\"0\" scrolling=\"no\" allowfullscreen=\"allowfullscreen\" data-tweet-id=\"1635441230107615234\" data-mce-fragment=\"1\"><\/iframe><\/div>\n<\/div>\n<p><strong>\u201cNing\u00fan \u00e1mbito laboral ni sector suspendi\u00f3 sus actividades en este contexto.<\/strong>\u00a0El Estado debe garantizar la educaci\u00f3n de los chicos todos los d\u00edas\u201d, opin\u00f3.<\/p>\n<p>Acto seguido, explic\u00f3: \u201cNo se puede negar, sin embargo, que miles de chicos encuentran mejores condiciones en la escuela que en sus propias casas, a pesar de que los gremios que piden cerrar las escuelas por el calor supongan que todos tienen aires acondicionados en sus hogares\u201d.<\/p>\n<p>Respecto a las medidas de prevenci\u00f3n que realizan en la gesti\u00f3n porte\u00f1a para combatir las altas temperaturas, mencion\u00f3: \u201cDesde el Ministerio seguimos adelante desplegando todos los recursos que tenemos para mitigar esta situaci\u00f3n excepcional, desde la\u00a0<strong>distribuci\u00f3n de agua hasta la reparaci\u00f3n o reposici\u00f3n de los m\u00e1s de 25 mil ventiladores con los que contamos\u201d.<\/strong><\/p>\n<p>En un nuevo desencuentro entre los docentes y la ministra, desde Ademys insisten que la suspensi\u00f3n de clases se debe \u201ca la mala situaci\u00f3n en la que se ense\u00f1a y se estudia\u201d, adem\u00e1s subrayan que hay una \u201ccrisis de infraestructura escolar\u201d.<\/p>\n<p>\u201cLamentablemente no se hace cargo de las condiciones de las escuelas. Desde que se inici\u00f3 el ciclo lectivo, con altas temperaturas tambi\u00e9n, hay reclamos sobre la falta de aclimataci\u00f3n (ventiladores, aires, agua fresca para ni\u00f1os).\u00a0<strong>El pedido de suspensi\u00f3n es a ra\u00edz de la mala situaci\u00f3n en la que ense\u00f1amos y se estudia.<\/strong>\u00a0Es una medida preventiva porque no arreglan las escuelas\u201d, indic\u00f3\u00a0<strong>Amanda Martin<\/strong>, secretaria adjunta del gremio.<\/p>\n<\/div>\n<\/article>\n<\/div>\n<\/section>\n<\/div>\n<\/div>\n","protected":false},"excerpt":{"rendered":"<p>Los trabajadores nucleados en Ademys llevan adelante este martes una medida de fuerza para visibilizar las condiciones en las que<\/p>\n","protected":false},"author":1,"featured_media":3967,"comment_status":"open","ping_status":"closed","sticky":false,"template":"","format":"standard","meta":{"footnotes":""},"categories":[1],"tags":[1726],"class_list":["post-3966","post","type-post","status-publish","format-standard","has-post-thumbnail","hentry","category-uncategorized","tag-uncategorized"],"yoast_head":"<!-- This site is optimized with the Yoast SEO plugin v24.6 - https:\/\/yoast.com\/wordpress\/plugins\/seo\/ -->\n<title>Paro docente y faltazo masivo de alumnos en las escuelas de CABA por la ola de calor | FM Trance 103.3<\/title>\n<meta name=\"robots\" content=\"index, follow, max-snippet:-1, max-image-preview:large, max-video-preview:-1\" \/>\n<link rel=\"canonical\" href=\"https:\/\/www.fmtrance.com\/online\/paro-docente-y-faltazo-masivo-de-alumnos-en-las-escuelas-de-caba-por-la-ola-de-calor\/\" \/>\n<meta property=\"og:locale\" content=\"es_ES\" \/>\n<meta property=\"og:type\" content=\"article\" \/>\n<meta property=\"og:title\" content=\"Paro docente y faltazo masivo de alumnos en las escuelas de CABA por la ola de calor | FM Trance 103.3\" \/>\n<meta property=\"og:description\" content=\"Los trabajadores nucleados en Ademys llevan adelante este martes una medida de fuerza para visibilizar las condiciones en las que\" \/>\n<meta property=\"og:url\" content=\"https:\/\/www.fmtrance.com\/online\/paro-docente-y-faltazo-masivo-de-alumnos-en-las-escuelas-de-caba-por-la-ola-de-calor\/\" \/>\n<meta property=\"og:site_name\" content=\"FM Trance 103.3\" \/>\n<meta property=\"article:publisher\" content=\"https:\/\/www.facebook.com\/fmtrance\" \/>\n<meta property=\"article:published_time\" content=\"2023-03-15T00:30:55+00:00\" \/>\n<meta property=\"article:modified_time\" content=\"2023-03-31T00:33:49+00:00\" \/>\n<meta property=\"og:image\" content=\"https:\/\/www.fmtrance.com\/online\/wp-content\/uploads\/2023\/03\/6410a07a98a39_800x597.jpg\" \/>\n\t<meta property=\"og:image:width\" content=\"800\" \/>\n\t<meta property=\"og:image:height\" content=\"597\" \/>\n\t<meta property=\"og:image:type\" content=\"image\/jpeg\" \/>\n<meta name=\"author\" content=\"Redaccion FM Trance\" \/>\n<meta name=\"twitter:card\" content=\"summary_large_image\" \/>\n<meta name=\"twitter:creator\" content=\"@fmtrance\" \/>\n<meta name=\"twitter:site\" content=\"@fmtrance\" \/>\n<meta name=\"twitter:label1\" content=\"Escrito por\" \/>\n\t<meta name=\"twitter:data1\" content=\"Redaccion FM Trance\" \/>\n\t<meta name=\"twitter:label2\" content=\"Tiempo de lectura\" \/>\n\t<meta name=\"twitter:data2\" content=\"3 minutos\" \/>\n<script type=\"application\/ld+json\" class=\"yoast-schema-graph\">{\"@context\":\"https:\/\/schema.org\",\"@graph\":[{\"@type\":\"Article\",\"@id\":\"https:\/\/www.fmtrance.com\/online\/paro-docente-y-faltazo-masivo-de-alumnos-en-las-escuelas-de-caba-por-la-ola-de-calor\/#article\",\"isPartOf\":{\"@id\":\"https:\/\/www.fmtrance.com\/online\/paro-docente-y-faltazo-masivo-de-alumnos-en-las-escuelas-de-caba-por-la-ola-de-calor\/\"},\"author\":{\"name\":\"Redaccion FM Trance\",\"@id\":\"https:\/\/www.fmtrance.com\/online\/#\/schema\/person\/686af7f826dd2f08b36b4760b7dcdddd\"},\"headline\":\"Paro docente y faltazo masivo de alumnos en las escuelas de CABA por la ola de calor\",\"datePublished\":\"2023-03-15T00:30:55+00:00\",\"dateModified\":\"2023-03-31T00:33:49+00:00\",\"mainEntityOfPage\":{\"@id\":\"https:\/\/www.fmtrance.com\/online\/paro-docente-y-faltazo-masivo-de-alumnos-en-las-escuelas-de-caba-por-la-ola-de-calor\/\"},\"wordCount\":575,\"commentCount\":0,\"publisher\":{\"@id\":\"https:\/\/www.fmtrance.com\/online\/#organization\"},\"image\":{\"@id\":\"https:\/\/www.fmtrance.com\/online\/paro-docente-y-faltazo-masivo-de-alumnos-en-las-escuelas-de-caba-por-la-ola-de-calor\/#primaryimage\"},\"thumbnailUrl\":\"https:\/\/www.fmtrance.com\/online\/wp-content\/uploads\/2023\/03\/6410a07a98a39_800x597.jpg\",\"keywords\":[\"Uncategorized\"],\"articleSection\":[\"Noticias\"],\"inLanguage\":\"es-AR\",\"potentialAction\":[{\"@type\":\"CommentAction\",\"name\":\"Comment\",\"target\":[\"https:\/\/www.fmtrance.com\/online\/paro-docente-y-faltazo-masivo-de-alumnos-en-las-escuelas-de-caba-por-la-ola-de-calor\/#respond\"]}]},{\"@type\":\"WebPage\",\"@id\":\"https:\/\/www.fmtrance.com\/online\/paro-docente-y-faltazo-masivo-de-alumnos-en-las-escuelas-de-caba-por-la-ola-de-calor\/\",\"url\":\"https:\/\/www.fmtrance.com\/online\/paro-docente-y-faltazo-masivo-de-alumnos-en-las-escuelas-de-caba-por-la-ola-de-calor\/\",\"name\":\"Paro docente y faltazo masivo de alumnos en las escuelas de CABA por la ola de calor | FM Trance 103.3\",\"isPartOf\":{\"@id\":\"https:\/\/www.fmtrance.com\/online\/#website\"},\"primaryImageOfPage\":{\"@id\":\"https:\/\/www.fmtrance.com\/online\/paro-docente-y-faltazo-masivo-de-alumnos-en-las-escuelas-de-caba-por-la-ola-de-calor\/#primaryimage\"},\"image\":{\"@id\":\"https:\/\/www.fmtrance.com\/online\/paro-docente-y-faltazo-masivo-de-alumnos-en-las-escuelas-de-caba-por-la-ola-de-calor\/#primaryimage\"},\"thumbnailUrl\":\"https:\/\/www.fmtrance.com\/online\/wp-content\/uploads\/2023\/03\/6410a07a98a39_800x597.jpg\",\"datePublished\":\"2023-03-15T00:30:55+00:00\",\"dateModified\":\"2023-03-31T00:33:49+00:00\",\"breadcrumb\":{\"@id\":\"https:\/\/www.fmtrance.com\/online\/paro-docente-y-faltazo-masivo-de-alumnos-en-las-escuelas-de-caba-por-la-ola-de-calor\/#breadcrumb\"},\"inLanguage\":\"es-AR\",\"potentialAction\":[{\"@type\":\"ReadAction\",\"target\":[\"https:\/\/www.fmtrance.com\/online\/paro-docente-y-faltazo-masivo-de-alumnos-en-las-escuelas-de-caba-por-la-ola-de-calor\/\"]}]},{\"@type\":\"ImageObject\",\"inLanguage\":\"es-AR\",\"@id\":\"https:\/\/www.fmtrance.com\/online\/paro-docente-y-faltazo-masivo-de-alumnos-en-las-escuelas-de-caba-por-la-ola-de-calor\/#primaryimage\",\"url\":\"https:\/\/www.fmtrance.com\/online\/wp-content\/uploads\/2023\/03\/6410a07a98a39_800x597.jpg\",\"contentUrl\":\"https:\/\/www.fmtrance.com\/online\/wp-content\/uploads\/2023\/03\/6410a07a98a39_800x597.jpg\",\"width\":800,\"height\":597},{\"@type\":\"BreadcrumbList\",\"@id\":\"https:\/\/www.fmtrance.com\/online\/paro-docente-y-faltazo-masivo-de-alumnos-en-las-escuelas-de-caba-por-la-ola-de-calor\/#breadcrumb\",\"itemListElement\":[{\"@type\":\"ListItem\",\"position\":1,\"name\":\"Inicio\",\"item\":\"https:\/\/www.fmtrance.com\/online\/\"},{\"@type\":\"ListItem\",\"position\":2,\"name\":\"Paro docente y faltazo masivo de alumnos en las escuelas de CABA por la ola de calor\"}]},{\"@type\":\"WebSite\",\"@id\":\"https:\/\/www.fmtrance.com\/online\/#website\",\"url\":\"https:\/\/www.fmtrance.com\/online\/\",\"name\":\"FM Trance 103.3\",\"description\":\"CABA. Radio de musica electronica\",\"publisher\":{\"@id\":\"https:\/\/www.fmtrance.com\/online\/#organization\"},\"potentialAction\":[{\"@type\":\"SearchAction\",\"target\":{\"@type\":\"EntryPoint\",\"urlTemplate\":\"https:\/\/www.fmtrance.com\/online\/?s={search_term_string}\"},\"query-input\":{\"@type\":\"PropertyValueSpecification\",\"valueRequired\":true,\"valueName\":\"search_term_string\"}}],\"inLanguage\":\"es-AR\"},{\"@type\":\"Organization\",\"@id\":\"https:\/\/www.fmtrance.com\/online\/#organization\",\"name\":\"FM TRANCE\",\"url\":\"https:\/\/www.fmtrance.com\/online\/\",\"logo\":{\"@type\":\"ImageObject\",\"inLanguage\":\"es-AR\",\"@id\":\"https:\/\/www.fmtrance.com\/online\/#\/schema\/logo\/image\/\",\"url\":\"https:\/\/www.fmtrance.com\/online\/wp-content\/uploads\/2025\/03\/LOGO-WEB.png\",\"contentUrl\":\"https:\/\/www.fmtrance.com\/online\/wp-content\/uploads\/2025\/03\/LOGO-WEB.png\",\"width\":500,\"height\":500,\"caption\":\"FM TRANCE\"},\"image\":{\"@id\":\"https:\/\/www.fmtrance.com\/online\/#\/schema\/logo\/image\/\"},\"sameAs\":[\"https:\/\/www.facebook.com\/fmtrance\",\"https:\/\/x.com\/fmtrance\",\"https:\/\/www.instagram.com\/fmtrance\"]},{\"@type\":\"Person\",\"@id\":\"https:\/\/www.fmtrance.com\/online\/#\/schema\/person\/686af7f826dd2f08b36b4760b7dcdddd\",\"name\":\"Redaccion FM Trance\",\"image\":{\"@type\":\"ImageObject\",\"inLanguage\":\"es-AR\",\"@id\":\"https:\/\/www.fmtrance.com\/online\/#\/schema\/person\/image\/\",\"url\":\"https:\/\/secure.gravatar.com\/avatar\/c9d0afa8b0785bea8046a42861739f0a26fb9e8da739ce032e6598dc2981bc38?s=96&r=g\",\"contentUrl\":\"https:\/\/secure.gravatar.com\/avatar\/c9d0afa8b0785bea8046a42861739f0a26fb9e8da739ce032e6598dc2981bc38?s=96&r=g\",\"caption\":\"Redaccion FM Trance\"},\"description\":\"Fundador y Director general de FM Trance. Nacido el 24 de Septiembre de 1987, en Caballito, Ciudad Autonoma de Buenos Aires. Alguien de Radio desde siempre: ya a los 9 a\u00f1os de edad como radioescucha, sintonizando estaci\u00f3nes de AM, FM, onda corta, TV UHF\/VHF, y dem\u00e1s servicios. Se desempe\u00f1\u00f3 como Operador T\u00e9cnico en diferentes emisoras locales de CABA y GBA, y hasta el dia de hoy sigue ejerciendo desde la parte t\u00e9cnica, realizando trabajos en varias Radios. Egresado del ISER de la carrera de Operador Tecnico de Planta Transmisora, cursando actualmente la carrera de Operador Tecnico de Estudios de Radio en dicha instituci\u00f3n, y flamante radioaficionado (habiendo completado el curso en el Radioclub Buenos Aires), distintiva LU2DBK.\",\"url\":\"https:\/\/www.fmtrance.com\/online\/author\/fmtrance\/\"}]}<\/script>\n<!-- \/ Yoast SEO plugin. -->","yoast_head_json":{"title":"Paro docente y faltazo masivo de alumnos en las escuelas de CABA por la ola de calor | FM Trance 103.3","robots":{"index":"index","follow":"follow","max-snippet":"max-snippet:-1","max-image-preview":"max-image-preview:large","max-video-preview":"max-video-preview:-1"},"canonical":"https:\/\/www.fmtrance.com\/online\/paro-docente-y-faltazo-masivo-de-alumnos-en-las-escuelas-de-caba-por-la-ola-de-calor\/","og_locale":"es_ES","og_type":"article","og_title":"Paro docente y faltazo masivo de alumnos en las escuelas de CABA por la ola de calor | FM Trance 103.3","og_description":"Los trabajadores nucleados en Ademys llevan adelante este martes una medida de fuerza para visibilizar las condiciones en las que","og_url":"https:\/\/www.fmtrance.com\/online\/paro-docente-y-faltazo-masivo-de-alumnos-en-las-escuelas-de-caba-por-la-ola-de-calor\/","og_site_name":"FM Trance 103.3","article_publisher":"https:\/\/www.facebook.com\/fmtrance","article_published_time":"2023-03-15T00:30:55+00:00","article_modified_time":"2023-03-31T00:33:49+00:00","og_image":[{"width":800,"height":597,"url":"https:\/\/www.fmtrance.com\/online\/wp-content\/uploads\/2023\/03\/6410a07a98a39_800x597.jpg","type":"image\/jpeg"}],"author":"Redaccion FM Trance","twitter_card":"summary_large_image","twitter_creator":"@fmtrance","twitter_site":"@fmtrance","twitter_misc":{"Escrito por":"Redaccion FM Trance","Tiempo de lectura":"3 minutos"},"schema":{"@context":"https:\/\/schema.org","@graph":[{"@type":"Article","@id":"https:\/\/www.fmtrance.com\/online\/paro-docente-y-faltazo-masivo-de-alumnos-en-las-escuelas-de-caba-por-la-ola-de-calor\/#article","isPartOf":{"@id":"https:\/\/www.fmtrance.com\/online\/paro-docente-y-faltazo-masivo-de-alumnos-en-las-escuelas-de-caba-por-la-ola-de-calor\/"},"author":{"name":"Redaccion FM Trance","@id":"https:\/\/www.fmtrance.com\/online\/#\/schema\/person\/686af7f826dd2f08b36b4760b7dcdddd"},"headline":"Paro docente y faltazo masivo de alumnos en las escuelas de CABA por la ola de calor","datePublished":"2023-03-15T00:30:55+00:00","dateModified":"2023-03-31T00:33:49+00:00","mainEntityOfPage":{"@id":"https:\/\/www.fmtrance.com\/online\/paro-docente-y-faltazo-masivo-de-alumnos-en-las-escuelas-de-caba-por-la-ola-de-calor\/"},"wordCount":575,"commentCount":0,"publisher":{"@id":"https:\/\/www.fmtrance.com\/online\/#organization"},"image":{"@id":"https:\/\/www.fmtrance.com\/online\/paro-docente-y-faltazo-masivo-de-alumnos-en-las-escuelas-de-caba-por-la-ola-de-calor\/#primaryimage"},"thumbnailUrl":"https:\/\/www.fmtrance.com\/online\/wp-content\/uploads\/2023\/03\/6410a07a98a39_800x597.jpg","keywords":["Uncategorized"],"articleSection":["Noticias"],"inLanguage":"es-AR","potentialAction":[{"@type":"CommentAction","name":"Comment","target":["https:\/\/www.fmtrance.com\/online\/paro-docente-y-faltazo-masivo-de-alumnos-en-las-escuelas-de-caba-por-la-ola-de-calor\/#respond"]}]},{"@type":"WebPage","@id":"https:\/\/www.fmtrance.com\/online\/paro-docente-y-faltazo-masivo-de-alumnos-en-las-escuelas-de-caba-por-la-ola-de-calor\/","url":"https:\/\/www.fmtrance.com\/online\/paro-docente-y-faltazo-masivo-de-alumnos-en-las-escuelas-de-caba-por-la-ola-de-calor\/","name":"Paro docente y faltazo masivo de alumnos en las escuelas de CABA por la ola de calor | FM Trance 103.3","isPartOf":{"@id":"https:\/\/www.fmtrance.com\/online\/#website"},"primaryImageOfPage":{"@id":"https:\/\/www.fmtrance.com\/online\/paro-docente-y-faltazo-masivo-de-alumnos-en-las-escuelas-de-caba-por-la-ola-de-calor\/#primaryimage"},"image":{"@id":"https:\/\/www.fmtrance.com\/online\/paro-docente-y-faltazo-masivo-de-alumnos-en-las-escuelas-de-caba-por-la-ola-de-calor\/#primaryimage"},"thumbnailUrl":"https:\/\/www.fmtrance.com\/online\/wp-content\/uploads\/2023\/03\/6410a07a98a39_800x597.jpg","datePublished":"2023-03-15T00:30:55+00:00","dateModified":"2023-03-31T00:33:49+00:00","breadcrumb":{"@id":"https:\/\/www.fmtrance.com\/online\/paro-docente-y-faltazo-masivo-de-alumnos-en-las-escuelas-de-caba-por-la-ola-de-calor\/#breadcrumb"},"inLanguage":"es-AR","potentialAction":[{"@type":"ReadAction","target":["https:\/\/www.fmtrance.com\/online\/paro-docente-y-faltazo-masivo-de-alumnos-en-las-escuelas-de-caba-por-la-ola-de-calor\/"]}]},{"@type":"ImageObject","inLanguage":"es-AR","@id":"https:\/\/www.fmtrance.com\/online\/paro-docente-y-faltazo-masivo-de-alumnos-en-las-escuelas-de-caba-por-la-ola-de-calor\/#primaryimage","url":"https:\/\/www.fmtrance.com\/online\/wp-content\/uploads\/2023\/03\/6410a07a98a39_800x597.jpg","contentUrl":"https:\/\/www.fmtrance.com\/online\/wp-content\/uploads\/2023\/03\/6410a07a98a39_800x597.jpg","width":800,"height":597},{"@type":"BreadcrumbList","@id":"https:\/\/www.fmtrance.com\/online\/paro-docente-y-faltazo-masivo-de-alumnos-en-las-escuelas-de-caba-por-la-ola-de-calor\/#breadcrumb","itemListElement":[{"@type":"ListItem","position":1,"name":"Inicio","item":"https:\/\/www.fmtrance.com\/online\/"},{"@type":"ListItem","position":2,"name":"Paro docente y faltazo masivo de alumnos en las escuelas de CABA por la ola de calor"}]},{"@type":"WebSite","@id":"https:\/\/www.fmtrance.com\/online\/#website","url":"https:\/\/www.fmtrance.com\/online\/","name":"FM Trance 103.3","description":"CABA. Radio de musica electronica","publisher":{"@id":"https:\/\/www.fmtrance.com\/online\/#organization"},"potentialAction":[{"@type":"SearchAction","target":{"@type":"EntryPoint","urlTemplate":"https:\/\/www.fmtrance.com\/online\/?s={search_term_string}"},"query-input":{"@type":"PropertyValueSpecification","valueRequired":true,"valueName":"search_term_string"}}],"inLanguage":"es-AR"},{"@type":"Organization","@id":"https:\/\/www.fmtrance.com\/online\/#organization","name":"FM TRANCE","url":"https:\/\/www.fmtrance.com\/online\/","logo":{"@type":"ImageObject","inLanguage":"es-AR","@id":"https:\/\/www.fmtrance.com\/online\/#\/schema\/logo\/image\/","url":"https:\/\/www.fmtrance.com\/online\/wp-content\/uploads\/2025\/03\/LOGO-WEB.png","contentUrl":"https:\/\/www.fmtrance.com\/online\/wp-content\/uploads\/2025\/03\/LOGO-WEB.png","width":500,"height":500,"caption":"FM TRANCE"},"image":{"@id":"https:\/\/www.fmtrance.com\/online\/#\/schema\/logo\/image\/"},"sameAs":["https:\/\/www.facebook.com\/fmtrance","https:\/\/x.com\/fmtrance","https:\/\/www.instagram.com\/fmtrance"]},{"@type":"Person","@id":"https:\/\/www.fmtrance.com\/online\/#\/schema\/person\/686af7f826dd2f08b36b4760b7dcdddd","name":"Redaccion FM Trance","image":{"@type":"ImageObject","inLanguage":"es-AR","@id":"https:\/\/www.fmtrance.com\/online\/#\/schema\/person\/image\/","url":"https:\/\/secure.gravatar.com\/avatar\/c9d0afa8b0785bea8046a42861739f0a26fb9e8da739ce032e6598dc2981bc38?s=96&r=g","contentUrl":"https:\/\/secure.gravatar.com\/avatar\/c9d0afa8b0785bea8046a42861739f0a26fb9e8da739ce032e6598dc2981bc38?s=96&r=g","caption":"Redaccion FM Trance"},"description":"Fundador y Director general de FM Trance. Nacido el 24 de Septiembre de 1987, en Caballito, Ciudad Autonoma de Buenos Aires. Alguien de Radio desde siempre: ya a los 9 a\u00f1os de edad como radioescucha, sintonizando estaci\u00f3nes de AM, FM, onda corta, TV UHF\/VHF, y dem\u00e1s servicios. Se desempe\u00f1\u00f3 como Operador T\u00e9cnico en diferentes emisoras locales de CABA y GBA, y hasta el dia de hoy sigue ejerciendo desde la parte t\u00e9cnica, realizando trabajos en varias Radios. Egresado del ISER de la carrera de Operador Tecnico de Planta Transmisora, cursando actualmente la carrera de Operador Tecnico de Estudios de Radio en dicha instituci\u00f3n, y flamante radioaficionado (habiendo completado el curso en el Radioclub Buenos Aires), distintiva LU2DBK.","url":"https:\/\/www.fmtrance.com\/online\/author\/fmtrance\/"}]}},"_links":{"self":[{"href":"https:\/\/www.fmtrance.com\/online\/wp-json\/wp\/v2\/posts\/3966","targetHints":{"allow":["GET"]}}],"collection":[{"href":"https:\/\/www.fmtrance.com\/online\/wp-json\/wp\/v2\/posts"}],"about":[{"href":"https:\/\/www.fmtrance.com\/online\/wp-json\/wp\/v2\/types\/post"}],"author":[{"embeddable":true,"href":"https:\/\/www.fmtrance.com\/online\/wp-json\/wp\/v2\/users\/1"}],"replies":[{"embeddable":true,"href":"https:\/\/www.fmtrance.com\/online\/wp-json\/wp\/v2\/comments?post=3966"}],"version-history":[{"count":1,"href":"https:\/\/www.fmtrance.com\/online\/wp-json\/wp\/v2\/posts\/3966\/revisions"}],"predecessor-version":[{"id":3968,"href":"https:\/\/www.fmtrance.com\/online\/wp-json\/wp\/v2\/posts\/3966\/revisions\/3968"}],"wp:featuredmedia":[{"embeddable":true,"href":"https:\/\/www.fmtrance.com\/online\/wp-json\/wp\/v2\/media\/3967"}],"wp:attachment":[{"href":"https:\/\/www.fmtrance.com\/online\/wp-json\/wp\/v2\/media?parent=3966"}],"wp:term":[{"taxonomy":"category","embeddable":true,"href":"https:\/\/www.fmtrance.com\/online\/wp-json\/wp\/v2\/categories?post=3966"},{"taxonomy":"post_tag","embeddable":true,"href":"https:\/\/www.fmtrance.com\/online\/wp-json\/wp\/v2\/tags?post=3966"}],"curies":[{"name":"wp","href":"https:\/\/api.w.org\/{rel}","templated":true}]}}