{"id":3963,"date":"2023-03-14T21:27:46","date_gmt":"2023-03-15T00:27:46","guid":{"rendered":"http:\/\/www.fmtrance.com\/online\/?p=3963"},"modified":"2023-03-30T21:30:20","modified_gmt":"2023-03-31T00:30:20","slug":"el-gobierno-porteno-anuncio-modificaciones-en-el-tramite-de-la-vtv","status":"publish","type":"post","link":"https:\/\/www.fmtrance.com\/online\/el-gobierno-porteno-anuncio-modificaciones-en-el-tramite-de-la-vtv\/","title":{"rendered":"El gobierno porte\u00f1o anunci\u00f3 modificaciones en el tr\u00e1mite de la VTV"},"content":{"rendered":"<div class=\"row\">\n<div class=\"col-lg-12\">\n<div class=\"detail\">\n<p><strong>En una conferencia encabezada por el jefe de Gobierno, Horacio Rodr\u00edguez Larreta, adelantaron una serie de medidas en relaci\u00f3n a la Verificaci\u00f3n T\u00e9cnica Vehicular (VTV). El proyecto de ley significar\u00e1 un alivio econ\u00f3mico para los vecinos.<\/strong><\/p>\n<\/div>\n<\/div>\n<\/div>\n<div class=\"row\">\n<div class=\"col-lg-8\">\n<section>\n<div class=\"row\">\n<article class=\"col-lg-12 col-md-12\">\n<div class=\"head-media clearfix\">\n<div class=\"description\">El jefe de Gobierno de la Ciudad,\u00a0<strong>Horacio Rodr\u00edguez Larreta<\/strong>, anunci\u00f3 esta ma\u00f1ana en conferencia de prensa una serie de medidas relacionadas a la\u00a0<strong>Verificaci\u00f3n T\u00e9cnica Vehicular (VTV)<\/strong>. Se trata de un proyecto de ley que enviar\u00e1n a la legislatura porte\u00f1a con el objetivo de que sea un beneficio econ\u00f3mico para los vecinos del distrito.<\/p>\n<p><strong>\u201cEl Estado tiene que devolverle al ciudadano lo m\u00e1s valioso que tiene, su tiempo<\/strong>, porque tardar menos haciendo un tr\u00e1mite implica m\u00e1s tiempo libre para hacer lo que quieran\u201d, sostuvo el precandidato presidencial.<\/p>\n<p>En una serie de puntos, seg\u00fan explic\u00f3 el alcalde porte\u00f1o, en primer lugar, se extender\u00e1 un a\u00f1o m\u00e1s la exenci\u00f3n de la VTV para autos nuevos, pasando de tres a cuatro a\u00f1os. \u201c<strong>Aquellos que compren un 0 Km en 2023 har\u00e1n la primera verificaci\u00f3n reci\u00e9n en 2027<\/strong>\u2033, explic\u00f3.<\/p>\n<p>Tambi\u00e9n inform\u00f3 que se alargar\u00e1 la vigencia de la VTV, que pasar\u00e1 de uno a dos a\u00f1os. \u201c<strong>Tendr\u00e1n que hacer la VTV de forma anual aquellos autos que cumplan los ocho a\u00f1os o alcancen los 60 mil kil\u00f3metros\u201d<\/strong>, complet\u00f3.<\/p>\n<div class=\"codigo_js\">\n<div class=\"twitter-tweet twitter-tweet-rendered\"><iframe id=\"twitter-widget-1\" class=\"\" title=\"Twitter Tweet\" src=\"https:\/\/platform.twitter.com\/embed\/Tweet.html?creatorScreenName=nciudad&amp;dnt=false&amp;embedId=twitter-widget-1&amp;features=eyJ0ZndfdGltZWxpbmVfbGlzdCI6eyJidWNrZXQiOltdLCJ2ZXJzaW9uIjpudWxsfSwidGZ3X2ZvbGxvd2VyX2NvdW50X3N1bnNldCI6eyJidWNrZXQiOnRydWUsInZlcnNpb24iOm51bGx9LCJ0ZndfdHdlZXRfZWRpdF9iYWNrZW5kIjp7ImJ1Y2tldCI6Im9uIiwidmVyc2lvbiI6bnVsbH0sInRmd19yZWZzcmNfc2Vzc2lvbiI6eyJidWNrZXQiOiJvbiIsInZlcnNpb24iOm51bGx9LCJ0ZndfbWl4ZWRfbWVkaWFfMTU4OTciOnsiYnVja2V0IjoidHJlYXRtZW50IiwidmVyc2lvbiI6bnVsbH0sInRmd19leHBlcmltZW50c19jb29raWVfZXhwaXJhdGlvbiI6eyJidWNrZXQiOjEyMDk2MDAsInZlcnNpb24iOm51bGx9LCJ0ZndfZHVwbGljYXRlX3NjcmliZXNfdG9fc2V0dGluZ3MiOnsiYnVja2V0Ijoib24iLCJ2ZXJzaW9uIjpudWxsfSwidGZ3X3ZpZGVvX2hsc19keW5hbWljX21hbmlmZXN0c18xNTA4MiI6eyJidWNrZXQiOiJ0cnVlX2JpdHJhdGUiLCJ2ZXJzaW9uIjpudWxsfSwidGZ3X2xlZ2FjeV90aW1lbGluZV9zdW5zZXQiOnsiYnVja2V0Ijp0cnVlLCJ2ZXJzaW9uIjpudWxsfSwidGZ3X3R3ZWV0X2VkaXRfZnJvbnRlbmQiOnsiYnVja2V0Ijoib24iLCJ2ZXJzaW9uIjpudWxsfX0%3D&amp;frame=false&amp;hideCard=false&amp;hideThread=false&amp;id=1635629575509270532&amp;lang=es&amp;origin=https%3A%2F%2Fwww.nueva-ciudad.com.ar%2Fnotas%2F202303%2F51045-el-gobierno-porteno-anuncio-modificaciones-en-el-tramite-de-la-vtv.html&amp;sessionId=0b9c0d91ac33d9e0ab5f4ff0eb0feb5d3ed0a62c&amp;siteScreenName=nciudad&amp;theme=light&amp;widgetsVersion=aaf4084522e3a%3A1674595607486&amp;width=550px\" frameborder=\"0\" scrolling=\"no\" allowfullscreen=\"allowfullscreen\" data-tweet-id=\"1635629575509270532\" data-mce-fragment=\"1\"><\/iframe><\/div>\n<\/div>\n<p>Y agreg\u00f3: \u201cMenos tiempo haciendo tr\u00e1mites es m\u00e1s calidad de vida para las personas y tambi\u00e9n m\u00e1s productividad para nuestra econom\u00eda, porque las empresas se dedican a lo suyo, en vez de a la burocracia. Cambiar la forma en la que nos relacionamos con el Estado es parte del cambio que necesita la Argentina. Yo voy a trabajar todos los d\u00edas para eso\u201d.<\/p>\n<p>El proyecto de ley fue elaborado por la Secretar\u00eda de Transporte y Obras P\u00fablicas, liderada por\u00a0<strong>Manuela L\u00f3pez Men\u00e9ndez<\/strong>; acompa\u00f1ados por la legislatura presidida por\u00a0<strong>Emanuel Ferrario<\/strong>\u00a0y legisladores del interbloque de Juntos por el Cambio como\u00a0<strong>Roberto Garc\u00eda Morit\u00e1n, Facundo del Gaiso y Diego Garc\u00eda Vilas.<\/strong><\/p>\n<p><strong>\u201cEste es un ejemplo m\u00e1s del Estado facilitador y al servicio de la gente que seguimos construyendo en la Ciudad y que queremos llevar a todo el pa\u00eds\u201d<\/strong>, declar\u00f3 Larreta, que se anunci\u00f3 las nuevas medidas junto al secretario de Asuntos P\u00fablicos, Waldo Wolff; y la jefa de Gabinete de la Secretar\u00eda de Transporte y Obras P\u00fablicas, Eugenia Wehbe.<\/p>\n<p>En esa l\u00ednea, calific\u00f3 a la VTV como un proceso \u201cclave\u201d para la seguridad vial y destac\u00f3 el impacto econ\u00f3mico que tendr\u00e1 en los vecinos: \u201c<strong>A valores de hoy, en lugar de gastar $42.000 en seis verificaciones, van a gastar $21.000 a largo de ocho a\u00f1os\u201d.<\/strong><\/p>\n<p>Por otra parte, detall\u00f3 que para el caso de jubilados y personas con discapacidad que cumplan con requisitos de ingreso y de caracter\u00edsticas del veh\u00edculo, la VTV ser\u00e1 gratuita.<\/p><\/div>\n<div class=\"clearfix\"><\/div>\n<\/div>\n<\/article>\n<\/div>\n<\/section>\n<\/div>\n<\/div>\n","protected":false},"excerpt":{"rendered":"<p>En una conferencia encabezada por el jefe de Gobierno, Horacio Rodr\u00edguez Larreta, adelantaron una serie de medidas en relaci\u00f3n a<\/p>\n","protected":false},"author":1,"featured_media":3964,"comment_status":"open","ping_status":"closed","sticky":false,"template":"","format":"standard","meta":{"footnotes":""},"categories":[1],"tags":[1726],"class_list":["post-3963","post","type-post","status-publish","format-standard","has-post-thumbnail","hentry","category-uncategorized","tag-uncategorized"],"yoast_head":"<!-- This site is optimized with the Yoast SEO plugin v24.6 - https:\/\/yoast.com\/wordpress\/plugins\/seo\/ -->\n<title>El gobierno porte\u00f1o anunci\u00f3 modificaciones en el tr\u00e1mite de la VTV | FM Trance 103.3<\/title>\n<meta name=\"robots\" content=\"index, follow, max-snippet:-1, max-image-preview:large, max-video-preview:-1\" \/>\n<link rel=\"canonical\" href=\"https:\/\/www.fmtrance.com\/online\/el-gobierno-porteno-anuncio-modificaciones-en-el-tramite-de-la-vtv\/\" \/>\n<meta property=\"og:locale\" content=\"es_ES\" \/>\n<meta property=\"og:type\" content=\"article\" \/>\n<meta property=\"og:title\" content=\"El gobierno porte\u00f1o anunci\u00f3 modificaciones en el tr\u00e1mite de la VTV | FM Trance 103.3\" \/>\n<meta property=\"og:description\" content=\"En una conferencia encabezada por el jefe de Gobierno, Horacio Rodr\u00edguez Larreta, adelantaron una serie de medidas en relaci\u00f3n a\" \/>\n<meta property=\"og:url\" content=\"https:\/\/www.fmtrance.com\/online\/el-gobierno-porteno-anuncio-modificaciones-en-el-tramite-de-la-vtv\/\" \/>\n<meta property=\"og:site_name\" content=\"FM Trance 103.3\" \/>\n<meta property=\"article:publisher\" content=\"https:\/\/www.facebook.com\/fmtrance\" \/>\n<meta property=\"article:published_time\" content=\"2023-03-15T00:27:46+00:00\" \/>\n<meta property=\"article:modified_time\" content=\"2023-03-31T00:30:20+00:00\" \/>\n<meta property=\"og:image\" content=\"https:\/\/www.fmtrance.com\/online\/wp-content\/uploads\/2023\/03\/641074f8d58fa_800x548.jpg\" \/>\n\t<meta property=\"og:image:width\" content=\"800\" \/>\n\t<meta property=\"og:image:height\" content=\"548\" \/>\n\t<meta property=\"og:image:type\" content=\"image\/jpeg\" \/>\n<meta name=\"author\" content=\"Redaccion FM Trance\" \/>\n<meta name=\"twitter:card\" content=\"summary_large_image\" \/>\n<meta name=\"twitter:creator\" content=\"@fmtrance\" \/>\n<meta name=\"twitter:site\" content=\"@fmtrance\" \/>\n<meta name=\"twitter:label1\" content=\"Escrito por\" \/>\n\t<meta name=\"twitter:data1\" content=\"Redaccion FM Trance\" \/>\n\t<meta name=\"twitter:label2\" content=\"Tiempo de lectura\" \/>\n\t<meta name=\"twitter:data2\" content=\"3 minutos\" \/>\n<script type=\"application\/ld+json\" class=\"yoast-schema-graph\">{\"@context\":\"https:\/\/schema.org\",\"@graph\":[{\"@type\":\"Article\",\"@id\":\"https:\/\/www.fmtrance.com\/online\/el-gobierno-porteno-anuncio-modificaciones-en-el-tramite-de-la-vtv\/#article\",\"isPartOf\":{\"@id\":\"https:\/\/www.fmtrance.com\/online\/el-gobierno-porteno-anuncio-modificaciones-en-el-tramite-de-la-vtv\/\"},\"author\":{\"name\":\"Redaccion FM Trance\",\"@id\":\"https:\/\/www.fmtrance.com\/online\/#\/schema\/person\/686af7f826dd2f08b36b4760b7dcdddd\"},\"headline\":\"El gobierno porte\u00f1o anunci\u00f3 modificaciones en el tr\u00e1mite de la VTV\",\"datePublished\":\"2023-03-15T00:27:46+00:00\",\"dateModified\":\"2023-03-31T00:30:20+00:00\",\"mainEntityOfPage\":{\"@id\":\"https:\/\/www.fmtrance.com\/online\/el-gobierno-porteno-anuncio-modificaciones-en-el-tramite-de-la-vtv\/\"},\"wordCount\":515,\"commentCount\":0,\"publisher\":{\"@id\":\"https:\/\/www.fmtrance.com\/online\/#organization\"},\"image\":{\"@id\":\"https:\/\/www.fmtrance.com\/online\/el-gobierno-porteno-anuncio-modificaciones-en-el-tramite-de-la-vtv\/#primaryimage\"},\"thumbnailUrl\":\"https:\/\/www.fmtrance.com\/online\/wp-content\/uploads\/2023\/03\/641074f8d58fa_800x548.jpg\",\"keywords\":[\"Uncategorized\"],\"articleSection\":[\"Noticias\"],\"inLanguage\":\"es-AR\",\"potentialAction\":[{\"@type\":\"CommentAction\",\"name\":\"Comment\",\"target\":[\"https:\/\/www.fmtrance.com\/online\/el-gobierno-porteno-anuncio-modificaciones-en-el-tramite-de-la-vtv\/#respond\"]}]},{\"@type\":\"WebPage\",\"@id\":\"https:\/\/www.fmtrance.com\/online\/el-gobierno-porteno-anuncio-modificaciones-en-el-tramite-de-la-vtv\/\",\"url\":\"https:\/\/www.fmtrance.com\/online\/el-gobierno-porteno-anuncio-modificaciones-en-el-tramite-de-la-vtv\/\",\"name\":\"El gobierno porte\u00f1o anunci\u00f3 modificaciones en el tr\u00e1mite de la VTV | FM Trance 103.3\",\"isPartOf\":{\"@id\":\"https:\/\/www.fmtrance.com\/online\/#website\"},\"primaryImageOfPage\":{\"@id\":\"https:\/\/www.fmtrance.com\/online\/el-gobierno-porteno-anuncio-modificaciones-en-el-tramite-de-la-vtv\/#primaryimage\"},\"image\":{\"@id\":\"https:\/\/www.fmtrance.com\/online\/el-gobierno-porteno-anuncio-modificaciones-en-el-tramite-de-la-vtv\/#primaryimage\"},\"thumbnailUrl\":\"https:\/\/www.fmtrance.com\/online\/wp-content\/uploads\/2023\/03\/641074f8d58fa_800x548.jpg\",\"datePublished\":\"2023-03-15T00:27:46+00:00\",\"dateModified\":\"2023-03-31T00:30:20+00:00\",\"breadcrumb\":{\"@id\":\"https:\/\/www.fmtrance.com\/online\/el-gobierno-porteno-anuncio-modificaciones-en-el-tramite-de-la-vtv\/#breadcrumb\"},\"inLanguage\":\"es-AR\",\"potentialAction\":[{\"@type\":\"ReadAction\",\"target\":[\"https:\/\/www.fmtrance.com\/online\/el-gobierno-porteno-anuncio-modificaciones-en-el-tramite-de-la-vtv\/\"]}]},{\"@type\":\"ImageObject\",\"inLanguage\":\"es-AR\",\"@id\":\"https:\/\/www.fmtrance.com\/online\/el-gobierno-porteno-anuncio-modificaciones-en-el-tramite-de-la-vtv\/#primaryimage\",\"url\":\"https:\/\/www.fmtrance.com\/online\/wp-content\/uploads\/2023\/03\/641074f8d58fa_800x548.jpg\",\"contentUrl\":\"https:\/\/www.fmtrance.com\/online\/wp-content\/uploads\/2023\/03\/641074f8d58fa_800x548.jpg\",\"width\":800,\"height\":548},{\"@type\":\"BreadcrumbList\",\"@id\":\"https:\/\/www.fmtrance.com\/online\/el-gobierno-porteno-anuncio-modificaciones-en-el-tramite-de-la-vtv\/#breadcrumb\",\"itemListElement\":[{\"@type\":\"ListItem\",\"position\":1,\"name\":\"Inicio\",\"item\":\"https:\/\/www.fmtrance.com\/online\/\"},{\"@type\":\"ListItem\",\"position\":2,\"name\":\"El gobierno porte\u00f1o anunci\u00f3 modificaciones en el tr\u00e1mite de la VTV\"}]},{\"@type\":\"WebSite\",\"@id\":\"https:\/\/www.fmtrance.com\/online\/#website\",\"url\":\"https:\/\/www.fmtrance.com\/online\/\",\"name\":\"FM Trance 103.3\",\"description\":\"CABA. Radio de musica electronica\",\"publisher\":{\"@id\":\"https:\/\/www.fmtrance.com\/online\/#organization\"},\"potentialAction\":[{\"@type\":\"SearchAction\",\"target\":{\"@type\":\"EntryPoint\",\"urlTemplate\":\"https:\/\/www.fmtrance.com\/online\/?s={search_term_string}\"},\"query-input\":{\"@type\":\"PropertyValueSpecification\",\"valueRequired\":true,\"valueName\":\"search_term_string\"}}],\"inLanguage\":\"es-AR\"},{\"@type\":\"Organization\",\"@id\":\"https:\/\/www.fmtrance.com\/online\/#organization\",\"name\":\"FM TRANCE\",\"url\":\"https:\/\/www.fmtrance.com\/online\/\",\"logo\":{\"@type\":\"ImageObject\",\"inLanguage\":\"es-AR\",\"@id\":\"https:\/\/www.fmtrance.com\/online\/#\/schema\/logo\/image\/\",\"url\":\"https:\/\/www.fmtrance.com\/online\/wp-content\/uploads\/2025\/03\/LOGO-WEB.png\",\"contentUrl\":\"https:\/\/www.fmtrance.com\/online\/wp-content\/uploads\/2025\/03\/LOGO-WEB.png\",\"width\":500,\"height\":500,\"caption\":\"FM TRANCE\"},\"image\":{\"@id\":\"https:\/\/www.fmtrance.com\/online\/#\/schema\/logo\/image\/\"},\"sameAs\":[\"https:\/\/www.facebook.com\/fmtrance\",\"https:\/\/x.com\/fmtrance\",\"https:\/\/www.instagram.com\/fmtrance\"]},{\"@type\":\"Person\",\"@id\":\"https:\/\/www.fmtrance.com\/online\/#\/schema\/person\/686af7f826dd2f08b36b4760b7dcdddd\",\"name\":\"Redaccion FM Trance\",\"image\":{\"@type\":\"ImageObject\",\"inLanguage\":\"es-AR\",\"@id\":\"https:\/\/www.fmtrance.com\/online\/#\/schema\/person\/image\/\",\"url\":\"https:\/\/secure.gravatar.com\/avatar\/c9d0afa8b0785bea8046a42861739f0a26fb9e8da739ce032e6598dc2981bc38?s=96&r=g\",\"contentUrl\":\"https:\/\/secure.gravatar.com\/avatar\/c9d0afa8b0785bea8046a42861739f0a26fb9e8da739ce032e6598dc2981bc38?s=96&r=g\",\"caption\":\"Redaccion FM Trance\"},\"description\":\"Fundador y Director general de FM Trance. Nacido el 24 de Septiembre de 1987, en Caballito, Ciudad Autonoma de Buenos Aires. Alguien de Radio desde siempre: ya a los 9 a\u00f1os de edad como radioescucha, sintonizando estaci\u00f3nes de AM, FM, onda corta, TV UHF\/VHF, y dem\u00e1s servicios. Se desempe\u00f1\u00f3 como Operador T\u00e9cnico en diferentes emisoras locales de CABA y GBA, y hasta el dia de hoy sigue ejerciendo desde la parte t\u00e9cnica, realizando trabajos en varias Radios. Egresado del ISER de la carrera de Operador Tecnico de Planta Transmisora, cursando actualmente la carrera de Operador Tecnico de Estudios de Radio en dicha instituci\u00f3n, y flamante radioaficionado (habiendo completado el curso en el Radioclub Buenos Aires), distintiva LU2DBK.\",\"url\":\"https:\/\/www.fmtrance.com\/online\/author\/fmtrance\/\"}]}<\/script>\n<!-- \/ Yoast SEO plugin. -->","yoast_head_json":{"title":"El gobierno porte\u00f1o anunci\u00f3 modificaciones en el tr\u00e1mite de la VTV | FM Trance 103.3","robots":{"index":"index","follow":"follow","max-snippet":"max-snippet:-1","max-image-preview":"max-image-preview:large","max-video-preview":"max-video-preview:-1"},"canonical":"https:\/\/www.fmtrance.com\/online\/el-gobierno-porteno-anuncio-modificaciones-en-el-tramite-de-la-vtv\/","og_locale":"es_ES","og_type":"article","og_title":"El gobierno porte\u00f1o anunci\u00f3 modificaciones en el tr\u00e1mite de la VTV | FM Trance 103.3","og_description":"En una conferencia encabezada por el jefe de Gobierno, Horacio Rodr\u00edguez Larreta, adelantaron una serie de medidas en relaci\u00f3n a","og_url":"https:\/\/www.fmtrance.com\/online\/el-gobierno-porteno-anuncio-modificaciones-en-el-tramite-de-la-vtv\/","og_site_name":"FM Trance 103.3","article_publisher":"https:\/\/www.facebook.com\/fmtrance","article_published_time":"2023-03-15T00:27:46+00:00","article_modified_time":"2023-03-31T00:30:20+00:00","og_image":[{"width":800,"height":548,"url":"https:\/\/www.fmtrance.com\/online\/wp-content\/uploads\/2023\/03\/641074f8d58fa_800x548.jpg","type":"image\/jpeg"}],"author":"Redaccion FM Trance","twitter_card":"summary_large_image","twitter_creator":"@fmtrance","twitter_site":"@fmtrance","twitter_misc":{"Escrito por":"Redaccion FM Trance","Tiempo de lectura":"3 minutos"},"schema":{"@context":"https:\/\/schema.org","@graph":[{"@type":"Article","@id":"https:\/\/www.fmtrance.com\/online\/el-gobierno-porteno-anuncio-modificaciones-en-el-tramite-de-la-vtv\/#article","isPartOf":{"@id":"https:\/\/www.fmtrance.com\/online\/el-gobierno-porteno-anuncio-modificaciones-en-el-tramite-de-la-vtv\/"},"author":{"name":"Redaccion FM Trance","@id":"https:\/\/www.fmtrance.com\/online\/#\/schema\/person\/686af7f826dd2f08b36b4760b7dcdddd"},"headline":"El gobierno porte\u00f1o anunci\u00f3 modificaciones en el tr\u00e1mite de la VTV","datePublished":"2023-03-15T00:27:46+00:00","dateModified":"2023-03-31T00:30:20+00:00","mainEntityOfPage":{"@id":"https:\/\/www.fmtrance.com\/online\/el-gobierno-porteno-anuncio-modificaciones-en-el-tramite-de-la-vtv\/"},"wordCount":515,"commentCount":0,"publisher":{"@id":"https:\/\/www.fmtrance.com\/online\/#organization"},"image":{"@id":"https:\/\/www.fmtrance.com\/online\/el-gobierno-porteno-anuncio-modificaciones-en-el-tramite-de-la-vtv\/#primaryimage"},"thumbnailUrl":"https:\/\/www.fmtrance.com\/online\/wp-content\/uploads\/2023\/03\/641074f8d58fa_800x548.jpg","keywords":["Uncategorized"],"articleSection":["Noticias"],"inLanguage":"es-AR","potentialAction":[{"@type":"CommentAction","name":"Comment","target":["https:\/\/www.fmtrance.com\/online\/el-gobierno-porteno-anuncio-modificaciones-en-el-tramite-de-la-vtv\/#respond"]}]},{"@type":"WebPage","@id":"https:\/\/www.fmtrance.com\/online\/el-gobierno-porteno-anuncio-modificaciones-en-el-tramite-de-la-vtv\/","url":"https:\/\/www.fmtrance.com\/online\/el-gobierno-porteno-anuncio-modificaciones-en-el-tramite-de-la-vtv\/","name":"El gobierno porte\u00f1o anunci\u00f3 modificaciones en el tr\u00e1mite de la VTV | FM Trance 103.3","isPartOf":{"@id":"https:\/\/www.fmtrance.com\/online\/#website"},"primaryImageOfPage":{"@id":"https:\/\/www.fmtrance.com\/online\/el-gobierno-porteno-anuncio-modificaciones-en-el-tramite-de-la-vtv\/#primaryimage"},"image":{"@id":"https:\/\/www.fmtrance.com\/online\/el-gobierno-porteno-anuncio-modificaciones-en-el-tramite-de-la-vtv\/#primaryimage"},"thumbnailUrl":"https:\/\/www.fmtrance.com\/online\/wp-content\/uploads\/2023\/03\/641074f8d58fa_800x548.jpg","datePublished":"2023-03-15T00:27:46+00:00","dateModified":"2023-03-31T00:30:20+00:00","breadcrumb":{"@id":"https:\/\/www.fmtrance.com\/online\/el-gobierno-porteno-anuncio-modificaciones-en-el-tramite-de-la-vtv\/#breadcrumb"},"inLanguage":"es-AR","potentialAction":[{"@type":"ReadAction","target":["https:\/\/www.fmtrance.com\/online\/el-gobierno-porteno-anuncio-modificaciones-en-el-tramite-de-la-vtv\/"]}]},{"@type":"ImageObject","inLanguage":"es-AR","@id":"https:\/\/www.fmtrance.com\/online\/el-gobierno-porteno-anuncio-modificaciones-en-el-tramite-de-la-vtv\/#primaryimage","url":"https:\/\/www.fmtrance.com\/online\/wp-content\/uploads\/2023\/03\/641074f8d58fa_800x548.jpg","contentUrl":"https:\/\/www.fmtrance.com\/online\/wp-content\/uploads\/2023\/03\/641074f8d58fa_800x548.jpg","width":800,"height":548},{"@type":"BreadcrumbList","@id":"https:\/\/www.fmtrance.com\/online\/el-gobierno-porteno-anuncio-modificaciones-en-el-tramite-de-la-vtv\/#breadcrumb","itemListElement":[{"@type":"ListItem","position":1,"name":"Inicio","item":"https:\/\/www.fmtrance.com\/online\/"},{"@type":"ListItem","position":2,"name":"El gobierno porte\u00f1o anunci\u00f3 modificaciones en el tr\u00e1mite de la VTV"}]},{"@type":"WebSite","@id":"https:\/\/www.fmtrance.com\/online\/#website","url":"https:\/\/www.fmtrance.com\/online\/","name":"FM Trance 103.3","description":"CABA. Radio de musica electronica","publisher":{"@id":"https:\/\/www.fmtrance.com\/online\/#organization"},"potentialAction":[{"@type":"SearchAction","target":{"@type":"EntryPoint","urlTemplate":"https:\/\/www.fmtrance.com\/online\/?s={search_term_string}"},"query-input":{"@type":"PropertyValueSpecification","valueRequired":true,"valueName":"search_term_string"}}],"inLanguage":"es-AR"},{"@type":"Organization","@id":"https:\/\/www.fmtrance.com\/online\/#organization","name":"FM TRANCE","url":"https:\/\/www.fmtrance.com\/online\/","logo":{"@type":"ImageObject","inLanguage":"es-AR","@id":"https:\/\/www.fmtrance.com\/online\/#\/schema\/logo\/image\/","url":"https:\/\/www.fmtrance.com\/online\/wp-content\/uploads\/2025\/03\/LOGO-WEB.png","contentUrl":"https:\/\/www.fmtrance.com\/online\/wp-content\/uploads\/2025\/03\/LOGO-WEB.png","width":500,"height":500,"caption":"FM TRANCE"},"image":{"@id":"https:\/\/www.fmtrance.com\/online\/#\/schema\/logo\/image\/"},"sameAs":["https:\/\/www.facebook.com\/fmtrance","https:\/\/x.com\/fmtrance","https:\/\/www.instagram.com\/fmtrance"]},{"@type":"Person","@id":"https:\/\/www.fmtrance.com\/online\/#\/schema\/person\/686af7f826dd2f08b36b4760b7dcdddd","name":"Redaccion FM Trance","image":{"@type":"ImageObject","inLanguage":"es-AR","@id":"https:\/\/www.fmtrance.com\/online\/#\/schema\/person\/image\/","url":"https:\/\/secure.gravatar.com\/avatar\/c9d0afa8b0785bea8046a42861739f0a26fb9e8da739ce032e6598dc2981bc38?s=96&r=g","contentUrl":"https:\/\/secure.gravatar.com\/avatar\/c9d0afa8b0785bea8046a42861739f0a26fb9e8da739ce032e6598dc2981bc38?s=96&r=g","caption":"Redaccion FM Trance"},"description":"Fundador y Director general de FM Trance. Nacido el 24 de Septiembre de 1987, en Caballito, Ciudad Autonoma de Buenos Aires. Alguien de Radio desde siempre: ya a los 9 a\u00f1os de edad como radioescucha, sintonizando estaci\u00f3nes de AM, FM, onda corta, TV UHF\/VHF, y dem\u00e1s servicios. Se desempe\u00f1\u00f3 como Operador T\u00e9cnico en diferentes emisoras locales de CABA y GBA, y hasta el dia de hoy sigue ejerciendo desde la parte t\u00e9cnica, realizando trabajos en varias Radios. Egresado del ISER de la carrera de Operador Tecnico de Planta Transmisora, cursando actualmente la carrera de Operador Tecnico de Estudios de Radio en dicha instituci\u00f3n, y flamante radioaficionado (habiendo completado el curso en el Radioclub Buenos Aires), distintiva LU2DBK.","url":"https:\/\/www.fmtrance.com\/online\/author\/fmtrance\/"}]}},"_links":{"self":[{"href":"https:\/\/www.fmtrance.com\/online\/wp-json\/wp\/v2\/posts\/3963","targetHints":{"allow":["GET"]}}],"collection":[{"href":"https:\/\/www.fmtrance.com\/online\/wp-json\/wp\/v2\/posts"}],"about":[{"href":"https:\/\/www.fmtrance.com\/online\/wp-json\/wp\/v2\/types\/post"}],"author":[{"embeddable":true,"href":"https:\/\/www.fmtrance.com\/online\/wp-json\/wp\/v2\/users\/1"}],"replies":[{"embeddable":true,"href":"https:\/\/www.fmtrance.com\/online\/wp-json\/wp\/v2\/comments?post=3963"}],"version-history":[{"count":1,"href":"https:\/\/www.fmtrance.com\/online\/wp-json\/wp\/v2\/posts\/3963\/revisions"}],"predecessor-version":[{"id":3965,"href":"https:\/\/www.fmtrance.com\/online\/wp-json\/wp\/v2\/posts\/3963\/revisions\/3965"}],"wp:featuredmedia":[{"embeddable":true,"href":"https:\/\/www.fmtrance.com\/online\/wp-json\/wp\/v2\/media\/3964"}],"wp:attachment":[{"href":"https:\/\/www.fmtrance.com\/online\/wp-json\/wp\/v2\/media?parent=3963"}],"wp:term":[{"taxonomy":"category","embeddable":true,"href":"https:\/\/www.fmtrance.com\/online\/wp-json\/wp\/v2\/categories?post=3963"},{"taxonomy":"post_tag","embeddable":true,"href":"https:\/\/www.fmtrance.com\/online\/wp-json\/wp\/v2\/tags?post=3963"}],"curies":[{"name":"wp","href":"https:\/\/api.w.org\/{rel}","templated":true}]}}