{"id":3960,"date":"2023-03-10T15:49:49","date_gmt":"2023-03-10T18:49:49","guid":{"rendered":"http:\/\/www.fmtrance.com\/online\/?p=3960"},"modified":"2023-03-10T15:49:49","modified_gmt":"2023-03-10T18:49:49","slug":"el-gobierno-autorizo-la-entrada-de-un-lote-de-60-pistolas-taser-para-la-ciudad","status":"publish","type":"post","link":"https:\/\/www.fmtrance.com\/online\/el-gobierno-autorizo-la-entrada-de-un-lote-de-60-pistolas-taser-para-la-ciudad\/","title":{"rendered":"El Gobierno autoriz\u00f3 la entrada de un lote de 60 pistolas Taser para la Ciudad"},"content":{"rendered":"<div class=\"row\">\n<div class=\"col-lg-12\">\n<div class=\"detail\">\n<p><strong>La administraci\u00f3n Nacional de Materiales Controlados (ANMAC) habilit\u00f3 el ingreso de las armas no letales. El ministro de seguridad en uso de licencia, Marcelo D\u2019alessandro celebr\u00f3 la medida y apunt\u00f3 contra el \u201cfalso progresismo\u201d del oficialismo nacional.<\/strong><\/p>\n<\/div>\n<\/div>\n<\/div>\n<div class=\"row\">\n<div class=\"col-lg-8\">\n<section>\n<div class=\"row\">\n<article class=\"col-lg-12 col-md-12\">\n<div class=\"head-media clearfix\">\n<div class=\"description\">Luego de una extensa pol\u00e9mica que gener\u00f3 disputas entre el Gobierno Nacional y su par de la Ciudad de Buenos Aires,\u00a0<strong>la administraci\u00f3n Nacional de Materiales Controlados (ANMAC)<\/strong>\u00a0<strong>habilit\u00f3 el ingreso de las pistolas Taser al pa\u00eds y, de esa manera, las fuerzas de seguridad porte\u00f1as contar\u00e1n con un lote de 60 armas no letales.<\/strong><\/p>\n<p>A partir de la decisi\u00f3n, desde el gobierno porte\u00f1o aseguraron que comenzar\u00e1 la capacitaci\u00f3n para los agentes en cuanto las armas ingresen al pa\u00eds. Al mismo tiempo, funcionarios de la gesti\u00f3n larretista aprovecharon para cuestionar la demora del oficialismo nacional.<\/p>\n<p>Cabe destacar que\u00a0<strong>las armas electr\u00f3nicas hab\u00edan sido compradas en el 2021 por el Gobierno de<\/strong>\u00a0<strong>Horacio Rodr\u00edguez Larreta<\/strong>, pero no ten\u00edan permiso de Naci\u00f3n para poder ingresarlas. Incluso el ministro de Seguridad en uso de licencia,\u00a0<strong>Marcelo D\u2019alessandro<\/strong>, amenaz\u00f3 con recurrir a la justicia para destrabar el conflicto.<\/p>\n<p>El propio D\u2019alessandro opin\u00f3 de la medida y carg\u00f3 contra el Gobierno nacional acus\u00e1ndolos de llevar adelante un \u201cfalso progresismo\u201d. \u201c<strong>Tuvimos que insistir y perder oficiales para que hoy el Gobierno nacional autorice las Taser.\u00a0<\/strong>Peleamos durante a\u00f1os para que el falso progresismo entendiera que hay que equipar a los que nos cuidan con lo mejor. Una gran noticia, que llega muy tarde\u201d, desarroll\u00f3 en sus redes sociales.<\/p>\n<div class=\"codigo_js\">\n<div class=\"twitter-tweet twitter-tweet-rendered\"><iframe id=\"twitter-widget-1\" class=\"\" title=\"Twitter Tweet\" src=\"https:\/\/platform.twitter.com\/embed\/Tweet.html?creatorScreenName=nciudad&amp;dnt=false&amp;embedId=twitter-widget-1&amp;features=eyJ0ZndfdGltZWxpbmVfbGlzdCI6eyJidWNrZXQiOltdLCJ2ZXJzaW9uIjpudWxsfSwidGZ3X2ZvbGxvd2VyX2NvdW50X3N1bnNldCI6eyJidWNrZXQiOnRydWUsInZlcnNpb24iOm51bGx9LCJ0ZndfdHdlZXRfZWRpdF9iYWNrZW5kIjp7ImJ1Y2tldCI6Im9uIiwidmVyc2lvbiI6bnVsbH0sInRmd19yZWZzcmNfc2Vzc2lvbiI6eyJidWNrZXQiOiJvbiIsInZlcnNpb24iOm51bGx9LCJ0ZndfbWl4ZWRfbWVkaWFfMTU4OTciOnsiYnVja2V0IjoidHJlYXRtZW50IiwidmVyc2lvbiI6bnVsbH0sInRmd19leHBlcmltZW50c19jb29raWVfZXhwaXJhdGlvbiI6eyJidWNrZXQiOjEyMDk2MDAsInZlcnNpb24iOm51bGx9LCJ0ZndfZHVwbGljYXRlX3NjcmliZXNfdG9fc2V0dGluZ3MiOnsiYnVja2V0Ijoib24iLCJ2ZXJzaW9uIjpudWxsfSwidGZ3X3ZpZGVvX2hsc19keW5hbWljX21hbmlmZXN0c18xNTA4MiI6eyJidWNrZXQiOiJ0cnVlX2JpdHJhdGUiLCJ2ZXJzaW9uIjpudWxsfSwidGZ3X2xlZ2FjeV90aW1lbGluZV9zdW5zZXQiOnsiYnVja2V0Ijp0cnVlLCJ2ZXJzaW9uIjpudWxsfSwidGZ3X3R3ZWV0X2VkaXRfZnJvbnRlbmQiOnsiYnVja2V0Ijoib24iLCJ2ZXJzaW9uIjpudWxsfX0%3D&amp;frame=false&amp;hideCard=false&amp;hideThread=false&amp;id=1633881265882669057&amp;lang=es&amp;origin=https%3A%2F%2Fwww.nueva-ciudad.com.ar%2Fnotas%2F202303%2F51024-el-gobierno-autorizo-la-entrada-de-un-lote-de-60-pistolas-taser-para-la-ciudad.html&amp;sessionId=efca04e29bc5b8dc52fa9fcfc09ddd83016ebae9&amp;siteScreenName=nciudad&amp;theme=light&amp;widgetsVersion=aaf4084522e3a%3A1674595607486&amp;width=550px\" frameborder=\"0\" scrolling=\"no\" allowfullscreen=\"allowfullscreen\" data-tweet-id=\"1633881265882669057\" data-mce-fragment=\"1\"><\/iframe><\/div>\n<\/div>\n<p>Y agreg\u00f3:<strong>\u00a0\u201cNadie nos va a devolver las vidas que se perdieron. La mezquindad de quienes hicieron pol\u00edtica con la seguridad de los vecinos caus\u00f3 muertes.\u00a0<\/strong>El \u00fanico objetivo del kirchnerismo fue, es y ser\u00e1 perjudicar a la Ciudad\u201d.<\/p>\n<p>En paralelo, el ministro de Seguridad de la Naci\u00f3n,\u00a0<strong>An\u00edbal Fern\u00e1ndez<\/strong>,\u00a0<strong>confirm\u00f3 la compra de 100 armas electr\u00f3nicas<\/strong>\u00a0para que sean usadas \u00fanicamente por grupos especializados de las Fuerzas Federales, tales como\u00a0 el Albatros de\u00a0 Prefectura, el Alacr\u00e1n de\u00a0 Gendarmer\u00eda, los Grupos T\u00e1cticos de la\u00a0 Polic\u00eda de Seguridad Aeroportuaria, las Unidades t\u00e1cticas de Intervenci\u00f3n Federal y el GEOF de la\u00a0 Polic\u00eda Federal Argentina.<\/p>\n<p><strong>Las pistolas Taser son armas electr\u00f3nicas de electrochoque &#8220;no letal&#8221; que descarga unos 50.000 voltios e incapacita a la persona por unos segundos<\/strong>\u00a0mediante el disparo de dardos electrificados que paralizan los mecanismos musculares del cuerpo y tiene un alcance aproximado de 10 metros.<\/div>\n<div class=\"clearfix\"><\/div>\n<\/div>\n<\/article>\n<\/div>\n<\/section>\n<\/div>\n<\/div>\n","protected":false},"excerpt":{"rendered":"<p>La administraci\u00f3n Nacional de Materiales Controlados (ANMAC) habilit\u00f3 el ingreso de las armas no letales. El ministro de seguridad en<\/p>\n","protected":false},"author":1,"featured_media":3870,"comment_status":"open","ping_status":"closed","sticky":false,"template":"","format":"standard","meta":{"footnotes":""},"categories":[1],"tags":[1726],"class_list":["post-3960","post","type-post","status-publish","format-standard","has-post-thumbnail","hentry","category-uncategorized","tag-uncategorized"],"yoast_head":"<!-- This site is optimized with the Yoast SEO plugin v24.6 - https:\/\/yoast.com\/wordpress\/plugins\/seo\/ -->\n<title>El Gobierno autoriz\u00f3 la entrada de un lote de 60 pistolas Taser para la Ciudad | FM Trance 103.3<\/title>\n<meta name=\"robots\" content=\"index, follow, max-snippet:-1, max-image-preview:large, max-video-preview:-1\" \/>\n<link rel=\"canonical\" href=\"https:\/\/www.fmtrance.com\/online\/el-gobierno-autorizo-la-entrada-de-un-lote-de-60-pistolas-taser-para-la-ciudad\/\" \/>\n<meta property=\"og:locale\" content=\"es_ES\" \/>\n<meta property=\"og:type\" content=\"article\" \/>\n<meta property=\"og:title\" content=\"El Gobierno autoriz\u00f3 la entrada de un lote de 60 pistolas Taser para la Ciudad | FM Trance 103.3\" \/>\n<meta property=\"og:description\" content=\"La administraci\u00f3n Nacional de Materiales Controlados (ANMAC) habilit\u00f3 el ingreso de las armas no letales. El ministro de seguridad en\" \/>\n<meta property=\"og:url\" content=\"https:\/\/www.fmtrance.com\/online\/el-gobierno-autorizo-la-entrada-de-un-lote-de-60-pistolas-taser-para-la-ciudad\/\" \/>\n<meta property=\"og:site_name\" content=\"FM Trance 103.3\" \/>\n<meta property=\"article:publisher\" content=\"https:\/\/www.facebook.com\/fmtrance\" \/>\n<meta property=\"article:published_time\" content=\"2023-03-10T18:49:49+00:00\" \/>\n<meta property=\"og:image\" content=\"https:\/\/www.fmtrance.com\/online\/wp-content\/uploads\/2023\/03\/5c433f91c4ff0_800x550.jpg\" \/>\n\t<meta property=\"og:image:width\" content=\"800\" \/>\n\t<meta property=\"og:image:height\" content=\"550\" \/>\n\t<meta property=\"og:image:type\" content=\"image\/jpeg\" \/>\n<meta name=\"author\" content=\"Redaccion FM Trance\" \/>\n<meta name=\"twitter:card\" content=\"summary_large_image\" \/>\n<meta name=\"twitter:creator\" content=\"@fmtrance\" \/>\n<meta name=\"twitter:site\" content=\"@fmtrance\" \/>\n<meta name=\"twitter:label1\" content=\"Escrito por\" \/>\n\t<meta name=\"twitter:data1\" content=\"Redaccion FM Trance\" \/>\n\t<meta name=\"twitter:label2\" content=\"Tiempo de lectura\" \/>\n\t<meta name=\"twitter:data2\" content=\"2 minutos\" \/>\n<script type=\"application\/ld+json\" class=\"yoast-schema-graph\">{\"@context\":\"https:\/\/schema.org\",\"@graph\":[{\"@type\":\"Article\",\"@id\":\"https:\/\/www.fmtrance.com\/online\/el-gobierno-autorizo-la-entrada-de-un-lote-de-60-pistolas-taser-para-la-ciudad\/#article\",\"isPartOf\":{\"@id\":\"https:\/\/www.fmtrance.com\/online\/el-gobierno-autorizo-la-entrada-de-un-lote-de-60-pistolas-taser-para-la-ciudad\/\"},\"author\":{\"name\":\"Redaccion FM Trance\",\"@id\":\"https:\/\/www.fmtrance.com\/online\/#\/schema\/person\/686af7f826dd2f08b36b4760b7dcdddd\"},\"headline\":\"El Gobierno autoriz\u00f3 la entrada de un lote de 60 pistolas Taser para la Ciudad\",\"datePublished\":\"2023-03-10T18:49:49+00:00\",\"mainEntityOfPage\":{\"@id\":\"https:\/\/www.fmtrance.com\/online\/el-gobierno-autorizo-la-entrada-de-un-lote-de-60-pistolas-taser-para-la-ciudad\/\"},\"wordCount\":438,\"commentCount\":0,\"publisher\":{\"@id\":\"https:\/\/www.fmtrance.com\/online\/#organization\"},\"image\":{\"@id\":\"https:\/\/www.fmtrance.com\/online\/el-gobierno-autorizo-la-entrada-de-un-lote-de-60-pistolas-taser-para-la-ciudad\/#primaryimage\"},\"thumbnailUrl\":\"https:\/\/www.fmtrance.com\/online\/wp-content\/uploads\/2023\/03\/5c433f91c4ff0_800x550.jpg\",\"keywords\":[\"Uncategorized\"],\"articleSection\":[\"Noticias\"],\"inLanguage\":\"es-AR\",\"potentialAction\":[{\"@type\":\"CommentAction\",\"name\":\"Comment\",\"target\":[\"https:\/\/www.fmtrance.com\/online\/el-gobierno-autorizo-la-entrada-de-un-lote-de-60-pistolas-taser-para-la-ciudad\/#respond\"]}]},{\"@type\":\"WebPage\",\"@id\":\"https:\/\/www.fmtrance.com\/online\/el-gobierno-autorizo-la-entrada-de-un-lote-de-60-pistolas-taser-para-la-ciudad\/\",\"url\":\"https:\/\/www.fmtrance.com\/online\/el-gobierno-autorizo-la-entrada-de-un-lote-de-60-pistolas-taser-para-la-ciudad\/\",\"name\":\"El Gobierno autoriz\u00f3 la entrada de un lote de 60 pistolas Taser para la Ciudad | FM Trance 103.3\",\"isPartOf\":{\"@id\":\"https:\/\/www.fmtrance.com\/online\/#website\"},\"primaryImageOfPage\":{\"@id\":\"https:\/\/www.fmtrance.com\/online\/el-gobierno-autorizo-la-entrada-de-un-lote-de-60-pistolas-taser-para-la-ciudad\/#primaryimage\"},\"image\":{\"@id\":\"https:\/\/www.fmtrance.com\/online\/el-gobierno-autorizo-la-entrada-de-un-lote-de-60-pistolas-taser-para-la-ciudad\/#primaryimage\"},\"thumbnailUrl\":\"https:\/\/www.fmtrance.com\/online\/wp-content\/uploads\/2023\/03\/5c433f91c4ff0_800x550.jpg\",\"datePublished\":\"2023-03-10T18:49:49+00:00\",\"breadcrumb\":{\"@id\":\"https:\/\/www.fmtrance.com\/online\/el-gobierno-autorizo-la-entrada-de-un-lote-de-60-pistolas-taser-para-la-ciudad\/#breadcrumb\"},\"inLanguage\":\"es-AR\",\"potentialAction\":[{\"@type\":\"ReadAction\",\"target\":[\"https:\/\/www.fmtrance.com\/online\/el-gobierno-autorizo-la-entrada-de-un-lote-de-60-pistolas-taser-para-la-ciudad\/\"]}]},{\"@type\":\"ImageObject\",\"inLanguage\":\"es-AR\",\"@id\":\"https:\/\/www.fmtrance.com\/online\/el-gobierno-autorizo-la-entrada-de-un-lote-de-60-pistolas-taser-para-la-ciudad\/#primaryimage\",\"url\":\"https:\/\/www.fmtrance.com\/online\/wp-content\/uploads\/2023\/03\/5c433f91c4ff0_800x550.jpg\",\"contentUrl\":\"https:\/\/www.fmtrance.com\/online\/wp-content\/uploads\/2023\/03\/5c433f91c4ff0_800x550.jpg\",\"width\":800,\"height\":550},{\"@type\":\"BreadcrumbList\",\"@id\":\"https:\/\/www.fmtrance.com\/online\/el-gobierno-autorizo-la-entrada-de-un-lote-de-60-pistolas-taser-para-la-ciudad\/#breadcrumb\",\"itemListElement\":[{\"@type\":\"ListItem\",\"position\":1,\"name\":\"Inicio\",\"item\":\"https:\/\/www.fmtrance.com\/online\/\"},{\"@type\":\"ListItem\",\"position\":2,\"name\":\"El Gobierno autoriz\u00f3 la entrada de un lote de 60 pistolas Taser para la Ciudad\"}]},{\"@type\":\"WebSite\",\"@id\":\"https:\/\/www.fmtrance.com\/online\/#website\",\"url\":\"https:\/\/www.fmtrance.com\/online\/\",\"name\":\"FM Trance 103.3\",\"description\":\"CABA. Radio de musica electronica\",\"publisher\":{\"@id\":\"https:\/\/www.fmtrance.com\/online\/#organization\"},\"potentialAction\":[{\"@type\":\"SearchAction\",\"target\":{\"@type\":\"EntryPoint\",\"urlTemplate\":\"https:\/\/www.fmtrance.com\/online\/?s={search_term_string}\"},\"query-input\":{\"@type\":\"PropertyValueSpecification\",\"valueRequired\":true,\"valueName\":\"search_term_string\"}}],\"inLanguage\":\"es-AR\"},{\"@type\":\"Organization\",\"@id\":\"https:\/\/www.fmtrance.com\/online\/#organization\",\"name\":\"FM TRANCE\",\"url\":\"https:\/\/www.fmtrance.com\/online\/\",\"logo\":{\"@type\":\"ImageObject\",\"inLanguage\":\"es-AR\",\"@id\":\"https:\/\/www.fmtrance.com\/online\/#\/schema\/logo\/image\/\",\"url\":\"https:\/\/www.fmtrance.com\/online\/wp-content\/uploads\/2025\/03\/LOGO-WEB.png\",\"contentUrl\":\"https:\/\/www.fmtrance.com\/online\/wp-content\/uploads\/2025\/03\/LOGO-WEB.png\",\"width\":500,\"height\":500,\"caption\":\"FM TRANCE\"},\"image\":{\"@id\":\"https:\/\/www.fmtrance.com\/online\/#\/schema\/logo\/image\/\"},\"sameAs\":[\"https:\/\/www.facebook.com\/fmtrance\",\"https:\/\/x.com\/fmtrance\",\"https:\/\/www.instagram.com\/fmtrance\"]},{\"@type\":\"Person\",\"@id\":\"https:\/\/www.fmtrance.com\/online\/#\/schema\/person\/686af7f826dd2f08b36b4760b7dcdddd\",\"name\":\"Redaccion FM Trance\",\"image\":{\"@type\":\"ImageObject\",\"inLanguage\":\"es-AR\",\"@id\":\"https:\/\/www.fmtrance.com\/online\/#\/schema\/person\/image\/\",\"url\":\"https:\/\/secure.gravatar.com\/avatar\/c9d0afa8b0785bea8046a42861739f0a26fb9e8da739ce032e6598dc2981bc38?s=96&r=g\",\"contentUrl\":\"https:\/\/secure.gravatar.com\/avatar\/c9d0afa8b0785bea8046a42861739f0a26fb9e8da739ce032e6598dc2981bc38?s=96&r=g\",\"caption\":\"Redaccion FM Trance\"},\"description\":\"Fundador y Director general de FM Trance. Nacido el 24 de Septiembre de 1987, en Caballito, Ciudad Autonoma de Buenos Aires. Alguien de Radio desde siempre: ya a los 9 a\u00f1os de edad como radioescucha, sintonizando estaci\u00f3nes de AM, FM, onda corta, TV UHF\/VHF, y dem\u00e1s servicios. Se desempe\u00f1\u00f3 como Operador T\u00e9cnico en diferentes emisoras locales de CABA y GBA, y hasta el dia de hoy sigue ejerciendo desde la parte t\u00e9cnica, realizando trabajos en varias Radios. Egresado del ISER de la carrera de Operador Tecnico de Planta Transmisora, cursando actualmente la carrera de Operador Tecnico de Estudios de Radio en dicha instituci\u00f3n, y flamante radioaficionado (habiendo completado el curso en el Radioclub Buenos Aires), distintiva LU2DBK.\",\"url\":\"https:\/\/www.fmtrance.com\/online\/author\/fmtrance\/\"}]}<\/script>\n<!-- \/ Yoast SEO plugin. -->","yoast_head_json":{"title":"El Gobierno autoriz\u00f3 la entrada de un lote de 60 pistolas Taser para la Ciudad | FM Trance 103.3","robots":{"index":"index","follow":"follow","max-snippet":"max-snippet:-1","max-image-preview":"max-image-preview:large","max-video-preview":"max-video-preview:-1"},"canonical":"https:\/\/www.fmtrance.com\/online\/el-gobierno-autorizo-la-entrada-de-un-lote-de-60-pistolas-taser-para-la-ciudad\/","og_locale":"es_ES","og_type":"article","og_title":"El Gobierno autoriz\u00f3 la entrada de un lote de 60 pistolas Taser para la Ciudad | FM Trance 103.3","og_description":"La administraci\u00f3n Nacional de Materiales Controlados (ANMAC) habilit\u00f3 el ingreso de las armas no letales. El ministro de seguridad en","og_url":"https:\/\/www.fmtrance.com\/online\/el-gobierno-autorizo-la-entrada-de-un-lote-de-60-pistolas-taser-para-la-ciudad\/","og_site_name":"FM Trance 103.3","article_publisher":"https:\/\/www.facebook.com\/fmtrance","article_published_time":"2023-03-10T18:49:49+00:00","og_image":[{"width":800,"height":550,"url":"https:\/\/www.fmtrance.com\/online\/wp-content\/uploads\/2023\/03\/5c433f91c4ff0_800x550.jpg","type":"image\/jpeg"}],"author":"Redaccion FM Trance","twitter_card":"summary_large_image","twitter_creator":"@fmtrance","twitter_site":"@fmtrance","twitter_misc":{"Escrito por":"Redaccion FM Trance","Tiempo de lectura":"2 minutos"},"schema":{"@context":"https:\/\/schema.org","@graph":[{"@type":"Article","@id":"https:\/\/www.fmtrance.com\/online\/el-gobierno-autorizo-la-entrada-de-un-lote-de-60-pistolas-taser-para-la-ciudad\/#article","isPartOf":{"@id":"https:\/\/www.fmtrance.com\/online\/el-gobierno-autorizo-la-entrada-de-un-lote-de-60-pistolas-taser-para-la-ciudad\/"},"author":{"name":"Redaccion FM Trance","@id":"https:\/\/www.fmtrance.com\/online\/#\/schema\/person\/686af7f826dd2f08b36b4760b7dcdddd"},"headline":"El Gobierno autoriz\u00f3 la entrada de un lote de 60 pistolas Taser para la Ciudad","datePublished":"2023-03-10T18:49:49+00:00","mainEntityOfPage":{"@id":"https:\/\/www.fmtrance.com\/online\/el-gobierno-autorizo-la-entrada-de-un-lote-de-60-pistolas-taser-para-la-ciudad\/"},"wordCount":438,"commentCount":0,"publisher":{"@id":"https:\/\/www.fmtrance.com\/online\/#organization"},"image":{"@id":"https:\/\/www.fmtrance.com\/online\/el-gobierno-autorizo-la-entrada-de-un-lote-de-60-pistolas-taser-para-la-ciudad\/#primaryimage"},"thumbnailUrl":"https:\/\/www.fmtrance.com\/online\/wp-content\/uploads\/2023\/03\/5c433f91c4ff0_800x550.jpg","keywords":["Uncategorized"],"articleSection":["Noticias"],"inLanguage":"es-AR","potentialAction":[{"@type":"CommentAction","name":"Comment","target":["https:\/\/www.fmtrance.com\/online\/el-gobierno-autorizo-la-entrada-de-un-lote-de-60-pistolas-taser-para-la-ciudad\/#respond"]}]},{"@type":"WebPage","@id":"https:\/\/www.fmtrance.com\/online\/el-gobierno-autorizo-la-entrada-de-un-lote-de-60-pistolas-taser-para-la-ciudad\/","url":"https:\/\/www.fmtrance.com\/online\/el-gobierno-autorizo-la-entrada-de-un-lote-de-60-pistolas-taser-para-la-ciudad\/","name":"El Gobierno autoriz\u00f3 la entrada de un lote de 60 pistolas Taser para la Ciudad | FM Trance 103.3","isPartOf":{"@id":"https:\/\/www.fmtrance.com\/online\/#website"},"primaryImageOfPage":{"@id":"https:\/\/www.fmtrance.com\/online\/el-gobierno-autorizo-la-entrada-de-un-lote-de-60-pistolas-taser-para-la-ciudad\/#primaryimage"},"image":{"@id":"https:\/\/www.fmtrance.com\/online\/el-gobierno-autorizo-la-entrada-de-un-lote-de-60-pistolas-taser-para-la-ciudad\/#primaryimage"},"thumbnailUrl":"https:\/\/www.fmtrance.com\/online\/wp-content\/uploads\/2023\/03\/5c433f91c4ff0_800x550.jpg","datePublished":"2023-03-10T18:49:49+00:00","breadcrumb":{"@id":"https:\/\/www.fmtrance.com\/online\/el-gobierno-autorizo-la-entrada-de-un-lote-de-60-pistolas-taser-para-la-ciudad\/#breadcrumb"},"inLanguage":"es-AR","potentialAction":[{"@type":"ReadAction","target":["https:\/\/www.fmtrance.com\/online\/el-gobierno-autorizo-la-entrada-de-un-lote-de-60-pistolas-taser-para-la-ciudad\/"]}]},{"@type":"ImageObject","inLanguage":"es-AR","@id":"https:\/\/www.fmtrance.com\/online\/el-gobierno-autorizo-la-entrada-de-un-lote-de-60-pistolas-taser-para-la-ciudad\/#primaryimage","url":"https:\/\/www.fmtrance.com\/online\/wp-content\/uploads\/2023\/03\/5c433f91c4ff0_800x550.jpg","contentUrl":"https:\/\/www.fmtrance.com\/online\/wp-content\/uploads\/2023\/03\/5c433f91c4ff0_800x550.jpg","width":800,"height":550},{"@type":"BreadcrumbList","@id":"https:\/\/www.fmtrance.com\/online\/el-gobierno-autorizo-la-entrada-de-un-lote-de-60-pistolas-taser-para-la-ciudad\/#breadcrumb","itemListElement":[{"@type":"ListItem","position":1,"name":"Inicio","item":"https:\/\/www.fmtrance.com\/online\/"},{"@type":"ListItem","position":2,"name":"El Gobierno autoriz\u00f3 la entrada de un lote de 60 pistolas Taser para la Ciudad"}]},{"@type":"WebSite","@id":"https:\/\/www.fmtrance.com\/online\/#website","url":"https:\/\/www.fmtrance.com\/online\/","name":"FM Trance 103.3","description":"CABA. Radio de musica electronica","publisher":{"@id":"https:\/\/www.fmtrance.com\/online\/#organization"},"potentialAction":[{"@type":"SearchAction","target":{"@type":"EntryPoint","urlTemplate":"https:\/\/www.fmtrance.com\/online\/?s={search_term_string}"},"query-input":{"@type":"PropertyValueSpecification","valueRequired":true,"valueName":"search_term_string"}}],"inLanguage":"es-AR"},{"@type":"Organization","@id":"https:\/\/www.fmtrance.com\/online\/#organization","name":"FM TRANCE","url":"https:\/\/www.fmtrance.com\/online\/","logo":{"@type":"ImageObject","inLanguage":"es-AR","@id":"https:\/\/www.fmtrance.com\/online\/#\/schema\/logo\/image\/","url":"https:\/\/www.fmtrance.com\/online\/wp-content\/uploads\/2025\/03\/LOGO-WEB.png","contentUrl":"https:\/\/www.fmtrance.com\/online\/wp-content\/uploads\/2025\/03\/LOGO-WEB.png","width":500,"height":500,"caption":"FM TRANCE"},"image":{"@id":"https:\/\/www.fmtrance.com\/online\/#\/schema\/logo\/image\/"},"sameAs":["https:\/\/www.facebook.com\/fmtrance","https:\/\/x.com\/fmtrance","https:\/\/www.instagram.com\/fmtrance"]},{"@type":"Person","@id":"https:\/\/www.fmtrance.com\/online\/#\/schema\/person\/686af7f826dd2f08b36b4760b7dcdddd","name":"Redaccion FM Trance","image":{"@type":"ImageObject","inLanguage":"es-AR","@id":"https:\/\/www.fmtrance.com\/online\/#\/schema\/person\/image\/","url":"https:\/\/secure.gravatar.com\/avatar\/c9d0afa8b0785bea8046a42861739f0a26fb9e8da739ce032e6598dc2981bc38?s=96&r=g","contentUrl":"https:\/\/secure.gravatar.com\/avatar\/c9d0afa8b0785bea8046a42861739f0a26fb9e8da739ce032e6598dc2981bc38?s=96&r=g","caption":"Redaccion FM Trance"},"description":"Fundador y Director general de FM Trance. Nacido el 24 de Septiembre de 1987, en Caballito, Ciudad Autonoma de Buenos Aires. Alguien de Radio desde siempre: ya a los 9 a\u00f1os de edad como radioescucha, sintonizando estaci\u00f3nes de AM, FM, onda corta, TV UHF\/VHF, y dem\u00e1s servicios. Se desempe\u00f1\u00f3 como Operador T\u00e9cnico en diferentes emisoras locales de CABA y GBA, y hasta el dia de hoy sigue ejerciendo desde la parte t\u00e9cnica, realizando trabajos en varias Radios. Egresado del ISER de la carrera de Operador Tecnico de Planta Transmisora, cursando actualmente la carrera de Operador Tecnico de Estudios de Radio en dicha instituci\u00f3n, y flamante radioaficionado (habiendo completado el curso en el Radioclub Buenos Aires), distintiva LU2DBK.","url":"https:\/\/www.fmtrance.com\/online\/author\/fmtrance\/"}]}},"_links":{"self":[{"href":"https:\/\/www.fmtrance.com\/online\/wp-json\/wp\/v2\/posts\/3960","targetHints":{"allow":["GET"]}}],"collection":[{"href":"https:\/\/www.fmtrance.com\/online\/wp-json\/wp\/v2\/posts"}],"about":[{"href":"https:\/\/www.fmtrance.com\/online\/wp-json\/wp\/v2\/types\/post"}],"author":[{"embeddable":true,"href":"https:\/\/www.fmtrance.com\/online\/wp-json\/wp\/v2\/users\/1"}],"replies":[{"embeddable":true,"href":"https:\/\/www.fmtrance.com\/online\/wp-json\/wp\/v2\/comments?post=3960"}],"version-history":[{"count":1,"href":"https:\/\/www.fmtrance.com\/online\/wp-json\/wp\/v2\/posts\/3960\/revisions"}],"predecessor-version":[{"id":3961,"href":"https:\/\/www.fmtrance.com\/online\/wp-json\/wp\/v2\/posts\/3960\/revisions\/3961"}],"wp:featuredmedia":[{"embeddable":true,"href":"https:\/\/www.fmtrance.com\/online\/wp-json\/wp\/v2\/media\/3870"}],"wp:attachment":[{"href":"https:\/\/www.fmtrance.com\/online\/wp-json\/wp\/v2\/media?parent=3960"}],"wp:term":[{"taxonomy":"category","embeddable":true,"href":"https:\/\/www.fmtrance.com\/online\/wp-json\/wp\/v2\/categories?post=3960"},{"taxonomy":"post_tag","embeddable":true,"href":"https:\/\/www.fmtrance.com\/online\/wp-json\/wp\/v2\/tags?post=3960"}],"curies":[{"name":"wp","href":"https:\/\/api.w.org\/{rel}","templated":true}]}}