{"id":3954,"date":"2023-03-09T14:05:41","date_gmt":"2023-03-09T17:05:41","guid":{"rendered":"http:\/\/www.fmtrance.com\/online\/?p=3954"},"modified":"2023-03-10T14:35:02","modified_gmt":"2023-03-10T17:35:02","slug":"las-consultas-medicas-aumentaron-un-15-por-las-altas-temperaturas-en-la-ciudad","status":"publish","type":"post","link":"https:\/\/www.fmtrance.com\/online\/las-consultas-medicas-aumentaron-un-15-por-las-altas-temperaturas-en-la-ciudad\/","title":{"rendered":"Las consultas m\u00e9dicas aumentaron un 15% por las altas temperaturas en la Ciudad"},"content":{"rendered":"<div class=\"row\">\n<div class=\"col-lg-12\">\n<div class=\"detail\">\n<p><strong>En el AMBA contin\u00faa vigente una alerta roja por temperaturas extremas, las cuales se extender\u00edan al menos por una semana.<\/strong><\/p>\n<\/div>\n<\/div>\n<\/div>\n<div class=\"row\">\n<div class=\"col-lg-8\">\n<section>\n<div class=\"row\">\n<article class=\"col-lg-12 col-md-12\">\n<div class=\"head-media clearfix\">\n<p>El ministerio de Salud de la Ciudad de Buenos Aires confirm\u00f3 un<strong>\u00a0incremento del 15% en las consultas asociadas con las altas temperaturas\u00a0<\/strong>en las \u00faltimas dos semanas. La ola de calor sostenida en el AMBA deriv\u00f3 en una alerta roja que continuar\u00eda al menos hasta la semana pr\u00f3xima.<\/p>\n<p><strong>\u201cEn la mayor\u00eda de los pacientes presentan fatiga y\/o debilidad junto con mareos, n\u00e1useas, y visi\u00f3n borrosa<\/strong>, entre alguno de los s\u00edntomas m\u00e1s habituales que se registran en las guardias de los hospitales p\u00fablicos de la Ciudad de Buenos Aires\u201d, sostuvieron desde la cartera sanitaria porte\u00f1a a Infobae.<\/p>\n<p>Con el inicio de la semana, el\u00a0<strong>Ministerio de Salud de la Naci\u00f3n<\/strong>\u00a0emiti\u00f3 una serie de recomendaciones para afrontar las altas temperaturas, dirigidas a la poblaci\u00f3n en general y a los grupos de riesgo, especialmente.<\/p>\n<p>\u201cUna ola de calor es un per\u00edodo excesivamente c\u00e1lido que puede tener un impacto en la salud de leve a alto sobre todo para grupos de riesgo (ni\u00f1os y ni\u00f1as, adultos mayores de 65 a\u00f1os con enfermedades cr\u00f3nicas como cardiovasculares, respiratorias, diabetes y obesidad). Los efectos van desde deshidrataci\u00f3n, golpes de calor o complicaciones, hasta un aumento de la mortalidad\u201d, destacaron desde la cartera sanitaria.<\/p>\n<p>Entre los principales puntos se\u00f1alaron la importancia de\u00a0<strong>aumentar el consumo de agua, evitar las bebidas con cafe\u00edna, no exponerse al sol en exceso, evitar comidas abundantes, usar ropa ligera y holgada y permanecer en espacios ventilados y\/o acondicionados.<\/strong><\/p>\n<p>Adem\u00e1s, solicitaron un especial cuidado a las personas mayores, beb\u00e9s, ni\u00f1os, personas embarazadas y en lactancia, personas con enfermedades cr\u00f3nicas o con sobrepeso, personas expuestas al calor en su ambiente laboral y quienes viven en situaci\u00f3n de calle.<\/p>\n<p>\u201cPara el cuidado de la salud en la calle se sugiere evitar la exposici\u00f3n directa al sol en los horarios de mayor temperatura (de 10 a 16 horas), en especial beb\u00e9s y ni\u00f1os peque\u00f1os. Adem\u00e1s, es importante utilizar protecci\u00f3n solar, mantenerse hidratado y consumir agua segura con mayor frecuencia (aun cuando no se sienta sed)\u201d, enfatizaron.<\/p>\n<\/div>\n<\/article>\n<\/div>\n<\/section>\n<\/div>\n<\/div>\n","protected":false},"excerpt":{"rendered":"<p>En el AMBA contin\u00faa vigente una alerta roja por temperaturas extremas, las cuales se extender\u00edan al menos por una semana.<\/p>\n","protected":false},"author":1,"featured_media":3955,"comment_status":"open","ping_status":"closed","sticky":false,"template":"","format":"standard","meta":{"footnotes":""},"categories":[1],"tags":[1726],"class_list":["post-3954","post","type-post","status-publish","format-standard","has-post-thumbnail","hentry","category-uncategorized","tag-uncategorized"],"yoast_head":"<!-- This site is optimized with the Yoast SEO plugin v24.6 - https:\/\/yoast.com\/wordpress\/plugins\/seo\/ -->\n<title>Las consultas m\u00e9dicas aumentaron un 15% por las altas temperaturas en la Ciudad | FM Trance 103.3<\/title>\n<meta name=\"robots\" content=\"index, follow, max-snippet:-1, max-image-preview:large, max-video-preview:-1\" \/>\n<link rel=\"canonical\" href=\"https:\/\/www.fmtrance.com\/online\/las-consultas-medicas-aumentaron-un-15-por-las-altas-temperaturas-en-la-ciudad\/\" \/>\n<meta property=\"og:locale\" content=\"es_ES\" \/>\n<meta property=\"og:type\" content=\"article\" \/>\n<meta property=\"og:title\" content=\"Las consultas m\u00e9dicas aumentaron un 15% por las altas temperaturas en la Ciudad | FM Trance 103.3\" \/>\n<meta property=\"og:description\" content=\"En el AMBA contin\u00faa vigente una alerta roja por temperaturas extremas, las cuales se extender\u00edan al menos por una semana.\" \/>\n<meta property=\"og:url\" content=\"https:\/\/www.fmtrance.com\/online\/las-consultas-medicas-aumentaron-un-15-por-las-altas-temperaturas-en-la-ciudad\/\" \/>\n<meta property=\"og:site_name\" content=\"FM Trance 103.3\" \/>\n<meta property=\"article:publisher\" content=\"https:\/\/www.facebook.com\/fmtrance\" \/>\n<meta property=\"article:published_time\" content=\"2023-03-09T17:05:41+00:00\" \/>\n<meta property=\"article:modified_time\" content=\"2023-03-10T17:35:02+00:00\" \/>\n<meta property=\"og:image\" content=\"https:\/\/www.fmtrance.com\/online\/wp-content\/uploads\/2023\/03\/6392178b2ebbb_800x599.jpg\" \/>\n\t<meta property=\"og:image:width\" content=\"800\" \/>\n\t<meta property=\"og:image:height\" content=\"599\" \/>\n\t<meta property=\"og:image:type\" content=\"image\/jpeg\" \/>\n<meta name=\"author\" content=\"Redaccion FM Trance\" \/>\n<meta name=\"twitter:card\" content=\"summary_large_image\" \/>\n<meta name=\"twitter:creator\" content=\"@fmtrance\" \/>\n<meta name=\"twitter:site\" content=\"@fmtrance\" \/>\n<meta name=\"twitter:label1\" content=\"Escrito por\" \/>\n\t<meta name=\"twitter:data1\" content=\"Redaccion FM Trance\" \/>\n\t<meta name=\"twitter:label2\" content=\"Tiempo de lectura\" \/>\n\t<meta name=\"twitter:data2\" content=\"2 minutos\" \/>\n<script type=\"application\/ld+json\" class=\"yoast-schema-graph\">{\"@context\":\"https:\/\/schema.org\",\"@graph\":[{\"@type\":\"Article\",\"@id\":\"https:\/\/www.fmtrance.com\/online\/las-consultas-medicas-aumentaron-un-15-por-las-altas-temperaturas-en-la-ciudad\/#article\",\"isPartOf\":{\"@id\":\"https:\/\/www.fmtrance.com\/online\/las-consultas-medicas-aumentaron-un-15-por-las-altas-temperaturas-en-la-ciudad\/\"},\"author\":{\"name\":\"Redaccion FM Trance\",\"@id\":\"https:\/\/www.fmtrance.com\/online\/#\/schema\/person\/686af7f826dd2f08b36b4760b7dcdddd\"},\"headline\":\"Las consultas m\u00e9dicas aumentaron un 15% por las altas temperaturas en la Ciudad\",\"datePublished\":\"2023-03-09T17:05:41+00:00\",\"dateModified\":\"2023-03-10T17:35:02+00:00\",\"mainEntityOfPage\":{\"@id\":\"https:\/\/www.fmtrance.com\/online\/las-consultas-medicas-aumentaron-un-15-por-las-altas-temperaturas-en-la-ciudad\/\"},\"wordCount\":395,\"commentCount\":0,\"publisher\":{\"@id\":\"https:\/\/www.fmtrance.com\/online\/#organization\"},\"image\":{\"@id\":\"https:\/\/www.fmtrance.com\/online\/las-consultas-medicas-aumentaron-un-15-por-las-altas-temperaturas-en-la-ciudad\/#primaryimage\"},\"thumbnailUrl\":\"https:\/\/www.fmtrance.com\/online\/wp-content\/uploads\/2023\/03\/6392178b2ebbb_800x599.jpg\",\"keywords\":[\"Uncategorized\"],\"articleSection\":[\"Noticias\"],\"inLanguage\":\"es-AR\",\"potentialAction\":[{\"@type\":\"CommentAction\",\"name\":\"Comment\",\"target\":[\"https:\/\/www.fmtrance.com\/online\/las-consultas-medicas-aumentaron-un-15-por-las-altas-temperaturas-en-la-ciudad\/#respond\"]}]},{\"@type\":\"WebPage\",\"@id\":\"https:\/\/www.fmtrance.com\/online\/las-consultas-medicas-aumentaron-un-15-por-las-altas-temperaturas-en-la-ciudad\/\",\"url\":\"https:\/\/www.fmtrance.com\/online\/las-consultas-medicas-aumentaron-un-15-por-las-altas-temperaturas-en-la-ciudad\/\",\"name\":\"Las consultas m\u00e9dicas aumentaron un 15% por las altas temperaturas en la Ciudad | FM Trance 103.3\",\"isPartOf\":{\"@id\":\"https:\/\/www.fmtrance.com\/online\/#website\"},\"primaryImageOfPage\":{\"@id\":\"https:\/\/www.fmtrance.com\/online\/las-consultas-medicas-aumentaron-un-15-por-las-altas-temperaturas-en-la-ciudad\/#primaryimage\"},\"image\":{\"@id\":\"https:\/\/www.fmtrance.com\/online\/las-consultas-medicas-aumentaron-un-15-por-las-altas-temperaturas-en-la-ciudad\/#primaryimage\"},\"thumbnailUrl\":\"https:\/\/www.fmtrance.com\/online\/wp-content\/uploads\/2023\/03\/6392178b2ebbb_800x599.jpg\",\"datePublished\":\"2023-03-09T17:05:41+00:00\",\"dateModified\":\"2023-03-10T17:35:02+00:00\",\"breadcrumb\":{\"@id\":\"https:\/\/www.fmtrance.com\/online\/las-consultas-medicas-aumentaron-un-15-por-las-altas-temperaturas-en-la-ciudad\/#breadcrumb\"},\"inLanguage\":\"es-AR\",\"potentialAction\":[{\"@type\":\"ReadAction\",\"target\":[\"https:\/\/www.fmtrance.com\/online\/las-consultas-medicas-aumentaron-un-15-por-las-altas-temperaturas-en-la-ciudad\/\"]}]},{\"@type\":\"ImageObject\",\"inLanguage\":\"es-AR\",\"@id\":\"https:\/\/www.fmtrance.com\/online\/las-consultas-medicas-aumentaron-un-15-por-las-altas-temperaturas-en-la-ciudad\/#primaryimage\",\"url\":\"https:\/\/www.fmtrance.com\/online\/wp-content\/uploads\/2023\/03\/6392178b2ebbb_800x599.jpg\",\"contentUrl\":\"https:\/\/www.fmtrance.com\/online\/wp-content\/uploads\/2023\/03\/6392178b2ebbb_800x599.jpg\",\"width\":800,\"height\":599},{\"@type\":\"BreadcrumbList\",\"@id\":\"https:\/\/www.fmtrance.com\/online\/las-consultas-medicas-aumentaron-un-15-por-las-altas-temperaturas-en-la-ciudad\/#breadcrumb\",\"itemListElement\":[{\"@type\":\"ListItem\",\"position\":1,\"name\":\"Inicio\",\"item\":\"https:\/\/www.fmtrance.com\/online\/\"},{\"@type\":\"ListItem\",\"position\":2,\"name\":\"Las consultas m\u00e9dicas aumentaron un 15% por las altas temperaturas en la Ciudad\"}]},{\"@type\":\"WebSite\",\"@id\":\"https:\/\/www.fmtrance.com\/online\/#website\",\"url\":\"https:\/\/www.fmtrance.com\/online\/\",\"name\":\"FM Trance 103.3\",\"description\":\"CABA. Radio de musica electronica\",\"publisher\":{\"@id\":\"https:\/\/www.fmtrance.com\/online\/#organization\"},\"potentialAction\":[{\"@type\":\"SearchAction\",\"target\":{\"@type\":\"EntryPoint\",\"urlTemplate\":\"https:\/\/www.fmtrance.com\/online\/?s={search_term_string}\"},\"query-input\":{\"@type\":\"PropertyValueSpecification\",\"valueRequired\":true,\"valueName\":\"search_term_string\"}}],\"inLanguage\":\"es-AR\"},{\"@type\":\"Organization\",\"@id\":\"https:\/\/www.fmtrance.com\/online\/#organization\",\"name\":\"FM TRANCE\",\"url\":\"https:\/\/www.fmtrance.com\/online\/\",\"logo\":{\"@type\":\"ImageObject\",\"inLanguage\":\"es-AR\",\"@id\":\"https:\/\/www.fmtrance.com\/online\/#\/schema\/logo\/image\/\",\"url\":\"https:\/\/www.fmtrance.com\/online\/wp-content\/uploads\/2025\/03\/LOGO-WEB.png\",\"contentUrl\":\"https:\/\/www.fmtrance.com\/online\/wp-content\/uploads\/2025\/03\/LOGO-WEB.png\",\"width\":500,\"height\":500,\"caption\":\"FM TRANCE\"},\"image\":{\"@id\":\"https:\/\/www.fmtrance.com\/online\/#\/schema\/logo\/image\/\"},\"sameAs\":[\"https:\/\/www.facebook.com\/fmtrance\",\"https:\/\/x.com\/fmtrance\",\"https:\/\/www.instagram.com\/fmtrance\"]},{\"@type\":\"Person\",\"@id\":\"https:\/\/www.fmtrance.com\/online\/#\/schema\/person\/686af7f826dd2f08b36b4760b7dcdddd\",\"name\":\"Redaccion FM Trance\",\"image\":{\"@type\":\"ImageObject\",\"inLanguage\":\"es-AR\",\"@id\":\"https:\/\/www.fmtrance.com\/online\/#\/schema\/person\/image\/\",\"url\":\"https:\/\/secure.gravatar.com\/avatar\/c9d0afa8b0785bea8046a42861739f0a26fb9e8da739ce032e6598dc2981bc38?s=96&r=g\",\"contentUrl\":\"https:\/\/secure.gravatar.com\/avatar\/c9d0afa8b0785bea8046a42861739f0a26fb9e8da739ce032e6598dc2981bc38?s=96&r=g\",\"caption\":\"Redaccion FM Trance\"},\"description\":\"Fundador y Director general de FM Trance. Nacido el 24 de Septiembre de 1987, en Caballito, Ciudad Autonoma de Buenos Aires. Alguien de Radio desde siempre: ya a los 9 a\u00f1os de edad como radioescucha, sintonizando estaci\u00f3nes de AM, FM, onda corta, TV UHF\/VHF, y dem\u00e1s servicios. Se desempe\u00f1\u00f3 como Operador T\u00e9cnico en diferentes emisoras locales de CABA y GBA, y hasta el dia de hoy sigue ejerciendo desde la parte t\u00e9cnica, realizando trabajos en varias Radios. Egresado del ISER de la carrera de Operador Tecnico de Planta Transmisora, cursando actualmente la carrera de Operador Tecnico de Estudios de Radio en dicha instituci\u00f3n, y flamante radioaficionado (habiendo completado el curso en el Radioclub Buenos Aires), distintiva LU2DBK.\",\"url\":\"https:\/\/www.fmtrance.com\/online\/author\/fmtrance\/\"}]}<\/script>\n<!-- \/ Yoast SEO plugin. -->","yoast_head_json":{"title":"Las consultas m\u00e9dicas aumentaron un 15% por las altas temperaturas en la Ciudad | FM Trance 103.3","robots":{"index":"index","follow":"follow","max-snippet":"max-snippet:-1","max-image-preview":"max-image-preview:large","max-video-preview":"max-video-preview:-1"},"canonical":"https:\/\/www.fmtrance.com\/online\/las-consultas-medicas-aumentaron-un-15-por-las-altas-temperaturas-en-la-ciudad\/","og_locale":"es_ES","og_type":"article","og_title":"Las consultas m\u00e9dicas aumentaron un 15% por las altas temperaturas en la Ciudad | FM Trance 103.3","og_description":"En el AMBA contin\u00faa vigente una alerta roja por temperaturas extremas, las cuales se extender\u00edan al menos por una semana.","og_url":"https:\/\/www.fmtrance.com\/online\/las-consultas-medicas-aumentaron-un-15-por-las-altas-temperaturas-en-la-ciudad\/","og_site_name":"FM Trance 103.3","article_publisher":"https:\/\/www.facebook.com\/fmtrance","article_published_time":"2023-03-09T17:05:41+00:00","article_modified_time":"2023-03-10T17:35:02+00:00","og_image":[{"width":800,"height":599,"url":"https:\/\/www.fmtrance.com\/online\/wp-content\/uploads\/2023\/03\/6392178b2ebbb_800x599.jpg","type":"image\/jpeg"}],"author":"Redaccion FM Trance","twitter_card":"summary_large_image","twitter_creator":"@fmtrance","twitter_site":"@fmtrance","twitter_misc":{"Escrito por":"Redaccion FM Trance","Tiempo de lectura":"2 minutos"},"schema":{"@context":"https:\/\/schema.org","@graph":[{"@type":"Article","@id":"https:\/\/www.fmtrance.com\/online\/las-consultas-medicas-aumentaron-un-15-por-las-altas-temperaturas-en-la-ciudad\/#article","isPartOf":{"@id":"https:\/\/www.fmtrance.com\/online\/las-consultas-medicas-aumentaron-un-15-por-las-altas-temperaturas-en-la-ciudad\/"},"author":{"name":"Redaccion FM Trance","@id":"https:\/\/www.fmtrance.com\/online\/#\/schema\/person\/686af7f826dd2f08b36b4760b7dcdddd"},"headline":"Las consultas m\u00e9dicas aumentaron un 15% por las altas temperaturas en la Ciudad","datePublished":"2023-03-09T17:05:41+00:00","dateModified":"2023-03-10T17:35:02+00:00","mainEntityOfPage":{"@id":"https:\/\/www.fmtrance.com\/online\/las-consultas-medicas-aumentaron-un-15-por-las-altas-temperaturas-en-la-ciudad\/"},"wordCount":395,"commentCount":0,"publisher":{"@id":"https:\/\/www.fmtrance.com\/online\/#organization"},"image":{"@id":"https:\/\/www.fmtrance.com\/online\/las-consultas-medicas-aumentaron-un-15-por-las-altas-temperaturas-en-la-ciudad\/#primaryimage"},"thumbnailUrl":"https:\/\/www.fmtrance.com\/online\/wp-content\/uploads\/2023\/03\/6392178b2ebbb_800x599.jpg","keywords":["Uncategorized"],"articleSection":["Noticias"],"inLanguage":"es-AR","potentialAction":[{"@type":"CommentAction","name":"Comment","target":["https:\/\/www.fmtrance.com\/online\/las-consultas-medicas-aumentaron-un-15-por-las-altas-temperaturas-en-la-ciudad\/#respond"]}]},{"@type":"WebPage","@id":"https:\/\/www.fmtrance.com\/online\/las-consultas-medicas-aumentaron-un-15-por-las-altas-temperaturas-en-la-ciudad\/","url":"https:\/\/www.fmtrance.com\/online\/las-consultas-medicas-aumentaron-un-15-por-las-altas-temperaturas-en-la-ciudad\/","name":"Las consultas m\u00e9dicas aumentaron un 15% por las altas temperaturas en la Ciudad | FM Trance 103.3","isPartOf":{"@id":"https:\/\/www.fmtrance.com\/online\/#website"},"primaryImageOfPage":{"@id":"https:\/\/www.fmtrance.com\/online\/las-consultas-medicas-aumentaron-un-15-por-las-altas-temperaturas-en-la-ciudad\/#primaryimage"},"image":{"@id":"https:\/\/www.fmtrance.com\/online\/las-consultas-medicas-aumentaron-un-15-por-las-altas-temperaturas-en-la-ciudad\/#primaryimage"},"thumbnailUrl":"https:\/\/www.fmtrance.com\/online\/wp-content\/uploads\/2023\/03\/6392178b2ebbb_800x599.jpg","datePublished":"2023-03-09T17:05:41+00:00","dateModified":"2023-03-10T17:35:02+00:00","breadcrumb":{"@id":"https:\/\/www.fmtrance.com\/online\/las-consultas-medicas-aumentaron-un-15-por-las-altas-temperaturas-en-la-ciudad\/#breadcrumb"},"inLanguage":"es-AR","potentialAction":[{"@type":"ReadAction","target":["https:\/\/www.fmtrance.com\/online\/las-consultas-medicas-aumentaron-un-15-por-las-altas-temperaturas-en-la-ciudad\/"]}]},{"@type":"ImageObject","inLanguage":"es-AR","@id":"https:\/\/www.fmtrance.com\/online\/las-consultas-medicas-aumentaron-un-15-por-las-altas-temperaturas-en-la-ciudad\/#primaryimage","url":"https:\/\/www.fmtrance.com\/online\/wp-content\/uploads\/2023\/03\/6392178b2ebbb_800x599.jpg","contentUrl":"https:\/\/www.fmtrance.com\/online\/wp-content\/uploads\/2023\/03\/6392178b2ebbb_800x599.jpg","width":800,"height":599},{"@type":"BreadcrumbList","@id":"https:\/\/www.fmtrance.com\/online\/las-consultas-medicas-aumentaron-un-15-por-las-altas-temperaturas-en-la-ciudad\/#breadcrumb","itemListElement":[{"@type":"ListItem","position":1,"name":"Inicio","item":"https:\/\/www.fmtrance.com\/online\/"},{"@type":"ListItem","position":2,"name":"Las consultas m\u00e9dicas aumentaron un 15% por las altas temperaturas en la Ciudad"}]},{"@type":"WebSite","@id":"https:\/\/www.fmtrance.com\/online\/#website","url":"https:\/\/www.fmtrance.com\/online\/","name":"FM Trance 103.3","description":"CABA. Radio de musica electronica","publisher":{"@id":"https:\/\/www.fmtrance.com\/online\/#organization"},"potentialAction":[{"@type":"SearchAction","target":{"@type":"EntryPoint","urlTemplate":"https:\/\/www.fmtrance.com\/online\/?s={search_term_string}"},"query-input":{"@type":"PropertyValueSpecification","valueRequired":true,"valueName":"search_term_string"}}],"inLanguage":"es-AR"},{"@type":"Organization","@id":"https:\/\/www.fmtrance.com\/online\/#organization","name":"FM TRANCE","url":"https:\/\/www.fmtrance.com\/online\/","logo":{"@type":"ImageObject","inLanguage":"es-AR","@id":"https:\/\/www.fmtrance.com\/online\/#\/schema\/logo\/image\/","url":"https:\/\/www.fmtrance.com\/online\/wp-content\/uploads\/2025\/03\/LOGO-WEB.png","contentUrl":"https:\/\/www.fmtrance.com\/online\/wp-content\/uploads\/2025\/03\/LOGO-WEB.png","width":500,"height":500,"caption":"FM TRANCE"},"image":{"@id":"https:\/\/www.fmtrance.com\/online\/#\/schema\/logo\/image\/"},"sameAs":["https:\/\/www.facebook.com\/fmtrance","https:\/\/x.com\/fmtrance","https:\/\/www.instagram.com\/fmtrance"]},{"@type":"Person","@id":"https:\/\/www.fmtrance.com\/online\/#\/schema\/person\/686af7f826dd2f08b36b4760b7dcdddd","name":"Redaccion FM Trance","image":{"@type":"ImageObject","inLanguage":"es-AR","@id":"https:\/\/www.fmtrance.com\/online\/#\/schema\/person\/image\/","url":"https:\/\/secure.gravatar.com\/avatar\/c9d0afa8b0785bea8046a42861739f0a26fb9e8da739ce032e6598dc2981bc38?s=96&r=g","contentUrl":"https:\/\/secure.gravatar.com\/avatar\/c9d0afa8b0785bea8046a42861739f0a26fb9e8da739ce032e6598dc2981bc38?s=96&r=g","caption":"Redaccion FM Trance"},"description":"Fundador y Director general de FM Trance. Nacido el 24 de Septiembre de 1987, en Caballito, Ciudad Autonoma de Buenos Aires. Alguien de Radio desde siempre: ya a los 9 a\u00f1os de edad como radioescucha, sintonizando estaci\u00f3nes de AM, FM, onda corta, TV UHF\/VHF, y dem\u00e1s servicios. Se desempe\u00f1\u00f3 como Operador T\u00e9cnico en diferentes emisoras locales de CABA y GBA, y hasta el dia de hoy sigue ejerciendo desde la parte t\u00e9cnica, realizando trabajos en varias Radios. Egresado del ISER de la carrera de Operador Tecnico de Planta Transmisora, cursando actualmente la carrera de Operador Tecnico de Estudios de Radio en dicha instituci\u00f3n, y flamante radioaficionado (habiendo completado el curso en el Radioclub Buenos Aires), distintiva LU2DBK.","url":"https:\/\/www.fmtrance.com\/online\/author\/fmtrance\/"}]}},"_links":{"self":[{"href":"https:\/\/www.fmtrance.com\/online\/wp-json\/wp\/v2\/posts\/3954","targetHints":{"allow":["GET"]}}],"collection":[{"href":"https:\/\/www.fmtrance.com\/online\/wp-json\/wp\/v2\/posts"}],"about":[{"href":"https:\/\/www.fmtrance.com\/online\/wp-json\/wp\/v2\/types\/post"}],"author":[{"embeddable":true,"href":"https:\/\/www.fmtrance.com\/online\/wp-json\/wp\/v2\/users\/1"}],"replies":[{"embeddable":true,"href":"https:\/\/www.fmtrance.com\/online\/wp-json\/wp\/v2\/comments?post=3954"}],"version-history":[{"count":1,"href":"https:\/\/www.fmtrance.com\/online\/wp-json\/wp\/v2\/posts\/3954\/revisions"}],"predecessor-version":[{"id":3956,"href":"https:\/\/www.fmtrance.com\/online\/wp-json\/wp\/v2\/posts\/3954\/revisions\/3956"}],"wp:featuredmedia":[{"embeddable":true,"href":"https:\/\/www.fmtrance.com\/online\/wp-json\/wp\/v2\/media\/3955"}],"wp:attachment":[{"href":"https:\/\/www.fmtrance.com\/online\/wp-json\/wp\/v2\/media?parent=3954"}],"wp:term":[{"taxonomy":"category","embeddable":true,"href":"https:\/\/www.fmtrance.com\/online\/wp-json\/wp\/v2\/categories?post=3954"},{"taxonomy":"post_tag","embeddable":true,"href":"https:\/\/www.fmtrance.com\/online\/wp-json\/wp\/v2\/tags?post=3954"}],"curies":[{"name":"wp","href":"https:\/\/api.w.org\/{rel}","templated":true}]}}