{"id":3951,"date":"2023-03-09T14:03:53","date_gmt":"2023-03-09T17:03:53","guid":{"rendered":"http:\/\/www.fmtrance.com\/online\/?p=3951"},"modified":"2023-03-10T14:04:38","modified_gmt":"2023-03-10T17:04:38","slug":"legisladores-de-la-ciudad-votan-el-proyecto-para-quitar-el-impuesto-a-las-tarjetas-de-credito","status":"publish","type":"post","link":"https:\/\/www.fmtrance.com\/online\/legisladores-de-la-ciudad-votan-el-proyecto-para-quitar-el-impuesto-a-las-tarjetas-de-credito\/","title":{"rendered":"Legisladores de la Ciudad votan el proyecto para quitar el impuesto a las tarjetas de cr\u00e9dito"},"content":{"rendered":"<div class=\"row\">\n<div class=\"col-lg-12\">\n<div class=\"detail\">\n<p><strong>Este jueves se tratar\u00e1 proyecto para eliminar el impuesto a las tarjetas de cr\u00e9dito enviado por el jefe de Gobierno, Horacio Rodr\u00edguez Larreta. El mismo fue creado por el Gobierno porte\u00f1o en el 2021.<\/strong><\/p>\n<\/div>\n<\/div>\n<\/div>\n<div class=\"row\">\n<div class=\"col-lg-8\">\n<section>\n<div class=\"row\">\n<article class=\"col-lg-12 col-md-12\">\n<div class=\"head-media clearfix\">\n<div class=\"description\">Legisladores de la\u00a0<strong>Ciudad de Buenos Aires\u00a0<\/strong>votar\u00e1n este jueves el proyecto para eliminar el impuesto a las tarjetas de cr\u00e9dito enviado al Parlamento local por el jefe de Gobierno,\u00a0<strong>Horacio Rodr\u00edguez Larreta<\/strong>, en medio de las disputas por los fondos de la\u00a0<strong>Coparticipaci\u00f3n Federal\u00a0<\/strong>con el Gobierno Nacional.<\/p>\n<p>El objetivo de la medida impulsada por el alcalde local es retrotraer la vigencia de la tasa que cre\u00f3 en 2021. El expediente, que ingres\u00f3 el martes, ser\u00e1 parte de los temas que abordar\u00e1n en la primera sesi\u00f3n ordinaria del a\u00f1o, cuyo inicio est\u00e1 previsto a las 11.30.<\/p>\n<p><strong>El proyecto demandar\u00e1 el apoyo de al menos unos 40 votos de los 60 esca\u00f1os que componen el recinto para la sanci\u00f3n<\/strong>, por lo cual el bloque oficialista de Juntos por el Cambio (JxC) -que suma 32 bancas- requerir\u00e1 del acompa\u00f1amiento de las restantes fuerzas pol\u00edticas que tienen representaci\u00f3n.<\/p>\n<p>Desde el\u00a0<strong>Frente de Todos\u00a0<\/strong>anticiparon que votar\u00e1 el proyecto afirmativamente y recalcaron que el cobro de la tasa impositiva era \u201cinnecesaria\u201d. Al mismo tiempo, explicaron que la decisi\u00f3n de Rodr\u00edguez Larreta de dar marcha atr\u00e1s con la medida se debe al curso de su campa\u00f1a electoral.<\/p>\n<p><strong>El impuesto a los Sellos del 1,2% a las tarjetas de cr\u00e9dito radicadas en la Capital Federal comenz\u00f3 a regir en 2021<\/strong>\u00a0para consumos en la Ciudad de Buenos Aires, junto a la suba de otras al\u00edcuotas, para &#8220;compensar&#8221; el redireccionamiento de los fondos de la coparticipaci\u00f3n adoptado por el Gobierno nacional, seg\u00fan explicaron a T\u00e9lam desde el Ejecutivo porte\u00f1o.<\/div>\n<div class=\"clearfix\"><\/div>\n<\/div>\n<\/article>\n<\/div>\n<\/section>\n<\/div>\n<\/div>\n","protected":false},"excerpt":{"rendered":"<p>Este jueves se tratar\u00e1 proyecto para eliminar el impuesto a las tarjetas de cr\u00e9dito enviado por el jefe de Gobierno,<\/p>\n","protected":false},"author":1,"featured_media":3952,"comment_status":"open","ping_status":"closed","sticky":false,"template":"","format":"standard","meta":{"footnotes":""},"categories":[1],"tags":[1726],"class_list":["post-3951","post","type-post","status-publish","format-standard","has-post-thumbnail","hentry","category-uncategorized","tag-uncategorized"],"yoast_head":"<!-- This site is optimized with the Yoast SEO plugin v24.6 - https:\/\/yoast.com\/wordpress\/plugins\/seo\/ -->\n<title>Legisladores de la Ciudad votan el proyecto para quitar el impuesto a las tarjetas de cr\u00e9dito | FM Trance 103.3<\/title>\n<meta name=\"robots\" content=\"index, follow, max-snippet:-1, max-image-preview:large, max-video-preview:-1\" \/>\n<link rel=\"canonical\" href=\"https:\/\/www.fmtrance.com\/online\/legisladores-de-la-ciudad-votan-el-proyecto-para-quitar-el-impuesto-a-las-tarjetas-de-credito\/\" \/>\n<meta property=\"og:locale\" content=\"es_ES\" \/>\n<meta property=\"og:type\" content=\"article\" \/>\n<meta property=\"og:title\" content=\"Legisladores de la Ciudad votan el proyecto para quitar el impuesto a las tarjetas de cr\u00e9dito | FM Trance 103.3\" \/>\n<meta property=\"og:description\" content=\"Este jueves se tratar\u00e1 proyecto para eliminar el impuesto a las tarjetas de cr\u00e9dito enviado por el jefe de Gobierno,\" \/>\n<meta property=\"og:url\" content=\"https:\/\/www.fmtrance.com\/online\/legisladores-de-la-ciudad-votan-el-proyecto-para-quitar-el-impuesto-a-las-tarjetas-de-credito\/\" \/>\n<meta property=\"og:site_name\" content=\"FM Trance 103.3\" \/>\n<meta property=\"article:publisher\" content=\"https:\/\/www.facebook.com\/fmtrance\" \/>\n<meta property=\"article:published_time\" content=\"2023-03-09T17:03:53+00:00\" \/>\n<meta property=\"article:modified_time\" content=\"2023-03-10T17:04:38+00:00\" \/>\n<meta property=\"og:image\" content=\"https:\/\/www.fmtrance.com\/online\/wp-content\/uploads\/2023\/03\/6409d88c1c3f2_800x593.jpg\" \/>\n\t<meta property=\"og:image:width\" content=\"800\" \/>\n\t<meta property=\"og:image:height\" content=\"593\" \/>\n\t<meta property=\"og:image:type\" content=\"image\/jpeg\" \/>\n<meta name=\"author\" content=\"Redaccion FM Trance\" \/>\n<meta name=\"twitter:card\" content=\"summary_large_image\" \/>\n<meta name=\"twitter:creator\" content=\"@fmtrance\" \/>\n<meta name=\"twitter:site\" content=\"@fmtrance\" \/>\n<meta name=\"twitter:label1\" content=\"Escrito por\" \/>\n\t<meta name=\"twitter:data1\" content=\"Redaccion FM Trance\" \/>\n\t<meta name=\"twitter:label2\" content=\"Tiempo de lectura\" \/>\n\t<meta name=\"twitter:data2\" content=\"2 minutos\" \/>\n<script type=\"application\/ld+json\" class=\"yoast-schema-graph\">{\"@context\":\"https:\/\/schema.org\",\"@graph\":[{\"@type\":\"Article\",\"@id\":\"https:\/\/www.fmtrance.com\/online\/legisladores-de-la-ciudad-votan-el-proyecto-para-quitar-el-impuesto-a-las-tarjetas-de-credito\/#article\",\"isPartOf\":{\"@id\":\"https:\/\/www.fmtrance.com\/online\/legisladores-de-la-ciudad-votan-el-proyecto-para-quitar-el-impuesto-a-las-tarjetas-de-credito\/\"},\"author\":{\"name\":\"Redaccion FM Trance\",\"@id\":\"https:\/\/www.fmtrance.com\/online\/#\/schema\/person\/686af7f826dd2f08b36b4760b7dcdddd\"},\"headline\":\"Legisladores de la Ciudad votan el proyecto para quitar el impuesto a las tarjetas de cr\u00e9dito\",\"datePublished\":\"2023-03-09T17:03:53+00:00\",\"dateModified\":\"2023-03-10T17:04:38+00:00\",\"mainEntityOfPage\":{\"@id\":\"https:\/\/www.fmtrance.com\/online\/legisladores-de-la-ciudad-votan-el-proyecto-para-quitar-el-impuesto-a-las-tarjetas-de-credito\/\"},\"wordCount\":321,\"commentCount\":0,\"publisher\":{\"@id\":\"https:\/\/www.fmtrance.com\/online\/#organization\"},\"image\":{\"@id\":\"https:\/\/www.fmtrance.com\/online\/legisladores-de-la-ciudad-votan-el-proyecto-para-quitar-el-impuesto-a-las-tarjetas-de-credito\/#primaryimage\"},\"thumbnailUrl\":\"https:\/\/www.fmtrance.com\/online\/wp-content\/uploads\/2023\/03\/6409d88c1c3f2_800x593.jpg\",\"keywords\":[\"Uncategorized\"],\"articleSection\":[\"Noticias\"],\"inLanguage\":\"es-AR\",\"potentialAction\":[{\"@type\":\"CommentAction\",\"name\":\"Comment\",\"target\":[\"https:\/\/www.fmtrance.com\/online\/legisladores-de-la-ciudad-votan-el-proyecto-para-quitar-el-impuesto-a-las-tarjetas-de-credito\/#respond\"]}]},{\"@type\":\"WebPage\",\"@id\":\"https:\/\/www.fmtrance.com\/online\/legisladores-de-la-ciudad-votan-el-proyecto-para-quitar-el-impuesto-a-las-tarjetas-de-credito\/\",\"url\":\"https:\/\/www.fmtrance.com\/online\/legisladores-de-la-ciudad-votan-el-proyecto-para-quitar-el-impuesto-a-las-tarjetas-de-credito\/\",\"name\":\"Legisladores de la Ciudad votan el proyecto para quitar el impuesto a las tarjetas de cr\u00e9dito | FM Trance 103.3\",\"isPartOf\":{\"@id\":\"https:\/\/www.fmtrance.com\/online\/#website\"},\"primaryImageOfPage\":{\"@id\":\"https:\/\/www.fmtrance.com\/online\/legisladores-de-la-ciudad-votan-el-proyecto-para-quitar-el-impuesto-a-las-tarjetas-de-credito\/#primaryimage\"},\"image\":{\"@id\":\"https:\/\/www.fmtrance.com\/online\/legisladores-de-la-ciudad-votan-el-proyecto-para-quitar-el-impuesto-a-las-tarjetas-de-credito\/#primaryimage\"},\"thumbnailUrl\":\"https:\/\/www.fmtrance.com\/online\/wp-content\/uploads\/2023\/03\/6409d88c1c3f2_800x593.jpg\",\"datePublished\":\"2023-03-09T17:03:53+00:00\",\"dateModified\":\"2023-03-10T17:04:38+00:00\",\"breadcrumb\":{\"@id\":\"https:\/\/www.fmtrance.com\/online\/legisladores-de-la-ciudad-votan-el-proyecto-para-quitar-el-impuesto-a-las-tarjetas-de-credito\/#breadcrumb\"},\"inLanguage\":\"es-AR\",\"potentialAction\":[{\"@type\":\"ReadAction\",\"target\":[\"https:\/\/www.fmtrance.com\/online\/legisladores-de-la-ciudad-votan-el-proyecto-para-quitar-el-impuesto-a-las-tarjetas-de-credito\/\"]}]},{\"@type\":\"ImageObject\",\"inLanguage\":\"es-AR\",\"@id\":\"https:\/\/www.fmtrance.com\/online\/legisladores-de-la-ciudad-votan-el-proyecto-para-quitar-el-impuesto-a-las-tarjetas-de-credito\/#primaryimage\",\"url\":\"https:\/\/www.fmtrance.com\/online\/wp-content\/uploads\/2023\/03\/6409d88c1c3f2_800x593.jpg\",\"contentUrl\":\"https:\/\/www.fmtrance.com\/online\/wp-content\/uploads\/2023\/03\/6409d88c1c3f2_800x593.jpg\",\"width\":800,\"height\":593},{\"@type\":\"BreadcrumbList\",\"@id\":\"https:\/\/www.fmtrance.com\/online\/legisladores-de-la-ciudad-votan-el-proyecto-para-quitar-el-impuesto-a-las-tarjetas-de-credito\/#breadcrumb\",\"itemListElement\":[{\"@type\":\"ListItem\",\"position\":1,\"name\":\"Inicio\",\"item\":\"https:\/\/www.fmtrance.com\/online\/\"},{\"@type\":\"ListItem\",\"position\":2,\"name\":\"Legisladores de la Ciudad votan el proyecto para quitar el impuesto a las tarjetas de cr\u00e9dito\"}]},{\"@type\":\"WebSite\",\"@id\":\"https:\/\/www.fmtrance.com\/online\/#website\",\"url\":\"https:\/\/www.fmtrance.com\/online\/\",\"name\":\"FM Trance 103.3\",\"description\":\"CABA. Radio de musica electronica\",\"publisher\":{\"@id\":\"https:\/\/www.fmtrance.com\/online\/#organization\"},\"potentialAction\":[{\"@type\":\"SearchAction\",\"target\":{\"@type\":\"EntryPoint\",\"urlTemplate\":\"https:\/\/www.fmtrance.com\/online\/?s={search_term_string}\"},\"query-input\":{\"@type\":\"PropertyValueSpecification\",\"valueRequired\":true,\"valueName\":\"search_term_string\"}}],\"inLanguage\":\"es-AR\"},{\"@type\":\"Organization\",\"@id\":\"https:\/\/www.fmtrance.com\/online\/#organization\",\"name\":\"FM TRANCE\",\"url\":\"https:\/\/www.fmtrance.com\/online\/\",\"logo\":{\"@type\":\"ImageObject\",\"inLanguage\":\"es-AR\",\"@id\":\"https:\/\/www.fmtrance.com\/online\/#\/schema\/logo\/image\/\",\"url\":\"https:\/\/www.fmtrance.com\/online\/wp-content\/uploads\/2025\/03\/LOGO-WEB.png\",\"contentUrl\":\"https:\/\/www.fmtrance.com\/online\/wp-content\/uploads\/2025\/03\/LOGO-WEB.png\",\"width\":500,\"height\":500,\"caption\":\"FM TRANCE\"},\"image\":{\"@id\":\"https:\/\/www.fmtrance.com\/online\/#\/schema\/logo\/image\/\"},\"sameAs\":[\"https:\/\/www.facebook.com\/fmtrance\",\"https:\/\/x.com\/fmtrance\",\"https:\/\/www.instagram.com\/fmtrance\"]},{\"@type\":\"Person\",\"@id\":\"https:\/\/www.fmtrance.com\/online\/#\/schema\/person\/686af7f826dd2f08b36b4760b7dcdddd\",\"name\":\"Redaccion FM Trance\",\"image\":{\"@type\":\"ImageObject\",\"inLanguage\":\"es-AR\",\"@id\":\"https:\/\/www.fmtrance.com\/online\/#\/schema\/person\/image\/\",\"url\":\"https:\/\/secure.gravatar.com\/avatar\/c9d0afa8b0785bea8046a42861739f0a26fb9e8da739ce032e6598dc2981bc38?s=96&r=g\",\"contentUrl\":\"https:\/\/secure.gravatar.com\/avatar\/c9d0afa8b0785bea8046a42861739f0a26fb9e8da739ce032e6598dc2981bc38?s=96&r=g\",\"caption\":\"Redaccion FM Trance\"},\"description\":\"Fundador y Director general de FM Trance. Nacido el 24 de Septiembre de 1987, en Caballito, Ciudad Autonoma de Buenos Aires. Alguien de Radio desde siempre: ya a los 9 a\u00f1os de edad como radioescucha, sintonizando estaci\u00f3nes de AM, FM, onda corta, TV UHF\/VHF, y dem\u00e1s servicios. Se desempe\u00f1\u00f3 como Operador T\u00e9cnico en diferentes emisoras locales de CABA y GBA, y hasta el dia de hoy sigue ejerciendo desde la parte t\u00e9cnica, realizando trabajos en varias Radios. Egresado del ISER de la carrera de Operador Tecnico de Planta Transmisora, cursando actualmente la carrera de Operador Tecnico de Estudios de Radio en dicha instituci\u00f3n, y flamante radioaficionado (habiendo completado el curso en el Radioclub Buenos Aires), distintiva LU2DBK.\",\"url\":\"https:\/\/www.fmtrance.com\/online\/author\/fmtrance\/\"}]}<\/script>\n<!-- \/ Yoast SEO plugin. -->","yoast_head_json":{"title":"Legisladores de la Ciudad votan el proyecto para quitar el impuesto a las tarjetas de cr\u00e9dito | FM Trance 103.3","robots":{"index":"index","follow":"follow","max-snippet":"max-snippet:-1","max-image-preview":"max-image-preview:large","max-video-preview":"max-video-preview:-1"},"canonical":"https:\/\/www.fmtrance.com\/online\/legisladores-de-la-ciudad-votan-el-proyecto-para-quitar-el-impuesto-a-las-tarjetas-de-credito\/","og_locale":"es_ES","og_type":"article","og_title":"Legisladores de la Ciudad votan el proyecto para quitar el impuesto a las tarjetas de cr\u00e9dito | FM Trance 103.3","og_description":"Este jueves se tratar\u00e1 proyecto para eliminar el impuesto a las tarjetas de cr\u00e9dito enviado por el jefe de Gobierno,","og_url":"https:\/\/www.fmtrance.com\/online\/legisladores-de-la-ciudad-votan-el-proyecto-para-quitar-el-impuesto-a-las-tarjetas-de-credito\/","og_site_name":"FM Trance 103.3","article_publisher":"https:\/\/www.facebook.com\/fmtrance","article_published_time":"2023-03-09T17:03:53+00:00","article_modified_time":"2023-03-10T17:04:38+00:00","og_image":[{"width":800,"height":593,"url":"https:\/\/www.fmtrance.com\/online\/wp-content\/uploads\/2023\/03\/6409d88c1c3f2_800x593.jpg","type":"image\/jpeg"}],"author":"Redaccion FM Trance","twitter_card":"summary_large_image","twitter_creator":"@fmtrance","twitter_site":"@fmtrance","twitter_misc":{"Escrito por":"Redaccion FM Trance","Tiempo de lectura":"2 minutos"},"schema":{"@context":"https:\/\/schema.org","@graph":[{"@type":"Article","@id":"https:\/\/www.fmtrance.com\/online\/legisladores-de-la-ciudad-votan-el-proyecto-para-quitar-el-impuesto-a-las-tarjetas-de-credito\/#article","isPartOf":{"@id":"https:\/\/www.fmtrance.com\/online\/legisladores-de-la-ciudad-votan-el-proyecto-para-quitar-el-impuesto-a-las-tarjetas-de-credito\/"},"author":{"name":"Redaccion FM Trance","@id":"https:\/\/www.fmtrance.com\/online\/#\/schema\/person\/686af7f826dd2f08b36b4760b7dcdddd"},"headline":"Legisladores de la Ciudad votan el proyecto para quitar el impuesto a las tarjetas de cr\u00e9dito","datePublished":"2023-03-09T17:03:53+00:00","dateModified":"2023-03-10T17:04:38+00:00","mainEntityOfPage":{"@id":"https:\/\/www.fmtrance.com\/online\/legisladores-de-la-ciudad-votan-el-proyecto-para-quitar-el-impuesto-a-las-tarjetas-de-credito\/"},"wordCount":321,"commentCount":0,"publisher":{"@id":"https:\/\/www.fmtrance.com\/online\/#organization"},"image":{"@id":"https:\/\/www.fmtrance.com\/online\/legisladores-de-la-ciudad-votan-el-proyecto-para-quitar-el-impuesto-a-las-tarjetas-de-credito\/#primaryimage"},"thumbnailUrl":"https:\/\/www.fmtrance.com\/online\/wp-content\/uploads\/2023\/03\/6409d88c1c3f2_800x593.jpg","keywords":["Uncategorized"],"articleSection":["Noticias"],"inLanguage":"es-AR","potentialAction":[{"@type":"CommentAction","name":"Comment","target":["https:\/\/www.fmtrance.com\/online\/legisladores-de-la-ciudad-votan-el-proyecto-para-quitar-el-impuesto-a-las-tarjetas-de-credito\/#respond"]}]},{"@type":"WebPage","@id":"https:\/\/www.fmtrance.com\/online\/legisladores-de-la-ciudad-votan-el-proyecto-para-quitar-el-impuesto-a-las-tarjetas-de-credito\/","url":"https:\/\/www.fmtrance.com\/online\/legisladores-de-la-ciudad-votan-el-proyecto-para-quitar-el-impuesto-a-las-tarjetas-de-credito\/","name":"Legisladores de la Ciudad votan el proyecto para quitar el impuesto a las tarjetas de cr\u00e9dito | FM Trance 103.3","isPartOf":{"@id":"https:\/\/www.fmtrance.com\/online\/#website"},"primaryImageOfPage":{"@id":"https:\/\/www.fmtrance.com\/online\/legisladores-de-la-ciudad-votan-el-proyecto-para-quitar-el-impuesto-a-las-tarjetas-de-credito\/#primaryimage"},"image":{"@id":"https:\/\/www.fmtrance.com\/online\/legisladores-de-la-ciudad-votan-el-proyecto-para-quitar-el-impuesto-a-las-tarjetas-de-credito\/#primaryimage"},"thumbnailUrl":"https:\/\/www.fmtrance.com\/online\/wp-content\/uploads\/2023\/03\/6409d88c1c3f2_800x593.jpg","datePublished":"2023-03-09T17:03:53+00:00","dateModified":"2023-03-10T17:04:38+00:00","breadcrumb":{"@id":"https:\/\/www.fmtrance.com\/online\/legisladores-de-la-ciudad-votan-el-proyecto-para-quitar-el-impuesto-a-las-tarjetas-de-credito\/#breadcrumb"},"inLanguage":"es-AR","potentialAction":[{"@type":"ReadAction","target":["https:\/\/www.fmtrance.com\/online\/legisladores-de-la-ciudad-votan-el-proyecto-para-quitar-el-impuesto-a-las-tarjetas-de-credito\/"]}]},{"@type":"ImageObject","inLanguage":"es-AR","@id":"https:\/\/www.fmtrance.com\/online\/legisladores-de-la-ciudad-votan-el-proyecto-para-quitar-el-impuesto-a-las-tarjetas-de-credito\/#primaryimage","url":"https:\/\/www.fmtrance.com\/online\/wp-content\/uploads\/2023\/03\/6409d88c1c3f2_800x593.jpg","contentUrl":"https:\/\/www.fmtrance.com\/online\/wp-content\/uploads\/2023\/03\/6409d88c1c3f2_800x593.jpg","width":800,"height":593},{"@type":"BreadcrumbList","@id":"https:\/\/www.fmtrance.com\/online\/legisladores-de-la-ciudad-votan-el-proyecto-para-quitar-el-impuesto-a-las-tarjetas-de-credito\/#breadcrumb","itemListElement":[{"@type":"ListItem","position":1,"name":"Inicio","item":"https:\/\/www.fmtrance.com\/online\/"},{"@type":"ListItem","position":2,"name":"Legisladores de la Ciudad votan el proyecto para quitar el impuesto a las tarjetas de cr\u00e9dito"}]},{"@type":"WebSite","@id":"https:\/\/www.fmtrance.com\/online\/#website","url":"https:\/\/www.fmtrance.com\/online\/","name":"FM Trance 103.3","description":"CABA. Radio de musica electronica","publisher":{"@id":"https:\/\/www.fmtrance.com\/online\/#organization"},"potentialAction":[{"@type":"SearchAction","target":{"@type":"EntryPoint","urlTemplate":"https:\/\/www.fmtrance.com\/online\/?s={search_term_string}"},"query-input":{"@type":"PropertyValueSpecification","valueRequired":true,"valueName":"search_term_string"}}],"inLanguage":"es-AR"},{"@type":"Organization","@id":"https:\/\/www.fmtrance.com\/online\/#organization","name":"FM TRANCE","url":"https:\/\/www.fmtrance.com\/online\/","logo":{"@type":"ImageObject","inLanguage":"es-AR","@id":"https:\/\/www.fmtrance.com\/online\/#\/schema\/logo\/image\/","url":"https:\/\/www.fmtrance.com\/online\/wp-content\/uploads\/2025\/03\/LOGO-WEB.png","contentUrl":"https:\/\/www.fmtrance.com\/online\/wp-content\/uploads\/2025\/03\/LOGO-WEB.png","width":500,"height":500,"caption":"FM TRANCE"},"image":{"@id":"https:\/\/www.fmtrance.com\/online\/#\/schema\/logo\/image\/"},"sameAs":["https:\/\/www.facebook.com\/fmtrance","https:\/\/x.com\/fmtrance","https:\/\/www.instagram.com\/fmtrance"]},{"@type":"Person","@id":"https:\/\/www.fmtrance.com\/online\/#\/schema\/person\/686af7f826dd2f08b36b4760b7dcdddd","name":"Redaccion FM Trance","image":{"@type":"ImageObject","inLanguage":"es-AR","@id":"https:\/\/www.fmtrance.com\/online\/#\/schema\/person\/image\/","url":"https:\/\/secure.gravatar.com\/avatar\/c9d0afa8b0785bea8046a42861739f0a26fb9e8da739ce032e6598dc2981bc38?s=96&r=g","contentUrl":"https:\/\/secure.gravatar.com\/avatar\/c9d0afa8b0785bea8046a42861739f0a26fb9e8da739ce032e6598dc2981bc38?s=96&r=g","caption":"Redaccion FM Trance"},"description":"Fundador y Director general de FM Trance. Nacido el 24 de Septiembre de 1987, en Caballito, Ciudad Autonoma de Buenos Aires. Alguien de Radio desde siempre: ya a los 9 a\u00f1os de edad como radioescucha, sintonizando estaci\u00f3nes de AM, FM, onda corta, TV UHF\/VHF, y dem\u00e1s servicios. Se desempe\u00f1\u00f3 como Operador T\u00e9cnico en diferentes emisoras locales de CABA y GBA, y hasta el dia de hoy sigue ejerciendo desde la parte t\u00e9cnica, realizando trabajos en varias Radios. Egresado del ISER de la carrera de Operador Tecnico de Planta Transmisora, cursando actualmente la carrera de Operador Tecnico de Estudios de Radio en dicha instituci\u00f3n, y flamante radioaficionado (habiendo completado el curso en el Radioclub Buenos Aires), distintiva LU2DBK.","url":"https:\/\/www.fmtrance.com\/online\/author\/fmtrance\/"}]}},"_links":{"self":[{"href":"https:\/\/www.fmtrance.com\/online\/wp-json\/wp\/v2\/posts\/3951","targetHints":{"allow":["GET"]}}],"collection":[{"href":"https:\/\/www.fmtrance.com\/online\/wp-json\/wp\/v2\/posts"}],"about":[{"href":"https:\/\/www.fmtrance.com\/online\/wp-json\/wp\/v2\/types\/post"}],"author":[{"embeddable":true,"href":"https:\/\/www.fmtrance.com\/online\/wp-json\/wp\/v2\/users\/1"}],"replies":[{"embeddable":true,"href":"https:\/\/www.fmtrance.com\/online\/wp-json\/wp\/v2\/comments?post=3951"}],"version-history":[{"count":1,"href":"https:\/\/www.fmtrance.com\/online\/wp-json\/wp\/v2\/posts\/3951\/revisions"}],"predecessor-version":[{"id":3953,"href":"https:\/\/www.fmtrance.com\/online\/wp-json\/wp\/v2\/posts\/3951\/revisions\/3953"}],"wp:featuredmedia":[{"embeddable":true,"href":"https:\/\/www.fmtrance.com\/online\/wp-json\/wp\/v2\/media\/3952"}],"wp:attachment":[{"href":"https:\/\/www.fmtrance.com\/online\/wp-json\/wp\/v2\/media?parent=3951"}],"wp:term":[{"taxonomy":"category","embeddable":true,"href":"https:\/\/www.fmtrance.com\/online\/wp-json\/wp\/v2\/categories?post=3951"},{"taxonomy":"post_tag","embeddable":true,"href":"https:\/\/www.fmtrance.com\/online\/wp-json\/wp\/v2\/tags?post=3951"}],"curies":[{"name":"wp","href":"https:\/\/api.w.org\/{rel}","templated":true}]}}