{"id":3948,"date":"2023-03-09T13:59:13","date_gmt":"2023-03-09T16:59:13","guid":{"rendered":"http:\/\/www.fmtrance.com\/online\/?p=3948"},"modified":"2023-03-10T14:02:50","modified_gmt":"2023-03-10T17:02:50","slug":"se-vendio-el-antiguo-edificio-del-ministerio-de-educacion","status":"publish","type":"post","link":"https:\/\/www.fmtrance.com\/online\/se-vendio-el-antiguo-edificio-del-ministerio-de-educacion\/","title":{"rendered":"Se vendi\u00f3 el antiguo edificio del Ministerio de Educaci\u00f3n"},"content":{"rendered":"<p><strong><em>Se trata del inmueble ubicado en avenida Paseo Col\u00f3n 245, donde funcionaba el Ministerio de Educaci\u00f3n porte\u00f1o y actualmente la sede universitaria. Se lo qued\u00f3 IRSA.<\/em><\/strong><\/p>\n<p>En una\u00a0<strong>subasta p\u00fabica del Gobierno de la Ciudad<\/strong>\u00a0celebrada en diciembre pasado, la\u00a0<strong>empresa IRSA<\/strong>, due\u00f1a de los principales shoppings del pa\u00eds, adquiri\u00f3 el edificio donde funcion\u00f3 el\u00a0<strong>Ministerio de Educaci\u00f3n porte\u00f1o<\/strong>\u00a0hasta la mudanza al\u00a0<strong>Barrio 31<\/strong>, en enero del 2020.<\/p>\n<p>La empresa propiedad de\u00a0<strong>Eduardo Elsztain<\/strong>\u00a0pag\u00f3\u00a0<strong>US$7.714.000\u00a0<\/strong>por el inmueble de 13.700 metros cuadrados ubicado en avenida Paseo Col\u00f3n 245. La adjudicaci\u00f3n se public\u00f3 ayer mi\u00e9rcoles a trav\u00e9s de la Resoluci\u00f3n N\u00b0 20\/SSABI\/23, en el\u00a0<strong>Bolet\u00edn Oficial de la Ciudad de Buenos Aires,<\/strong>\u00a0informa La Naci\u00f3n.<\/p>\n<p><strong>IRSA<\/strong>\u00a0le gan\u00f3 la pulseada a otros tres interesados: la firma\u00a0<strong>Line Construcciones; Jazm\u00edn Guindi; y Gregorio Parraj\u00f3n<\/strong>\u00a0junto a\u00a0<strong>Mart\u00edn Jos\u00e9 Saieg.<\/strong>\u00a0El edificio de 13 pisos hab\u00eda salido a remate con una base de US$3.379.733. Seg\u00fan inform\u00f3 la empresa a la\u00a0<strong>Comisi\u00f3n Nacional de Valores<\/strong>, por el inmueble en la avenida Paseo Col\u00f3n 245 y las cocheras ubicadas en el 275 se pag\u00f3 un total de $1.434.793.198.<\/p>\n<p><em>\u201cLa propiedad, con potencial de usos mixtos, cuenta con 13 pisos de oficinas en una superficie cubierta de aproximadamente 13.700 m\u00b2 y un subsuelo con 12 cocheras\u201d,<\/em>\u00a0detall\u00f3\u00a0<strong>IRSA\u00a0<\/strong>en una nota a la\u00a0<strong>Comisi\u00f3n de Valores.<\/strong><\/p>\n<p>Sin embargo, la empresa todav\u00eda no firm\u00f3 la escritura. Es que est\u00e1 obligada a suscribir un contrato de comodato con el\u00a0<strong>Gobierno porte\u00f1o\u00a0<\/strong>por el cual la\u00a0<strong>Ciudad<\/strong>\u00a0podr\u00e1 mantener el edificio de manera gratuita por 18 meses (con la opci\u00f3n de extender ese plazo seis meses m\u00e1s con un contrato de alquiler). Este acuerdo fue parte de las condiciones pactadas en la subasta.<\/p>\n<p>Un acuerdo similar firm\u00f3 la empresa a fines de 2022 cuando &#8211; tambi\u00e9n a trav\u00e9s de una subasta p\u00fablica &#8211; se qued\u00f3 con un edificio ubicado en la esquina de Beruti y Coronel D\u00edaz, frente al shopping\u00a0<strong>Alto Palermo<\/strong>\u00a0donde funciona la\u00a0<strong>sede comunal 14.<br \/>\n<\/strong><br \/>\nEn este entonces, la compa\u00f1\u00eda\u00a0<strong>IRSA<\/strong>\u00a0pag\u00f3 una suma de\u00a0<strong>US$20,11 millones,<\/strong>\u00a0al cambio oficial, unos US$100.000 m\u00e1s que al precio base del remate. En ese edificio funciona todav\u00eda una sede del\u00a0<strong>Poder Judicial y el Registro Civil de la Comuna 14,<\/strong>\u00a0y a\u00fan le resta un per\u00edodo de un a\u00f1o y medio m\u00e1s, aproximadamente. Cuando\u00a0<strong>IRSA<\/strong>\u00a0adquiri\u00f3 el inmueble lo dieron en comodato a la Ciudad por 30 meses, sin cobro de alquiler.<\/p>\n<p>De esta manera se suman m\u00e1s de\u00a0<strong>60 edificios p\u00fablicos los rematados<\/strong>\u00a0por considerarlos \u201cinnecesarios\u201d para la\u00a0<strong>gesti\u00f3n de Horacio Rodr\u00edguez Larreta<\/strong>. Mientras faltan lugares para educar a m\u00e1s de\u00a0<strong>50.000 ni\u00f1os y ni\u00f1as porte\u00f1os<\/strong>\u00a0que se ven privados de sus\u00a0<strong>vacantes, Larreta\u00a0<\/strong>se desprende de edificios en beneficio de grupos empresarios privados.<\/p>\n<p><em>\u201cPara poner un ejemplo, s\u00f3lo en 2022,\u00a0<strong>Rodr\u00edguez Larreta<\/strong>\u00a0gast\u00f3 m\u00e1s de 380 millones de pesos ($384.618.633) en alquilar el\u00a0<strong>Palacio Lezama (la ex F\u00e1brica Canale)<\/strong>\u00a0donde funciona el\u00a0<strong>Ministerio de Desarrollo Urbano y Transporte y la Subsecretar\u00eda de Tr\u00e1nsito;<\/strong>\u00a0organismos que hasta 2016 se encontraban en el ya subastado\u00a0<strong>Edificio El Plata<\/strong><\/em>\u201d, se\u00f1alan desde el\u00a0<strong>Observatorio de la Ciudad.<\/strong><\/p>\n","protected":false},"excerpt":{"rendered":"<p>Se trata del inmueble ubicado en avenida Paseo Col\u00f3n 245, donde funcionaba el Ministerio de Educaci\u00f3n porte\u00f1o y actualmente la<\/p>\n","protected":false},"author":1,"featured_media":3949,"comment_status":"open","ping_status":"closed","sticky":false,"template":"","format":"standard","meta":{"footnotes":""},"categories":[1],"tags":[1726],"class_list":["post-3948","post","type-post","status-publish","format-standard","has-post-thumbnail","hentry","category-uncategorized","tag-uncategorized"],"yoast_head":"<!-- This site is optimized with the Yoast SEO plugin v24.6 - https:\/\/yoast.com\/wordpress\/plugins\/seo\/ -->\n<title>Se vendi\u00f3 el antiguo edificio del Ministerio de Educaci\u00f3n | FM Trance 103.3<\/title>\n<meta name=\"robots\" content=\"index, follow, max-snippet:-1, max-image-preview:large, max-video-preview:-1\" \/>\n<link rel=\"canonical\" href=\"https:\/\/www.fmtrance.com\/online\/se-vendio-el-antiguo-edificio-del-ministerio-de-educacion\/\" \/>\n<meta property=\"og:locale\" content=\"es_ES\" \/>\n<meta property=\"og:type\" content=\"article\" \/>\n<meta property=\"og:title\" content=\"Se vendi\u00f3 el antiguo edificio del Ministerio de Educaci\u00f3n | FM Trance 103.3\" \/>\n<meta property=\"og:description\" content=\"Se trata del inmueble ubicado en avenida Paseo Col\u00f3n 245, donde funcionaba el Ministerio de Educaci\u00f3n porte\u00f1o y actualmente la\" \/>\n<meta property=\"og:url\" content=\"https:\/\/www.fmtrance.com\/online\/se-vendio-el-antiguo-edificio-del-ministerio-de-educacion\/\" \/>\n<meta property=\"og:site_name\" content=\"FM Trance 103.3\" \/>\n<meta property=\"article:publisher\" content=\"https:\/\/www.facebook.com\/fmtrance\" \/>\n<meta property=\"article:published_time\" content=\"2023-03-09T16:59:13+00:00\" \/>\n<meta property=\"article:modified_time\" content=\"2023-03-10T17:02:50+00:00\" \/>\n<meta property=\"og:image\" content=\"https:\/\/www.fmtrance.com\/online\/wp-content\/uploads\/2023\/03\/6409d08c0792c_800x533.jpg\" \/>\n\t<meta property=\"og:image:width\" content=\"800\" \/>\n\t<meta property=\"og:image:height\" content=\"533\" \/>\n\t<meta property=\"og:image:type\" content=\"image\/jpeg\" \/>\n<meta name=\"author\" content=\"Redaccion FM Trance\" \/>\n<meta name=\"twitter:card\" content=\"summary_large_image\" \/>\n<meta name=\"twitter:creator\" content=\"@fmtrance\" \/>\n<meta name=\"twitter:site\" content=\"@fmtrance\" \/>\n<meta name=\"twitter:label1\" content=\"Escrito por\" \/>\n\t<meta name=\"twitter:data1\" content=\"Redaccion FM Trance\" \/>\n\t<meta name=\"twitter:label2\" content=\"Tiempo de lectura\" \/>\n\t<meta name=\"twitter:data2\" content=\"3 minutos\" \/>\n<script type=\"application\/ld+json\" class=\"yoast-schema-graph\">{\"@context\":\"https:\/\/schema.org\",\"@graph\":[{\"@type\":\"Article\",\"@id\":\"https:\/\/www.fmtrance.com\/online\/se-vendio-el-antiguo-edificio-del-ministerio-de-educacion\/#article\",\"isPartOf\":{\"@id\":\"https:\/\/www.fmtrance.com\/online\/se-vendio-el-antiguo-edificio-del-ministerio-de-educacion\/\"},\"author\":{\"name\":\"Redaccion FM Trance\",\"@id\":\"https:\/\/www.fmtrance.com\/online\/#\/schema\/person\/686af7f826dd2f08b36b4760b7dcdddd\"},\"headline\":\"Se vendi\u00f3 el antiguo edificio del Ministerio de Educaci\u00f3n\",\"datePublished\":\"2023-03-09T16:59:13+00:00\",\"dateModified\":\"2023-03-10T17:02:50+00:00\",\"mainEntityOfPage\":{\"@id\":\"https:\/\/www.fmtrance.com\/online\/se-vendio-el-antiguo-edificio-del-ministerio-de-educacion\/\"},\"wordCount\":558,\"commentCount\":0,\"publisher\":{\"@id\":\"https:\/\/www.fmtrance.com\/online\/#organization\"},\"image\":{\"@id\":\"https:\/\/www.fmtrance.com\/online\/se-vendio-el-antiguo-edificio-del-ministerio-de-educacion\/#primaryimage\"},\"thumbnailUrl\":\"https:\/\/www.fmtrance.com\/online\/wp-content\/uploads\/2023\/03\/6409d08c0792c_800x533.jpg\",\"keywords\":[\"Uncategorized\"],\"articleSection\":[\"Noticias\"],\"inLanguage\":\"es-AR\",\"potentialAction\":[{\"@type\":\"CommentAction\",\"name\":\"Comment\",\"target\":[\"https:\/\/www.fmtrance.com\/online\/se-vendio-el-antiguo-edificio-del-ministerio-de-educacion\/#respond\"]}]},{\"@type\":\"WebPage\",\"@id\":\"https:\/\/www.fmtrance.com\/online\/se-vendio-el-antiguo-edificio-del-ministerio-de-educacion\/\",\"url\":\"https:\/\/www.fmtrance.com\/online\/se-vendio-el-antiguo-edificio-del-ministerio-de-educacion\/\",\"name\":\"Se vendi\u00f3 el antiguo edificio del Ministerio de Educaci\u00f3n | FM Trance 103.3\",\"isPartOf\":{\"@id\":\"https:\/\/www.fmtrance.com\/online\/#website\"},\"primaryImageOfPage\":{\"@id\":\"https:\/\/www.fmtrance.com\/online\/se-vendio-el-antiguo-edificio-del-ministerio-de-educacion\/#primaryimage\"},\"image\":{\"@id\":\"https:\/\/www.fmtrance.com\/online\/se-vendio-el-antiguo-edificio-del-ministerio-de-educacion\/#primaryimage\"},\"thumbnailUrl\":\"https:\/\/www.fmtrance.com\/online\/wp-content\/uploads\/2023\/03\/6409d08c0792c_800x533.jpg\",\"datePublished\":\"2023-03-09T16:59:13+00:00\",\"dateModified\":\"2023-03-10T17:02:50+00:00\",\"breadcrumb\":{\"@id\":\"https:\/\/www.fmtrance.com\/online\/se-vendio-el-antiguo-edificio-del-ministerio-de-educacion\/#breadcrumb\"},\"inLanguage\":\"es-AR\",\"potentialAction\":[{\"@type\":\"ReadAction\",\"target\":[\"https:\/\/www.fmtrance.com\/online\/se-vendio-el-antiguo-edificio-del-ministerio-de-educacion\/\"]}]},{\"@type\":\"ImageObject\",\"inLanguage\":\"es-AR\",\"@id\":\"https:\/\/www.fmtrance.com\/online\/se-vendio-el-antiguo-edificio-del-ministerio-de-educacion\/#primaryimage\",\"url\":\"https:\/\/www.fmtrance.com\/online\/wp-content\/uploads\/2023\/03\/6409d08c0792c_800x533.jpg\",\"contentUrl\":\"https:\/\/www.fmtrance.com\/online\/wp-content\/uploads\/2023\/03\/6409d08c0792c_800x533.jpg\",\"width\":800,\"height\":533},{\"@type\":\"BreadcrumbList\",\"@id\":\"https:\/\/www.fmtrance.com\/online\/se-vendio-el-antiguo-edificio-del-ministerio-de-educacion\/#breadcrumb\",\"itemListElement\":[{\"@type\":\"ListItem\",\"position\":1,\"name\":\"Inicio\",\"item\":\"https:\/\/www.fmtrance.com\/online\/\"},{\"@type\":\"ListItem\",\"position\":2,\"name\":\"Se vendi\u00f3 el antiguo edificio del Ministerio de Educaci\u00f3n\"}]},{\"@type\":\"WebSite\",\"@id\":\"https:\/\/www.fmtrance.com\/online\/#website\",\"url\":\"https:\/\/www.fmtrance.com\/online\/\",\"name\":\"FM Trance 103.3\",\"description\":\"CABA. Radio de musica electronica\",\"publisher\":{\"@id\":\"https:\/\/www.fmtrance.com\/online\/#organization\"},\"potentialAction\":[{\"@type\":\"SearchAction\",\"target\":{\"@type\":\"EntryPoint\",\"urlTemplate\":\"https:\/\/www.fmtrance.com\/online\/?s={search_term_string}\"},\"query-input\":{\"@type\":\"PropertyValueSpecification\",\"valueRequired\":true,\"valueName\":\"search_term_string\"}}],\"inLanguage\":\"es-AR\"},{\"@type\":\"Organization\",\"@id\":\"https:\/\/www.fmtrance.com\/online\/#organization\",\"name\":\"FM TRANCE\",\"url\":\"https:\/\/www.fmtrance.com\/online\/\",\"logo\":{\"@type\":\"ImageObject\",\"inLanguage\":\"es-AR\",\"@id\":\"https:\/\/www.fmtrance.com\/online\/#\/schema\/logo\/image\/\",\"url\":\"https:\/\/www.fmtrance.com\/online\/wp-content\/uploads\/2025\/03\/LOGO-WEB.png\",\"contentUrl\":\"https:\/\/www.fmtrance.com\/online\/wp-content\/uploads\/2025\/03\/LOGO-WEB.png\",\"width\":500,\"height\":500,\"caption\":\"FM TRANCE\"},\"image\":{\"@id\":\"https:\/\/www.fmtrance.com\/online\/#\/schema\/logo\/image\/\"},\"sameAs\":[\"https:\/\/www.facebook.com\/fmtrance\",\"https:\/\/x.com\/fmtrance\",\"https:\/\/www.instagram.com\/fmtrance\"]},{\"@type\":\"Person\",\"@id\":\"https:\/\/www.fmtrance.com\/online\/#\/schema\/person\/686af7f826dd2f08b36b4760b7dcdddd\",\"name\":\"Redaccion FM Trance\",\"image\":{\"@type\":\"ImageObject\",\"inLanguage\":\"es-AR\",\"@id\":\"https:\/\/www.fmtrance.com\/online\/#\/schema\/person\/image\/\",\"url\":\"https:\/\/secure.gravatar.com\/avatar\/c9d0afa8b0785bea8046a42861739f0a26fb9e8da739ce032e6598dc2981bc38?s=96&r=g\",\"contentUrl\":\"https:\/\/secure.gravatar.com\/avatar\/c9d0afa8b0785bea8046a42861739f0a26fb9e8da739ce032e6598dc2981bc38?s=96&r=g\",\"caption\":\"Redaccion FM Trance\"},\"description\":\"Fundador y Director general de FM Trance. Nacido el 24 de Septiembre de 1987, en Caballito, Ciudad Autonoma de Buenos Aires. Alguien de Radio desde siempre: ya a los 9 a\u00f1os de edad como radioescucha, sintonizando estaci\u00f3nes de AM, FM, onda corta, TV UHF\/VHF, y dem\u00e1s servicios. Se desempe\u00f1\u00f3 como Operador T\u00e9cnico en diferentes emisoras locales de CABA y GBA, y hasta el dia de hoy sigue ejerciendo desde la parte t\u00e9cnica, realizando trabajos en varias Radios. Egresado del ISER de la carrera de Operador Tecnico de Planta Transmisora, cursando actualmente la carrera de Operador Tecnico de Estudios de Radio en dicha instituci\u00f3n, y flamante radioaficionado (habiendo completado el curso en el Radioclub Buenos Aires), distintiva LU2DBK.\",\"url\":\"https:\/\/www.fmtrance.com\/online\/author\/fmtrance\/\"}]}<\/script>\n<!-- \/ Yoast SEO plugin. -->","yoast_head_json":{"title":"Se vendi\u00f3 el antiguo edificio del Ministerio de Educaci\u00f3n | FM Trance 103.3","robots":{"index":"index","follow":"follow","max-snippet":"max-snippet:-1","max-image-preview":"max-image-preview:large","max-video-preview":"max-video-preview:-1"},"canonical":"https:\/\/www.fmtrance.com\/online\/se-vendio-el-antiguo-edificio-del-ministerio-de-educacion\/","og_locale":"es_ES","og_type":"article","og_title":"Se vendi\u00f3 el antiguo edificio del Ministerio de Educaci\u00f3n | FM Trance 103.3","og_description":"Se trata del inmueble ubicado en avenida Paseo Col\u00f3n 245, donde funcionaba el Ministerio de Educaci\u00f3n porte\u00f1o y actualmente la","og_url":"https:\/\/www.fmtrance.com\/online\/se-vendio-el-antiguo-edificio-del-ministerio-de-educacion\/","og_site_name":"FM Trance 103.3","article_publisher":"https:\/\/www.facebook.com\/fmtrance","article_published_time":"2023-03-09T16:59:13+00:00","article_modified_time":"2023-03-10T17:02:50+00:00","og_image":[{"width":800,"height":533,"url":"https:\/\/www.fmtrance.com\/online\/wp-content\/uploads\/2023\/03\/6409d08c0792c_800x533.jpg","type":"image\/jpeg"}],"author":"Redaccion FM Trance","twitter_card":"summary_large_image","twitter_creator":"@fmtrance","twitter_site":"@fmtrance","twitter_misc":{"Escrito por":"Redaccion FM Trance","Tiempo de lectura":"3 minutos"},"schema":{"@context":"https:\/\/schema.org","@graph":[{"@type":"Article","@id":"https:\/\/www.fmtrance.com\/online\/se-vendio-el-antiguo-edificio-del-ministerio-de-educacion\/#article","isPartOf":{"@id":"https:\/\/www.fmtrance.com\/online\/se-vendio-el-antiguo-edificio-del-ministerio-de-educacion\/"},"author":{"name":"Redaccion FM Trance","@id":"https:\/\/www.fmtrance.com\/online\/#\/schema\/person\/686af7f826dd2f08b36b4760b7dcdddd"},"headline":"Se vendi\u00f3 el antiguo edificio del Ministerio de Educaci\u00f3n","datePublished":"2023-03-09T16:59:13+00:00","dateModified":"2023-03-10T17:02:50+00:00","mainEntityOfPage":{"@id":"https:\/\/www.fmtrance.com\/online\/se-vendio-el-antiguo-edificio-del-ministerio-de-educacion\/"},"wordCount":558,"commentCount":0,"publisher":{"@id":"https:\/\/www.fmtrance.com\/online\/#organization"},"image":{"@id":"https:\/\/www.fmtrance.com\/online\/se-vendio-el-antiguo-edificio-del-ministerio-de-educacion\/#primaryimage"},"thumbnailUrl":"https:\/\/www.fmtrance.com\/online\/wp-content\/uploads\/2023\/03\/6409d08c0792c_800x533.jpg","keywords":["Uncategorized"],"articleSection":["Noticias"],"inLanguage":"es-AR","potentialAction":[{"@type":"CommentAction","name":"Comment","target":["https:\/\/www.fmtrance.com\/online\/se-vendio-el-antiguo-edificio-del-ministerio-de-educacion\/#respond"]}]},{"@type":"WebPage","@id":"https:\/\/www.fmtrance.com\/online\/se-vendio-el-antiguo-edificio-del-ministerio-de-educacion\/","url":"https:\/\/www.fmtrance.com\/online\/se-vendio-el-antiguo-edificio-del-ministerio-de-educacion\/","name":"Se vendi\u00f3 el antiguo edificio del Ministerio de Educaci\u00f3n | FM Trance 103.3","isPartOf":{"@id":"https:\/\/www.fmtrance.com\/online\/#website"},"primaryImageOfPage":{"@id":"https:\/\/www.fmtrance.com\/online\/se-vendio-el-antiguo-edificio-del-ministerio-de-educacion\/#primaryimage"},"image":{"@id":"https:\/\/www.fmtrance.com\/online\/se-vendio-el-antiguo-edificio-del-ministerio-de-educacion\/#primaryimage"},"thumbnailUrl":"https:\/\/www.fmtrance.com\/online\/wp-content\/uploads\/2023\/03\/6409d08c0792c_800x533.jpg","datePublished":"2023-03-09T16:59:13+00:00","dateModified":"2023-03-10T17:02:50+00:00","breadcrumb":{"@id":"https:\/\/www.fmtrance.com\/online\/se-vendio-el-antiguo-edificio-del-ministerio-de-educacion\/#breadcrumb"},"inLanguage":"es-AR","potentialAction":[{"@type":"ReadAction","target":["https:\/\/www.fmtrance.com\/online\/se-vendio-el-antiguo-edificio-del-ministerio-de-educacion\/"]}]},{"@type":"ImageObject","inLanguage":"es-AR","@id":"https:\/\/www.fmtrance.com\/online\/se-vendio-el-antiguo-edificio-del-ministerio-de-educacion\/#primaryimage","url":"https:\/\/www.fmtrance.com\/online\/wp-content\/uploads\/2023\/03\/6409d08c0792c_800x533.jpg","contentUrl":"https:\/\/www.fmtrance.com\/online\/wp-content\/uploads\/2023\/03\/6409d08c0792c_800x533.jpg","width":800,"height":533},{"@type":"BreadcrumbList","@id":"https:\/\/www.fmtrance.com\/online\/se-vendio-el-antiguo-edificio-del-ministerio-de-educacion\/#breadcrumb","itemListElement":[{"@type":"ListItem","position":1,"name":"Inicio","item":"https:\/\/www.fmtrance.com\/online\/"},{"@type":"ListItem","position":2,"name":"Se vendi\u00f3 el antiguo edificio del Ministerio de Educaci\u00f3n"}]},{"@type":"WebSite","@id":"https:\/\/www.fmtrance.com\/online\/#website","url":"https:\/\/www.fmtrance.com\/online\/","name":"FM Trance 103.3","description":"CABA. Radio de musica electronica","publisher":{"@id":"https:\/\/www.fmtrance.com\/online\/#organization"},"potentialAction":[{"@type":"SearchAction","target":{"@type":"EntryPoint","urlTemplate":"https:\/\/www.fmtrance.com\/online\/?s={search_term_string}"},"query-input":{"@type":"PropertyValueSpecification","valueRequired":true,"valueName":"search_term_string"}}],"inLanguage":"es-AR"},{"@type":"Organization","@id":"https:\/\/www.fmtrance.com\/online\/#organization","name":"FM TRANCE","url":"https:\/\/www.fmtrance.com\/online\/","logo":{"@type":"ImageObject","inLanguage":"es-AR","@id":"https:\/\/www.fmtrance.com\/online\/#\/schema\/logo\/image\/","url":"https:\/\/www.fmtrance.com\/online\/wp-content\/uploads\/2025\/03\/LOGO-WEB.png","contentUrl":"https:\/\/www.fmtrance.com\/online\/wp-content\/uploads\/2025\/03\/LOGO-WEB.png","width":500,"height":500,"caption":"FM TRANCE"},"image":{"@id":"https:\/\/www.fmtrance.com\/online\/#\/schema\/logo\/image\/"},"sameAs":["https:\/\/www.facebook.com\/fmtrance","https:\/\/x.com\/fmtrance","https:\/\/www.instagram.com\/fmtrance"]},{"@type":"Person","@id":"https:\/\/www.fmtrance.com\/online\/#\/schema\/person\/686af7f826dd2f08b36b4760b7dcdddd","name":"Redaccion FM Trance","image":{"@type":"ImageObject","inLanguage":"es-AR","@id":"https:\/\/www.fmtrance.com\/online\/#\/schema\/person\/image\/","url":"https:\/\/secure.gravatar.com\/avatar\/c9d0afa8b0785bea8046a42861739f0a26fb9e8da739ce032e6598dc2981bc38?s=96&r=g","contentUrl":"https:\/\/secure.gravatar.com\/avatar\/c9d0afa8b0785bea8046a42861739f0a26fb9e8da739ce032e6598dc2981bc38?s=96&r=g","caption":"Redaccion FM Trance"},"description":"Fundador y Director general de FM Trance. Nacido el 24 de Septiembre de 1987, en Caballito, Ciudad Autonoma de Buenos Aires. Alguien de Radio desde siempre: ya a los 9 a\u00f1os de edad como radioescucha, sintonizando estaci\u00f3nes de AM, FM, onda corta, TV UHF\/VHF, y dem\u00e1s servicios. Se desempe\u00f1\u00f3 como Operador T\u00e9cnico en diferentes emisoras locales de CABA y GBA, y hasta el dia de hoy sigue ejerciendo desde la parte t\u00e9cnica, realizando trabajos en varias Radios. Egresado del ISER de la carrera de Operador Tecnico de Planta Transmisora, cursando actualmente la carrera de Operador Tecnico de Estudios de Radio en dicha instituci\u00f3n, y flamante radioaficionado (habiendo completado el curso en el Radioclub Buenos Aires), distintiva LU2DBK.","url":"https:\/\/www.fmtrance.com\/online\/author\/fmtrance\/"}]}},"_links":{"self":[{"href":"https:\/\/www.fmtrance.com\/online\/wp-json\/wp\/v2\/posts\/3948","targetHints":{"allow":["GET"]}}],"collection":[{"href":"https:\/\/www.fmtrance.com\/online\/wp-json\/wp\/v2\/posts"}],"about":[{"href":"https:\/\/www.fmtrance.com\/online\/wp-json\/wp\/v2\/types\/post"}],"author":[{"embeddable":true,"href":"https:\/\/www.fmtrance.com\/online\/wp-json\/wp\/v2\/users\/1"}],"replies":[{"embeddable":true,"href":"https:\/\/www.fmtrance.com\/online\/wp-json\/wp\/v2\/comments?post=3948"}],"version-history":[{"count":1,"href":"https:\/\/www.fmtrance.com\/online\/wp-json\/wp\/v2\/posts\/3948\/revisions"}],"predecessor-version":[{"id":3950,"href":"https:\/\/www.fmtrance.com\/online\/wp-json\/wp\/v2\/posts\/3948\/revisions\/3950"}],"wp:featuredmedia":[{"embeddable":true,"href":"https:\/\/www.fmtrance.com\/online\/wp-json\/wp\/v2\/media\/3949"}],"wp:attachment":[{"href":"https:\/\/www.fmtrance.com\/online\/wp-json\/wp\/v2\/media?parent=3948"}],"wp:term":[{"taxonomy":"category","embeddable":true,"href":"https:\/\/www.fmtrance.com\/online\/wp-json\/wp\/v2\/categories?post=3948"},{"taxonomy":"post_tag","embeddable":true,"href":"https:\/\/www.fmtrance.com\/online\/wp-json\/wp\/v2\/tags?post=3948"}],"curies":[{"name":"wp","href":"https:\/\/api.w.org\/{rel}","templated":true}]}}