{"id":3945,"date":"2023-03-08T13:50:25","date_gmt":"2023-03-08T16:50:25","guid":{"rendered":"http:\/\/www.fmtrance.com\/online\/?p=3945"},"modified":"2023-03-10T13:56:44","modified_gmt":"2023-03-10T16:56:44","slug":"denuncian-la-presencia-de-alacranes-venenosos-en-las-escuelas-portenas","status":"publish","type":"post","link":"https:\/\/www.fmtrance.com\/online\/denuncian-la-presencia-de-alacranes-venenosos-en-las-escuelas-portenas\/","title":{"rendered":"Denuncian la presencia de \u201calacranes venenosos\u201d en las escuelas porte\u00f1as"},"content":{"rendered":"<div class=\"row\">\n<div class=\"col-lg-12\">\n<div class=\"detail\">\n<p><strong>El legislador de la Ciudad por el Frente de Izquierda, Gabriel Solano, comparti\u00f3 un video en sus redes sociales donde se observa la presencia de un alacr\u00e1n en el colegio Lenguas Vivas. \u201cEn estas condiciones cursan estudiantes y docentes\u201d, alert\u00f3.<\/strong><\/p>\n<\/div>\n<\/div>\n<\/div>\n<div class=\"row\">\n<div class=\"col-lg-8\">\n<section>\n<div class=\"row\">\n<article class=\"col-lg-12 col-md-12\">\n<div class=\"head-media clearfix\">\n<div class=\"description\">El estado de las escuelas de la\u00a0<strong>Ciudad de Buenos Aires<\/strong>\u00a0es otra vez noticia a partir de la ola de calor que afecta a docentes y estudiantes. Tras la pol\u00e9mica por las botellas de agua que dispuso la ministra de Educaci\u00f3n,\u00a0<strong>Soledad Acu\u00f1a<\/strong>, ahora\u00a0<strong>denuncian la presencia de alacranes venenosos en los establecimientos.<\/strong><\/p>\n<p>El cuestionamiento parte de un video replicado por el legislador porte\u00f1o del Frente de Izquierda,\u00a0<strong>Gabriel Solano<\/strong>, en el que se observa un alacr\u00e1n caminando por un pasillo de lo que ser\u00eda el colegio Lenguas Vivas.<\/p>\n<p><strong>\u201cMe llega este video del colegio Lenguas Vivas, a la ola de calor y las p\u00e9simas condiciones edilicias se le suman alacranes venenosos en las aulas. En estas condiciones cursan estudiantes y docentes.<\/strong>\u00a0Horacio Rodr\u00edguez Larreta y la ministra Soledad Acu\u00f1a son responsables\u201d, se\u00f1al\u00f3 el diputado tras la publicaci\u00f3n.<\/p>\n<div class=\"codigo_js\">\n<div class=\"twitter-tweet twitter-tweet-rendered\"><iframe id=\"twitter-widget-1\" class=\"\" title=\"Twitter Tweet\" src=\"https:\/\/platform.twitter.com\/embed\/Tweet.html?creatorScreenName=nciudad&amp;dnt=false&amp;embedId=twitter-widget-1&amp;features=eyJ0ZndfdGltZWxpbmVfbGlzdCI6eyJidWNrZXQiOltdLCJ2ZXJzaW9uIjpudWxsfSwidGZ3X2ZvbGxvd2VyX2NvdW50X3N1bnNldCI6eyJidWNrZXQiOnRydWUsInZlcnNpb24iOm51bGx9LCJ0ZndfdHdlZXRfZWRpdF9iYWNrZW5kIjp7ImJ1Y2tldCI6Im9uIiwidmVyc2lvbiI6bnVsbH0sInRmd19yZWZzcmNfc2Vzc2lvbiI6eyJidWNrZXQiOiJvbiIsInZlcnNpb24iOm51bGx9LCJ0ZndfbWl4ZWRfbWVkaWFfMTU4OTciOnsiYnVja2V0IjoidHJlYXRtZW50IiwidmVyc2lvbiI6bnVsbH0sInRmd19leHBlcmltZW50c19jb29raWVfZXhwaXJhdGlvbiI6eyJidWNrZXQiOjEyMDk2MDAsInZlcnNpb24iOm51bGx9LCJ0ZndfZHVwbGljYXRlX3NjcmliZXNfdG9fc2V0dGluZ3MiOnsiYnVja2V0Ijoib24iLCJ2ZXJzaW9uIjpudWxsfSwidGZ3X3ZpZGVvX2hsc19keW5hbWljX21hbmlmZXN0c18xNTA4MiI6eyJidWNrZXQiOiJ0cnVlX2JpdHJhdGUiLCJ2ZXJzaW9uIjpudWxsfSwidGZ3X2xlZ2FjeV90aW1lbGluZV9zdW5zZXQiOnsiYnVja2V0Ijp0cnVlLCJ2ZXJzaW9uIjpudWxsfSwidGZ3X3R3ZWV0X2VkaXRfZnJvbnRlbmQiOnsiYnVja2V0Ijoib24iLCJ2ZXJzaW9uIjpudWxsfX0%3D&amp;frame=false&amp;hideCard=false&amp;hideThread=false&amp;id=1633482660847730688&amp;lang=es&amp;origin=https%3A%2F%2Fwww.nueva-ciudad.com.ar%2Fnotas%2F202303%2F51007-denuncian-la-presencia-de-alacranes-venenosos-en-las-escuelas-portenas.html&amp;sessionId=a3cf93560105175d66da00ad939fd33acac27c90&amp;siteScreenName=nciudad&amp;theme=light&amp;widgetsVersion=aaf4084522e3a%3A1674595607486&amp;width=550px\" frameborder=\"0\" scrolling=\"no\" allowfullscreen=\"allowfullscreen\" data-tweet-id=\"1633482660847730688\" data-mce-fragment=\"1\"><\/iframe><\/div>\n<\/div>\n<p>Cabe remarcar que no es la primera denuncia sobre la aparici\u00f3n de alacranes en los establecimientos educativos p\u00fablicos, en tanto tambi\u00e9n se inform\u00f3 la presencia de los mismos en estaciones de subtes.<\/p>\n<p>La ministra porte\u00f1a fue criticada en las \u00faltimas horas por el anuncio del env\u00edo de \u201caguas fr\u00edas\u201d a las escuelas tras la ola de calor que afecta al distrito. Tildaron la gesti\u00f3n de insuficiente y subrayaron el mal estado en que se encuentran los establecimientos.<\/p>\n<p>&#8220;Bueno, por fin ven lo que est\u00e1 pasando. Sin embargo, el agua la tendr\u00edan que haber enviado hace d\u00edas.\u00a0\u00a0<strong>Lo que ten\u00e9s que resolver ahora es el arreglo y la compra de ventiladores y aires acondicionados&#8221;<\/strong>, indic\u00f3 la legisladora del Frente de Todos,\u00a0<strong>Claudia Neira<\/strong>.<\/div>\n<div class=\"clearfix\"><\/div>\n<\/div>\n<\/article>\n<\/div>\n<\/section>\n<\/div>\n<\/div>\n","protected":false},"excerpt":{"rendered":"<p>El legislador de la Ciudad por el Frente de Izquierda, Gabriel Solano, comparti\u00f3 un video en sus redes sociales donde<\/p>\n","protected":false},"author":1,"featured_media":3946,"comment_status":"open","ping_status":"closed","sticky":false,"template":"","format":"standard","meta":{"footnotes":""},"categories":[1],"tags":[1726],"class_list":["post-3945","post","type-post","status-publish","format-standard","has-post-thumbnail","hentry","category-uncategorized","tag-uncategorized"],"yoast_head":"<!-- This site is optimized with the Yoast SEO plugin v24.6 - https:\/\/yoast.com\/wordpress\/plugins\/seo\/ -->\n<title>Denuncian la presencia de \u201calacranes venenosos\u201d en las escuelas porte\u00f1as | FM Trance 103.3<\/title>\n<meta name=\"robots\" content=\"index, follow, max-snippet:-1, max-image-preview:large, max-video-preview:-1\" \/>\n<link rel=\"canonical\" href=\"https:\/\/www.fmtrance.com\/online\/denuncian-la-presencia-de-alacranes-venenosos-en-las-escuelas-portenas\/\" \/>\n<meta property=\"og:locale\" content=\"es_ES\" \/>\n<meta property=\"og:type\" content=\"article\" \/>\n<meta property=\"og:title\" content=\"Denuncian la presencia de \u201calacranes venenosos\u201d en las escuelas porte\u00f1as | FM Trance 103.3\" \/>\n<meta property=\"og:description\" content=\"El legislador de la Ciudad por el Frente de Izquierda, Gabriel Solano, comparti\u00f3 un video en sus redes sociales donde\" \/>\n<meta property=\"og:url\" content=\"https:\/\/www.fmtrance.com\/online\/denuncian-la-presencia-de-alacranes-venenosos-en-las-escuelas-portenas\/\" \/>\n<meta property=\"og:site_name\" content=\"FM Trance 103.3\" \/>\n<meta property=\"article:publisher\" content=\"https:\/\/www.facebook.com\/fmtrance\" \/>\n<meta property=\"article:published_time\" content=\"2023-03-08T16:50:25+00:00\" \/>\n<meta property=\"article:modified_time\" content=\"2023-03-10T16:56:44+00:00\" \/>\n<meta property=\"og:image\" content=\"https:\/\/www.fmtrance.com\/online\/wp-content\/uploads\/2023\/03\/6408b78d1e2ec_800x532.jpg\" \/>\n\t<meta property=\"og:image:width\" content=\"800\" \/>\n\t<meta property=\"og:image:height\" content=\"532\" \/>\n\t<meta property=\"og:image:type\" content=\"image\/jpeg\" \/>\n<meta name=\"author\" content=\"Redaccion FM Trance\" \/>\n<meta name=\"twitter:card\" content=\"summary_large_image\" \/>\n<meta name=\"twitter:creator\" content=\"@fmtrance\" \/>\n<meta name=\"twitter:site\" content=\"@fmtrance\" \/>\n<meta name=\"twitter:label1\" content=\"Escrito por\" \/>\n\t<meta name=\"twitter:data1\" content=\"Redaccion FM Trance\" \/>\n\t<meta name=\"twitter:label2\" content=\"Tiempo de lectura\" \/>\n\t<meta name=\"twitter:data2\" content=\"2 minutos\" \/>\n<script type=\"application\/ld+json\" class=\"yoast-schema-graph\">{\"@context\":\"https:\/\/schema.org\",\"@graph\":[{\"@type\":\"Article\",\"@id\":\"https:\/\/www.fmtrance.com\/online\/denuncian-la-presencia-de-alacranes-venenosos-en-las-escuelas-portenas\/#article\",\"isPartOf\":{\"@id\":\"https:\/\/www.fmtrance.com\/online\/denuncian-la-presencia-de-alacranes-venenosos-en-las-escuelas-portenas\/\"},\"author\":{\"name\":\"Redaccion FM Trance\",\"@id\":\"https:\/\/www.fmtrance.com\/online\/#\/schema\/person\/686af7f826dd2f08b36b4760b7dcdddd\"},\"headline\":\"Denuncian la presencia de \u201calacranes venenosos\u201d en las escuelas porte\u00f1as\",\"datePublished\":\"2023-03-08T16:50:25+00:00\",\"dateModified\":\"2023-03-10T16:56:44+00:00\",\"mainEntityOfPage\":{\"@id\":\"https:\/\/www.fmtrance.com\/online\/denuncian-la-presencia-de-alacranes-venenosos-en-las-escuelas-portenas\/\"},\"wordCount\":334,\"commentCount\":0,\"publisher\":{\"@id\":\"https:\/\/www.fmtrance.com\/online\/#organization\"},\"image\":{\"@id\":\"https:\/\/www.fmtrance.com\/online\/denuncian-la-presencia-de-alacranes-venenosos-en-las-escuelas-portenas\/#primaryimage\"},\"thumbnailUrl\":\"https:\/\/www.fmtrance.com\/online\/wp-content\/uploads\/2023\/03\/6408b78d1e2ec_800x532.jpg\",\"keywords\":[\"Uncategorized\"],\"articleSection\":[\"Noticias\"],\"inLanguage\":\"es-AR\",\"potentialAction\":[{\"@type\":\"CommentAction\",\"name\":\"Comment\",\"target\":[\"https:\/\/www.fmtrance.com\/online\/denuncian-la-presencia-de-alacranes-venenosos-en-las-escuelas-portenas\/#respond\"]}]},{\"@type\":\"WebPage\",\"@id\":\"https:\/\/www.fmtrance.com\/online\/denuncian-la-presencia-de-alacranes-venenosos-en-las-escuelas-portenas\/\",\"url\":\"https:\/\/www.fmtrance.com\/online\/denuncian-la-presencia-de-alacranes-venenosos-en-las-escuelas-portenas\/\",\"name\":\"Denuncian la presencia de \u201calacranes venenosos\u201d en las escuelas porte\u00f1as | FM Trance 103.3\",\"isPartOf\":{\"@id\":\"https:\/\/www.fmtrance.com\/online\/#website\"},\"primaryImageOfPage\":{\"@id\":\"https:\/\/www.fmtrance.com\/online\/denuncian-la-presencia-de-alacranes-venenosos-en-las-escuelas-portenas\/#primaryimage\"},\"image\":{\"@id\":\"https:\/\/www.fmtrance.com\/online\/denuncian-la-presencia-de-alacranes-venenosos-en-las-escuelas-portenas\/#primaryimage\"},\"thumbnailUrl\":\"https:\/\/www.fmtrance.com\/online\/wp-content\/uploads\/2023\/03\/6408b78d1e2ec_800x532.jpg\",\"datePublished\":\"2023-03-08T16:50:25+00:00\",\"dateModified\":\"2023-03-10T16:56:44+00:00\",\"breadcrumb\":{\"@id\":\"https:\/\/www.fmtrance.com\/online\/denuncian-la-presencia-de-alacranes-venenosos-en-las-escuelas-portenas\/#breadcrumb\"},\"inLanguage\":\"es-AR\",\"potentialAction\":[{\"@type\":\"ReadAction\",\"target\":[\"https:\/\/www.fmtrance.com\/online\/denuncian-la-presencia-de-alacranes-venenosos-en-las-escuelas-portenas\/\"]}]},{\"@type\":\"ImageObject\",\"inLanguage\":\"es-AR\",\"@id\":\"https:\/\/www.fmtrance.com\/online\/denuncian-la-presencia-de-alacranes-venenosos-en-las-escuelas-portenas\/#primaryimage\",\"url\":\"https:\/\/www.fmtrance.com\/online\/wp-content\/uploads\/2023\/03\/6408b78d1e2ec_800x532.jpg\",\"contentUrl\":\"https:\/\/www.fmtrance.com\/online\/wp-content\/uploads\/2023\/03\/6408b78d1e2ec_800x532.jpg\",\"width\":800,\"height\":532},{\"@type\":\"BreadcrumbList\",\"@id\":\"https:\/\/www.fmtrance.com\/online\/denuncian-la-presencia-de-alacranes-venenosos-en-las-escuelas-portenas\/#breadcrumb\",\"itemListElement\":[{\"@type\":\"ListItem\",\"position\":1,\"name\":\"Inicio\",\"item\":\"https:\/\/www.fmtrance.com\/online\/\"},{\"@type\":\"ListItem\",\"position\":2,\"name\":\"Denuncian la presencia de \u201calacranes venenosos\u201d en las escuelas porte\u00f1as\"}]},{\"@type\":\"WebSite\",\"@id\":\"https:\/\/www.fmtrance.com\/online\/#website\",\"url\":\"https:\/\/www.fmtrance.com\/online\/\",\"name\":\"FM Trance 103.3\",\"description\":\"CABA. Radio de musica electronica\",\"publisher\":{\"@id\":\"https:\/\/www.fmtrance.com\/online\/#organization\"},\"potentialAction\":[{\"@type\":\"SearchAction\",\"target\":{\"@type\":\"EntryPoint\",\"urlTemplate\":\"https:\/\/www.fmtrance.com\/online\/?s={search_term_string}\"},\"query-input\":{\"@type\":\"PropertyValueSpecification\",\"valueRequired\":true,\"valueName\":\"search_term_string\"}}],\"inLanguage\":\"es-AR\"},{\"@type\":\"Organization\",\"@id\":\"https:\/\/www.fmtrance.com\/online\/#organization\",\"name\":\"FM TRANCE\",\"url\":\"https:\/\/www.fmtrance.com\/online\/\",\"logo\":{\"@type\":\"ImageObject\",\"inLanguage\":\"es-AR\",\"@id\":\"https:\/\/www.fmtrance.com\/online\/#\/schema\/logo\/image\/\",\"url\":\"https:\/\/www.fmtrance.com\/online\/wp-content\/uploads\/2025\/03\/LOGO-WEB.png\",\"contentUrl\":\"https:\/\/www.fmtrance.com\/online\/wp-content\/uploads\/2025\/03\/LOGO-WEB.png\",\"width\":500,\"height\":500,\"caption\":\"FM TRANCE\"},\"image\":{\"@id\":\"https:\/\/www.fmtrance.com\/online\/#\/schema\/logo\/image\/\"},\"sameAs\":[\"https:\/\/www.facebook.com\/fmtrance\",\"https:\/\/x.com\/fmtrance\",\"https:\/\/www.instagram.com\/fmtrance\"]},{\"@type\":\"Person\",\"@id\":\"https:\/\/www.fmtrance.com\/online\/#\/schema\/person\/686af7f826dd2f08b36b4760b7dcdddd\",\"name\":\"Redaccion FM Trance\",\"image\":{\"@type\":\"ImageObject\",\"inLanguage\":\"es-AR\",\"@id\":\"https:\/\/www.fmtrance.com\/online\/#\/schema\/person\/image\/\",\"url\":\"https:\/\/secure.gravatar.com\/avatar\/c9d0afa8b0785bea8046a42861739f0a26fb9e8da739ce032e6598dc2981bc38?s=96&r=g\",\"contentUrl\":\"https:\/\/secure.gravatar.com\/avatar\/c9d0afa8b0785bea8046a42861739f0a26fb9e8da739ce032e6598dc2981bc38?s=96&r=g\",\"caption\":\"Redaccion FM Trance\"},\"description\":\"Fundador y Director general de FM Trance. Nacido el 24 de Septiembre de 1987, en Caballito, Ciudad Autonoma de Buenos Aires. Alguien de Radio desde siempre: ya a los 9 a\u00f1os de edad como radioescucha, sintonizando estaci\u00f3nes de AM, FM, onda corta, TV UHF\/VHF, y dem\u00e1s servicios. Se desempe\u00f1\u00f3 como Operador T\u00e9cnico en diferentes emisoras locales de CABA y GBA, y hasta el dia de hoy sigue ejerciendo desde la parte t\u00e9cnica, realizando trabajos en varias Radios. Egresado del ISER de la carrera de Operador Tecnico de Planta Transmisora, cursando actualmente la carrera de Operador Tecnico de Estudios de Radio en dicha instituci\u00f3n, y flamante radioaficionado (habiendo completado el curso en el Radioclub Buenos Aires), distintiva LU2DBK.\",\"url\":\"https:\/\/www.fmtrance.com\/online\/author\/fmtrance\/\"}]}<\/script>\n<!-- \/ Yoast SEO plugin. -->","yoast_head_json":{"title":"Denuncian la presencia de \u201calacranes venenosos\u201d en las escuelas porte\u00f1as | FM Trance 103.3","robots":{"index":"index","follow":"follow","max-snippet":"max-snippet:-1","max-image-preview":"max-image-preview:large","max-video-preview":"max-video-preview:-1"},"canonical":"https:\/\/www.fmtrance.com\/online\/denuncian-la-presencia-de-alacranes-venenosos-en-las-escuelas-portenas\/","og_locale":"es_ES","og_type":"article","og_title":"Denuncian la presencia de \u201calacranes venenosos\u201d en las escuelas porte\u00f1as | FM Trance 103.3","og_description":"El legislador de la Ciudad por el Frente de Izquierda, Gabriel Solano, comparti\u00f3 un video en sus redes sociales donde","og_url":"https:\/\/www.fmtrance.com\/online\/denuncian-la-presencia-de-alacranes-venenosos-en-las-escuelas-portenas\/","og_site_name":"FM Trance 103.3","article_publisher":"https:\/\/www.facebook.com\/fmtrance","article_published_time":"2023-03-08T16:50:25+00:00","article_modified_time":"2023-03-10T16:56:44+00:00","og_image":[{"width":800,"height":532,"url":"https:\/\/www.fmtrance.com\/online\/wp-content\/uploads\/2023\/03\/6408b78d1e2ec_800x532.jpg","type":"image\/jpeg"}],"author":"Redaccion FM Trance","twitter_card":"summary_large_image","twitter_creator":"@fmtrance","twitter_site":"@fmtrance","twitter_misc":{"Escrito por":"Redaccion FM Trance","Tiempo de lectura":"2 minutos"},"schema":{"@context":"https:\/\/schema.org","@graph":[{"@type":"Article","@id":"https:\/\/www.fmtrance.com\/online\/denuncian-la-presencia-de-alacranes-venenosos-en-las-escuelas-portenas\/#article","isPartOf":{"@id":"https:\/\/www.fmtrance.com\/online\/denuncian-la-presencia-de-alacranes-venenosos-en-las-escuelas-portenas\/"},"author":{"name":"Redaccion FM Trance","@id":"https:\/\/www.fmtrance.com\/online\/#\/schema\/person\/686af7f826dd2f08b36b4760b7dcdddd"},"headline":"Denuncian la presencia de \u201calacranes venenosos\u201d en las escuelas porte\u00f1as","datePublished":"2023-03-08T16:50:25+00:00","dateModified":"2023-03-10T16:56:44+00:00","mainEntityOfPage":{"@id":"https:\/\/www.fmtrance.com\/online\/denuncian-la-presencia-de-alacranes-venenosos-en-las-escuelas-portenas\/"},"wordCount":334,"commentCount":0,"publisher":{"@id":"https:\/\/www.fmtrance.com\/online\/#organization"},"image":{"@id":"https:\/\/www.fmtrance.com\/online\/denuncian-la-presencia-de-alacranes-venenosos-en-las-escuelas-portenas\/#primaryimage"},"thumbnailUrl":"https:\/\/www.fmtrance.com\/online\/wp-content\/uploads\/2023\/03\/6408b78d1e2ec_800x532.jpg","keywords":["Uncategorized"],"articleSection":["Noticias"],"inLanguage":"es-AR","potentialAction":[{"@type":"CommentAction","name":"Comment","target":["https:\/\/www.fmtrance.com\/online\/denuncian-la-presencia-de-alacranes-venenosos-en-las-escuelas-portenas\/#respond"]}]},{"@type":"WebPage","@id":"https:\/\/www.fmtrance.com\/online\/denuncian-la-presencia-de-alacranes-venenosos-en-las-escuelas-portenas\/","url":"https:\/\/www.fmtrance.com\/online\/denuncian-la-presencia-de-alacranes-venenosos-en-las-escuelas-portenas\/","name":"Denuncian la presencia de \u201calacranes venenosos\u201d en las escuelas porte\u00f1as | FM Trance 103.3","isPartOf":{"@id":"https:\/\/www.fmtrance.com\/online\/#website"},"primaryImageOfPage":{"@id":"https:\/\/www.fmtrance.com\/online\/denuncian-la-presencia-de-alacranes-venenosos-en-las-escuelas-portenas\/#primaryimage"},"image":{"@id":"https:\/\/www.fmtrance.com\/online\/denuncian-la-presencia-de-alacranes-venenosos-en-las-escuelas-portenas\/#primaryimage"},"thumbnailUrl":"https:\/\/www.fmtrance.com\/online\/wp-content\/uploads\/2023\/03\/6408b78d1e2ec_800x532.jpg","datePublished":"2023-03-08T16:50:25+00:00","dateModified":"2023-03-10T16:56:44+00:00","breadcrumb":{"@id":"https:\/\/www.fmtrance.com\/online\/denuncian-la-presencia-de-alacranes-venenosos-en-las-escuelas-portenas\/#breadcrumb"},"inLanguage":"es-AR","potentialAction":[{"@type":"ReadAction","target":["https:\/\/www.fmtrance.com\/online\/denuncian-la-presencia-de-alacranes-venenosos-en-las-escuelas-portenas\/"]}]},{"@type":"ImageObject","inLanguage":"es-AR","@id":"https:\/\/www.fmtrance.com\/online\/denuncian-la-presencia-de-alacranes-venenosos-en-las-escuelas-portenas\/#primaryimage","url":"https:\/\/www.fmtrance.com\/online\/wp-content\/uploads\/2023\/03\/6408b78d1e2ec_800x532.jpg","contentUrl":"https:\/\/www.fmtrance.com\/online\/wp-content\/uploads\/2023\/03\/6408b78d1e2ec_800x532.jpg","width":800,"height":532},{"@type":"BreadcrumbList","@id":"https:\/\/www.fmtrance.com\/online\/denuncian-la-presencia-de-alacranes-venenosos-en-las-escuelas-portenas\/#breadcrumb","itemListElement":[{"@type":"ListItem","position":1,"name":"Inicio","item":"https:\/\/www.fmtrance.com\/online\/"},{"@type":"ListItem","position":2,"name":"Denuncian la presencia de \u201calacranes venenosos\u201d en las escuelas porte\u00f1as"}]},{"@type":"WebSite","@id":"https:\/\/www.fmtrance.com\/online\/#website","url":"https:\/\/www.fmtrance.com\/online\/","name":"FM Trance 103.3","description":"CABA. Radio de musica electronica","publisher":{"@id":"https:\/\/www.fmtrance.com\/online\/#organization"},"potentialAction":[{"@type":"SearchAction","target":{"@type":"EntryPoint","urlTemplate":"https:\/\/www.fmtrance.com\/online\/?s={search_term_string}"},"query-input":{"@type":"PropertyValueSpecification","valueRequired":true,"valueName":"search_term_string"}}],"inLanguage":"es-AR"},{"@type":"Organization","@id":"https:\/\/www.fmtrance.com\/online\/#organization","name":"FM TRANCE","url":"https:\/\/www.fmtrance.com\/online\/","logo":{"@type":"ImageObject","inLanguage":"es-AR","@id":"https:\/\/www.fmtrance.com\/online\/#\/schema\/logo\/image\/","url":"https:\/\/www.fmtrance.com\/online\/wp-content\/uploads\/2025\/03\/LOGO-WEB.png","contentUrl":"https:\/\/www.fmtrance.com\/online\/wp-content\/uploads\/2025\/03\/LOGO-WEB.png","width":500,"height":500,"caption":"FM TRANCE"},"image":{"@id":"https:\/\/www.fmtrance.com\/online\/#\/schema\/logo\/image\/"},"sameAs":["https:\/\/www.facebook.com\/fmtrance","https:\/\/x.com\/fmtrance","https:\/\/www.instagram.com\/fmtrance"]},{"@type":"Person","@id":"https:\/\/www.fmtrance.com\/online\/#\/schema\/person\/686af7f826dd2f08b36b4760b7dcdddd","name":"Redaccion FM Trance","image":{"@type":"ImageObject","inLanguage":"es-AR","@id":"https:\/\/www.fmtrance.com\/online\/#\/schema\/person\/image\/","url":"https:\/\/secure.gravatar.com\/avatar\/c9d0afa8b0785bea8046a42861739f0a26fb9e8da739ce032e6598dc2981bc38?s=96&r=g","contentUrl":"https:\/\/secure.gravatar.com\/avatar\/c9d0afa8b0785bea8046a42861739f0a26fb9e8da739ce032e6598dc2981bc38?s=96&r=g","caption":"Redaccion FM Trance"},"description":"Fundador y Director general de FM Trance. Nacido el 24 de Septiembre de 1987, en Caballito, Ciudad Autonoma de Buenos Aires. Alguien de Radio desde siempre: ya a los 9 a\u00f1os de edad como radioescucha, sintonizando estaci\u00f3nes de AM, FM, onda corta, TV UHF\/VHF, y dem\u00e1s servicios. Se desempe\u00f1\u00f3 como Operador T\u00e9cnico en diferentes emisoras locales de CABA y GBA, y hasta el dia de hoy sigue ejerciendo desde la parte t\u00e9cnica, realizando trabajos en varias Radios. Egresado del ISER de la carrera de Operador Tecnico de Planta Transmisora, cursando actualmente la carrera de Operador Tecnico de Estudios de Radio en dicha instituci\u00f3n, y flamante radioaficionado (habiendo completado el curso en el Radioclub Buenos Aires), distintiva LU2DBK.","url":"https:\/\/www.fmtrance.com\/online\/author\/fmtrance\/"}]}},"_links":{"self":[{"href":"https:\/\/www.fmtrance.com\/online\/wp-json\/wp\/v2\/posts\/3945","targetHints":{"allow":["GET"]}}],"collection":[{"href":"https:\/\/www.fmtrance.com\/online\/wp-json\/wp\/v2\/posts"}],"about":[{"href":"https:\/\/www.fmtrance.com\/online\/wp-json\/wp\/v2\/types\/post"}],"author":[{"embeddable":true,"href":"https:\/\/www.fmtrance.com\/online\/wp-json\/wp\/v2\/users\/1"}],"replies":[{"embeddable":true,"href":"https:\/\/www.fmtrance.com\/online\/wp-json\/wp\/v2\/comments?post=3945"}],"version-history":[{"count":1,"href":"https:\/\/www.fmtrance.com\/online\/wp-json\/wp\/v2\/posts\/3945\/revisions"}],"predecessor-version":[{"id":3947,"href":"https:\/\/www.fmtrance.com\/online\/wp-json\/wp\/v2\/posts\/3945\/revisions\/3947"}],"wp:featuredmedia":[{"embeddable":true,"href":"https:\/\/www.fmtrance.com\/online\/wp-json\/wp\/v2\/media\/3946"}],"wp:attachment":[{"href":"https:\/\/www.fmtrance.com\/online\/wp-json\/wp\/v2\/media?parent=3945"}],"wp:term":[{"taxonomy":"category","embeddable":true,"href":"https:\/\/www.fmtrance.com\/online\/wp-json\/wp\/v2\/categories?post=3945"},{"taxonomy":"post_tag","embeddable":true,"href":"https:\/\/www.fmtrance.com\/online\/wp-json\/wp\/v2\/tags?post=3945"}],"curies":[{"name":"wp","href":"https:\/\/api.w.org\/{rel}","templated":true}]}}