{"id":3942,"date":"2023-03-07T13:48:42","date_gmt":"2023-03-07T16:48:42","guid":{"rendered":"http:\/\/www.fmtrance.com\/online\/?p=3942"},"modified":"2023-03-10T13:49:51","modified_gmt":"2023-03-10T16:49:51","slug":"prision-preventiva-para-el-hombre-que-asesino-a-una-policia-en-la-estacion-del-subte-de-retiro","status":"publish","type":"post","link":"https:\/\/www.fmtrance.com\/online\/prision-preventiva-para-el-hombre-que-asesino-a-una-policia-en-la-estacion-del-subte-de-retiro\/","title":{"rendered":"Prisi\u00f3n preventiva para el hombre que asesin\u00f3 a una polic\u00eda en la estaci\u00f3n del subte de Retiro"},"content":{"rendered":"<p><strong>Oscar Gustavo Valdez de 30 a\u00f1os le quit\u00f3 el arma a la oficial y la mat\u00f3 de un tir\u00f3, tambi\u00e9n hiri\u00f3 a un trabajador del subte, el pasado 14 de febrero. El hombre fue procesado con prisi\u00f3n preventiva por tres delitos.<\/strong><\/p>\n<p>El pasado 14 de febrero,<strong>\u00a0Oscar Gustavo Valdez<\/strong>, de 30 a\u00f1os, le quit\u00f3 el arma y mat\u00f3 de un tiro a la oficial de la Polic\u00eda de la Ciudad\u00a0<strong>Maribel N\u00e9lida Zalazar<\/strong>\u00a0en la estaci\u00f3n del subte C Retiro. Hoy fue procesado con prisi\u00f3n preventiva como presunto autor de un &#8220;homicidio doblemente agravado&#8221;, informaron este martes fuentes judiciales.<\/p>\n<p>Seg\u00fan consign\u00f3 T\u00e9lam, el juez nacional en lo Criminal y Correccional 9, Mart\u00edn Sebasti\u00e1n Peluso, dict\u00f3 para el imputado Oscar Gustavo Valdez (30), de profesi\u00f3n costurero, su procesamiento con prisi\u00f3n preventiva por tres delitos: el &#8220;homicidio doblemente agravado por haber sido cometido con un arma de fuego y por resultar la v\u00edctima miembro de una fuerza de seguridad&#8221; en relaci\u00f3n a Zalazar; la &#8220;tentativa de homicidio criminis causa agravado por haber sido cometido con un arma de fuego&#8221; del empleado del subte que result\u00f3 herido en el mismo hecho, y el &#8220;da\u00f1o agravado&#8221; que caus\u00f3 con los disparos.<\/p>\n<p>El juez tambi\u00e9n orden\u00f3 trabar un embargo sobre los bienes del ciudadano paraguayo que hace 14 a\u00f1os que reside en Argentina y tiene domicilio en el Barrio 31 Bis de Retiro, por un monto de 50 millones de pesos.<\/p>\n<p>Sobre las pericias, se inform\u00f3 que en las primeras evaluaciones m\u00e9dicas, previas a su indagatoria, coincidieron en que Valdez estaba orientado en tiempo y espacio. Luego, el magistrado orden\u00f3 la realizaci\u00f3n de una &#8220;junta m\u00e9dica integrada por profesionales con orientaci\u00f3n en psicolog\u00eda y psiquiatr\u00eda del Cuerpo M\u00e9dico Forense de la Justicia Nacional&#8221;.<\/p>\n<p>As\u00ed, busca &#8220;establecer si, en funci\u00f3n de lo que surge de la totalidad de las constancias de la causa, los registros f\u00edlmicos recopilados sobre la conducta del imputado antes, durante y despu\u00e9s de los hechos que motivaron el inicio de estas actuaciones, las constancias sobre la evoluci\u00f3n del estado de su salud psicof\u00edsica (\u2026), el imputado Oscar Gustavo Valdez, tuvo capacidad para comprender la criminalidad del acto y dirigir sus acciones&#8221; y &#8220;si el evaluado posee capacidad para estar en juicio y si sus facultades mentales encuadran dentro de la normalidad&#8221;<\/p>\n<p>Sobre el crimen y en base al relato de testigos, los investigadores pudieron reconstruir que todo se inici\u00f3 cuando Valdez, que ven\u00eda en una formaci\u00f3n como pasajero, lleg\u00f3 a la estaci\u00f3n y, como hab\u00eda manifestado que se sent\u00eda mal y que padec\u00eda un dolor en sus piernas, fue asistido por personal de subterr\u00e1neos que le acerc\u00f3 una silla y le ofreci\u00f3 un vaso de agua.<\/p>\n<p>Como su dolencia supuestamente persist\u00eda, el personal de subtes solicit\u00f3 una camilla y la presencia de m\u00e9dicos. Al lugar se acerc\u00f3 la oficial Zalazar pero, cuando quisieron subirlo a la camilla, el hombre se puso violento, hubo un forcejeo, le arrebat\u00f3 el arma a la mujer polic\u00eda de su pistolera y comenz\u00f3 a disparar.<\/p>\n<p>Pese a que ten\u00eda el chaleco antibalas, la mujer polic\u00eda fue alcanzada por uno de esos tiros, que le ingres\u00f3 por la zona del cuello y afect\u00f3 tambi\u00e9n su pulm\u00f3n derecho, seg\u00fan revelaron las fuentes. Un empleado de la empresa concesionaria Emova tambi\u00e9n result\u00f3 con una herida leve por el roce de otro de los disparos. La oficial fue asistida primero por m\u00e9dicos del SAME y luego fue trasladada en helic\u00f3ptero en un operativo de emergencia al Hospital Churruca, donde falleci\u00f3 al mediod\u00eda mientras era operada.<\/p>\n","protected":false},"excerpt":{"rendered":"<p>Oscar Gustavo Valdez de 30 a\u00f1os le quit\u00f3 el arma a la oficial y la mat\u00f3 de un tir\u00f3, tambi\u00e9n<\/p>\n","protected":false},"author":1,"featured_media":3943,"comment_status":"open","ping_status":"closed","sticky":false,"template":"","format":"standard","meta":{"footnotes":""},"categories":[1],"tags":[1726],"class_list":["post-3942","post","type-post","status-publish","format-standard","has-post-thumbnail","hentry","category-uncategorized","tag-uncategorized"],"yoast_head":"<!-- This site is optimized with the Yoast SEO plugin v24.6 - https:\/\/yoast.com\/wordpress\/plugins\/seo\/ -->\n<title>Prisi\u00f3n preventiva para el hombre que asesin\u00f3 a una polic\u00eda en la estaci\u00f3n del subte de Retiro | FM Trance 103.3<\/title>\n<meta name=\"robots\" content=\"index, follow, max-snippet:-1, max-image-preview:large, max-video-preview:-1\" \/>\n<link rel=\"canonical\" href=\"https:\/\/www.fmtrance.com\/online\/prision-preventiva-para-el-hombre-que-asesino-a-una-policia-en-la-estacion-del-subte-de-retiro\/\" \/>\n<meta property=\"og:locale\" content=\"es_ES\" \/>\n<meta property=\"og:type\" content=\"article\" \/>\n<meta property=\"og:title\" content=\"Prisi\u00f3n preventiva para el hombre que asesin\u00f3 a una polic\u00eda en la estaci\u00f3n del subte de Retiro | FM Trance 103.3\" \/>\n<meta property=\"og:description\" content=\"Oscar Gustavo Valdez de 30 a\u00f1os le quit\u00f3 el arma a la oficial y la mat\u00f3 de un tir\u00f3, tambi\u00e9n\" \/>\n<meta property=\"og:url\" content=\"https:\/\/www.fmtrance.com\/online\/prision-preventiva-para-el-hombre-que-asesino-a-una-policia-en-la-estacion-del-subte-de-retiro\/\" \/>\n<meta property=\"og:site_name\" content=\"FM Trance 103.3\" \/>\n<meta property=\"article:publisher\" content=\"https:\/\/www.facebook.com\/fmtrance\" \/>\n<meta property=\"article:published_time\" content=\"2023-03-07T16:48:42+00:00\" \/>\n<meta property=\"article:modified_time\" content=\"2023-03-10T16:49:51+00:00\" \/>\n<meta property=\"og:image\" content=\"https:\/\/www.fmtrance.com\/online\/wp-content\/uploads\/2023\/03\/640768f573571_800x498.jpg\" \/>\n\t<meta property=\"og:image:width\" content=\"800\" \/>\n\t<meta property=\"og:image:height\" content=\"498\" \/>\n\t<meta property=\"og:image:type\" content=\"image\/jpeg\" \/>\n<meta name=\"author\" content=\"Redaccion FM Trance\" \/>\n<meta name=\"twitter:card\" content=\"summary_large_image\" \/>\n<meta name=\"twitter:creator\" content=\"@fmtrance\" \/>\n<meta name=\"twitter:site\" content=\"@fmtrance\" \/>\n<meta name=\"twitter:label1\" content=\"Escrito por\" \/>\n\t<meta name=\"twitter:data1\" content=\"Redaccion FM Trance\" \/>\n\t<meta name=\"twitter:label2\" content=\"Tiempo de lectura\" \/>\n\t<meta name=\"twitter:data2\" content=\"3 minutos\" \/>\n<script type=\"application\/ld+json\" class=\"yoast-schema-graph\">{\"@context\":\"https:\/\/schema.org\",\"@graph\":[{\"@type\":\"Article\",\"@id\":\"https:\/\/www.fmtrance.com\/online\/prision-preventiva-para-el-hombre-que-asesino-a-una-policia-en-la-estacion-del-subte-de-retiro\/#article\",\"isPartOf\":{\"@id\":\"https:\/\/www.fmtrance.com\/online\/prision-preventiva-para-el-hombre-que-asesino-a-una-policia-en-la-estacion-del-subte-de-retiro\/\"},\"author\":{\"name\":\"Redaccion FM Trance\",\"@id\":\"https:\/\/www.fmtrance.com\/online\/#\/schema\/person\/686af7f826dd2f08b36b4760b7dcdddd\"},\"headline\":\"Prisi\u00f3n preventiva para el hombre que asesin\u00f3 a una polic\u00eda en la estaci\u00f3n del subte de Retiro\",\"datePublished\":\"2023-03-07T16:48:42+00:00\",\"dateModified\":\"2023-03-10T16:49:51+00:00\",\"mainEntityOfPage\":{\"@id\":\"https:\/\/www.fmtrance.com\/online\/prision-preventiva-para-el-hombre-que-asesino-a-una-policia-en-la-estacion-del-subte-de-retiro\/\"},\"wordCount\":644,\"commentCount\":0,\"publisher\":{\"@id\":\"https:\/\/www.fmtrance.com\/online\/#organization\"},\"image\":{\"@id\":\"https:\/\/www.fmtrance.com\/online\/prision-preventiva-para-el-hombre-que-asesino-a-una-policia-en-la-estacion-del-subte-de-retiro\/#primaryimage\"},\"thumbnailUrl\":\"https:\/\/www.fmtrance.com\/online\/wp-content\/uploads\/2023\/03\/640768f573571_800x498.jpg\",\"keywords\":[\"Uncategorized\"],\"articleSection\":[\"Noticias\"],\"inLanguage\":\"es-AR\",\"potentialAction\":[{\"@type\":\"CommentAction\",\"name\":\"Comment\",\"target\":[\"https:\/\/www.fmtrance.com\/online\/prision-preventiva-para-el-hombre-que-asesino-a-una-policia-en-la-estacion-del-subte-de-retiro\/#respond\"]}]},{\"@type\":\"WebPage\",\"@id\":\"https:\/\/www.fmtrance.com\/online\/prision-preventiva-para-el-hombre-que-asesino-a-una-policia-en-la-estacion-del-subte-de-retiro\/\",\"url\":\"https:\/\/www.fmtrance.com\/online\/prision-preventiva-para-el-hombre-que-asesino-a-una-policia-en-la-estacion-del-subte-de-retiro\/\",\"name\":\"Prisi\u00f3n preventiva para el hombre que asesin\u00f3 a una polic\u00eda en la estaci\u00f3n del subte de Retiro | FM Trance 103.3\",\"isPartOf\":{\"@id\":\"https:\/\/www.fmtrance.com\/online\/#website\"},\"primaryImageOfPage\":{\"@id\":\"https:\/\/www.fmtrance.com\/online\/prision-preventiva-para-el-hombre-que-asesino-a-una-policia-en-la-estacion-del-subte-de-retiro\/#primaryimage\"},\"image\":{\"@id\":\"https:\/\/www.fmtrance.com\/online\/prision-preventiva-para-el-hombre-que-asesino-a-una-policia-en-la-estacion-del-subte-de-retiro\/#primaryimage\"},\"thumbnailUrl\":\"https:\/\/www.fmtrance.com\/online\/wp-content\/uploads\/2023\/03\/640768f573571_800x498.jpg\",\"datePublished\":\"2023-03-07T16:48:42+00:00\",\"dateModified\":\"2023-03-10T16:49:51+00:00\",\"breadcrumb\":{\"@id\":\"https:\/\/www.fmtrance.com\/online\/prision-preventiva-para-el-hombre-que-asesino-a-una-policia-en-la-estacion-del-subte-de-retiro\/#breadcrumb\"},\"inLanguage\":\"es-AR\",\"potentialAction\":[{\"@type\":\"ReadAction\",\"target\":[\"https:\/\/www.fmtrance.com\/online\/prision-preventiva-para-el-hombre-que-asesino-a-una-policia-en-la-estacion-del-subte-de-retiro\/\"]}]},{\"@type\":\"ImageObject\",\"inLanguage\":\"es-AR\",\"@id\":\"https:\/\/www.fmtrance.com\/online\/prision-preventiva-para-el-hombre-que-asesino-a-una-policia-en-la-estacion-del-subte-de-retiro\/#primaryimage\",\"url\":\"https:\/\/www.fmtrance.com\/online\/wp-content\/uploads\/2023\/03\/640768f573571_800x498.jpg\",\"contentUrl\":\"https:\/\/www.fmtrance.com\/online\/wp-content\/uploads\/2023\/03\/640768f573571_800x498.jpg\",\"width\":800,\"height\":498},{\"@type\":\"BreadcrumbList\",\"@id\":\"https:\/\/www.fmtrance.com\/online\/prision-preventiva-para-el-hombre-que-asesino-a-una-policia-en-la-estacion-del-subte-de-retiro\/#breadcrumb\",\"itemListElement\":[{\"@type\":\"ListItem\",\"position\":1,\"name\":\"Inicio\",\"item\":\"https:\/\/www.fmtrance.com\/online\/\"},{\"@type\":\"ListItem\",\"position\":2,\"name\":\"Prisi\u00f3n preventiva para el hombre que asesin\u00f3 a una polic\u00eda en la estaci\u00f3n del subte de Retiro\"}]},{\"@type\":\"WebSite\",\"@id\":\"https:\/\/www.fmtrance.com\/online\/#website\",\"url\":\"https:\/\/www.fmtrance.com\/online\/\",\"name\":\"FM Trance 103.3\",\"description\":\"CABA. Radio de musica electronica\",\"publisher\":{\"@id\":\"https:\/\/www.fmtrance.com\/online\/#organization\"},\"potentialAction\":[{\"@type\":\"SearchAction\",\"target\":{\"@type\":\"EntryPoint\",\"urlTemplate\":\"https:\/\/www.fmtrance.com\/online\/?s={search_term_string}\"},\"query-input\":{\"@type\":\"PropertyValueSpecification\",\"valueRequired\":true,\"valueName\":\"search_term_string\"}}],\"inLanguage\":\"es-AR\"},{\"@type\":\"Organization\",\"@id\":\"https:\/\/www.fmtrance.com\/online\/#organization\",\"name\":\"FM TRANCE\",\"url\":\"https:\/\/www.fmtrance.com\/online\/\",\"logo\":{\"@type\":\"ImageObject\",\"inLanguage\":\"es-AR\",\"@id\":\"https:\/\/www.fmtrance.com\/online\/#\/schema\/logo\/image\/\",\"url\":\"https:\/\/www.fmtrance.com\/online\/wp-content\/uploads\/2025\/03\/LOGO-WEB.png\",\"contentUrl\":\"https:\/\/www.fmtrance.com\/online\/wp-content\/uploads\/2025\/03\/LOGO-WEB.png\",\"width\":500,\"height\":500,\"caption\":\"FM TRANCE\"},\"image\":{\"@id\":\"https:\/\/www.fmtrance.com\/online\/#\/schema\/logo\/image\/\"},\"sameAs\":[\"https:\/\/www.facebook.com\/fmtrance\",\"https:\/\/x.com\/fmtrance\",\"https:\/\/www.instagram.com\/fmtrance\"]},{\"@type\":\"Person\",\"@id\":\"https:\/\/www.fmtrance.com\/online\/#\/schema\/person\/686af7f826dd2f08b36b4760b7dcdddd\",\"name\":\"Redaccion FM Trance\",\"image\":{\"@type\":\"ImageObject\",\"inLanguage\":\"es-AR\",\"@id\":\"https:\/\/www.fmtrance.com\/online\/#\/schema\/person\/image\/\",\"url\":\"https:\/\/secure.gravatar.com\/avatar\/c9d0afa8b0785bea8046a42861739f0a26fb9e8da739ce032e6598dc2981bc38?s=96&r=g\",\"contentUrl\":\"https:\/\/secure.gravatar.com\/avatar\/c9d0afa8b0785bea8046a42861739f0a26fb9e8da739ce032e6598dc2981bc38?s=96&r=g\",\"caption\":\"Redaccion FM Trance\"},\"description\":\"Fundador y Director general de FM Trance. Nacido el 24 de Septiembre de 1987, en Caballito, Ciudad Autonoma de Buenos Aires. Alguien de Radio desde siempre: ya a los 9 a\u00f1os de edad como radioescucha, sintonizando estaci\u00f3nes de AM, FM, onda corta, TV UHF\/VHF, y dem\u00e1s servicios. Se desempe\u00f1\u00f3 como Operador T\u00e9cnico en diferentes emisoras locales de CABA y GBA, y hasta el dia de hoy sigue ejerciendo desde la parte t\u00e9cnica, realizando trabajos en varias Radios. Egresado del ISER de la carrera de Operador Tecnico de Planta Transmisora, cursando actualmente la carrera de Operador Tecnico de Estudios de Radio en dicha instituci\u00f3n, y flamante radioaficionado (habiendo completado el curso en el Radioclub Buenos Aires), distintiva LU2DBK.\",\"url\":\"https:\/\/www.fmtrance.com\/online\/author\/fmtrance\/\"}]}<\/script>\n<!-- \/ Yoast SEO plugin. -->","yoast_head_json":{"title":"Prisi\u00f3n preventiva para el hombre que asesin\u00f3 a una polic\u00eda en la estaci\u00f3n del subte de Retiro | FM Trance 103.3","robots":{"index":"index","follow":"follow","max-snippet":"max-snippet:-1","max-image-preview":"max-image-preview:large","max-video-preview":"max-video-preview:-1"},"canonical":"https:\/\/www.fmtrance.com\/online\/prision-preventiva-para-el-hombre-que-asesino-a-una-policia-en-la-estacion-del-subte-de-retiro\/","og_locale":"es_ES","og_type":"article","og_title":"Prisi\u00f3n preventiva para el hombre que asesin\u00f3 a una polic\u00eda en la estaci\u00f3n del subte de Retiro | FM Trance 103.3","og_description":"Oscar Gustavo Valdez de 30 a\u00f1os le quit\u00f3 el arma a la oficial y la mat\u00f3 de un tir\u00f3, tambi\u00e9n","og_url":"https:\/\/www.fmtrance.com\/online\/prision-preventiva-para-el-hombre-que-asesino-a-una-policia-en-la-estacion-del-subte-de-retiro\/","og_site_name":"FM Trance 103.3","article_publisher":"https:\/\/www.facebook.com\/fmtrance","article_published_time":"2023-03-07T16:48:42+00:00","article_modified_time":"2023-03-10T16:49:51+00:00","og_image":[{"width":800,"height":498,"url":"https:\/\/www.fmtrance.com\/online\/wp-content\/uploads\/2023\/03\/640768f573571_800x498.jpg","type":"image\/jpeg"}],"author":"Redaccion FM Trance","twitter_card":"summary_large_image","twitter_creator":"@fmtrance","twitter_site":"@fmtrance","twitter_misc":{"Escrito por":"Redaccion FM Trance","Tiempo de lectura":"3 minutos"},"schema":{"@context":"https:\/\/schema.org","@graph":[{"@type":"Article","@id":"https:\/\/www.fmtrance.com\/online\/prision-preventiva-para-el-hombre-que-asesino-a-una-policia-en-la-estacion-del-subte-de-retiro\/#article","isPartOf":{"@id":"https:\/\/www.fmtrance.com\/online\/prision-preventiva-para-el-hombre-que-asesino-a-una-policia-en-la-estacion-del-subte-de-retiro\/"},"author":{"name":"Redaccion FM Trance","@id":"https:\/\/www.fmtrance.com\/online\/#\/schema\/person\/686af7f826dd2f08b36b4760b7dcdddd"},"headline":"Prisi\u00f3n preventiva para el hombre que asesin\u00f3 a una polic\u00eda en la estaci\u00f3n del subte de Retiro","datePublished":"2023-03-07T16:48:42+00:00","dateModified":"2023-03-10T16:49:51+00:00","mainEntityOfPage":{"@id":"https:\/\/www.fmtrance.com\/online\/prision-preventiva-para-el-hombre-que-asesino-a-una-policia-en-la-estacion-del-subte-de-retiro\/"},"wordCount":644,"commentCount":0,"publisher":{"@id":"https:\/\/www.fmtrance.com\/online\/#organization"},"image":{"@id":"https:\/\/www.fmtrance.com\/online\/prision-preventiva-para-el-hombre-que-asesino-a-una-policia-en-la-estacion-del-subte-de-retiro\/#primaryimage"},"thumbnailUrl":"https:\/\/www.fmtrance.com\/online\/wp-content\/uploads\/2023\/03\/640768f573571_800x498.jpg","keywords":["Uncategorized"],"articleSection":["Noticias"],"inLanguage":"es-AR","potentialAction":[{"@type":"CommentAction","name":"Comment","target":["https:\/\/www.fmtrance.com\/online\/prision-preventiva-para-el-hombre-que-asesino-a-una-policia-en-la-estacion-del-subte-de-retiro\/#respond"]}]},{"@type":"WebPage","@id":"https:\/\/www.fmtrance.com\/online\/prision-preventiva-para-el-hombre-que-asesino-a-una-policia-en-la-estacion-del-subte-de-retiro\/","url":"https:\/\/www.fmtrance.com\/online\/prision-preventiva-para-el-hombre-que-asesino-a-una-policia-en-la-estacion-del-subte-de-retiro\/","name":"Prisi\u00f3n preventiva para el hombre que asesin\u00f3 a una polic\u00eda en la estaci\u00f3n del subte de Retiro | FM Trance 103.3","isPartOf":{"@id":"https:\/\/www.fmtrance.com\/online\/#website"},"primaryImageOfPage":{"@id":"https:\/\/www.fmtrance.com\/online\/prision-preventiva-para-el-hombre-que-asesino-a-una-policia-en-la-estacion-del-subte-de-retiro\/#primaryimage"},"image":{"@id":"https:\/\/www.fmtrance.com\/online\/prision-preventiva-para-el-hombre-que-asesino-a-una-policia-en-la-estacion-del-subte-de-retiro\/#primaryimage"},"thumbnailUrl":"https:\/\/www.fmtrance.com\/online\/wp-content\/uploads\/2023\/03\/640768f573571_800x498.jpg","datePublished":"2023-03-07T16:48:42+00:00","dateModified":"2023-03-10T16:49:51+00:00","breadcrumb":{"@id":"https:\/\/www.fmtrance.com\/online\/prision-preventiva-para-el-hombre-que-asesino-a-una-policia-en-la-estacion-del-subte-de-retiro\/#breadcrumb"},"inLanguage":"es-AR","potentialAction":[{"@type":"ReadAction","target":["https:\/\/www.fmtrance.com\/online\/prision-preventiva-para-el-hombre-que-asesino-a-una-policia-en-la-estacion-del-subte-de-retiro\/"]}]},{"@type":"ImageObject","inLanguage":"es-AR","@id":"https:\/\/www.fmtrance.com\/online\/prision-preventiva-para-el-hombre-que-asesino-a-una-policia-en-la-estacion-del-subte-de-retiro\/#primaryimage","url":"https:\/\/www.fmtrance.com\/online\/wp-content\/uploads\/2023\/03\/640768f573571_800x498.jpg","contentUrl":"https:\/\/www.fmtrance.com\/online\/wp-content\/uploads\/2023\/03\/640768f573571_800x498.jpg","width":800,"height":498},{"@type":"BreadcrumbList","@id":"https:\/\/www.fmtrance.com\/online\/prision-preventiva-para-el-hombre-que-asesino-a-una-policia-en-la-estacion-del-subte-de-retiro\/#breadcrumb","itemListElement":[{"@type":"ListItem","position":1,"name":"Inicio","item":"https:\/\/www.fmtrance.com\/online\/"},{"@type":"ListItem","position":2,"name":"Prisi\u00f3n preventiva para el hombre que asesin\u00f3 a una polic\u00eda en la estaci\u00f3n del subte de Retiro"}]},{"@type":"WebSite","@id":"https:\/\/www.fmtrance.com\/online\/#website","url":"https:\/\/www.fmtrance.com\/online\/","name":"FM Trance 103.3","description":"CABA. Radio de musica electronica","publisher":{"@id":"https:\/\/www.fmtrance.com\/online\/#organization"},"potentialAction":[{"@type":"SearchAction","target":{"@type":"EntryPoint","urlTemplate":"https:\/\/www.fmtrance.com\/online\/?s={search_term_string}"},"query-input":{"@type":"PropertyValueSpecification","valueRequired":true,"valueName":"search_term_string"}}],"inLanguage":"es-AR"},{"@type":"Organization","@id":"https:\/\/www.fmtrance.com\/online\/#organization","name":"FM TRANCE","url":"https:\/\/www.fmtrance.com\/online\/","logo":{"@type":"ImageObject","inLanguage":"es-AR","@id":"https:\/\/www.fmtrance.com\/online\/#\/schema\/logo\/image\/","url":"https:\/\/www.fmtrance.com\/online\/wp-content\/uploads\/2025\/03\/LOGO-WEB.png","contentUrl":"https:\/\/www.fmtrance.com\/online\/wp-content\/uploads\/2025\/03\/LOGO-WEB.png","width":500,"height":500,"caption":"FM TRANCE"},"image":{"@id":"https:\/\/www.fmtrance.com\/online\/#\/schema\/logo\/image\/"},"sameAs":["https:\/\/www.facebook.com\/fmtrance","https:\/\/x.com\/fmtrance","https:\/\/www.instagram.com\/fmtrance"]},{"@type":"Person","@id":"https:\/\/www.fmtrance.com\/online\/#\/schema\/person\/686af7f826dd2f08b36b4760b7dcdddd","name":"Redaccion FM Trance","image":{"@type":"ImageObject","inLanguage":"es-AR","@id":"https:\/\/www.fmtrance.com\/online\/#\/schema\/person\/image\/","url":"https:\/\/secure.gravatar.com\/avatar\/c9d0afa8b0785bea8046a42861739f0a26fb9e8da739ce032e6598dc2981bc38?s=96&r=g","contentUrl":"https:\/\/secure.gravatar.com\/avatar\/c9d0afa8b0785bea8046a42861739f0a26fb9e8da739ce032e6598dc2981bc38?s=96&r=g","caption":"Redaccion FM Trance"},"description":"Fundador y Director general de FM Trance. Nacido el 24 de Septiembre de 1987, en Caballito, Ciudad Autonoma de Buenos Aires. Alguien de Radio desde siempre: ya a los 9 a\u00f1os de edad como radioescucha, sintonizando estaci\u00f3nes de AM, FM, onda corta, TV UHF\/VHF, y dem\u00e1s servicios. Se desempe\u00f1\u00f3 como Operador T\u00e9cnico en diferentes emisoras locales de CABA y GBA, y hasta el dia de hoy sigue ejerciendo desde la parte t\u00e9cnica, realizando trabajos en varias Radios. Egresado del ISER de la carrera de Operador Tecnico de Planta Transmisora, cursando actualmente la carrera de Operador Tecnico de Estudios de Radio en dicha instituci\u00f3n, y flamante radioaficionado (habiendo completado el curso en el Radioclub Buenos Aires), distintiva LU2DBK.","url":"https:\/\/www.fmtrance.com\/online\/author\/fmtrance\/"}]}},"_links":{"self":[{"href":"https:\/\/www.fmtrance.com\/online\/wp-json\/wp\/v2\/posts\/3942","targetHints":{"allow":["GET"]}}],"collection":[{"href":"https:\/\/www.fmtrance.com\/online\/wp-json\/wp\/v2\/posts"}],"about":[{"href":"https:\/\/www.fmtrance.com\/online\/wp-json\/wp\/v2\/types\/post"}],"author":[{"embeddable":true,"href":"https:\/\/www.fmtrance.com\/online\/wp-json\/wp\/v2\/users\/1"}],"replies":[{"embeddable":true,"href":"https:\/\/www.fmtrance.com\/online\/wp-json\/wp\/v2\/comments?post=3942"}],"version-history":[{"count":1,"href":"https:\/\/www.fmtrance.com\/online\/wp-json\/wp\/v2\/posts\/3942\/revisions"}],"predecessor-version":[{"id":3944,"href":"https:\/\/www.fmtrance.com\/online\/wp-json\/wp\/v2\/posts\/3942\/revisions\/3944"}],"wp:featuredmedia":[{"embeddable":true,"href":"https:\/\/www.fmtrance.com\/online\/wp-json\/wp\/v2\/media\/3943"}],"wp:attachment":[{"href":"https:\/\/www.fmtrance.com\/online\/wp-json\/wp\/v2\/media?parent=3942"}],"wp:term":[{"taxonomy":"category","embeddable":true,"href":"https:\/\/www.fmtrance.com\/online\/wp-json\/wp\/v2\/categories?post=3942"},{"taxonomy":"post_tag","embeddable":true,"href":"https:\/\/www.fmtrance.com\/online\/wp-json\/wp\/v2\/tags?post=3942"}],"curies":[{"name":"wp","href":"https:\/\/api.w.org\/{rel}","templated":true}]}}