{"id":3939,"date":"2023-03-07T13:46:52","date_gmt":"2023-03-07T16:46:52","guid":{"rendered":"http:\/\/www.fmtrance.com\/online\/?p=3939"},"modified":"2023-03-10T13:47:28","modified_gmt":"2023-03-10T16:47:28","slug":"cortes-en-microcentro-la-cta-autonoma-reclama-al-sector-empresarial-por-la-inflacion","status":"publish","type":"post","link":"https:\/\/www.fmtrance.com\/online\/cortes-en-microcentro-la-cta-autonoma-reclama-al-sector-empresarial-por-la-inflacion\/","title":{"rendered":"Cortes en Microcentro: la CTA aut\u00f3noma reclama al sector empresarial por la inflaci\u00f3n"},"content":{"rendered":"<div class=\"row\">\n<div class=\"col-lg-12\">\n<div class=\"detail\">\n<p><strong>Desde el gremio sostiene que los formadores de precios \u201cson principalmente empresas transnacionales que no cumplen los acuerdos que firman con el Gobierno&#8221;.<\/strong><\/p>\n<\/div>\n<\/div>\n<\/div>\n<div class=\"row\">\n<div class=\"col-lg-8\">\n<section>\n<div class=\"row\">\n<article class=\"col-lg-12 col-md-12\">\n<div class=\"head-media clearfix\">\n<div class=\"description\">La\u00a0<strong>CTA Aut\u00f3noma (CTA-A)<\/strong>\u00a0llevar\u00e1 adelante este martes una movilizaci\u00f3n hacia la Coordinadora de las Industrias de Productos Alimenticios (Copal), para denunciar\u00a0<strong>&#8220;la responsabilidad del sector empresario ante la inflaci\u00f3n<\/strong>&#8220;, al apuntar que no cumplen con los acuerdos \u201cque firman con el gobierno\u201d.<\/p>\n<p>Al mismo tiempo, desde el gremio elevar\u00e1n la voz para evidenciar el descontento frente a los &#8220;nuevos recortes&#8221; de beneficiarios del programa Potenciar Trabajo. La jornada de protesta est\u00e1 prevista para la ma\u00f1ana de este martes en el edificio de la Copal, ubicado en 25 de Mayo 516, en el microcentro porte\u00f1o.<\/p>\n<p><strong>&#8220;Si hay un responsable de la situaci\u00f3n inflacionaria descontrolada es el sector empresarial de la alimentaci\u00f3n<\/strong>. Los formadores de precios en la Argentina son principalmente empresas transnacionales y que no cumplen los acuerdos que firman con el Gobierno&#8221;, dijo el secretario general de la CTA-A,\u00a0<strong>Hugo &#8220;Cachorro&#8221; Godoy<\/strong>, en conferencia de prensa.<\/p>\n<p>Al mismo tiempo\u00a0<strong>se pedir\u00e1 &#8220;un aumento de emergencia&#8221; para todos los sectores<\/strong>, &#8220;la inmediata convocatoria del Consejo del Salario M\u00ednimo Vital y M\u00f3vil&#8221; y un &#8220;salario b\u00e1sico universal&#8221; para garantizar &#8220;un piso de ingresos m\u00ednimos para que nadie padezca hambre&#8221;.<\/p>\n<p>Los manifestantes pasar\u00e1n por los ministerios de Trabajo y de Econom\u00eda, donde dejar\u00e1n documentos y pedidos de audiencia. Dejar\u00e1n expl\u00edcito su reclamo en el que afirman que\u00a0<strong>&#8220;m\u00e1s de 100 mil beneficios se han cortado del Potenciar Trabajo<\/strong>\u00a0y hay en marcha nuevos recortes mientras no se cumple con el env\u00edo de alimentos&#8221;.<\/div>\n<div class=\"clearfix\"><\/div>\n<\/div>\n<\/article>\n<\/div>\n<\/section>\n<\/div>\n<\/div>\n","protected":false},"excerpt":{"rendered":"<p>Desde el gremio sostiene que los formadores de precios \u201cson principalmente empresas transnacionales que no cumplen los acuerdos que firman<\/p>\n","protected":false},"author":1,"featured_media":3940,"comment_status":"open","ping_status":"closed","sticky":false,"template":"","format":"standard","meta":{"footnotes":""},"categories":[1],"tags":[1726],"class_list":["post-3939","post","type-post","status-publish","format-standard","has-post-thumbnail","hentry","category-uncategorized","tag-uncategorized"],"yoast_head":"<!-- This site is optimized with the Yoast SEO plugin v24.6 - https:\/\/yoast.com\/wordpress\/plugins\/seo\/ -->\n<title>Cortes en Microcentro: la CTA aut\u00f3noma reclama al sector empresarial por la inflaci\u00f3n | FM Trance 103.3<\/title>\n<meta name=\"robots\" content=\"index, follow, max-snippet:-1, max-image-preview:large, max-video-preview:-1\" \/>\n<link rel=\"canonical\" href=\"https:\/\/www.fmtrance.com\/online\/cortes-en-microcentro-la-cta-autonoma-reclama-al-sector-empresarial-por-la-inflacion\/\" \/>\n<meta property=\"og:locale\" content=\"es_ES\" \/>\n<meta property=\"og:type\" content=\"article\" \/>\n<meta property=\"og:title\" content=\"Cortes en Microcentro: la CTA aut\u00f3noma reclama al sector empresarial por la inflaci\u00f3n | FM Trance 103.3\" \/>\n<meta property=\"og:description\" content=\"Desde el gremio sostiene que los formadores de precios \u201cson principalmente empresas transnacionales que no cumplen los acuerdos que firman\" \/>\n<meta property=\"og:url\" content=\"https:\/\/www.fmtrance.com\/online\/cortes-en-microcentro-la-cta-autonoma-reclama-al-sector-empresarial-por-la-inflacion\/\" \/>\n<meta property=\"og:site_name\" content=\"FM Trance 103.3\" \/>\n<meta property=\"article:publisher\" content=\"https:\/\/www.facebook.com\/fmtrance\" \/>\n<meta property=\"article:published_time\" content=\"2023-03-07T16:46:52+00:00\" \/>\n<meta property=\"article:modified_time\" content=\"2023-03-10T16:47:28+00:00\" \/>\n<meta property=\"og:image\" content=\"https:\/\/www.fmtrance.com\/online\/wp-content\/uploads\/2023\/03\/6407392c84918_800x497.jpg\" \/>\n\t<meta property=\"og:image:width\" content=\"800\" \/>\n\t<meta property=\"og:image:height\" content=\"497\" \/>\n\t<meta property=\"og:image:type\" content=\"image\/jpeg\" \/>\n<meta name=\"author\" content=\"Redaccion FM Trance\" \/>\n<meta name=\"twitter:card\" content=\"summary_large_image\" \/>\n<meta name=\"twitter:creator\" content=\"@fmtrance\" \/>\n<meta name=\"twitter:site\" content=\"@fmtrance\" \/>\n<meta name=\"twitter:label1\" content=\"Escrito por\" \/>\n\t<meta name=\"twitter:data1\" content=\"Redaccion FM Trance\" \/>\n\t<meta name=\"twitter:label2\" content=\"Tiempo de lectura\" \/>\n\t<meta name=\"twitter:data2\" content=\"1 minuto\" \/>\n<script type=\"application\/ld+json\" class=\"yoast-schema-graph\">{\"@context\":\"https:\/\/schema.org\",\"@graph\":[{\"@type\":\"Article\",\"@id\":\"https:\/\/www.fmtrance.com\/online\/cortes-en-microcentro-la-cta-autonoma-reclama-al-sector-empresarial-por-la-inflacion\/#article\",\"isPartOf\":{\"@id\":\"https:\/\/www.fmtrance.com\/online\/cortes-en-microcentro-la-cta-autonoma-reclama-al-sector-empresarial-por-la-inflacion\/\"},\"author\":{\"name\":\"Redaccion FM Trance\",\"@id\":\"https:\/\/www.fmtrance.com\/online\/#\/schema\/person\/686af7f826dd2f08b36b4760b7dcdddd\"},\"headline\":\"Cortes en Microcentro: la CTA aut\u00f3noma reclama al sector empresarial por la inflaci\u00f3n\",\"datePublished\":\"2023-03-07T16:46:52+00:00\",\"dateModified\":\"2023-03-10T16:47:28+00:00\",\"mainEntityOfPage\":{\"@id\":\"https:\/\/www.fmtrance.com\/online\/cortes-en-microcentro-la-cta-autonoma-reclama-al-sector-empresarial-por-la-inflacion\/\"},\"wordCount\":295,\"commentCount\":0,\"publisher\":{\"@id\":\"https:\/\/www.fmtrance.com\/online\/#organization\"},\"image\":{\"@id\":\"https:\/\/www.fmtrance.com\/online\/cortes-en-microcentro-la-cta-autonoma-reclama-al-sector-empresarial-por-la-inflacion\/#primaryimage\"},\"thumbnailUrl\":\"https:\/\/www.fmtrance.com\/online\/wp-content\/uploads\/2023\/03\/6407392c84918_800x497.jpg\",\"keywords\":[\"Uncategorized\"],\"articleSection\":[\"Noticias\"],\"inLanguage\":\"es-AR\",\"potentialAction\":[{\"@type\":\"CommentAction\",\"name\":\"Comment\",\"target\":[\"https:\/\/www.fmtrance.com\/online\/cortes-en-microcentro-la-cta-autonoma-reclama-al-sector-empresarial-por-la-inflacion\/#respond\"]}]},{\"@type\":\"WebPage\",\"@id\":\"https:\/\/www.fmtrance.com\/online\/cortes-en-microcentro-la-cta-autonoma-reclama-al-sector-empresarial-por-la-inflacion\/\",\"url\":\"https:\/\/www.fmtrance.com\/online\/cortes-en-microcentro-la-cta-autonoma-reclama-al-sector-empresarial-por-la-inflacion\/\",\"name\":\"Cortes en Microcentro: la CTA aut\u00f3noma reclama al sector empresarial por la inflaci\u00f3n | FM Trance 103.3\",\"isPartOf\":{\"@id\":\"https:\/\/www.fmtrance.com\/online\/#website\"},\"primaryImageOfPage\":{\"@id\":\"https:\/\/www.fmtrance.com\/online\/cortes-en-microcentro-la-cta-autonoma-reclama-al-sector-empresarial-por-la-inflacion\/#primaryimage\"},\"image\":{\"@id\":\"https:\/\/www.fmtrance.com\/online\/cortes-en-microcentro-la-cta-autonoma-reclama-al-sector-empresarial-por-la-inflacion\/#primaryimage\"},\"thumbnailUrl\":\"https:\/\/www.fmtrance.com\/online\/wp-content\/uploads\/2023\/03\/6407392c84918_800x497.jpg\",\"datePublished\":\"2023-03-07T16:46:52+00:00\",\"dateModified\":\"2023-03-10T16:47:28+00:00\",\"breadcrumb\":{\"@id\":\"https:\/\/www.fmtrance.com\/online\/cortes-en-microcentro-la-cta-autonoma-reclama-al-sector-empresarial-por-la-inflacion\/#breadcrumb\"},\"inLanguage\":\"es-AR\",\"potentialAction\":[{\"@type\":\"ReadAction\",\"target\":[\"https:\/\/www.fmtrance.com\/online\/cortes-en-microcentro-la-cta-autonoma-reclama-al-sector-empresarial-por-la-inflacion\/\"]}]},{\"@type\":\"ImageObject\",\"inLanguage\":\"es-AR\",\"@id\":\"https:\/\/www.fmtrance.com\/online\/cortes-en-microcentro-la-cta-autonoma-reclama-al-sector-empresarial-por-la-inflacion\/#primaryimage\",\"url\":\"https:\/\/www.fmtrance.com\/online\/wp-content\/uploads\/2023\/03\/6407392c84918_800x497.jpg\",\"contentUrl\":\"https:\/\/www.fmtrance.com\/online\/wp-content\/uploads\/2023\/03\/6407392c84918_800x497.jpg\",\"width\":800,\"height\":497},{\"@type\":\"BreadcrumbList\",\"@id\":\"https:\/\/www.fmtrance.com\/online\/cortes-en-microcentro-la-cta-autonoma-reclama-al-sector-empresarial-por-la-inflacion\/#breadcrumb\",\"itemListElement\":[{\"@type\":\"ListItem\",\"position\":1,\"name\":\"Inicio\",\"item\":\"https:\/\/www.fmtrance.com\/online\/\"},{\"@type\":\"ListItem\",\"position\":2,\"name\":\"Cortes en Microcentro: la CTA aut\u00f3noma reclama al sector empresarial por la inflaci\u00f3n\"}]},{\"@type\":\"WebSite\",\"@id\":\"https:\/\/www.fmtrance.com\/online\/#website\",\"url\":\"https:\/\/www.fmtrance.com\/online\/\",\"name\":\"FM Trance 103.3\",\"description\":\"CABA. Radio de musica electronica\",\"publisher\":{\"@id\":\"https:\/\/www.fmtrance.com\/online\/#organization\"},\"potentialAction\":[{\"@type\":\"SearchAction\",\"target\":{\"@type\":\"EntryPoint\",\"urlTemplate\":\"https:\/\/www.fmtrance.com\/online\/?s={search_term_string}\"},\"query-input\":{\"@type\":\"PropertyValueSpecification\",\"valueRequired\":true,\"valueName\":\"search_term_string\"}}],\"inLanguage\":\"es-AR\"},{\"@type\":\"Organization\",\"@id\":\"https:\/\/www.fmtrance.com\/online\/#organization\",\"name\":\"FM TRANCE\",\"url\":\"https:\/\/www.fmtrance.com\/online\/\",\"logo\":{\"@type\":\"ImageObject\",\"inLanguage\":\"es-AR\",\"@id\":\"https:\/\/www.fmtrance.com\/online\/#\/schema\/logo\/image\/\",\"url\":\"https:\/\/www.fmtrance.com\/online\/wp-content\/uploads\/2025\/03\/LOGO-WEB.png\",\"contentUrl\":\"https:\/\/www.fmtrance.com\/online\/wp-content\/uploads\/2025\/03\/LOGO-WEB.png\",\"width\":500,\"height\":500,\"caption\":\"FM TRANCE\"},\"image\":{\"@id\":\"https:\/\/www.fmtrance.com\/online\/#\/schema\/logo\/image\/\"},\"sameAs\":[\"https:\/\/www.facebook.com\/fmtrance\",\"https:\/\/x.com\/fmtrance\",\"https:\/\/www.instagram.com\/fmtrance\"]},{\"@type\":\"Person\",\"@id\":\"https:\/\/www.fmtrance.com\/online\/#\/schema\/person\/686af7f826dd2f08b36b4760b7dcdddd\",\"name\":\"Redaccion FM Trance\",\"image\":{\"@type\":\"ImageObject\",\"inLanguage\":\"es-AR\",\"@id\":\"https:\/\/www.fmtrance.com\/online\/#\/schema\/person\/image\/\",\"url\":\"https:\/\/secure.gravatar.com\/avatar\/c9d0afa8b0785bea8046a42861739f0a26fb9e8da739ce032e6598dc2981bc38?s=96&r=g\",\"contentUrl\":\"https:\/\/secure.gravatar.com\/avatar\/c9d0afa8b0785bea8046a42861739f0a26fb9e8da739ce032e6598dc2981bc38?s=96&r=g\",\"caption\":\"Redaccion FM Trance\"},\"description\":\"Fundador y Director general de FM Trance. Nacido el 24 de Septiembre de 1987, en Caballito, Ciudad Autonoma de Buenos Aires. Alguien de Radio desde siempre: ya a los 9 a\u00f1os de edad como radioescucha, sintonizando estaci\u00f3nes de AM, FM, onda corta, TV UHF\/VHF, y dem\u00e1s servicios. Se desempe\u00f1\u00f3 como Operador T\u00e9cnico en diferentes emisoras locales de CABA y GBA, y hasta el dia de hoy sigue ejerciendo desde la parte t\u00e9cnica, realizando trabajos en varias Radios. Egresado del ISER de la carrera de Operador Tecnico de Planta Transmisora, cursando actualmente la carrera de Operador Tecnico de Estudios de Radio en dicha instituci\u00f3n, y flamante radioaficionado (habiendo completado el curso en el Radioclub Buenos Aires), distintiva LU2DBK.\",\"url\":\"https:\/\/www.fmtrance.com\/online\/author\/fmtrance\/\"}]}<\/script>\n<!-- \/ Yoast SEO plugin. -->","yoast_head_json":{"title":"Cortes en Microcentro: la CTA aut\u00f3noma reclama al sector empresarial por la inflaci\u00f3n | FM Trance 103.3","robots":{"index":"index","follow":"follow","max-snippet":"max-snippet:-1","max-image-preview":"max-image-preview:large","max-video-preview":"max-video-preview:-1"},"canonical":"https:\/\/www.fmtrance.com\/online\/cortes-en-microcentro-la-cta-autonoma-reclama-al-sector-empresarial-por-la-inflacion\/","og_locale":"es_ES","og_type":"article","og_title":"Cortes en Microcentro: la CTA aut\u00f3noma reclama al sector empresarial por la inflaci\u00f3n | FM Trance 103.3","og_description":"Desde el gremio sostiene que los formadores de precios \u201cson principalmente empresas transnacionales que no cumplen los acuerdos que firman","og_url":"https:\/\/www.fmtrance.com\/online\/cortes-en-microcentro-la-cta-autonoma-reclama-al-sector-empresarial-por-la-inflacion\/","og_site_name":"FM Trance 103.3","article_publisher":"https:\/\/www.facebook.com\/fmtrance","article_published_time":"2023-03-07T16:46:52+00:00","article_modified_time":"2023-03-10T16:47:28+00:00","og_image":[{"width":800,"height":497,"url":"https:\/\/www.fmtrance.com\/online\/wp-content\/uploads\/2023\/03\/6407392c84918_800x497.jpg","type":"image\/jpeg"}],"author":"Redaccion FM Trance","twitter_card":"summary_large_image","twitter_creator":"@fmtrance","twitter_site":"@fmtrance","twitter_misc":{"Escrito por":"Redaccion FM Trance","Tiempo de lectura":"1 minuto"},"schema":{"@context":"https:\/\/schema.org","@graph":[{"@type":"Article","@id":"https:\/\/www.fmtrance.com\/online\/cortes-en-microcentro-la-cta-autonoma-reclama-al-sector-empresarial-por-la-inflacion\/#article","isPartOf":{"@id":"https:\/\/www.fmtrance.com\/online\/cortes-en-microcentro-la-cta-autonoma-reclama-al-sector-empresarial-por-la-inflacion\/"},"author":{"name":"Redaccion FM Trance","@id":"https:\/\/www.fmtrance.com\/online\/#\/schema\/person\/686af7f826dd2f08b36b4760b7dcdddd"},"headline":"Cortes en Microcentro: la CTA aut\u00f3noma reclama al sector empresarial por la inflaci\u00f3n","datePublished":"2023-03-07T16:46:52+00:00","dateModified":"2023-03-10T16:47:28+00:00","mainEntityOfPage":{"@id":"https:\/\/www.fmtrance.com\/online\/cortes-en-microcentro-la-cta-autonoma-reclama-al-sector-empresarial-por-la-inflacion\/"},"wordCount":295,"commentCount":0,"publisher":{"@id":"https:\/\/www.fmtrance.com\/online\/#organization"},"image":{"@id":"https:\/\/www.fmtrance.com\/online\/cortes-en-microcentro-la-cta-autonoma-reclama-al-sector-empresarial-por-la-inflacion\/#primaryimage"},"thumbnailUrl":"https:\/\/www.fmtrance.com\/online\/wp-content\/uploads\/2023\/03\/6407392c84918_800x497.jpg","keywords":["Uncategorized"],"articleSection":["Noticias"],"inLanguage":"es-AR","potentialAction":[{"@type":"CommentAction","name":"Comment","target":["https:\/\/www.fmtrance.com\/online\/cortes-en-microcentro-la-cta-autonoma-reclama-al-sector-empresarial-por-la-inflacion\/#respond"]}]},{"@type":"WebPage","@id":"https:\/\/www.fmtrance.com\/online\/cortes-en-microcentro-la-cta-autonoma-reclama-al-sector-empresarial-por-la-inflacion\/","url":"https:\/\/www.fmtrance.com\/online\/cortes-en-microcentro-la-cta-autonoma-reclama-al-sector-empresarial-por-la-inflacion\/","name":"Cortes en Microcentro: la CTA aut\u00f3noma reclama al sector empresarial por la inflaci\u00f3n | FM Trance 103.3","isPartOf":{"@id":"https:\/\/www.fmtrance.com\/online\/#website"},"primaryImageOfPage":{"@id":"https:\/\/www.fmtrance.com\/online\/cortes-en-microcentro-la-cta-autonoma-reclama-al-sector-empresarial-por-la-inflacion\/#primaryimage"},"image":{"@id":"https:\/\/www.fmtrance.com\/online\/cortes-en-microcentro-la-cta-autonoma-reclama-al-sector-empresarial-por-la-inflacion\/#primaryimage"},"thumbnailUrl":"https:\/\/www.fmtrance.com\/online\/wp-content\/uploads\/2023\/03\/6407392c84918_800x497.jpg","datePublished":"2023-03-07T16:46:52+00:00","dateModified":"2023-03-10T16:47:28+00:00","breadcrumb":{"@id":"https:\/\/www.fmtrance.com\/online\/cortes-en-microcentro-la-cta-autonoma-reclama-al-sector-empresarial-por-la-inflacion\/#breadcrumb"},"inLanguage":"es-AR","potentialAction":[{"@type":"ReadAction","target":["https:\/\/www.fmtrance.com\/online\/cortes-en-microcentro-la-cta-autonoma-reclama-al-sector-empresarial-por-la-inflacion\/"]}]},{"@type":"ImageObject","inLanguage":"es-AR","@id":"https:\/\/www.fmtrance.com\/online\/cortes-en-microcentro-la-cta-autonoma-reclama-al-sector-empresarial-por-la-inflacion\/#primaryimage","url":"https:\/\/www.fmtrance.com\/online\/wp-content\/uploads\/2023\/03\/6407392c84918_800x497.jpg","contentUrl":"https:\/\/www.fmtrance.com\/online\/wp-content\/uploads\/2023\/03\/6407392c84918_800x497.jpg","width":800,"height":497},{"@type":"BreadcrumbList","@id":"https:\/\/www.fmtrance.com\/online\/cortes-en-microcentro-la-cta-autonoma-reclama-al-sector-empresarial-por-la-inflacion\/#breadcrumb","itemListElement":[{"@type":"ListItem","position":1,"name":"Inicio","item":"https:\/\/www.fmtrance.com\/online\/"},{"@type":"ListItem","position":2,"name":"Cortes en Microcentro: la CTA aut\u00f3noma reclama al sector empresarial por la inflaci\u00f3n"}]},{"@type":"WebSite","@id":"https:\/\/www.fmtrance.com\/online\/#website","url":"https:\/\/www.fmtrance.com\/online\/","name":"FM Trance 103.3","description":"CABA. Radio de musica electronica","publisher":{"@id":"https:\/\/www.fmtrance.com\/online\/#organization"},"potentialAction":[{"@type":"SearchAction","target":{"@type":"EntryPoint","urlTemplate":"https:\/\/www.fmtrance.com\/online\/?s={search_term_string}"},"query-input":{"@type":"PropertyValueSpecification","valueRequired":true,"valueName":"search_term_string"}}],"inLanguage":"es-AR"},{"@type":"Organization","@id":"https:\/\/www.fmtrance.com\/online\/#organization","name":"FM TRANCE","url":"https:\/\/www.fmtrance.com\/online\/","logo":{"@type":"ImageObject","inLanguage":"es-AR","@id":"https:\/\/www.fmtrance.com\/online\/#\/schema\/logo\/image\/","url":"https:\/\/www.fmtrance.com\/online\/wp-content\/uploads\/2025\/03\/LOGO-WEB.png","contentUrl":"https:\/\/www.fmtrance.com\/online\/wp-content\/uploads\/2025\/03\/LOGO-WEB.png","width":500,"height":500,"caption":"FM TRANCE"},"image":{"@id":"https:\/\/www.fmtrance.com\/online\/#\/schema\/logo\/image\/"},"sameAs":["https:\/\/www.facebook.com\/fmtrance","https:\/\/x.com\/fmtrance","https:\/\/www.instagram.com\/fmtrance"]},{"@type":"Person","@id":"https:\/\/www.fmtrance.com\/online\/#\/schema\/person\/686af7f826dd2f08b36b4760b7dcdddd","name":"Redaccion FM Trance","image":{"@type":"ImageObject","inLanguage":"es-AR","@id":"https:\/\/www.fmtrance.com\/online\/#\/schema\/person\/image\/","url":"https:\/\/secure.gravatar.com\/avatar\/c9d0afa8b0785bea8046a42861739f0a26fb9e8da739ce032e6598dc2981bc38?s=96&r=g","contentUrl":"https:\/\/secure.gravatar.com\/avatar\/c9d0afa8b0785bea8046a42861739f0a26fb9e8da739ce032e6598dc2981bc38?s=96&r=g","caption":"Redaccion FM Trance"},"description":"Fundador y Director general de FM Trance. Nacido el 24 de Septiembre de 1987, en Caballito, Ciudad Autonoma de Buenos Aires. Alguien de Radio desde siempre: ya a los 9 a\u00f1os de edad como radioescucha, sintonizando estaci\u00f3nes de AM, FM, onda corta, TV UHF\/VHF, y dem\u00e1s servicios. Se desempe\u00f1\u00f3 como Operador T\u00e9cnico en diferentes emisoras locales de CABA y GBA, y hasta el dia de hoy sigue ejerciendo desde la parte t\u00e9cnica, realizando trabajos en varias Radios. Egresado del ISER de la carrera de Operador Tecnico de Planta Transmisora, cursando actualmente la carrera de Operador Tecnico de Estudios de Radio en dicha instituci\u00f3n, y flamante radioaficionado (habiendo completado el curso en el Radioclub Buenos Aires), distintiva LU2DBK.","url":"https:\/\/www.fmtrance.com\/online\/author\/fmtrance\/"}]}},"_links":{"self":[{"href":"https:\/\/www.fmtrance.com\/online\/wp-json\/wp\/v2\/posts\/3939","targetHints":{"allow":["GET"]}}],"collection":[{"href":"https:\/\/www.fmtrance.com\/online\/wp-json\/wp\/v2\/posts"}],"about":[{"href":"https:\/\/www.fmtrance.com\/online\/wp-json\/wp\/v2\/types\/post"}],"author":[{"embeddable":true,"href":"https:\/\/www.fmtrance.com\/online\/wp-json\/wp\/v2\/users\/1"}],"replies":[{"embeddable":true,"href":"https:\/\/www.fmtrance.com\/online\/wp-json\/wp\/v2\/comments?post=3939"}],"version-history":[{"count":1,"href":"https:\/\/www.fmtrance.com\/online\/wp-json\/wp\/v2\/posts\/3939\/revisions"}],"predecessor-version":[{"id":3941,"href":"https:\/\/www.fmtrance.com\/online\/wp-json\/wp\/v2\/posts\/3939\/revisions\/3941"}],"wp:featuredmedia":[{"embeddable":true,"href":"https:\/\/www.fmtrance.com\/online\/wp-json\/wp\/v2\/media\/3940"}],"wp:attachment":[{"href":"https:\/\/www.fmtrance.com\/online\/wp-json\/wp\/v2\/media?parent=3939"}],"wp:term":[{"taxonomy":"category","embeddable":true,"href":"https:\/\/www.fmtrance.com\/online\/wp-json\/wp\/v2\/categories?post=3939"},{"taxonomy":"post_tag","embeddable":true,"href":"https:\/\/www.fmtrance.com\/online\/wp-json\/wp\/v2\/tags?post=3939"}],"curies":[{"name":"wp","href":"https:\/\/api.w.org\/{rel}","templated":true}]}}