{"id":3936,"date":"2023-03-07T13:43:16","date_gmt":"2023-03-07T16:43:16","guid":{"rendered":"http:\/\/www.fmtrance.com\/online\/?p=3936"},"modified":"2023-03-10T13:45:33","modified_gmt":"2023-03-10T16:45:33","slug":"el-viaje-en-subte-aumenta-hoy-y-cuesta-58-pesos","status":"publish","type":"post","link":"https:\/\/www.fmtrance.com\/online\/el-viaje-en-subte-aumenta-hoy-y-cuesta-58-pesos\/","title":{"rendered":"El viaje en subte aumenta hoy y cuesta 58 pesos"},"content":{"rendered":"<p><strong><em>El pasaje de Premetro pas\u00f3 a valer $20. Los valores volver\u00e1n a subir en mayo ($ 67 para el subte y $ 24 para el Premetro), junio ($ 74 y $ 26) y octubre ($ 80 y $ 28, respectivamente).<\/em><\/strong><\/p>\n<p>La\u00a0<strong>tarifa de subte\u00a0<\/strong>aument\u00f3 hoy martes un\u00a0<strong>38,1%<\/strong>\u00a0y pas\u00f3 a ser de\u00a0<strong>$58<\/strong>\u00a0y el valor del pasaje llegar\u00e1 en octubre a\u00a0<strong>$ 80,<\/strong>\u00a0de acuerdo a la decisi\u00f3n de la empresa\u00a0<strong>Subterr\u00e1neos de Buenos Aires (Sbase),<\/strong>\u00a0a trav\u00e9s de la resoluci\u00f3n 5, publicada el 27 de febrero en el\u00a0<strong>Bolet\u00edn Oficial de la Ciudad.<\/strong><\/p>\n<p>De esta forma, desde este martes, el viaje en subte pas\u00f3 a costar\u00a0<strong>$58<\/strong>, mientras que el servicio de\u00a0<strong>Premetro vale $20<\/strong>. En el caso del subte, continuar\u00e1 vigente el descuento de la\u00a0<strong>Red SUBE\u00a0<\/strong>y el beneficio para<strong>\u00a0pasajeros frecuentes,\u00a0<\/strong>con descuentos del 20%, 30% y 40% que se aplican autom\u00e1ticamente una vez que se superen los 20, 30 o 40 viajes mensuales respectivamente.<\/p>\n<p>Adem\u00e1s, seguir\u00e1n en curso los\u00a0<strong>pases para jubilados y pensionados, personas con discapacidad, trasplantadas y en lista de espera<\/strong>\u00a0&#8211; todos ellos pueden viajar gratis-, el\u00a0<strong>boleto estudiantil<\/strong>\u00a0&#8211; que tambi\u00e9n es gratuito- y los<strong>\u00a0abonos social, maestro y estudiantil, para alumnos de escuelas secundarias y terciarias.<\/strong><\/p>\n<p>El\u00a0<strong>abono social\u00a0<\/strong>est\u00e1 destinado a beneficiarios de\u00a0<strong>planes sociales\u00a0<\/strong>administrados por el\u00a0<strong>Gobierno de la Ciudad de Buenos Aires,<\/strong>\u00a0del programa\u00a0<strong>Ciudadan\u00eda Porte\u00f1a;<\/strong>\u00a0beneficiarios del\u00a0<strong>Plan Jefes y Jefas de Hogar\u00a0<\/strong>y\u00a0<strong>personas en situaci\u00f3n de desempleo cr\u00f3nico o recurrente.<\/strong><\/p>\n<p>Tambi\u00e9n para quienes acrediten poseer ingresos familiares que se encuentren por debajo de la\u00a0<strong>canasta b\u00e1sica familiar\u00a0<\/strong>que publica el<strong>\u00a0Indec<\/strong>; personas que acrediten encontrarse en situaci\u00f3n de\u00a0<strong>indigencia<\/strong>; beneficiarios del subsidio por la<strong>\u00a0tragedia de Croma\u00f1\u00f3n<\/strong>;\u00a0<strong>ex combatientes de Malvinas<\/strong>\u00a0y aquellos grupos identificados por normas vigentes de la\u00a0<strong>Ciudad\u00a0<\/strong>con necesidades especiales o en situaci\u00f3n de alta vulnerabilidad social.<\/p>\n","protected":false},"excerpt":{"rendered":"<p>El pasaje de Premetro pas\u00f3 a valer $20. Los valores volver\u00e1n a subir en mayo ($ 67 para el subte<\/p>\n","protected":false},"author":1,"featured_media":3937,"comment_status":"open","ping_status":"closed","sticky":false,"template":"","format":"standard","meta":{"footnotes":""},"categories":[1],"tags":[1726],"class_list":["post-3936","post","type-post","status-publish","format-standard","has-post-thumbnail","hentry","category-uncategorized","tag-uncategorized"],"yoast_head":"<!-- This site is optimized with the Yoast SEO plugin v24.6 - https:\/\/yoast.com\/wordpress\/plugins\/seo\/ -->\n<title>El viaje en subte aumenta hoy y cuesta 58 pesos | FM Trance 103.3<\/title>\n<meta name=\"robots\" content=\"index, follow, max-snippet:-1, max-image-preview:large, max-video-preview:-1\" \/>\n<link rel=\"canonical\" href=\"https:\/\/www.fmtrance.com\/online\/el-viaje-en-subte-aumenta-hoy-y-cuesta-58-pesos\/\" \/>\n<meta property=\"og:locale\" content=\"es_ES\" \/>\n<meta property=\"og:type\" content=\"article\" \/>\n<meta property=\"og:title\" content=\"El viaje en subte aumenta hoy y cuesta 58 pesos | FM Trance 103.3\" \/>\n<meta property=\"og:description\" content=\"El pasaje de Premetro pas\u00f3 a valer $20. Los valores volver\u00e1n a subir en mayo ($ 67 para el subte\" \/>\n<meta property=\"og:url\" content=\"https:\/\/www.fmtrance.com\/online\/el-viaje-en-subte-aumenta-hoy-y-cuesta-58-pesos\/\" \/>\n<meta property=\"og:site_name\" content=\"FM Trance 103.3\" \/>\n<meta property=\"article:publisher\" content=\"https:\/\/www.facebook.com\/fmtrance\" \/>\n<meta property=\"article:published_time\" content=\"2023-03-07T16:43:16+00:00\" \/>\n<meta property=\"article:modified_time\" content=\"2023-03-10T16:45:33+00:00\" \/>\n<meta property=\"og:image\" content=\"https:\/\/www.fmtrance.com\/online\/wp-content\/uploads\/2023\/03\/64072ec6db923_800x488.jpg\" \/>\n\t<meta property=\"og:image:width\" content=\"800\" \/>\n\t<meta property=\"og:image:height\" content=\"488\" \/>\n\t<meta property=\"og:image:type\" content=\"image\/jpeg\" \/>\n<meta name=\"author\" content=\"Redaccion FM Trance\" \/>\n<meta name=\"twitter:card\" content=\"summary_large_image\" \/>\n<meta name=\"twitter:creator\" content=\"@fmtrance\" \/>\n<meta name=\"twitter:site\" content=\"@fmtrance\" \/>\n<meta name=\"twitter:label1\" content=\"Escrito por\" \/>\n\t<meta name=\"twitter:data1\" content=\"Redaccion FM Trance\" \/>\n\t<meta name=\"twitter:label2\" content=\"Tiempo de lectura\" \/>\n\t<meta name=\"twitter:data2\" content=\"2 minutos\" \/>\n<script type=\"application\/ld+json\" class=\"yoast-schema-graph\">{\"@context\":\"https:\/\/schema.org\",\"@graph\":[{\"@type\":\"Article\",\"@id\":\"https:\/\/www.fmtrance.com\/online\/el-viaje-en-subte-aumenta-hoy-y-cuesta-58-pesos\/#article\",\"isPartOf\":{\"@id\":\"https:\/\/www.fmtrance.com\/online\/el-viaje-en-subte-aumenta-hoy-y-cuesta-58-pesos\/\"},\"author\":{\"name\":\"Redaccion FM Trance\",\"@id\":\"https:\/\/www.fmtrance.com\/online\/#\/schema\/person\/686af7f826dd2f08b36b4760b7dcdddd\"},\"headline\":\"El viaje en subte aumenta hoy y cuesta 58 pesos\",\"datePublished\":\"2023-03-07T16:43:16+00:00\",\"dateModified\":\"2023-03-10T16:45:33+00:00\",\"mainEntityOfPage\":{\"@id\":\"https:\/\/www.fmtrance.com\/online\/el-viaje-en-subte-aumenta-hoy-y-cuesta-58-pesos\/\"},\"wordCount\":312,\"commentCount\":0,\"publisher\":{\"@id\":\"https:\/\/www.fmtrance.com\/online\/#organization\"},\"image\":{\"@id\":\"https:\/\/www.fmtrance.com\/online\/el-viaje-en-subte-aumenta-hoy-y-cuesta-58-pesos\/#primaryimage\"},\"thumbnailUrl\":\"https:\/\/www.fmtrance.com\/online\/wp-content\/uploads\/2023\/03\/64072ec6db923_800x488.jpg\",\"keywords\":[\"Uncategorized\"],\"articleSection\":[\"Noticias\"],\"inLanguage\":\"es-AR\",\"potentialAction\":[{\"@type\":\"CommentAction\",\"name\":\"Comment\",\"target\":[\"https:\/\/www.fmtrance.com\/online\/el-viaje-en-subte-aumenta-hoy-y-cuesta-58-pesos\/#respond\"]}]},{\"@type\":\"WebPage\",\"@id\":\"https:\/\/www.fmtrance.com\/online\/el-viaje-en-subte-aumenta-hoy-y-cuesta-58-pesos\/\",\"url\":\"https:\/\/www.fmtrance.com\/online\/el-viaje-en-subte-aumenta-hoy-y-cuesta-58-pesos\/\",\"name\":\"El viaje en subte aumenta hoy y cuesta 58 pesos | FM Trance 103.3\",\"isPartOf\":{\"@id\":\"https:\/\/www.fmtrance.com\/online\/#website\"},\"primaryImageOfPage\":{\"@id\":\"https:\/\/www.fmtrance.com\/online\/el-viaje-en-subte-aumenta-hoy-y-cuesta-58-pesos\/#primaryimage\"},\"image\":{\"@id\":\"https:\/\/www.fmtrance.com\/online\/el-viaje-en-subte-aumenta-hoy-y-cuesta-58-pesos\/#primaryimage\"},\"thumbnailUrl\":\"https:\/\/www.fmtrance.com\/online\/wp-content\/uploads\/2023\/03\/64072ec6db923_800x488.jpg\",\"datePublished\":\"2023-03-07T16:43:16+00:00\",\"dateModified\":\"2023-03-10T16:45:33+00:00\",\"breadcrumb\":{\"@id\":\"https:\/\/www.fmtrance.com\/online\/el-viaje-en-subte-aumenta-hoy-y-cuesta-58-pesos\/#breadcrumb\"},\"inLanguage\":\"es-AR\",\"potentialAction\":[{\"@type\":\"ReadAction\",\"target\":[\"https:\/\/www.fmtrance.com\/online\/el-viaje-en-subte-aumenta-hoy-y-cuesta-58-pesos\/\"]}]},{\"@type\":\"ImageObject\",\"inLanguage\":\"es-AR\",\"@id\":\"https:\/\/www.fmtrance.com\/online\/el-viaje-en-subte-aumenta-hoy-y-cuesta-58-pesos\/#primaryimage\",\"url\":\"https:\/\/www.fmtrance.com\/online\/wp-content\/uploads\/2023\/03\/64072ec6db923_800x488.jpg\",\"contentUrl\":\"https:\/\/www.fmtrance.com\/online\/wp-content\/uploads\/2023\/03\/64072ec6db923_800x488.jpg\",\"width\":800,\"height\":488},{\"@type\":\"BreadcrumbList\",\"@id\":\"https:\/\/www.fmtrance.com\/online\/el-viaje-en-subte-aumenta-hoy-y-cuesta-58-pesos\/#breadcrumb\",\"itemListElement\":[{\"@type\":\"ListItem\",\"position\":1,\"name\":\"Inicio\",\"item\":\"https:\/\/www.fmtrance.com\/online\/\"},{\"@type\":\"ListItem\",\"position\":2,\"name\":\"El viaje en subte aumenta hoy y cuesta 58 pesos\"}]},{\"@type\":\"WebSite\",\"@id\":\"https:\/\/www.fmtrance.com\/online\/#website\",\"url\":\"https:\/\/www.fmtrance.com\/online\/\",\"name\":\"FM Trance 103.3\",\"description\":\"CABA. Radio de musica electronica\",\"publisher\":{\"@id\":\"https:\/\/www.fmtrance.com\/online\/#organization\"},\"potentialAction\":[{\"@type\":\"SearchAction\",\"target\":{\"@type\":\"EntryPoint\",\"urlTemplate\":\"https:\/\/www.fmtrance.com\/online\/?s={search_term_string}\"},\"query-input\":{\"@type\":\"PropertyValueSpecification\",\"valueRequired\":true,\"valueName\":\"search_term_string\"}}],\"inLanguage\":\"es-AR\"},{\"@type\":\"Organization\",\"@id\":\"https:\/\/www.fmtrance.com\/online\/#organization\",\"name\":\"FM TRANCE\",\"url\":\"https:\/\/www.fmtrance.com\/online\/\",\"logo\":{\"@type\":\"ImageObject\",\"inLanguage\":\"es-AR\",\"@id\":\"https:\/\/www.fmtrance.com\/online\/#\/schema\/logo\/image\/\",\"url\":\"https:\/\/www.fmtrance.com\/online\/wp-content\/uploads\/2025\/03\/LOGO-WEB.png\",\"contentUrl\":\"https:\/\/www.fmtrance.com\/online\/wp-content\/uploads\/2025\/03\/LOGO-WEB.png\",\"width\":500,\"height\":500,\"caption\":\"FM TRANCE\"},\"image\":{\"@id\":\"https:\/\/www.fmtrance.com\/online\/#\/schema\/logo\/image\/\"},\"sameAs\":[\"https:\/\/www.facebook.com\/fmtrance\",\"https:\/\/x.com\/fmtrance\",\"https:\/\/www.instagram.com\/fmtrance\"]},{\"@type\":\"Person\",\"@id\":\"https:\/\/www.fmtrance.com\/online\/#\/schema\/person\/686af7f826dd2f08b36b4760b7dcdddd\",\"name\":\"Redaccion FM Trance\",\"image\":{\"@type\":\"ImageObject\",\"inLanguage\":\"es-AR\",\"@id\":\"https:\/\/www.fmtrance.com\/online\/#\/schema\/person\/image\/\",\"url\":\"https:\/\/secure.gravatar.com\/avatar\/c9d0afa8b0785bea8046a42861739f0a26fb9e8da739ce032e6598dc2981bc38?s=96&r=g\",\"contentUrl\":\"https:\/\/secure.gravatar.com\/avatar\/c9d0afa8b0785bea8046a42861739f0a26fb9e8da739ce032e6598dc2981bc38?s=96&r=g\",\"caption\":\"Redaccion FM Trance\"},\"description\":\"Fundador y Director general de FM Trance. Nacido el 24 de Septiembre de 1987, en Caballito, Ciudad Autonoma de Buenos Aires. Alguien de Radio desde siempre: ya a los 9 a\u00f1os de edad como radioescucha, sintonizando estaci\u00f3nes de AM, FM, onda corta, TV UHF\/VHF, y dem\u00e1s servicios. Se desempe\u00f1\u00f3 como Operador T\u00e9cnico en diferentes emisoras locales de CABA y GBA, y hasta el dia de hoy sigue ejerciendo desde la parte t\u00e9cnica, realizando trabajos en varias Radios. Egresado del ISER de la carrera de Operador Tecnico de Planta Transmisora, cursando actualmente la carrera de Operador Tecnico de Estudios de Radio en dicha instituci\u00f3n, y flamante radioaficionado (habiendo completado el curso en el Radioclub Buenos Aires), distintiva LU2DBK.\",\"url\":\"https:\/\/www.fmtrance.com\/online\/author\/fmtrance\/\"}]}<\/script>\n<!-- \/ Yoast SEO plugin. -->","yoast_head_json":{"title":"El viaje en subte aumenta hoy y cuesta 58 pesos | FM Trance 103.3","robots":{"index":"index","follow":"follow","max-snippet":"max-snippet:-1","max-image-preview":"max-image-preview:large","max-video-preview":"max-video-preview:-1"},"canonical":"https:\/\/www.fmtrance.com\/online\/el-viaje-en-subte-aumenta-hoy-y-cuesta-58-pesos\/","og_locale":"es_ES","og_type":"article","og_title":"El viaje en subte aumenta hoy y cuesta 58 pesos | FM Trance 103.3","og_description":"El pasaje de Premetro pas\u00f3 a valer $20. Los valores volver\u00e1n a subir en mayo ($ 67 para el subte","og_url":"https:\/\/www.fmtrance.com\/online\/el-viaje-en-subte-aumenta-hoy-y-cuesta-58-pesos\/","og_site_name":"FM Trance 103.3","article_publisher":"https:\/\/www.facebook.com\/fmtrance","article_published_time":"2023-03-07T16:43:16+00:00","article_modified_time":"2023-03-10T16:45:33+00:00","og_image":[{"width":800,"height":488,"url":"https:\/\/www.fmtrance.com\/online\/wp-content\/uploads\/2023\/03\/64072ec6db923_800x488.jpg","type":"image\/jpeg"}],"author":"Redaccion FM Trance","twitter_card":"summary_large_image","twitter_creator":"@fmtrance","twitter_site":"@fmtrance","twitter_misc":{"Escrito por":"Redaccion FM Trance","Tiempo de lectura":"2 minutos"},"schema":{"@context":"https:\/\/schema.org","@graph":[{"@type":"Article","@id":"https:\/\/www.fmtrance.com\/online\/el-viaje-en-subte-aumenta-hoy-y-cuesta-58-pesos\/#article","isPartOf":{"@id":"https:\/\/www.fmtrance.com\/online\/el-viaje-en-subte-aumenta-hoy-y-cuesta-58-pesos\/"},"author":{"name":"Redaccion FM Trance","@id":"https:\/\/www.fmtrance.com\/online\/#\/schema\/person\/686af7f826dd2f08b36b4760b7dcdddd"},"headline":"El viaje en subte aumenta hoy y cuesta 58 pesos","datePublished":"2023-03-07T16:43:16+00:00","dateModified":"2023-03-10T16:45:33+00:00","mainEntityOfPage":{"@id":"https:\/\/www.fmtrance.com\/online\/el-viaje-en-subte-aumenta-hoy-y-cuesta-58-pesos\/"},"wordCount":312,"commentCount":0,"publisher":{"@id":"https:\/\/www.fmtrance.com\/online\/#organization"},"image":{"@id":"https:\/\/www.fmtrance.com\/online\/el-viaje-en-subte-aumenta-hoy-y-cuesta-58-pesos\/#primaryimage"},"thumbnailUrl":"https:\/\/www.fmtrance.com\/online\/wp-content\/uploads\/2023\/03\/64072ec6db923_800x488.jpg","keywords":["Uncategorized"],"articleSection":["Noticias"],"inLanguage":"es-AR","potentialAction":[{"@type":"CommentAction","name":"Comment","target":["https:\/\/www.fmtrance.com\/online\/el-viaje-en-subte-aumenta-hoy-y-cuesta-58-pesos\/#respond"]}]},{"@type":"WebPage","@id":"https:\/\/www.fmtrance.com\/online\/el-viaje-en-subte-aumenta-hoy-y-cuesta-58-pesos\/","url":"https:\/\/www.fmtrance.com\/online\/el-viaje-en-subte-aumenta-hoy-y-cuesta-58-pesos\/","name":"El viaje en subte aumenta hoy y cuesta 58 pesos | FM Trance 103.3","isPartOf":{"@id":"https:\/\/www.fmtrance.com\/online\/#website"},"primaryImageOfPage":{"@id":"https:\/\/www.fmtrance.com\/online\/el-viaje-en-subte-aumenta-hoy-y-cuesta-58-pesos\/#primaryimage"},"image":{"@id":"https:\/\/www.fmtrance.com\/online\/el-viaje-en-subte-aumenta-hoy-y-cuesta-58-pesos\/#primaryimage"},"thumbnailUrl":"https:\/\/www.fmtrance.com\/online\/wp-content\/uploads\/2023\/03\/64072ec6db923_800x488.jpg","datePublished":"2023-03-07T16:43:16+00:00","dateModified":"2023-03-10T16:45:33+00:00","breadcrumb":{"@id":"https:\/\/www.fmtrance.com\/online\/el-viaje-en-subte-aumenta-hoy-y-cuesta-58-pesos\/#breadcrumb"},"inLanguage":"es-AR","potentialAction":[{"@type":"ReadAction","target":["https:\/\/www.fmtrance.com\/online\/el-viaje-en-subte-aumenta-hoy-y-cuesta-58-pesos\/"]}]},{"@type":"ImageObject","inLanguage":"es-AR","@id":"https:\/\/www.fmtrance.com\/online\/el-viaje-en-subte-aumenta-hoy-y-cuesta-58-pesos\/#primaryimage","url":"https:\/\/www.fmtrance.com\/online\/wp-content\/uploads\/2023\/03\/64072ec6db923_800x488.jpg","contentUrl":"https:\/\/www.fmtrance.com\/online\/wp-content\/uploads\/2023\/03\/64072ec6db923_800x488.jpg","width":800,"height":488},{"@type":"BreadcrumbList","@id":"https:\/\/www.fmtrance.com\/online\/el-viaje-en-subte-aumenta-hoy-y-cuesta-58-pesos\/#breadcrumb","itemListElement":[{"@type":"ListItem","position":1,"name":"Inicio","item":"https:\/\/www.fmtrance.com\/online\/"},{"@type":"ListItem","position":2,"name":"El viaje en subte aumenta hoy y cuesta 58 pesos"}]},{"@type":"WebSite","@id":"https:\/\/www.fmtrance.com\/online\/#website","url":"https:\/\/www.fmtrance.com\/online\/","name":"FM Trance 103.3","description":"CABA. Radio de musica electronica","publisher":{"@id":"https:\/\/www.fmtrance.com\/online\/#organization"},"potentialAction":[{"@type":"SearchAction","target":{"@type":"EntryPoint","urlTemplate":"https:\/\/www.fmtrance.com\/online\/?s={search_term_string}"},"query-input":{"@type":"PropertyValueSpecification","valueRequired":true,"valueName":"search_term_string"}}],"inLanguage":"es-AR"},{"@type":"Organization","@id":"https:\/\/www.fmtrance.com\/online\/#organization","name":"FM TRANCE","url":"https:\/\/www.fmtrance.com\/online\/","logo":{"@type":"ImageObject","inLanguage":"es-AR","@id":"https:\/\/www.fmtrance.com\/online\/#\/schema\/logo\/image\/","url":"https:\/\/www.fmtrance.com\/online\/wp-content\/uploads\/2025\/03\/LOGO-WEB.png","contentUrl":"https:\/\/www.fmtrance.com\/online\/wp-content\/uploads\/2025\/03\/LOGO-WEB.png","width":500,"height":500,"caption":"FM TRANCE"},"image":{"@id":"https:\/\/www.fmtrance.com\/online\/#\/schema\/logo\/image\/"},"sameAs":["https:\/\/www.facebook.com\/fmtrance","https:\/\/x.com\/fmtrance","https:\/\/www.instagram.com\/fmtrance"]},{"@type":"Person","@id":"https:\/\/www.fmtrance.com\/online\/#\/schema\/person\/686af7f826dd2f08b36b4760b7dcdddd","name":"Redaccion FM Trance","image":{"@type":"ImageObject","inLanguage":"es-AR","@id":"https:\/\/www.fmtrance.com\/online\/#\/schema\/person\/image\/","url":"https:\/\/secure.gravatar.com\/avatar\/c9d0afa8b0785bea8046a42861739f0a26fb9e8da739ce032e6598dc2981bc38?s=96&r=g","contentUrl":"https:\/\/secure.gravatar.com\/avatar\/c9d0afa8b0785bea8046a42861739f0a26fb9e8da739ce032e6598dc2981bc38?s=96&r=g","caption":"Redaccion FM Trance"},"description":"Fundador y Director general de FM Trance. Nacido el 24 de Septiembre de 1987, en Caballito, Ciudad Autonoma de Buenos Aires. Alguien de Radio desde siempre: ya a los 9 a\u00f1os de edad como radioescucha, sintonizando estaci\u00f3nes de AM, FM, onda corta, TV UHF\/VHF, y dem\u00e1s servicios. Se desempe\u00f1\u00f3 como Operador T\u00e9cnico en diferentes emisoras locales de CABA y GBA, y hasta el dia de hoy sigue ejerciendo desde la parte t\u00e9cnica, realizando trabajos en varias Radios. Egresado del ISER de la carrera de Operador Tecnico de Planta Transmisora, cursando actualmente la carrera de Operador Tecnico de Estudios de Radio en dicha instituci\u00f3n, y flamante radioaficionado (habiendo completado el curso en el Radioclub Buenos Aires), distintiva LU2DBK.","url":"https:\/\/www.fmtrance.com\/online\/author\/fmtrance\/"}]}},"_links":{"self":[{"href":"https:\/\/www.fmtrance.com\/online\/wp-json\/wp\/v2\/posts\/3936","targetHints":{"allow":["GET"]}}],"collection":[{"href":"https:\/\/www.fmtrance.com\/online\/wp-json\/wp\/v2\/posts"}],"about":[{"href":"https:\/\/www.fmtrance.com\/online\/wp-json\/wp\/v2\/types\/post"}],"author":[{"embeddable":true,"href":"https:\/\/www.fmtrance.com\/online\/wp-json\/wp\/v2\/users\/1"}],"replies":[{"embeddable":true,"href":"https:\/\/www.fmtrance.com\/online\/wp-json\/wp\/v2\/comments?post=3936"}],"version-history":[{"count":1,"href":"https:\/\/www.fmtrance.com\/online\/wp-json\/wp\/v2\/posts\/3936\/revisions"}],"predecessor-version":[{"id":3938,"href":"https:\/\/www.fmtrance.com\/online\/wp-json\/wp\/v2\/posts\/3936\/revisions\/3938"}],"wp:featuredmedia":[{"embeddable":true,"href":"https:\/\/www.fmtrance.com\/online\/wp-json\/wp\/v2\/media\/3937"}],"wp:attachment":[{"href":"https:\/\/www.fmtrance.com\/online\/wp-json\/wp\/v2\/media?parent=3936"}],"wp:term":[{"taxonomy":"category","embeddable":true,"href":"https:\/\/www.fmtrance.com\/online\/wp-json\/wp\/v2\/categories?post=3936"},{"taxonomy":"post_tag","embeddable":true,"href":"https:\/\/www.fmtrance.com\/online\/wp-json\/wp\/v2\/tags?post=3936"}],"curies":[{"name":"wp","href":"https:\/\/api.w.org\/{rel}","templated":true}]}}