{"id":3933,"date":"2023-03-06T13:20:31","date_gmt":"2023-03-06T16:20:31","guid":{"rendered":"http:\/\/www.fmtrance.com\/online\/?p=3933"},"modified":"2023-03-10T13:35:57","modified_gmt":"2023-03-10T16:35:57","slug":"otro-hecho-de-inseguridad-en-la-ciudad-mataron-a-un-hombre-para-robarle-el-celular","status":"publish","type":"post","link":"https:\/\/www.fmtrance.com\/online\/otro-hecho-de-inseguridad-en-la-ciudad-mataron-a-un-hombre-para-robarle-el-celular\/","title":{"rendered":"Otro hecho de inseguridad en la Ciudad: mataron a un hombre para robarle el celular"},"content":{"rendered":"<p><strong>Juan Francisco Fern\u00e1ndez A, un joven venezolano, fue asesinado en Palermo, a cuadras de Plaza Serrano. El hecho ocurri\u00f3 a dos cuadras de la Comisar\u00eda 14 A de la Polic\u00eda de la Ciudad.<\/strong><\/p>\n<p>La\u00a0<strong>inseguridad\u00a0<\/strong>vuelve a estar presente en la\u00a0<strong>Ciudad<\/strong>. Esta madrugada, un delincuente mat\u00f3 de un tiro a un joven para robarle el celular. El hecho ocurri\u00f3 a dos cuadras de la Comisar\u00eda 14 A de la\u00a0<strong>Polic\u00eda de la Ciudad en Palermo<\/strong>. Se trata de Juan\u00a0<strong>Francisco Fern\u00e1ndez Acosta<\/strong>, quien recibi\u00f3 un tiro en la cabeza por parte del delincuente que escap\u00f3.<\/p>\n<p>La v\u00edctima es un joven venezolano que estaba en la vereda de una casa ubicada en la calle Ar\u00e1oz entre Gorriti y Honduras, a unas pocas cuadras de la Plaza Serrano, junto a un amigo. Ambos fueron abordados por un hombre armado que les dijo: &#8220;Dame el celular, \u00bfo quer\u00e9s que te mate?&#8221;.<\/p>\n<p>Fern\u00e1ndez Acosta intent\u00f3 resistirse a la amenaza e inici\u00f3 un forcejeo que termin\u00f3 con el disparo de un proyectil de arma de fuego que termin\u00f3 en la cabeza. El delincuente huy\u00f3 y la v\u00edctima qued\u00f3 tirada en la vereda.<\/p>\n<p>Seg\u00fan consign\u00f3 Perfil, su vecino y amigo, tambi\u00e9n oriundo de Venezuela, llam\u00f3 de inmediato a la Polic\u00eda y al rato una ambulancia tambi\u00e9n lleg\u00f3 al lugar y traslad\u00f3 a la v\u00edctima al Hospital Fern\u00e1ndez. Lleg\u00f3 al nosocomio con vida, pero finalmente muri\u00f3 en la ma\u00f1ana de este lunes.<\/p>\n<p>En di\u00e1logo con Todo Noticias, una vecina cont\u00f3 que Fern\u00e1ndez Acosta &#8220;era un muchacho profesional muy emprendedor, ingeniero en sistemas. Estaba charlando con su colega y amigo cuando fueron abordados por un delincuente&#8221;.<\/p>\n<p>\u201cNo sabemos si el delincuente estaba solo o acompa\u00f1ado. Ven\u00eda caminando. Le pidi\u00f3 sus pertenencias&#8221;, cont\u00f3 otro de los vecinos, que tambi\u00e9n lo conoc\u00eda.<\/p>\n<p>Este, tambi\u00e9n de nacionalidad venezolana, agreg\u00f3: &#8220;Es algo extremo lo que est\u00e1 sucediendo aqu\u00ed. A menos de dos metros tenemos una estaci\u00f3n de polic\u00eda y aqu\u00ed se vive una inseguridad enorme. Uno ya no se siente tranquilo. Nosotros en Venezuela viv\u00edamos siempre alerta, pendientes, porque ya sab\u00edamos la situaci\u00f3n en la que viv\u00edamos. Cre\u00edamos que Argentina era un pa\u00eds m\u00e1s tranquilo, pero ahora vemos que no es as\u00ed\u201d.<\/p>\n<p>En el caso interviene la Comisar\u00eda Vecinal 14A y la Fiscal\u00eda Nacional en lo Criminal y Correccional 24, a cargo del fiscal Marcelo Retes. Interviene, adem\u00e1s, el Juzgado Nacional en lo Criminal y Correccional N\u00b045.<\/p>\n","protected":false},"excerpt":{"rendered":"<p>Juan Francisco Fern\u00e1ndez A, un joven venezolano, fue asesinado en Palermo, a cuadras de Plaza Serrano. El hecho ocurri\u00f3 a<\/p>\n","protected":false},"author":1,"featured_media":3934,"comment_status":"open","ping_status":"closed","sticky":false,"template":"","format":"standard","meta":{"footnotes":""},"categories":[1],"tags":[1726],"class_list":["post-3933","post","type-post","status-publish","format-standard","has-post-thumbnail","hentry","category-uncategorized","tag-uncategorized"],"yoast_head":"<!-- This site is optimized with the Yoast SEO plugin v24.6 - https:\/\/yoast.com\/wordpress\/plugins\/seo\/ -->\n<title>Otro hecho de inseguridad en la Ciudad: mataron a un hombre para robarle el celular | FM Trance 103.3<\/title>\n<meta name=\"robots\" content=\"index, follow, max-snippet:-1, max-image-preview:large, max-video-preview:-1\" \/>\n<link rel=\"canonical\" href=\"https:\/\/www.fmtrance.com\/online\/otro-hecho-de-inseguridad-en-la-ciudad-mataron-a-un-hombre-para-robarle-el-celular\/\" \/>\n<meta property=\"og:locale\" content=\"es_ES\" \/>\n<meta property=\"og:type\" content=\"article\" \/>\n<meta property=\"og:title\" content=\"Otro hecho de inseguridad en la Ciudad: mataron a un hombre para robarle el celular | FM Trance 103.3\" \/>\n<meta property=\"og:description\" content=\"Juan Francisco Fern\u00e1ndez A, un joven venezolano, fue asesinado en Palermo, a cuadras de Plaza Serrano. El hecho ocurri\u00f3 a\" \/>\n<meta property=\"og:url\" content=\"https:\/\/www.fmtrance.com\/online\/otro-hecho-de-inseguridad-en-la-ciudad-mataron-a-un-hombre-para-robarle-el-celular\/\" \/>\n<meta property=\"og:site_name\" content=\"FM Trance 103.3\" \/>\n<meta property=\"article:publisher\" content=\"https:\/\/www.facebook.com\/fmtrance\" \/>\n<meta property=\"article:published_time\" content=\"2023-03-06T16:20:31+00:00\" \/>\n<meta property=\"article:modified_time\" content=\"2023-03-10T16:35:57+00:00\" \/>\n<meta property=\"og:image\" content=\"https:\/\/www.fmtrance.com\/online\/wp-content\/uploads\/2023\/03\/640617c697f05_800x451.jpg\" \/>\n\t<meta property=\"og:image:width\" content=\"800\" \/>\n\t<meta property=\"og:image:height\" content=\"451\" \/>\n\t<meta property=\"og:image:type\" content=\"image\/jpeg\" \/>\n<meta name=\"author\" content=\"Redaccion FM Trance\" \/>\n<meta name=\"twitter:card\" content=\"summary_large_image\" \/>\n<meta name=\"twitter:creator\" content=\"@fmtrance\" \/>\n<meta name=\"twitter:site\" content=\"@fmtrance\" \/>\n<meta name=\"twitter:label1\" content=\"Escrito por\" \/>\n\t<meta name=\"twitter:data1\" content=\"Redaccion FM Trance\" \/>\n\t<meta name=\"twitter:label2\" content=\"Tiempo de lectura\" \/>\n\t<meta name=\"twitter:data2\" content=\"2 minutos\" \/>\n<script type=\"application\/ld+json\" class=\"yoast-schema-graph\">{\"@context\":\"https:\/\/schema.org\",\"@graph\":[{\"@type\":\"Article\",\"@id\":\"https:\/\/www.fmtrance.com\/online\/otro-hecho-de-inseguridad-en-la-ciudad-mataron-a-un-hombre-para-robarle-el-celular\/#article\",\"isPartOf\":{\"@id\":\"https:\/\/www.fmtrance.com\/online\/otro-hecho-de-inseguridad-en-la-ciudad-mataron-a-un-hombre-para-robarle-el-celular\/\"},\"author\":{\"name\":\"Redaccion FM Trance\",\"@id\":\"https:\/\/www.fmtrance.com\/online\/#\/schema\/person\/686af7f826dd2f08b36b4760b7dcdddd\"},\"headline\":\"Otro hecho de inseguridad en la Ciudad: mataron a un hombre para robarle el celular\",\"datePublished\":\"2023-03-06T16:20:31+00:00\",\"dateModified\":\"2023-03-10T16:35:57+00:00\",\"mainEntityOfPage\":{\"@id\":\"https:\/\/www.fmtrance.com\/online\/otro-hecho-de-inseguridad-en-la-ciudad-mataron-a-un-hombre-para-robarle-el-celular\/\"},\"wordCount\":445,\"commentCount\":0,\"publisher\":{\"@id\":\"https:\/\/www.fmtrance.com\/online\/#organization\"},\"image\":{\"@id\":\"https:\/\/www.fmtrance.com\/online\/otro-hecho-de-inseguridad-en-la-ciudad-mataron-a-un-hombre-para-robarle-el-celular\/#primaryimage\"},\"thumbnailUrl\":\"https:\/\/www.fmtrance.com\/online\/wp-content\/uploads\/2023\/03\/640617c697f05_800x451.jpg\",\"keywords\":[\"Uncategorized\"],\"articleSection\":[\"Noticias\"],\"inLanguage\":\"es-AR\",\"potentialAction\":[{\"@type\":\"CommentAction\",\"name\":\"Comment\",\"target\":[\"https:\/\/www.fmtrance.com\/online\/otro-hecho-de-inseguridad-en-la-ciudad-mataron-a-un-hombre-para-robarle-el-celular\/#respond\"]}]},{\"@type\":\"WebPage\",\"@id\":\"https:\/\/www.fmtrance.com\/online\/otro-hecho-de-inseguridad-en-la-ciudad-mataron-a-un-hombre-para-robarle-el-celular\/\",\"url\":\"https:\/\/www.fmtrance.com\/online\/otro-hecho-de-inseguridad-en-la-ciudad-mataron-a-un-hombre-para-robarle-el-celular\/\",\"name\":\"Otro hecho de inseguridad en la Ciudad: mataron a un hombre para robarle el celular | FM Trance 103.3\",\"isPartOf\":{\"@id\":\"https:\/\/www.fmtrance.com\/online\/#website\"},\"primaryImageOfPage\":{\"@id\":\"https:\/\/www.fmtrance.com\/online\/otro-hecho-de-inseguridad-en-la-ciudad-mataron-a-un-hombre-para-robarle-el-celular\/#primaryimage\"},\"image\":{\"@id\":\"https:\/\/www.fmtrance.com\/online\/otro-hecho-de-inseguridad-en-la-ciudad-mataron-a-un-hombre-para-robarle-el-celular\/#primaryimage\"},\"thumbnailUrl\":\"https:\/\/www.fmtrance.com\/online\/wp-content\/uploads\/2023\/03\/640617c697f05_800x451.jpg\",\"datePublished\":\"2023-03-06T16:20:31+00:00\",\"dateModified\":\"2023-03-10T16:35:57+00:00\",\"breadcrumb\":{\"@id\":\"https:\/\/www.fmtrance.com\/online\/otro-hecho-de-inseguridad-en-la-ciudad-mataron-a-un-hombre-para-robarle-el-celular\/#breadcrumb\"},\"inLanguage\":\"es-AR\",\"potentialAction\":[{\"@type\":\"ReadAction\",\"target\":[\"https:\/\/www.fmtrance.com\/online\/otro-hecho-de-inseguridad-en-la-ciudad-mataron-a-un-hombre-para-robarle-el-celular\/\"]}]},{\"@type\":\"ImageObject\",\"inLanguage\":\"es-AR\",\"@id\":\"https:\/\/www.fmtrance.com\/online\/otro-hecho-de-inseguridad-en-la-ciudad-mataron-a-un-hombre-para-robarle-el-celular\/#primaryimage\",\"url\":\"https:\/\/www.fmtrance.com\/online\/wp-content\/uploads\/2023\/03\/640617c697f05_800x451.jpg\",\"contentUrl\":\"https:\/\/www.fmtrance.com\/online\/wp-content\/uploads\/2023\/03\/640617c697f05_800x451.jpg\",\"width\":800,\"height\":451},{\"@type\":\"BreadcrumbList\",\"@id\":\"https:\/\/www.fmtrance.com\/online\/otro-hecho-de-inseguridad-en-la-ciudad-mataron-a-un-hombre-para-robarle-el-celular\/#breadcrumb\",\"itemListElement\":[{\"@type\":\"ListItem\",\"position\":1,\"name\":\"Inicio\",\"item\":\"https:\/\/www.fmtrance.com\/online\/\"},{\"@type\":\"ListItem\",\"position\":2,\"name\":\"Otro hecho de inseguridad en la Ciudad: mataron a un hombre para robarle el celular\"}]},{\"@type\":\"WebSite\",\"@id\":\"https:\/\/www.fmtrance.com\/online\/#website\",\"url\":\"https:\/\/www.fmtrance.com\/online\/\",\"name\":\"FM Trance 103.3\",\"description\":\"CABA. Radio de musica electronica\",\"publisher\":{\"@id\":\"https:\/\/www.fmtrance.com\/online\/#organization\"},\"potentialAction\":[{\"@type\":\"SearchAction\",\"target\":{\"@type\":\"EntryPoint\",\"urlTemplate\":\"https:\/\/www.fmtrance.com\/online\/?s={search_term_string}\"},\"query-input\":{\"@type\":\"PropertyValueSpecification\",\"valueRequired\":true,\"valueName\":\"search_term_string\"}}],\"inLanguage\":\"es-AR\"},{\"@type\":\"Organization\",\"@id\":\"https:\/\/www.fmtrance.com\/online\/#organization\",\"name\":\"FM TRANCE\",\"url\":\"https:\/\/www.fmtrance.com\/online\/\",\"logo\":{\"@type\":\"ImageObject\",\"inLanguage\":\"es-AR\",\"@id\":\"https:\/\/www.fmtrance.com\/online\/#\/schema\/logo\/image\/\",\"url\":\"https:\/\/www.fmtrance.com\/online\/wp-content\/uploads\/2025\/03\/LOGO-WEB.png\",\"contentUrl\":\"https:\/\/www.fmtrance.com\/online\/wp-content\/uploads\/2025\/03\/LOGO-WEB.png\",\"width\":500,\"height\":500,\"caption\":\"FM TRANCE\"},\"image\":{\"@id\":\"https:\/\/www.fmtrance.com\/online\/#\/schema\/logo\/image\/\"},\"sameAs\":[\"https:\/\/www.facebook.com\/fmtrance\",\"https:\/\/x.com\/fmtrance\",\"https:\/\/www.instagram.com\/fmtrance\"]},{\"@type\":\"Person\",\"@id\":\"https:\/\/www.fmtrance.com\/online\/#\/schema\/person\/686af7f826dd2f08b36b4760b7dcdddd\",\"name\":\"Redaccion FM Trance\",\"image\":{\"@type\":\"ImageObject\",\"inLanguage\":\"es-AR\",\"@id\":\"https:\/\/www.fmtrance.com\/online\/#\/schema\/person\/image\/\",\"url\":\"https:\/\/secure.gravatar.com\/avatar\/c9d0afa8b0785bea8046a42861739f0a26fb9e8da739ce032e6598dc2981bc38?s=96&r=g\",\"contentUrl\":\"https:\/\/secure.gravatar.com\/avatar\/c9d0afa8b0785bea8046a42861739f0a26fb9e8da739ce032e6598dc2981bc38?s=96&r=g\",\"caption\":\"Redaccion FM Trance\"},\"description\":\"Fundador y Director general de FM Trance. Nacido el 24 de Septiembre de 1987, en Caballito, Ciudad Autonoma de Buenos Aires. Alguien de Radio desde siempre: ya a los 9 a\u00f1os de edad como radioescucha, sintonizando estaci\u00f3nes de AM, FM, onda corta, TV UHF\/VHF, y dem\u00e1s servicios. Se desempe\u00f1\u00f3 como Operador T\u00e9cnico en diferentes emisoras locales de CABA y GBA, y hasta el dia de hoy sigue ejerciendo desde la parte t\u00e9cnica, realizando trabajos en varias Radios. Egresado del ISER de la carrera de Operador Tecnico de Planta Transmisora, cursando actualmente la carrera de Operador Tecnico de Estudios de Radio en dicha instituci\u00f3n, y flamante radioaficionado (habiendo completado el curso en el Radioclub Buenos Aires), distintiva LU2DBK.\",\"url\":\"https:\/\/www.fmtrance.com\/online\/author\/fmtrance\/\"}]}<\/script>\n<!-- \/ Yoast SEO plugin. -->","yoast_head_json":{"title":"Otro hecho de inseguridad en la Ciudad: mataron a un hombre para robarle el celular | FM Trance 103.3","robots":{"index":"index","follow":"follow","max-snippet":"max-snippet:-1","max-image-preview":"max-image-preview:large","max-video-preview":"max-video-preview:-1"},"canonical":"https:\/\/www.fmtrance.com\/online\/otro-hecho-de-inseguridad-en-la-ciudad-mataron-a-un-hombre-para-robarle-el-celular\/","og_locale":"es_ES","og_type":"article","og_title":"Otro hecho de inseguridad en la Ciudad: mataron a un hombre para robarle el celular | FM Trance 103.3","og_description":"Juan Francisco Fern\u00e1ndez A, un joven venezolano, fue asesinado en Palermo, a cuadras de Plaza Serrano. El hecho ocurri\u00f3 a","og_url":"https:\/\/www.fmtrance.com\/online\/otro-hecho-de-inseguridad-en-la-ciudad-mataron-a-un-hombre-para-robarle-el-celular\/","og_site_name":"FM Trance 103.3","article_publisher":"https:\/\/www.facebook.com\/fmtrance","article_published_time":"2023-03-06T16:20:31+00:00","article_modified_time":"2023-03-10T16:35:57+00:00","og_image":[{"width":800,"height":451,"url":"https:\/\/www.fmtrance.com\/online\/wp-content\/uploads\/2023\/03\/640617c697f05_800x451.jpg","type":"image\/jpeg"}],"author":"Redaccion FM Trance","twitter_card":"summary_large_image","twitter_creator":"@fmtrance","twitter_site":"@fmtrance","twitter_misc":{"Escrito por":"Redaccion FM Trance","Tiempo de lectura":"2 minutos"},"schema":{"@context":"https:\/\/schema.org","@graph":[{"@type":"Article","@id":"https:\/\/www.fmtrance.com\/online\/otro-hecho-de-inseguridad-en-la-ciudad-mataron-a-un-hombre-para-robarle-el-celular\/#article","isPartOf":{"@id":"https:\/\/www.fmtrance.com\/online\/otro-hecho-de-inseguridad-en-la-ciudad-mataron-a-un-hombre-para-robarle-el-celular\/"},"author":{"name":"Redaccion FM Trance","@id":"https:\/\/www.fmtrance.com\/online\/#\/schema\/person\/686af7f826dd2f08b36b4760b7dcdddd"},"headline":"Otro hecho de inseguridad en la Ciudad: mataron a un hombre para robarle el celular","datePublished":"2023-03-06T16:20:31+00:00","dateModified":"2023-03-10T16:35:57+00:00","mainEntityOfPage":{"@id":"https:\/\/www.fmtrance.com\/online\/otro-hecho-de-inseguridad-en-la-ciudad-mataron-a-un-hombre-para-robarle-el-celular\/"},"wordCount":445,"commentCount":0,"publisher":{"@id":"https:\/\/www.fmtrance.com\/online\/#organization"},"image":{"@id":"https:\/\/www.fmtrance.com\/online\/otro-hecho-de-inseguridad-en-la-ciudad-mataron-a-un-hombre-para-robarle-el-celular\/#primaryimage"},"thumbnailUrl":"https:\/\/www.fmtrance.com\/online\/wp-content\/uploads\/2023\/03\/640617c697f05_800x451.jpg","keywords":["Uncategorized"],"articleSection":["Noticias"],"inLanguage":"es-AR","potentialAction":[{"@type":"CommentAction","name":"Comment","target":["https:\/\/www.fmtrance.com\/online\/otro-hecho-de-inseguridad-en-la-ciudad-mataron-a-un-hombre-para-robarle-el-celular\/#respond"]}]},{"@type":"WebPage","@id":"https:\/\/www.fmtrance.com\/online\/otro-hecho-de-inseguridad-en-la-ciudad-mataron-a-un-hombre-para-robarle-el-celular\/","url":"https:\/\/www.fmtrance.com\/online\/otro-hecho-de-inseguridad-en-la-ciudad-mataron-a-un-hombre-para-robarle-el-celular\/","name":"Otro hecho de inseguridad en la Ciudad: mataron a un hombre para robarle el celular | FM Trance 103.3","isPartOf":{"@id":"https:\/\/www.fmtrance.com\/online\/#website"},"primaryImageOfPage":{"@id":"https:\/\/www.fmtrance.com\/online\/otro-hecho-de-inseguridad-en-la-ciudad-mataron-a-un-hombre-para-robarle-el-celular\/#primaryimage"},"image":{"@id":"https:\/\/www.fmtrance.com\/online\/otro-hecho-de-inseguridad-en-la-ciudad-mataron-a-un-hombre-para-robarle-el-celular\/#primaryimage"},"thumbnailUrl":"https:\/\/www.fmtrance.com\/online\/wp-content\/uploads\/2023\/03\/640617c697f05_800x451.jpg","datePublished":"2023-03-06T16:20:31+00:00","dateModified":"2023-03-10T16:35:57+00:00","breadcrumb":{"@id":"https:\/\/www.fmtrance.com\/online\/otro-hecho-de-inseguridad-en-la-ciudad-mataron-a-un-hombre-para-robarle-el-celular\/#breadcrumb"},"inLanguage":"es-AR","potentialAction":[{"@type":"ReadAction","target":["https:\/\/www.fmtrance.com\/online\/otro-hecho-de-inseguridad-en-la-ciudad-mataron-a-un-hombre-para-robarle-el-celular\/"]}]},{"@type":"ImageObject","inLanguage":"es-AR","@id":"https:\/\/www.fmtrance.com\/online\/otro-hecho-de-inseguridad-en-la-ciudad-mataron-a-un-hombre-para-robarle-el-celular\/#primaryimage","url":"https:\/\/www.fmtrance.com\/online\/wp-content\/uploads\/2023\/03\/640617c697f05_800x451.jpg","contentUrl":"https:\/\/www.fmtrance.com\/online\/wp-content\/uploads\/2023\/03\/640617c697f05_800x451.jpg","width":800,"height":451},{"@type":"BreadcrumbList","@id":"https:\/\/www.fmtrance.com\/online\/otro-hecho-de-inseguridad-en-la-ciudad-mataron-a-un-hombre-para-robarle-el-celular\/#breadcrumb","itemListElement":[{"@type":"ListItem","position":1,"name":"Inicio","item":"https:\/\/www.fmtrance.com\/online\/"},{"@type":"ListItem","position":2,"name":"Otro hecho de inseguridad en la Ciudad: mataron a un hombre para robarle el celular"}]},{"@type":"WebSite","@id":"https:\/\/www.fmtrance.com\/online\/#website","url":"https:\/\/www.fmtrance.com\/online\/","name":"FM Trance 103.3","description":"CABA. Radio de musica electronica","publisher":{"@id":"https:\/\/www.fmtrance.com\/online\/#organization"},"potentialAction":[{"@type":"SearchAction","target":{"@type":"EntryPoint","urlTemplate":"https:\/\/www.fmtrance.com\/online\/?s={search_term_string}"},"query-input":{"@type":"PropertyValueSpecification","valueRequired":true,"valueName":"search_term_string"}}],"inLanguage":"es-AR"},{"@type":"Organization","@id":"https:\/\/www.fmtrance.com\/online\/#organization","name":"FM TRANCE","url":"https:\/\/www.fmtrance.com\/online\/","logo":{"@type":"ImageObject","inLanguage":"es-AR","@id":"https:\/\/www.fmtrance.com\/online\/#\/schema\/logo\/image\/","url":"https:\/\/www.fmtrance.com\/online\/wp-content\/uploads\/2025\/03\/LOGO-WEB.png","contentUrl":"https:\/\/www.fmtrance.com\/online\/wp-content\/uploads\/2025\/03\/LOGO-WEB.png","width":500,"height":500,"caption":"FM TRANCE"},"image":{"@id":"https:\/\/www.fmtrance.com\/online\/#\/schema\/logo\/image\/"},"sameAs":["https:\/\/www.facebook.com\/fmtrance","https:\/\/x.com\/fmtrance","https:\/\/www.instagram.com\/fmtrance"]},{"@type":"Person","@id":"https:\/\/www.fmtrance.com\/online\/#\/schema\/person\/686af7f826dd2f08b36b4760b7dcdddd","name":"Redaccion FM Trance","image":{"@type":"ImageObject","inLanguage":"es-AR","@id":"https:\/\/www.fmtrance.com\/online\/#\/schema\/person\/image\/","url":"https:\/\/secure.gravatar.com\/avatar\/c9d0afa8b0785bea8046a42861739f0a26fb9e8da739ce032e6598dc2981bc38?s=96&r=g","contentUrl":"https:\/\/secure.gravatar.com\/avatar\/c9d0afa8b0785bea8046a42861739f0a26fb9e8da739ce032e6598dc2981bc38?s=96&r=g","caption":"Redaccion FM Trance"},"description":"Fundador y Director general de FM Trance. Nacido el 24 de Septiembre de 1987, en Caballito, Ciudad Autonoma de Buenos Aires. Alguien de Radio desde siempre: ya a los 9 a\u00f1os de edad como radioescucha, sintonizando estaci\u00f3nes de AM, FM, onda corta, TV UHF\/VHF, y dem\u00e1s servicios. Se desempe\u00f1\u00f3 como Operador T\u00e9cnico en diferentes emisoras locales de CABA y GBA, y hasta el dia de hoy sigue ejerciendo desde la parte t\u00e9cnica, realizando trabajos en varias Radios. Egresado del ISER de la carrera de Operador Tecnico de Planta Transmisora, cursando actualmente la carrera de Operador Tecnico de Estudios de Radio en dicha instituci\u00f3n, y flamante radioaficionado (habiendo completado el curso en el Radioclub Buenos Aires), distintiva LU2DBK.","url":"https:\/\/www.fmtrance.com\/online\/author\/fmtrance\/"}]}},"_links":{"self":[{"href":"https:\/\/www.fmtrance.com\/online\/wp-json\/wp\/v2\/posts\/3933","targetHints":{"allow":["GET"]}}],"collection":[{"href":"https:\/\/www.fmtrance.com\/online\/wp-json\/wp\/v2\/posts"}],"about":[{"href":"https:\/\/www.fmtrance.com\/online\/wp-json\/wp\/v2\/types\/post"}],"author":[{"embeddable":true,"href":"https:\/\/www.fmtrance.com\/online\/wp-json\/wp\/v2\/users\/1"}],"replies":[{"embeddable":true,"href":"https:\/\/www.fmtrance.com\/online\/wp-json\/wp\/v2\/comments?post=3933"}],"version-history":[{"count":1,"href":"https:\/\/www.fmtrance.com\/online\/wp-json\/wp\/v2\/posts\/3933\/revisions"}],"predecessor-version":[{"id":3935,"href":"https:\/\/www.fmtrance.com\/online\/wp-json\/wp\/v2\/posts\/3933\/revisions\/3935"}],"wp:featuredmedia":[{"embeddable":true,"href":"https:\/\/www.fmtrance.com\/online\/wp-json\/wp\/v2\/media\/3934"}],"wp:attachment":[{"href":"https:\/\/www.fmtrance.com\/online\/wp-json\/wp\/v2\/media?parent=3933"}],"wp:term":[{"taxonomy":"category","embeddable":true,"href":"https:\/\/www.fmtrance.com\/online\/wp-json\/wp\/v2\/categories?post=3933"},{"taxonomy":"post_tag","embeddable":true,"href":"https:\/\/www.fmtrance.com\/online\/wp-json\/wp\/v2\/tags?post=3933"}],"curies":[{"name":"wp","href":"https:\/\/api.w.org\/{rel}","templated":true}]}}