{"id":3930,"date":"2023-03-06T12:37:05","date_gmt":"2023-03-06T15:37:05","guid":{"rendered":"http:\/\/www.fmtrance.com\/online\/?p=3930"},"modified":"2023-03-10T12:38:37","modified_gmt":"2023-03-10T15:38:37","slug":"recapturaron-uno-de-los-cuatro-presos-tras-la-fuga-de-una-comisaria-de-flores","status":"publish","type":"post","link":"https:\/\/www.fmtrance.com\/online\/recapturaron-uno-de-los-cuatro-presos-tras-la-fuga-de-una-comisaria-de-flores\/","title":{"rendered":"Recapturaron uno de los cuatro presos tras la fuga de una comisar\u00eda de Flores"},"content":{"rendered":"<div class=\"row\">\n<div class=\"col-lg-12\">\n<div class=\"detail\">\n<p><strong>Se trata de David Ezequiel Ferrari, de 31 a\u00f1os, quien fue capturado por uniformados de la Comisar\u00eda Vecinal 10C de la Polic\u00eda de la Ciudad, luego de que el s\u00e1bado se fugara de una de las dependencias del barrio de Flores.<\/strong><\/p>\n<\/div>\n<\/div>\n<\/div>\n<div class=\"row\">\n<div class=\"col-lg-8\">\n<section>\n<div class=\"row\">\n<article class=\"col-lg-12 col-md-12\">\n<div class=\"head-media clearfix\">\n<p>La\u00a0<strong>Polic\u00eda de la Ciudad de Buenos Aires\u00a0<\/strong>logr\u00f3 recapturar a un hombre de 31 a\u00f1os que el s\u00e1bado se hab\u00eda fugado junto a otros tres presos de una de las dependencias del barrio porte\u00f1o de Flores.<\/p>\n<p>Se trata de\u00a0<strong>David Ezequiel Ferrari<\/strong>, quien fuera detenido nuevamente por los efectivos de las fuerzas locales de la Comisar\u00eda Vecinal 10C. El proceso tuvo lugar el domingo por la tarde en la calle\u00a0<strong>Pergamino al 100<\/strong>, en el barrio de\u00a0<strong>Floresta<\/strong>, cuando los agentes lograron identificar al pr\u00f3fugo durante un patrullaje por la zona.<\/p>\n<p>Seg\u00fan las fuentes, al momento de su detenci\u00f3n, el hombre de 31 a\u00f1os se encontraba con el cabello te\u00f1ido de rubio &#8220;en una clara intenci\u00f3n de cambiar su apariencia para no ser reconocido por las autoridades&#8221;.<\/p>\n<p>Por otra parte,<strong>\u00a0los restantes tres pr\u00f3fugos contin\u00faan siendo buscados por la Polic\u00eda<\/strong>. Cabe recordar que la fuga se registr\u00f3 durante la madrugada del s\u00e1bado en la sede de la Comisar\u00eda Vecinal 7C de la Polic\u00eda de la Ciudad, emplazada en la avenida Gaona al 2700.<\/p>\n<\/div>\n<\/article>\n<\/div>\n<\/section>\n<\/div>\n<\/div>\n","protected":false},"excerpt":{"rendered":"<p>Se trata de David Ezequiel Ferrari, de 31 a\u00f1os, quien fue capturado por uniformados de la Comisar\u00eda Vecinal 10C de<\/p>\n","protected":false},"author":1,"featured_media":3931,"comment_status":"open","ping_status":"closed","sticky":false,"template":"","format":"standard","meta":{"footnotes":""},"categories":[1],"tags":[1726],"class_list":["post-3930","post","type-post","status-publish","format-standard","has-post-thumbnail","hentry","category-uncategorized","tag-uncategorized"],"yoast_head":"<!-- This site is optimized with the Yoast SEO plugin v24.6 - https:\/\/yoast.com\/wordpress\/plugins\/seo\/ -->\n<title>Recapturaron uno de los cuatro presos tras la fuga de una comisar\u00eda de Flores | FM Trance 103.3<\/title>\n<meta name=\"robots\" content=\"index, follow, max-snippet:-1, max-image-preview:large, max-video-preview:-1\" \/>\n<link rel=\"canonical\" href=\"https:\/\/www.fmtrance.com\/online\/recapturaron-uno-de-los-cuatro-presos-tras-la-fuga-de-una-comisaria-de-flores\/\" \/>\n<meta property=\"og:locale\" content=\"es_ES\" \/>\n<meta property=\"og:type\" content=\"article\" \/>\n<meta property=\"og:title\" content=\"Recapturaron uno de los cuatro presos tras la fuga de una comisar\u00eda de Flores | FM Trance 103.3\" \/>\n<meta property=\"og:description\" content=\"Se trata de David Ezequiel Ferrari, de 31 a\u00f1os, quien fue capturado por uniformados de la Comisar\u00eda Vecinal 10C de\" \/>\n<meta property=\"og:url\" content=\"https:\/\/www.fmtrance.com\/online\/recapturaron-uno-de-los-cuatro-presos-tras-la-fuga-de-una-comisaria-de-flores\/\" \/>\n<meta property=\"og:site_name\" content=\"FM Trance 103.3\" \/>\n<meta property=\"article:publisher\" content=\"https:\/\/www.facebook.com\/fmtrance\" \/>\n<meta property=\"article:published_time\" content=\"2023-03-06T15:37:05+00:00\" \/>\n<meta property=\"article:modified_time\" content=\"2023-03-10T15:38:37+00:00\" \/>\n<meta property=\"og:image\" content=\"https:\/\/www.fmtrance.com\/online\/wp-content\/uploads\/2023\/03\/6405e6161636b_800x602.jpg\" \/>\n\t<meta property=\"og:image:width\" content=\"800\" \/>\n\t<meta property=\"og:image:height\" content=\"602\" \/>\n\t<meta property=\"og:image:type\" content=\"image\/jpeg\" \/>\n<meta name=\"author\" content=\"Redaccion FM Trance\" \/>\n<meta name=\"twitter:card\" content=\"summary_large_image\" \/>\n<meta name=\"twitter:creator\" content=\"@fmtrance\" \/>\n<meta name=\"twitter:site\" content=\"@fmtrance\" \/>\n<meta name=\"twitter:label1\" content=\"Escrito por\" \/>\n\t<meta name=\"twitter:data1\" content=\"Redaccion FM Trance\" \/>\n\t<meta name=\"twitter:label2\" content=\"Tiempo de lectura\" \/>\n\t<meta name=\"twitter:data2\" content=\"1 minuto\" \/>\n<script type=\"application\/ld+json\" class=\"yoast-schema-graph\">{\"@context\":\"https:\/\/schema.org\",\"@graph\":[{\"@type\":\"Article\",\"@id\":\"https:\/\/www.fmtrance.com\/online\/recapturaron-uno-de-los-cuatro-presos-tras-la-fuga-de-una-comisaria-de-flores\/#article\",\"isPartOf\":{\"@id\":\"https:\/\/www.fmtrance.com\/online\/recapturaron-uno-de-los-cuatro-presos-tras-la-fuga-de-una-comisaria-de-flores\/\"},\"author\":{\"name\":\"Redaccion FM Trance\",\"@id\":\"https:\/\/www.fmtrance.com\/online\/#\/schema\/person\/686af7f826dd2f08b36b4760b7dcdddd\"},\"headline\":\"Recapturaron uno de los cuatro presos tras la fuga de una comisar\u00eda de Flores\",\"datePublished\":\"2023-03-06T15:37:05+00:00\",\"dateModified\":\"2023-03-10T15:38:37+00:00\",\"mainEntityOfPage\":{\"@id\":\"https:\/\/www.fmtrance.com\/online\/recapturaron-uno-de-los-cuatro-presos-tras-la-fuga-de-una-comisaria-de-flores\/\"},\"wordCount\":247,\"commentCount\":0,\"publisher\":{\"@id\":\"https:\/\/www.fmtrance.com\/online\/#organization\"},\"image\":{\"@id\":\"https:\/\/www.fmtrance.com\/online\/recapturaron-uno-de-los-cuatro-presos-tras-la-fuga-de-una-comisaria-de-flores\/#primaryimage\"},\"thumbnailUrl\":\"https:\/\/www.fmtrance.com\/online\/wp-content\/uploads\/2023\/03\/6405e6161636b_800x602.jpg\",\"keywords\":[\"Uncategorized\"],\"articleSection\":[\"Noticias\"],\"inLanguage\":\"es-AR\",\"potentialAction\":[{\"@type\":\"CommentAction\",\"name\":\"Comment\",\"target\":[\"https:\/\/www.fmtrance.com\/online\/recapturaron-uno-de-los-cuatro-presos-tras-la-fuga-de-una-comisaria-de-flores\/#respond\"]}]},{\"@type\":\"WebPage\",\"@id\":\"https:\/\/www.fmtrance.com\/online\/recapturaron-uno-de-los-cuatro-presos-tras-la-fuga-de-una-comisaria-de-flores\/\",\"url\":\"https:\/\/www.fmtrance.com\/online\/recapturaron-uno-de-los-cuatro-presos-tras-la-fuga-de-una-comisaria-de-flores\/\",\"name\":\"Recapturaron uno de los cuatro presos tras la fuga de una comisar\u00eda de Flores | FM Trance 103.3\",\"isPartOf\":{\"@id\":\"https:\/\/www.fmtrance.com\/online\/#website\"},\"primaryImageOfPage\":{\"@id\":\"https:\/\/www.fmtrance.com\/online\/recapturaron-uno-de-los-cuatro-presos-tras-la-fuga-de-una-comisaria-de-flores\/#primaryimage\"},\"image\":{\"@id\":\"https:\/\/www.fmtrance.com\/online\/recapturaron-uno-de-los-cuatro-presos-tras-la-fuga-de-una-comisaria-de-flores\/#primaryimage\"},\"thumbnailUrl\":\"https:\/\/www.fmtrance.com\/online\/wp-content\/uploads\/2023\/03\/6405e6161636b_800x602.jpg\",\"datePublished\":\"2023-03-06T15:37:05+00:00\",\"dateModified\":\"2023-03-10T15:38:37+00:00\",\"breadcrumb\":{\"@id\":\"https:\/\/www.fmtrance.com\/online\/recapturaron-uno-de-los-cuatro-presos-tras-la-fuga-de-una-comisaria-de-flores\/#breadcrumb\"},\"inLanguage\":\"es-AR\",\"potentialAction\":[{\"@type\":\"ReadAction\",\"target\":[\"https:\/\/www.fmtrance.com\/online\/recapturaron-uno-de-los-cuatro-presos-tras-la-fuga-de-una-comisaria-de-flores\/\"]}]},{\"@type\":\"ImageObject\",\"inLanguage\":\"es-AR\",\"@id\":\"https:\/\/www.fmtrance.com\/online\/recapturaron-uno-de-los-cuatro-presos-tras-la-fuga-de-una-comisaria-de-flores\/#primaryimage\",\"url\":\"https:\/\/www.fmtrance.com\/online\/wp-content\/uploads\/2023\/03\/6405e6161636b_800x602.jpg\",\"contentUrl\":\"https:\/\/www.fmtrance.com\/online\/wp-content\/uploads\/2023\/03\/6405e6161636b_800x602.jpg\",\"width\":800,\"height\":602},{\"@type\":\"BreadcrumbList\",\"@id\":\"https:\/\/www.fmtrance.com\/online\/recapturaron-uno-de-los-cuatro-presos-tras-la-fuga-de-una-comisaria-de-flores\/#breadcrumb\",\"itemListElement\":[{\"@type\":\"ListItem\",\"position\":1,\"name\":\"Inicio\",\"item\":\"https:\/\/www.fmtrance.com\/online\/\"},{\"@type\":\"ListItem\",\"position\":2,\"name\":\"Recapturaron uno de los cuatro presos tras la fuga de una comisar\u00eda de Flores\"}]},{\"@type\":\"WebSite\",\"@id\":\"https:\/\/www.fmtrance.com\/online\/#website\",\"url\":\"https:\/\/www.fmtrance.com\/online\/\",\"name\":\"FM Trance 103.3\",\"description\":\"CABA. Radio de musica electronica\",\"publisher\":{\"@id\":\"https:\/\/www.fmtrance.com\/online\/#organization\"},\"potentialAction\":[{\"@type\":\"SearchAction\",\"target\":{\"@type\":\"EntryPoint\",\"urlTemplate\":\"https:\/\/www.fmtrance.com\/online\/?s={search_term_string}\"},\"query-input\":{\"@type\":\"PropertyValueSpecification\",\"valueRequired\":true,\"valueName\":\"search_term_string\"}}],\"inLanguage\":\"es-AR\"},{\"@type\":\"Organization\",\"@id\":\"https:\/\/www.fmtrance.com\/online\/#organization\",\"name\":\"FM TRANCE\",\"url\":\"https:\/\/www.fmtrance.com\/online\/\",\"logo\":{\"@type\":\"ImageObject\",\"inLanguage\":\"es-AR\",\"@id\":\"https:\/\/www.fmtrance.com\/online\/#\/schema\/logo\/image\/\",\"url\":\"https:\/\/www.fmtrance.com\/online\/wp-content\/uploads\/2025\/03\/LOGO-WEB.png\",\"contentUrl\":\"https:\/\/www.fmtrance.com\/online\/wp-content\/uploads\/2025\/03\/LOGO-WEB.png\",\"width\":500,\"height\":500,\"caption\":\"FM TRANCE\"},\"image\":{\"@id\":\"https:\/\/www.fmtrance.com\/online\/#\/schema\/logo\/image\/\"},\"sameAs\":[\"https:\/\/www.facebook.com\/fmtrance\",\"https:\/\/x.com\/fmtrance\",\"https:\/\/www.instagram.com\/fmtrance\"]},{\"@type\":\"Person\",\"@id\":\"https:\/\/www.fmtrance.com\/online\/#\/schema\/person\/686af7f826dd2f08b36b4760b7dcdddd\",\"name\":\"Redaccion FM Trance\",\"image\":{\"@type\":\"ImageObject\",\"inLanguage\":\"es-AR\",\"@id\":\"https:\/\/www.fmtrance.com\/online\/#\/schema\/person\/image\/\",\"url\":\"https:\/\/secure.gravatar.com\/avatar\/c9d0afa8b0785bea8046a42861739f0a26fb9e8da739ce032e6598dc2981bc38?s=96&r=g\",\"contentUrl\":\"https:\/\/secure.gravatar.com\/avatar\/c9d0afa8b0785bea8046a42861739f0a26fb9e8da739ce032e6598dc2981bc38?s=96&r=g\",\"caption\":\"Redaccion FM Trance\"},\"description\":\"Fundador y Director general de FM Trance. Nacido el 24 de Septiembre de 1987, en Caballito, Ciudad Autonoma de Buenos Aires. Alguien de Radio desde siempre: ya a los 9 a\u00f1os de edad como radioescucha, sintonizando estaci\u00f3nes de AM, FM, onda corta, TV UHF\/VHF, y dem\u00e1s servicios. Se desempe\u00f1\u00f3 como Operador T\u00e9cnico en diferentes emisoras locales de CABA y GBA, y hasta el dia de hoy sigue ejerciendo desde la parte t\u00e9cnica, realizando trabajos en varias Radios. Egresado del ISER de la carrera de Operador Tecnico de Planta Transmisora, cursando actualmente la carrera de Operador Tecnico de Estudios de Radio en dicha instituci\u00f3n, y flamante radioaficionado (habiendo completado el curso en el Radioclub Buenos Aires), distintiva LU2DBK.\",\"url\":\"https:\/\/www.fmtrance.com\/online\/author\/fmtrance\/\"}]}<\/script>\n<!-- \/ Yoast SEO plugin. -->","yoast_head_json":{"title":"Recapturaron uno de los cuatro presos tras la fuga de una comisar\u00eda de Flores | FM Trance 103.3","robots":{"index":"index","follow":"follow","max-snippet":"max-snippet:-1","max-image-preview":"max-image-preview:large","max-video-preview":"max-video-preview:-1"},"canonical":"https:\/\/www.fmtrance.com\/online\/recapturaron-uno-de-los-cuatro-presos-tras-la-fuga-de-una-comisaria-de-flores\/","og_locale":"es_ES","og_type":"article","og_title":"Recapturaron uno de los cuatro presos tras la fuga de una comisar\u00eda de Flores | FM Trance 103.3","og_description":"Se trata de David Ezequiel Ferrari, de 31 a\u00f1os, quien fue capturado por uniformados de la Comisar\u00eda Vecinal 10C de","og_url":"https:\/\/www.fmtrance.com\/online\/recapturaron-uno-de-los-cuatro-presos-tras-la-fuga-de-una-comisaria-de-flores\/","og_site_name":"FM Trance 103.3","article_publisher":"https:\/\/www.facebook.com\/fmtrance","article_published_time":"2023-03-06T15:37:05+00:00","article_modified_time":"2023-03-10T15:38:37+00:00","og_image":[{"width":800,"height":602,"url":"https:\/\/www.fmtrance.com\/online\/wp-content\/uploads\/2023\/03\/6405e6161636b_800x602.jpg","type":"image\/jpeg"}],"author":"Redaccion FM Trance","twitter_card":"summary_large_image","twitter_creator":"@fmtrance","twitter_site":"@fmtrance","twitter_misc":{"Escrito por":"Redaccion FM Trance","Tiempo de lectura":"1 minuto"},"schema":{"@context":"https:\/\/schema.org","@graph":[{"@type":"Article","@id":"https:\/\/www.fmtrance.com\/online\/recapturaron-uno-de-los-cuatro-presos-tras-la-fuga-de-una-comisaria-de-flores\/#article","isPartOf":{"@id":"https:\/\/www.fmtrance.com\/online\/recapturaron-uno-de-los-cuatro-presos-tras-la-fuga-de-una-comisaria-de-flores\/"},"author":{"name":"Redaccion FM Trance","@id":"https:\/\/www.fmtrance.com\/online\/#\/schema\/person\/686af7f826dd2f08b36b4760b7dcdddd"},"headline":"Recapturaron uno de los cuatro presos tras la fuga de una comisar\u00eda de Flores","datePublished":"2023-03-06T15:37:05+00:00","dateModified":"2023-03-10T15:38:37+00:00","mainEntityOfPage":{"@id":"https:\/\/www.fmtrance.com\/online\/recapturaron-uno-de-los-cuatro-presos-tras-la-fuga-de-una-comisaria-de-flores\/"},"wordCount":247,"commentCount":0,"publisher":{"@id":"https:\/\/www.fmtrance.com\/online\/#organization"},"image":{"@id":"https:\/\/www.fmtrance.com\/online\/recapturaron-uno-de-los-cuatro-presos-tras-la-fuga-de-una-comisaria-de-flores\/#primaryimage"},"thumbnailUrl":"https:\/\/www.fmtrance.com\/online\/wp-content\/uploads\/2023\/03\/6405e6161636b_800x602.jpg","keywords":["Uncategorized"],"articleSection":["Noticias"],"inLanguage":"es-AR","potentialAction":[{"@type":"CommentAction","name":"Comment","target":["https:\/\/www.fmtrance.com\/online\/recapturaron-uno-de-los-cuatro-presos-tras-la-fuga-de-una-comisaria-de-flores\/#respond"]}]},{"@type":"WebPage","@id":"https:\/\/www.fmtrance.com\/online\/recapturaron-uno-de-los-cuatro-presos-tras-la-fuga-de-una-comisaria-de-flores\/","url":"https:\/\/www.fmtrance.com\/online\/recapturaron-uno-de-los-cuatro-presos-tras-la-fuga-de-una-comisaria-de-flores\/","name":"Recapturaron uno de los cuatro presos tras la fuga de una comisar\u00eda de Flores | FM Trance 103.3","isPartOf":{"@id":"https:\/\/www.fmtrance.com\/online\/#website"},"primaryImageOfPage":{"@id":"https:\/\/www.fmtrance.com\/online\/recapturaron-uno-de-los-cuatro-presos-tras-la-fuga-de-una-comisaria-de-flores\/#primaryimage"},"image":{"@id":"https:\/\/www.fmtrance.com\/online\/recapturaron-uno-de-los-cuatro-presos-tras-la-fuga-de-una-comisaria-de-flores\/#primaryimage"},"thumbnailUrl":"https:\/\/www.fmtrance.com\/online\/wp-content\/uploads\/2023\/03\/6405e6161636b_800x602.jpg","datePublished":"2023-03-06T15:37:05+00:00","dateModified":"2023-03-10T15:38:37+00:00","breadcrumb":{"@id":"https:\/\/www.fmtrance.com\/online\/recapturaron-uno-de-los-cuatro-presos-tras-la-fuga-de-una-comisaria-de-flores\/#breadcrumb"},"inLanguage":"es-AR","potentialAction":[{"@type":"ReadAction","target":["https:\/\/www.fmtrance.com\/online\/recapturaron-uno-de-los-cuatro-presos-tras-la-fuga-de-una-comisaria-de-flores\/"]}]},{"@type":"ImageObject","inLanguage":"es-AR","@id":"https:\/\/www.fmtrance.com\/online\/recapturaron-uno-de-los-cuatro-presos-tras-la-fuga-de-una-comisaria-de-flores\/#primaryimage","url":"https:\/\/www.fmtrance.com\/online\/wp-content\/uploads\/2023\/03\/6405e6161636b_800x602.jpg","contentUrl":"https:\/\/www.fmtrance.com\/online\/wp-content\/uploads\/2023\/03\/6405e6161636b_800x602.jpg","width":800,"height":602},{"@type":"BreadcrumbList","@id":"https:\/\/www.fmtrance.com\/online\/recapturaron-uno-de-los-cuatro-presos-tras-la-fuga-de-una-comisaria-de-flores\/#breadcrumb","itemListElement":[{"@type":"ListItem","position":1,"name":"Inicio","item":"https:\/\/www.fmtrance.com\/online\/"},{"@type":"ListItem","position":2,"name":"Recapturaron uno de los cuatro presos tras la fuga de una comisar\u00eda de Flores"}]},{"@type":"WebSite","@id":"https:\/\/www.fmtrance.com\/online\/#website","url":"https:\/\/www.fmtrance.com\/online\/","name":"FM Trance 103.3","description":"CABA. Radio de musica electronica","publisher":{"@id":"https:\/\/www.fmtrance.com\/online\/#organization"},"potentialAction":[{"@type":"SearchAction","target":{"@type":"EntryPoint","urlTemplate":"https:\/\/www.fmtrance.com\/online\/?s={search_term_string}"},"query-input":{"@type":"PropertyValueSpecification","valueRequired":true,"valueName":"search_term_string"}}],"inLanguage":"es-AR"},{"@type":"Organization","@id":"https:\/\/www.fmtrance.com\/online\/#organization","name":"FM TRANCE","url":"https:\/\/www.fmtrance.com\/online\/","logo":{"@type":"ImageObject","inLanguage":"es-AR","@id":"https:\/\/www.fmtrance.com\/online\/#\/schema\/logo\/image\/","url":"https:\/\/www.fmtrance.com\/online\/wp-content\/uploads\/2025\/03\/LOGO-WEB.png","contentUrl":"https:\/\/www.fmtrance.com\/online\/wp-content\/uploads\/2025\/03\/LOGO-WEB.png","width":500,"height":500,"caption":"FM TRANCE"},"image":{"@id":"https:\/\/www.fmtrance.com\/online\/#\/schema\/logo\/image\/"},"sameAs":["https:\/\/www.facebook.com\/fmtrance","https:\/\/x.com\/fmtrance","https:\/\/www.instagram.com\/fmtrance"]},{"@type":"Person","@id":"https:\/\/www.fmtrance.com\/online\/#\/schema\/person\/686af7f826dd2f08b36b4760b7dcdddd","name":"Redaccion FM Trance","image":{"@type":"ImageObject","inLanguage":"es-AR","@id":"https:\/\/www.fmtrance.com\/online\/#\/schema\/person\/image\/","url":"https:\/\/secure.gravatar.com\/avatar\/c9d0afa8b0785bea8046a42861739f0a26fb9e8da739ce032e6598dc2981bc38?s=96&r=g","contentUrl":"https:\/\/secure.gravatar.com\/avatar\/c9d0afa8b0785bea8046a42861739f0a26fb9e8da739ce032e6598dc2981bc38?s=96&r=g","caption":"Redaccion FM Trance"},"description":"Fundador y Director general de FM Trance. Nacido el 24 de Septiembre de 1987, en Caballito, Ciudad Autonoma de Buenos Aires. Alguien de Radio desde siempre: ya a los 9 a\u00f1os de edad como radioescucha, sintonizando estaci\u00f3nes de AM, FM, onda corta, TV UHF\/VHF, y dem\u00e1s servicios. Se desempe\u00f1\u00f3 como Operador T\u00e9cnico en diferentes emisoras locales de CABA y GBA, y hasta el dia de hoy sigue ejerciendo desde la parte t\u00e9cnica, realizando trabajos en varias Radios. Egresado del ISER de la carrera de Operador Tecnico de Planta Transmisora, cursando actualmente la carrera de Operador Tecnico de Estudios de Radio en dicha instituci\u00f3n, y flamante radioaficionado (habiendo completado el curso en el Radioclub Buenos Aires), distintiva LU2DBK.","url":"https:\/\/www.fmtrance.com\/online\/author\/fmtrance\/"}]}},"_links":{"self":[{"href":"https:\/\/www.fmtrance.com\/online\/wp-json\/wp\/v2\/posts\/3930","targetHints":{"allow":["GET"]}}],"collection":[{"href":"https:\/\/www.fmtrance.com\/online\/wp-json\/wp\/v2\/posts"}],"about":[{"href":"https:\/\/www.fmtrance.com\/online\/wp-json\/wp\/v2\/types\/post"}],"author":[{"embeddable":true,"href":"https:\/\/www.fmtrance.com\/online\/wp-json\/wp\/v2\/users\/1"}],"replies":[{"embeddable":true,"href":"https:\/\/www.fmtrance.com\/online\/wp-json\/wp\/v2\/comments?post=3930"}],"version-history":[{"count":1,"href":"https:\/\/www.fmtrance.com\/online\/wp-json\/wp\/v2\/posts\/3930\/revisions"}],"predecessor-version":[{"id":3932,"href":"https:\/\/www.fmtrance.com\/online\/wp-json\/wp\/v2\/posts\/3930\/revisions\/3932"}],"wp:featuredmedia":[{"embeddable":true,"href":"https:\/\/www.fmtrance.com\/online\/wp-json\/wp\/v2\/media\/3931"}],"wp:attachment":[{"href":"https:\/\/www.fmtrance.com\/online\/wp-json\/wp\/v2\/media?parent=3930"}],"wp:term":[{"taxonomy":"category","embeddable":true,"href":"https:\/\/www.fmtrance.com\/online\/wp-json\/wp\/v2\/categories?post=3930"},{"taxonomy":"post_tag","embeddable":true,"href":"https:\/\/www.fmtrance.com\/online\/wp-json\/wp\/v2\/tags?post=3930"}],"curies":[{"name":"wp","href":"https:\/\/api.w.org\/{rel}","templated":true}]}}