{"id":3927,"date":"2023-03-06T12:33:01","date_gmt":"2023-03-06T15:33:01","guid":{"rendered":"http:\/\/www.fmtrance.com\/online\/?p=3927"},"modified":"2023-03-10T12:36:36","modified_gmt":"2023-03-10T15:36:36","slug":"una-escuela-para-chicos-sordos-de-belgrano-esta-en-peligro-de-cierre","status":"publish","type":"post","link":"https:\/\/www.fmtrance.com\/online\/una-escuela-para-chicos-sordos-de-belgrano-esta-en-peligro-de-cierre\/","title":{"rendered":"Una escuela para chicos sordos de Belgrano est\u00e1 en peligro de cierre"},"content":{"rendered":"<p><strong><em>Tras el cierre del colegio privado Nuevo Horizonte, otra escuela estar\u00eda ante un inminente cierre. Las familias resisten la clausura del instituto IADAL para chicos sordos.<\/em><\/strong><\/p>\n<p>El\u00a0<strong>Instituto Argentino de la Audici\u00f3n y el Lenguaje (AIDAL)<\/strong>, ubicado en la intersecci\u00f3n de Luis Mar\u00eda Campos y Jos\u00e9 Hern\u00e1ndez, en el barrio de\u00a0<strong>Belgrano,<\/strong>\u00a0que fue fundado en la d\u00e9cada del 60 por un grupo de padres de ni\u00f1os sordos, se encuentra ante su inminente cierre.<\/p>\n<p>Este centro de formaci\u00f3n se gest\u00f3 de la necesidad de buscar el mejor futuro educativo y social para<strong>\u00a0ni\u00f1as y ni\u00f1os con discapacidad auditiva.<\/strong>\u00a0Durante 60 a\u00f1os, recibi\u00f3 a estudiantes, no solo de la\u00a0<strong>Ciudad de Buenos Aires,<\/strong>\u00a0sino de\u00a0<strong>San Mart\u00edn, Mart\u00ednez, Olivos<\/strong>\u00a0y zonas aleda\u00f1as al barrio de\u00a0<strong>Belgrano<\/strong>. Muchos coinciden que es una de las pocas\u00a0<strong>escuelas privadas<\/strong>\u00a0focalizada en educaci\u00f3n especial para<strong>\u00a0chicos sordos<\/strong>. La administraci\u00f3n de la escuela est\u00e1 en manos de\u00a0<strong>COESO<\/strong>, bajo la figura de una<strong>\u00a0cooperativa<\/strong>. Si bien recib\u00eda el 100% de subsidio por parte de la\u00a0<strong>Direcci\u00f3n de Educaci\u00f3n Privada porte\u00f1a<\/strong>, las familias le piden al\u00a0<strong>Gobierno de la Ciudad\u00a0<\/strong>que evite el cierre de esta escuela y que\u00a0<em>\u201cbusque soluciones creativas para poder sostener las fuentes de trabajo y el derecho a la educaci\u00f3n\u201d.<\/em><\/p>\n<p><em>\u201cNo estamos en condiciones de tener una\u00a0<strong>escuela especial\u00a0<\/strong>menos en la<strong>\u00a0Ciudad.<\/strong>\u00a0Esta es una escuela inclusiva, una escuela que no niega la entrada a ning\u00fan chico con discapacidad\u201d,\u00a0<\/em>se\u00f1ala a Tiempo\u00a0<strong>Fidel Aguilar, secretario gremial del Sindicato Argentino de Docentes Privados (SADOP)<\/strong>.\u00a0<em>\u201cA esta escuela tambi\u00e9n asisten estudiantes de la zona norte del\u00a0<strong>Gran Buenos Aires,<\/strong>\u00a0porque no hay muchos institutos como este. Lamentablemente la mala administraci\u00f3n de los \u00faltimos a\u00f1os pone en riesgo severo la continuidad de esta instituci\u00f3n\u201d,\u00a0<\/em>agrega\u00a0<strong>Aguilar.<\/strong><\/p>\n<p>La escuela cuenta con una<strong> veintena de estudiantes y 25 trabajadores,<\/strong>\u00a0y viene arrastrando una crisis desde hace algunos a\u00f1os. Todo indica que tiene una deuda millonaria en servicios esenciales como\u00a0<strong>luz, gas<\/strong>\u00a0y tambi\u00e9n en seguro obligatorio. En 2022, las autoridades no permitieron el ingreso de docentes y profesionales del instituto y las familias denuncian que hab\u00edan tomado personal en negro.<\/p>\n<p><em>\u201cDesde<strong>\u00a0SADOP,<\/strong> estamos acompa\u00f1ando a los compa\u00f1eros docentes para rechazar contundentemente el cierre del <strong>IADAL<\/strong>. Las vacantes son escasas y de hecho hoy, muchos pap\u00e1s y mam\u00e1s que tienen a sus hijos en esta escuela y que ven que existe la posibilidad del cierre, cuentan que buscando vacantes en otros lugares est\u00e1n todos en lista de espera, o sea, no hay vacantes disponibles para este tipo de problem\u00e1ticas\u201d,<\/em>\u00a0suma el secretario gremial del sindicato de docentes privados y a\u00f1ade:\u00a0<em>\u201cAdem\u00e1s de la vulneraci\u00f3n de los derechos de trabajadores, estamos tambi\u00e9n ante la vulneraci\u00f3n del <strong>derecho a la educaci\u00f3n<\/strong> de muchos ni\u00f1os y j\u00f3venes, que ten\u00edan en esta instituci\u00f3n una alternativa saludable y un buen proyecto pedag\u00f3gico\u201d.<\/em><\/p>\n<p>La<strong>\u00a0escuela<\/strong>\u00a0tiene una deuda salarial con los docentes que supera los tres meses. Es por eso que sus trabajadores y trabajadoras est\u00e1n bajo retenci\u00f3n de tareas. Hoy lunes a las 9 horas, la\u00a0<strong>comunidad educativa<\/strong>\u00a0se movilizar\u00e1 hacia las puertas de la escuela ubicada en avenida Luis Mar\u00eda Campos 1582, para rechazar el inminente cierre del instituto<em>\u00a0\u201cy pedirle tanto a la entidad propietaria y a la\u00a0<strong>Direcci\u00f3n de Educaci\u00f3n privada del ministerio de Educaci\u00f3n<\/strong>\u00a0a encontrar soluciones creativas que nos permitan salir adelante y poder sostener las fuentes de trabajo y el derecho a la educaci\u00f3n\u201d,<\/em>\u00a0termina\u00a0<strong>Aguilar.<\/strong><\/p>\n","protected":false},"excerpt":{"rendered":"<p>Tras el cierre del colegio privado Nuevo Horizonte, otra escuela estar\u00eda ante un inminente cierre. Las familias resisten la clausura<\/p>\n","protected":false},"author":1,"featured_media":3928,"comment_status":"open","ping_status":"closed","sticky":false,"template":"","format":"standard","meta":{"footnotes":""},"categories":[1],"tags":[1726],"class_list":["post-3927","post","type-post","status-publish","format-standard","has-post-thumbnail","hentry","category-uncategorized","tag-uncategorized"],"yoast_head":"<!-- This site is optimized with the Yoast SEO plugin v24.6 - https:\/\/yoast.com\/wordpress\/plugins\/seo\/ -->\n<title>Una escuela para chicos sordos de Belgrano est\u00e1 en peligro de cierre | FM Trance 103.3<\/title>\n<meta name=\"robots\" content=\"index, follow, max-snippet:-1, max-image-preview:large, max-video-preview:-1\" \/>\n<link rel=\"canonical\" href=\"https:\/\/www.fmtrance.com\/online\/una-escuela-para-chicos-sordos-de-belgrano-esta-en-peligro-de-cierre\/\" \/>\n<meta property=\"og:locale\" content=\"es_ES\" \/>\n<meta property=\"og:type\" content=\"article\" \/>\n<meta property=\"og:title\" content=\"Una escuela para chicos sordos de Belgrano est\u00e1 en peligro de cierre | FM Trance 103.3\" \/>\n<meta property=\"og:description\" content=\"Tras el cierre del colegio privado Nuevo Horizonte, otra escuela estar\u00eda ante un inminente cierre. Las familias resisten la clausura\" \/>\n<meta property=\"og:url\" content=\"https:\/\/www.fmtrance.com\/online\/una-escuela-para-chicos-sordos-de-belgrano-esta-en-peligro-de-cierre\/\" \/>\n<meta property=\"og:site_name\" content=\"FM Trance 103.3\" \/>\n<meta property=\"article:publisher\" content=\"https:\/\/www.facebook.com\/fmtrance\" \/>\n<meta property=\"article:published_time\" content=\"2023-03-06T15:33:01+00:00\" \/>\n<meta property=\"article:modified_time\" content=\"2023-03-10T15:36:36+00:00\" \/>\n<meta property=\"og:image\" content=\"https:\/\/www.fmtrance.com\/online\/wp-content\/uploads\/2023\/03\/6405df66cc6ae_800x550.jpg\" \/>\n\t<meta property=\"og:image:width\" content=\"800\" \/>\n\t<meta property=\"og:image:height\" content=\"550\" \/>\n\t<meta property=\"og:image:type\" content=\"image\/jpeg\" \/>\n<meta name=\"author\" content=\"Redaccion FM Trance\" \/>\n<meta name=\"twitter:card\" content=\"summary_large_image\" \/>\n<meta name=\"twitter:creator\" content=\"@fmtrance\" \/>\n<meta name=\"twitter:site\" content=\"@fmtrance\" \/>\n<meta name=\"twitter:label1\" content=\"Escrito por\" \/>\n\t<meta name=\"twitter:data1\" content=\"Redaccion FM Trance\" \/>\n\t<meta name=\"twitter:label2\" content=\"Tiempo de lectura\" \/>\n\t<meta name=\"twitter:data2\" content=\"3 minutos\" \/>\n<script type=\"application\/ld+json\" class=\"yoast-schema-graph\">{\"@context\":\"https:\/\/schema.org\",\"@graph\":[{\"@type\":\"Article\",\"@id\":\"https:\/\/www.fmtrance.com\/online\/una-escuela-para-chicos-sordos-de-belgrano-esta-en-peligro-de-cierre\/#article\",\"isPartOf\":{\"@id\":\"https:\/\/www.fmtrance.com\/online\/una-escuela-para-chicos-sordos-de-belgrano-esta-en-peligro-de-cierre\/\"},\"author\":{\"name\":\"Redaccion FM Trance\",\"@id\":\"https:\/\/www.fmtrance.com\/online\/#\/schema\/person\/686af7f826dd2f08b36b4760b7dcdddd\"},\"headline\":\"Una escuela para chicos sordos de Belgrano est\u00e1 en peligro de cierre\",\"datePublished\":\"2023-03-06T15:33:01+00:00\",\"dateModified\":\"2023-03-10T15:36:36+00:00\",\"mainEntityOfPage\":{\"@id\":\"https:\/\/www.fmtrance.com\/online\/una-escuela-para-chicos-sordos-de-belgrano-esta-en-peligro-de-cierre\/\"},\"wordCount\":629,\"commentCount\":0,\"publisher\":{\"@id\":\"https:\/\/www.fmtrance.com\/online\/#organization\"},\"image\":{\"@id\":\"https:\/\/www.fmtrance.com\/online\/una-escuela-para-chicos-sordos-de-belgrano-esta-en-peligro-de-cierre\/#primaryimage\"},\"thumbnailUrl\":\"https:\/\/www.fmtrance.com\/online\/wp-content\/uploads\/2023\/03\/6405df66cc6ae_800x550.jpg\",\"keywords\":[\"Uncategorized\"],\"articleSection\":[\"Noticias\"],\"inLanguage\":\"es-AR\",\"potentialAction\":[{\"@type\":\"CommentAction\",\"name\":\"Comment\",\"target\":[\"https:\/\/www.fmtrance.com\/online\/una-escuela-para-chicos-sordos-de-belgrano-esta-en-peligro-de-cierre\/#respond\"]}]},{\"@type\":\"WebPage\",\"@id\":\"https:\/\/www.fmtrance.com\/online\/una-escuela-para-chicos-sordos-de-belgrano-esta-en-peligro-de-cierre\/\",\"url\":\"https:\/\/www.fmtrance.com\/online\/una-escuela-para-chicos-sordos-de-belgrano-esta-en-peligro-de-cierre\/\",\"name\":\"Una escuela para chicos sordos de Belgrano est\u00e1 en peligro de cierre | FM Trance 103.3\",\"isPartOf\":{\"@id\":\"https:\/\/www.fmtrance.com\/online\/#website\"},\"primaryImageOfPage\":{\"@id\":\"https:\/\/www.fmtrance.com\/online\/una-escuela-para-chicos-sordos-de-belgrano-esta-en-peligro-de-cierre\/#primaryimage\"},\"image\":{\"@id\":\"https:\/\/www.fmtrance.com\/online\/una-escuela-para-chicos-sordos-de-belgrano-esta-en-peligro-de-cierre\/#primaryimage\"},\"thumbnailUrl\":\"https:\/\/www.fmtrance.com\/online\/wp-content\/uploads\/2023\/03\/6405df66cc6ae_800x550.jpg\",\"datePublished\":\"2023-03-06T15:33:01+00:00\",\"dateModified\":\"2023-03-10T15:36:36+00:00\",\"breadcrumb\":{\"@id\":\"https:\/\/www.fmtrance.com\/online\/una-escuela-para-chicos-sordos-de-belgrano-esta-en-peligro-de-cierre\/#breadcrumb\"},\"inLanguage\":\"es-AR\",\"potentialAction\":[{\"@type\":\"ReadAction\",\"target\":[\"https:\/\/www.fmtrance.com\/online\/una-escuela-para-chicos-sordos-de-belgrano-esta-en-peligro-de-cierre\/\"]}]},{\"@type\":\"ImageObject\",\"inLanguage\":\"es-AR\",\"@id\":\"https:\/\/www.fmtrance.com\/online\/una-escuela-para-chicos-sordos-de-belgrano-esta-en-peligro-de-cierre\/#primaryimage\",\"url\":\"https:\/\/www.fmtrance.com\/online\/wp-content\/uploads\/2023\/03\/6405df66cc6ae_800x550.jpg\",\"contentUrl\":\"https:\/\/www.fmtrance.com\/online\/wp-content\/uploads\/2023\/03\/6405df66cc6ae_800x550.jpg\",\"width\":800,\"height\":550},{\"@type\":\"BreadcrumbList\",\"@id\":\"https:\/\/www.fmtrance.com\/online\/una-escuela-para-chicos-sordos-de-belgrano-esta-en-peligro-de-cierre\/#breadcrumb\",\"itemListElement\":[{\"@type\":\"ListItem\",\"position\":1,\"name\":\"Inicio\",\"item\":\"https:\/\/www.fmtrance.com\/online\/\"},{\"@type\":\"ListItem\",\"position\":2,\"name\":\"Una escuela para chicos sordos de Belgrano est\u00e1 en peligro de cierre\"}]},{\"@type\":\"WebSite\",\"@id\":\"https:\/\/www.fmtrance.com\/online\/#website\",\"url\":\"https:\/\/www.fmtrance.com\/online\/\",\"name\":\"FM Trance 103.3\",\"description\":\"CABA. Radio de musica electronica\",\"publisher\":{\"@id\":\"https:\/\/www.fmtrance.com\/online\/#organization\"},\"potentialAction\":[{\"@type\":\"SearchAction\",\"target\":{\"@type\":\"EntryPoint\",\"urlTemplate\":\"https:\/\/www.fmtrance.com\/online\/?s={search_term_string}\"},\"query-input\":{\"@type\":\"PropertyValueSpecification\",\"valueRequired\":true,\"valueName\":\"search_term_string\"}}],\"inLanguage\":\"es-AR\"},{\"@type\":\"Organization\",\"@id\":\"https:\/\/www.fmtrance.com\/online\/#organization\",\"name\":\"FM TRANCE\",\"url\":\"https:\/\/www.fmtrance.com\/online\/\",\"logo\":{\"@type\":\"ImageObject\",\"inLanguage\":\"es-AR\",\"@id\":\"https:\/\/www.fmtrance.com\/online\/#\/schema\/logo\/image\/\",\"url\":\"https:\/\/www.fmtrance.com\/online\/wp-content\/uploads\/2025\/03\/LOGO-WEB.png\",\"contentUrl\":\"https:\/\/www.fmtrance.com\/online\/wp-content\/uploads\/2025\/03\/LOGO-WEB.png\",\"width\":500,\"height\":500,\"caption\":\"FM TRANCE\"},\"image\":{\"@id\":\"https:\/\/www.fmtrance.com\/online\/#\/schema\/logo\/image\/\"},\"sameAs\":[\"https:\/\/www.facebook.com\/fmtrance\",\"https:\/\/x.com\/fmtrance\",\"https:\/\/www.instagram.com\/fmtrance\"]},{\"@type\":\"Person\",\"@id\":\"https:\/\/www.fmtrance.com\/online\/#\/schema\/person\/686af7f826dd2f08b36b4760b7dcdddd\",\"name\":\"Redaccion FM Trance\",\"image\":{\"@type\":\"ImageObject\",\"inLanguage\":\"es-AR\",\"@id\":\"https:\/\/www.fmtrance.com\/online\/#\/schema\/person\/image\/\",\"url\":\"https:\/\/secure.gravatar.com\/avatar\/c9d0afa8b0785bea8046a42861739f0a26fb9e8da739ce032e6598dc2981bc38?s=96&r=g\",\"contentUrl\":\"https:\/\/secure.gravatar.com\/avatar\/c9d0afa8b0785bea8046a42861739f0a26fb9e8da739ce032e6598dc2981bc38?s=96&r=g\",\"caption\":\"Redaccion FM Trance\"},\"description\":\"Fundador y Director general de FM Trance. Nacido el 24 de Septiembre de 1987, en Caballito, Ciudad Autonoma de Buenos Aires. Alguien de Radio desde siempre: ya a los 9 a\u00f1os de edad como radioescucha, sintonizando estaci\u00f3nes de AM, FM, onda corta, TV UHF\/VHF, y dem\u00e1s servicios. Se desempe\u00f1\u00f3 como Operador T\u00e9cnico en diferentes emisoras locales de CABA y GBA, y hasta el dia de hoy sigue ejerciendo desde la parte t\u00e9cnica, realizando trabajos en varias Radios. Egresado del ISER de la carrera de Operador Tecnico de Planta Transmisora, cursando actualmente la carrera de Operador Tecnico de Estudios de Radio en dicha instituci\u00f3n, y flamante radioaficionado (habiendo completado el curso en el Radioclub Buenos Aires), distintiva LU2DBK.\",\"url\":\"https:\/\/www.fmtrance.com\/online\/author\/fmtrance\/\"}]}<\/script>\n<!-- \/ Yoast SEO plugin. -->","yoast_head_json":{"title":"Una escuela para chicos sordos de Belgrano est\u00e1 en peligro de cierre | FM Trance 103.3","robots":{"index":"index","follow":"follow","max-snippet":"max-snippet:-1","max-image-preview":"max-image-preview:large","max-video-preview":"max-video-preview:-1"},"canonical":"https:\/\/www.fmtrance.com\/online\/una-escuela-para-chicos-sordos-de-belgrano-esta-en-peligro-de-cierre\/","og_locale":"es_ES","og_type":"article","og_title":"Una escuela para chicos sordos de Belgrano est\u00e1 en peligro de cierre | FM Trance 103.3","og_description":"Tras el cierre del colegio privado Nuevo Horizonte, otra escuela estar\u00eda ante un inminente cierre. Las familias resisten la clausura","og_url":"https:\/\/www.fmtrance.com\/online\/una-escuela-para-chicos-sordos-de-belgrano-esta-en-peligro-de-cierre\/","og_site_name":"FM Trance 103.3","article_publisher":"https:\/\/www.facebook.com\/fmtrance","article_published_time":"2023-03-06T15:33:01+00:00","article_modified_time":"2023-03-10T15:36:36+00:00","og_image":[{"width":800,"height":550,"url":"https:\/\/www.fmtrance.com\/online\/wp-content\/uploads\/2023\/03\/6405df66cc6ae_800x550.jpg","type":"image\/jpeg"}],"author":"Redaccion FM Trance","twitter_card":"summary_large_image","twitter_creator":"@fmtrance","twitter_site":"@fmtrance","twitter_misc":{"Escrito por":"Redaccion FM Trance","Tiempo de lectura":"3 minutos"},"schema":{"@context":"https:\/\/schema.org","@graph":[{"@type":"Article","@id":"https:\/\/www.fmtrance.com\/online\/una-escuela-para-chicos-sordos-de-belgrano-esta-en-peligro-de-cierre\/#article","isPartOf":{"@id":"https:\/\/www.fmtrance.com\/online\/una-escuela-para-chicos-sordos-de-belgrano-esta-en-peligro-de-cierre\/"},"author":{"name":"Redaccion FM Trance","@id":"https:\/\/www.fmtrance.com\/online\/#\/schema\/person\/686af7f826dd2f08b36b4760b7dcdddd"},"headline":"Una escuela para chicos sordos de Belgrano est\u00e1 en peligro de cierre","datePublished":"2023-03-06T15:33:01+00:00","dateModified":"2023-03-10T15:36:36+00:00","mainEntityOfPage":{"@id":"https:\/\/www.fmtrance.com\/online\/una-escuela-para-chicos-sordos-de-belgrano-esta-en-peligro-de-cierre\/"},"wordCount":629,"commentCount":0,"publisher":{"@id":"https:\/\/www.fmtrance.com\/online\/#organization"},"image":{"@id":"https:\/\/www.fmtrance.com\/online\/una-escuela-para-chicos-sordos-de-belgrano-esta-en-peligro-de-cierre\/#primaryimage"},"thumbnailUrl":"https:\/\/www.fmtrance.com\/online\/wp-content\/uploads\/2023\/03\/6405df66cc6ae_800x550.jpg","keywords":["Uncategorized"],"articleSection":["Noticias"],"inLanguage":"es-AR","potentialAction":[{"@type":"CommentAction","name":"Comment","target":["https:\/\/www.fmtrance.com\/online\/una-escuela-para-chicos-sordos-de-belgrano-esta-en-peligro-de-cierre\/#respond"]}]},{"@type":"WebPage","@id":"https:\/\/www.fmtrance.com\/online\/una-escuela-para-chicos-sordos-de-belgrano-esta-en-peligro-de-cierre\/","url":"https:\/\/www.fmtrance.com\/online\/una-escuela-para-chicos-sordos-de-belgrano-esta-en-peligro-de-cierre\/","name":"Una escuela para chicos sordos de Belgrano est\u00e1 en peligro de cierre | FM Trance 103.3","isPartOf":{"@id":"https:\/\/www.fmtrance.com\/online\/#website"},"primaryImageOfPage":{"@id":"https:\/\/www.fmtrance.com\/online\/una-escuela-para-chicos-sordos-de-belgrano-esta-en-peligro-de-cierre\/#primaryimage"},"image":{"@id":"https:\/\/www.fmtrance.com\/online\/una-escuela-para-chicos-sordos-de-belgrano-esta-en-peligro-de-cierre\/#primaryimage"},"thumbnailUrl":"https:\/\/www.fmtrance.com\/online\/wp-content\/uploads\/2023\/03\/6405df66cc6ae_800x550.jpg","datePublished":"2023-03-06T15:33:01+00:00","dateModified":"2023-03-10T15:36:36+00:00","breadcrumb":{"@id":"https:\/\/www.fmtrance.com\/online\/una-escuela-para-chicos-sordos-de-belgrano-esta-en-peligro-de-cierre\/#breadcrumb"},"inLanguage":"es-AR","potentialAction":[{"@type":"ReadAction","target":["https:\/\/www.fmtrance.com\/online\/una-escuela-para-chicos-sordos-de-belgrano-esta-en-peligro-de-cierre\/"]}]},{"@type":"ImageObject","inLanguage":"es-AR","@id":"https:\/\/www.fmtrance.com\/online\/una-escuela-para-chicos-sordos-de-belgrano-esta-en-peligro-de-cierre\/#primaryimage","url":"https:\/\/www.fmtrance.com\/online\/wp-content\/uploads\/2023\/03\/6405df66cc6ae_800x550.jpg","contentUrl":"https:\/\/www.fmtrance.com\/online\/wp-content\/uploads\/2023\/03\/6405df66cc6ae_800x550.jpg","width":800,"height":550},{"@type":"BreadcrumbList","@id":"https:\/\/www.fmtrance.com\/online\/una-escuela-para-chicos-sordos-de-belgrano-esta-en-peligro-de-cierre\/#breadcrumb","itemListElement":[{"@type":"ListItem","position":1,"name":"Inicio","item":"https:\/\/www.fmtrance.com\/online\/"},{"@type":"ListItem","position":2,"name":"Una escuela para chicos sordos de Belgrano est\u00e1 en peligro de cierre"}]},{"@type":"WebSite","@id":"https:\/\/www.fmtrance.com\/online\/#website","url":"https:\/\/www.fmtrance.com\/online\/","name":"FM Trance 103.3","description":"CABA. Radio de musica electronica","publisher":{"@id":"https:\/\/www.fmtrance.com\/online\/#organization"},"potentialAction":[{"@type":"SearchAction","target":{"@type":"EntryPoint","urlTemplate":"https:\/\/www.fmtrance.com\/online\/?s={search_term_string}"},"query-input":{"@type":"PropertyValueSpecification","valueRequired":true,"valueName":"search_term_string"}}],"inLanguage":"es-AR"},{"@type":"Organization","@id":"https:\/\/www.fmtrance.com\/online\/#organization","name":"FM TRANCE","url":"https:\/\/www.fmtrance.com\/online\/","logo":{"@type":"ImageObject","inLanguage":"es-AR","@id":"https:\/\/www.fmtrance.com\/online\/#\/schema\/logo\/image\/","url":"https:\/\/www.fmtrance.com\/online\/wp-content\/uploads\/2025\/03\/LOGO-WEB.png","contentUrl":"https:\/\/www.fmtrance.com\/online\/wp-content\/uploads\/2025\/03\/LOGO-WEB.png","width":500,"height":500,"caption":"FM TRANCE"},"image":{"@id":"https:\/\/www.fmtrance.com\/online\/#\/schema\/logo\/image\/"},"sameAs":["https:\/\/www.facebook.com\/fmtrance","https:\/\/x.com\/fmtrance","https:\/\/www.instagram.com\/fmtrance"]},{"@type":"Person","@id":"https:\/\/www.fmtrance.com\/online\/#\/schema\/person\/686af7f826dd2f08b36b4760b7dcdddd","name":"Redaccion FM Trance","image":{"@type":"ImageObject","inLanguage":"es-AR","@id":"https:\/\/www.fmtrance.com\/online\/#\/schema\/person\/image\/","url":"https:\/\/secure.gravatar.com\/avatar\/c9d0afa8b0785bea8046a42861739f0a26fb9e8da739ce032e6598dc2981bc38?s=96&r=g","contentUrl":"https:\/\/secure.gravatar.com\/avatar\/c9d0afa8b0785bea8046a42861739f0a26fb9e8da739ce032e6598dc2981bc38?s=96&r=g","caption":"Redaccion FM Trance"},"description":"Fundador y Director general de FM Trance. Nacido el 24 de Septiembre de 1987, en Caballito, Ciudad Autonoma de Buenos Aires. Alguien de Radio desde siempre: ya a los 9 a\u00f1os de edad como radioescucha, sintonizando estaci\u00f3nes de AM, FM, onda corta, TV UHF\/VHF, y dem\u00e1s servicios. Se desempe\u00f1\u00f3 como Operador T\u00e9cnico en diferentes emisoras locales de CABA y GBA, y hasta el dia de hoy sigue ejerciendo desde la parte t\u00e9cnica, realizando trabajos en varias Radios. Egresado del ISER de la carrera de Operador Tecnico de Planta Transmisora, cursando actualmente la carrera de Operador Tecnico de Estudios de Radio en dicha instituci\u00f3n, y flamante radioaficionado (habiendo completado el curso en el Radioclub Buenos Aires), distintiva LU2DBK.","url":"https:\/\/www.fmtrance.com\/online\/author\/fmtrance\/"}]}},"_links":{"self":[{"href":"https:\/\/www.fmtrance.com\/online\/wp-json\/wp\/v2\/posts\/3927","targetHints":{"allow":["GET"]}}],"collection":[{"href":"https:\/\/www.fmtrance.com\/online\/wp-json\/wp\/v2\/posts"}],"about":[{"href":"https:\/\/www.fmtrance.com\/online\/wp-json\/wp\/v2\/types\/post"}],"author":[{"embeddable":true,"href":"https:\/\/www.fmtrance.com\/online\/wp-json\/wp\/v2\/users\/1"}],"replies":[{"embeddable":true,"href":"https:\/\/www.fmtrance.com\/online\/wp-json\/wp\/v2\/comments?post=3927"}],"version-history":[{"count":1,"href":"https:\/\/www.fmtrance.com\/online\/wp-json\/wp\/v2\/posts\/3927\/revisions"}],"predecessor-version":[{"id":3929,"href":"https:\/\/www.fmtrance.com\/online\/wp-json\/wp\/v2\/posts\/3927\/revisions\/3929"}],"wp:featuredmedia":[{"embeddable":true,"href":"https:\/\/www.fmtrance.com\/online\/wp-json\/wp\/v2\/media\/3928"}],"wp:attachment":[{"href":"https:\/\/www.fmtrance.com\/online\/wp-json\/wp\/v2\/media?parent=3927"}],"wp:term":[{"taxonomy":"category","embeddable":true,"href":"https:\/\/www.fmtrance.com\/online\/wp-json\/wp\/v2\/categories?post=3927"},{"taxonomy":"post_tag","embeddable":true,"href":"https:\/\/www.fmtrance.com\/online\/wp-json\/wp\/v2\/tags?post=3927"}],"curies":[{"name":"wp","href":"https:\/\/api.w.org\/{rel}","templated":true}]}}