{"id":3924,"date":"2023-03-03T12:30:39","date_gmt":"2023-03-03T15:30:39","guid":{"rendered":"http:\/\/www.fmtrance.com\/online\/?p=3924"},"modified":"2023-03-10T12:31:39","modified_gmt":"2023-03-10T15:31:39","slug":"llega-la-noche-de-las-librerias-a-la-ciudad","status":"publish","type":"post","link":"https:\/\/www.fmtrance.com\/online\/llega-la-noche-de-las-librerias-a-la-ciudad\/","title":{"rendered":"Llega La Noche de las Librer\u00edas a la Ciudad"},"content":{"rendered":"<p><strong><em>A 40 a\u00f1os del retorno de la democracia en Argentina, el Ministerio de Cultura porte\u00f1o propone una edici\u00f3n especial de La Noche de las Librer\u00edas: el evento que nuclea a lectores, libreros y autores en un circuito a cielo abierto que tendr\u00e1 como eje la reflexi\u00f3n sobre la experiencia y las necesidades del ejercicio democr\u00e1tico.<\/em><\/strong><\/p>\n<p>El<strong>\u00a0Ministerio de Cultura de la Ciudad<\/strong>, a trav\u00e9s de la plataforma\u00a0<strong>Impulso Cultural<\/strong>, invita a celebrar una edici\u00f3n especial de\u00a0<strong>La Noche de las Librer\u00edas<\/strong>\u00a0bajo el lema\u00a0<strong>\u201c40 a\u00f1os de democracia\u201d<\/strong>, ma\u00f1ana s\u00e1bado a partir de las 18 horas en\u00a0<strong>Av. Corrientes, entre Cerrito y Av. Callao.<\/strong>\u00a0El circuito propondr\u00e1 un espacio para la reflexi\u00f3n a trav\u00e9s de libros, talleres y performances de diversos g\u00e9neros art\u00edsticos.<\/p>\n<p>M\u00e1s de\u00a0<strong>20 librer\u00edas<\/strong>\u00a0de la zona permanecer\u00e1n abiertas para ser visitadas y habr\u00e1 una extensa programaci\u00f3n de actividades, lecturas, charlas, m\u00fasica y m\u00e1s para disfrutar de manera gratuita y al aire libre.<\/p>\n<p>El\u00a0<strong>ministro de Cultura de la Ciudad, Enrique Avogadro,\u00a0<\/strong>expres\u00f3 que\u00a0<em>\u201cEsta edici\u00f3n de\u00a0<strong>La Noche de las Librer\u00edas<\/strong>\u00a0honra nuestros\u00a0<strong>40 a\u00f1os de democracia<\/strong>\u00a0invit\u00e1ndonos al mundo de los libros. Que la informaci\u00f3n circule, que el di\u00e1logo sea respetuoso, que las ideas sean diversas y que proliferen las palabras y las historias, es la manera que tenemos de garantizar la libertad por muchos a\u00f1os m\u00e1s. Celebramos este acontecimiento con una propuesta que nos invita a reflexionar sobre la importancia de los diversos aspectos de la cultura en la construcci\u00f3n y consolidaci\u00f3n de un pa\u00eds y una ciudad democr\u00e1tica\u201d.<\/em><\/p>\n<p><strong>Mora Scillam\u00e1, directora general de Desarrollo Cultural y Creativo\u00a0<\/strong>sum\u00f3:\u00a0<em>\u201cImpulsamos esta nueva edici\u00f3n de\u00a0<strong>La Noche de las Librer\u00edas &#8211; 40 a\u00f1os de democracia\u00a0<\/strong>&#8211; para que esta celebraci\u00f3n anual de la literatura sea un escenario para reflexionar, a trav\u00e9s de los distintos g\u00e9neros literarios y de otras expresiones art\u00edsticas, sobre los desaf\u00edos que tenemos para profundizar nuestra democracia, defendiendo el di\u00e1logo, la convivencia en la diversidad, y la libertad de expresi\u00f3n. \u00a1Los invitamos a ser parte!\u201d.<\/em><\/p>\n<p><strong>La Noche de las Librer\u00edas \u201c40 a\u00f1os de democracia\u201d\u00a0<\/strong>es una iniciativa que pone en valor el di\u00e1logo, el respeto, la educaci\u00f3n y la libertad de expresi\u00f3n en un circuito en el que confluyen el libro con diversos g\u00e9neros culturales y art\u00edsticos, como la escritura, la m\u00fasica, la poes\u00eda y el cine. Se trata de una noche que busca resaltar los principios de la convivencia y la diversidad con una firme mirada sobre la construcci\u00f3n de nuestro futuro para y con todas las generaciones.<\/p>\n<p>Participar\u00e1n de esta edici\u00f3n\u00a0<strong>Mart\u00edn Kohan, Claudia Pi\u00f1eiro, Loyds, Luciano Lutereau, Diego Golombek, Santiago Kovadloff, Agus Cabaleiro, Pame Stupia, Horacio Convertini, Selva Almada, Pablo Sirv\u00e9n, Ricardo Gil Lavedra, Mar\u00eda O\u00b4Donnell, Facundo Pastor, Sebasti\u00e1n Domenech, Diego Gabriele Gonz\u00e1lez, Juli\u00e1n L\u00f3pez, Luis Mey, Santiago Llach, Luisa Valenzuela, Alejandro Dujovne, Bobby Flores, Sergio Wolf, Conrado Estol, Pablo Gerchunoff, Virginia Busnelli, Osvaldo Gross, Maru Drozd, Juan Di Natale, Sergio Olgu\u00edn, Mauro Libertella, Gilda Manso, Enzo Maqueira, Gonzalo Unamuno, Luisa Velenzuela, Gast\u00f3n Intelisano, Laura Qui\u00f1ones Urquiza, Pablo Mart\u00ednez Burkett, Nacho Otero, Raquel Franco, V\u00edctor Malumi\u00e1n, Sandra Magirena, D\u00e9bora Mundani, Carla Quevedo, Mercedes Romero Russo, Canela, Felix Bruzzone, Hinde Pomeraniec, Agus Grimm Pitch, Mosquito Sancinetto, Walter Lezcano, Washington Cucurto, Lessie e Iv\u00e1n Moiseef,\u00a0<\/strong>entre otros.<\/p>\n<p>La propuesta contar\u00e1 con m\u00e1s de 50 actividades que se desarrollar\u00e1n en seis escenarios dispuestos sobre la calle Corrientes &#8211; entre Callao y Cerrito &#8211; y que llevar\u00e1n nombres de referentes de la literatura y de la tem\u00e1tica que atravesar\u00e1 esta edici\u00f3n de\u00a0<strong>La Noche de las Librer\u00edas<\/strong>. Los mismos se dispondr\u00e1n de la siguiente forma:<br \/>\n&#8211;<strong>\u00a0Escenario Estela Figueroa<\/strong>: Av. Corrientes 1199 (esq. Libertad)<br \/>\n&#8211;\u00a0<strong>Escenario Antonio Di Benedetto<\/strong>: Av. Corrientes 1299 (esq. Talcahuano)<br \/>\n&#8211;<strong>\u00a0Escenario Vlady Kociancich<\/strong>: Av. Corrientes 1399 (esq. Uruguay)<br \/>\n&#8211;\u00a0<strong>Escenario Ernesto S\u00e1bato:<\/strong>\u00a0Av. Corrientes 1499 (esq. Paran\u00e1)<br \/>\n&#8211;\u00a0<strong>Escenario Quino<\/strong>: Av. Corrientes 1599 (esq. Montevideo)<br \/>\n&#8211;\u00a0<strong>Escenario Sylvia Molloy:<\/strong>\u00a0Av. Corrientes 1699 (esq. Rodr\u00edguez Pe\u00f1a).<\/p>\n<p>Tambi\u00e9n habr\u00e1 un espacio de\u00a0<strong>Pase Cultural\u00a0<\/strong>con\u00a0<strong>DJ set\u00a0<\/strong>en vivo, talleres de serigraf\u00eda, impresi\u00f3n y Paste Up. Asimismo, los beneficiarios del\u00a0<strong>Pase Cultural<\/strong>\u00a0tendr\u00e1n descuentos en\u00a0<strong>C\u00faspide, Dickens, La Revister\u00eda, Hern\u00e1ndez, Galerna y Ghandi.<\/strong>\u00a0Y podr\u00e1n retirar un ejemplar de<strong>\u00a0\u201cNunca M\u00e1s\u201d<\/strong>\u00a0en el stand del Pase Cultural. Respecto al p\u00fablico general, quienes realicen compras en librer\u00edas del circuito de la Av. Corrientes, tendr\u00e1n descuentos en\u00a0<strong>locales gastron\u00f3micos\u00a0<\/strong>presentando el ticket de compra.<br \/>\nAdem\u00e1s, en el\u00a0<strong>Cultural San Mart\u00edn\u00a0<\/strong>(Sarmiento 1551) se realizar\u00e1 a las 20 horas una proyecci\u00f3n especial de la pel\u00edcula<strong>\u00a0\u201cArgentina 1985\u201d,<\/strong>\u00a0presentada por\u00a0<strong>BA Audiovisual.\u00a0<\/strong>Las entradas se podr\u00e1n reservar previamente de manera gratuita a trav\u00e9s de formulario, y estar\u00e1n sujetas a capacidad de la sala.<\/p>\n","protected":false},"excerpt":{"rendered":"<p>A 40 a\u00f1os del retorno de la democracia en Argentina, el Ministerio de Cultura porte\u00f1o propone una edici\u00f3n especial de<\/p>\n","protected":false},"author":1,"featured_media":3925,"comment_status":"open","ping_status":"closed","sticky":false,"template":"","format":"standard","meta":{"footnotes":""},"categories":[1],"tags":[1726],"class_list":["post-3924","post","type-post","status-publish","format-standard","has-post-thumbnail","hentry","category-uncategorized","tag-uncategorized"],"yoast_head":"<!-- This site is optimized with the Yoast SEO plugin v24.6 - https:\/\/yoast.com\/wordpress\/plugins\/seo\/ -->\n<title>Llega La Noche de las Librer\u00edas a la Ciudad | FM Trance 103.3<\/title>\n<meta name=\"robots\" content=\"index, follow, max-snippet:-1, max-image-preview:large, max-video-preview:-1\" \/>\n<link rel=\"canonical\" href=\"https:\/\/www.fmtrance.com\/online\/llega-la-noche-de-las-librerias-a-la-ciudad\/\" \/>\n<meta property=\"og:locale\" content=\"es_ES\" \/>\n<meta property=\"og:type\" content=\"article\" \/>\n<meta property=\"og:title\" content=\"Llega La Noche de las Librer\u00edas a la Ciudad | FM Trance 103.3\" \/>\n<meta property=\"og:description\" content=\"A 40 a\u00f1os del retorno de la democracia en Argentina, el Ministerio de Cultura porte\u00f1o propone una edici\u00f3n especial de\" \/>\n<meta property=\"og:url\" content=\"https:\/\/www.fmtrance.com\/online\/llega-la-noche-de-las-librerias-a-la-ciudad\/\" \/>\n<meta property=\"og:site_name\" content=\"FM Trance 103.3\" \/>\n<meta property=\"article:publisher\" content=\"https:\/\/www.facebook.com\/fmtrance\" \/>\n<meta property=\"article:published_time\" content=\"2023-03-03T15:30:39+00:00\" \/>\n<meta property=\"article:modified_time\" content=\"2023-03-10T15:31:39+00:00\" \/>\n<meta property=\"og:image\" content=\"https:\/\/www.fmtrance.com\/online\/wp-content\/uploads\/2023\/03\/6401f77b49b2a_800x533.jpg\" \/>\n\t<meta property=\"og:image:width\" content=\"800\" \/>\n\t<meta property=\"og:image:height\" content=\"533\" \/>\n\t<meta property=\"og:image:type\" content=\"image\/jpeg\" \/>\n<meta name=\"author\" content=\"Redaccion FM Trance\" \/>\n<meta name=\"twitter:card\" content=\"summary_large_image\" \/>\n<meta name=\"twitter:creator\" content=\"@fmtrance\" \/>\n<meta name=\"twitter:site\" content=\"@fmtrance\" \/>\n<meta name=\"twitter:label1\" content=\"Escrito por\" \/>\n\t<meta name=\"twitter:data1\" content=\"Redaccion FM Trance\" \/>\n\t<meta name=\"twitter:label2\" content=\"Tiempo de lectura\" \/>\n\t<meta name=\"twitter:data2\" content=\"4 minutos\" \/>\n<script type=\"application\/ld+json\" class=\"yoast-schema-graph\">{\"@context\":\"https:\/\/schema.org\",\"@graph\":[{\"@type\":\"Article\",\"@id\":\"https:\/\/www.fmtrance.com\/online\/llega-la-noche-de-las-librerias-a-la-ciudad\/#article\",\"isPartOf\":{\"@id\":\"https:\/\/www.fmtrance.com\/online\/llega-la-noche-de-las-librerias-a-la-ciudad\/\"},\"author\":{\"name\":\"Redaccion FM Trance\",\"@id\":\"https:\/\/www.fmtrance.com\/online\/#\/schema\/person\/686af7f826dd2f08b36b4760b7dcdddd\"},\"headline\":\"Llega La Noche de las Librer\u00edas a la Ciudad\",\"datePublished\":\"2023-03-03T15:30:39+00:00\",\"dateModified\":\"2023-03-10T15:31:39+00:00\",\"mainEntityOfPage\":{\"@id\":\"https:\/\/www.fmtrance.com\/online\/llega-la-noche-de-las-librerias-a-la-ciudad\/\"},\"wordCount\":865,\"commentCount\":0,\"publisher\":{\"@id\":\"https:\/\/www.fmtrance.com\/online\/#organization\"},\"image\":{\"@id\":\"https:\/\/www.fmtrance.com\/online\/llega-la-noche-de-las-librerias-a-la-ciudad\/#primaryimage\"},\"thumbnailUrl\":\"https:\/\/www.fmtrance.com\/online\/wp-content\/uploads\/2023\/03\/6401f77b49b2a_800x533.jpg\",\"keywords\":[\"Uncategorized\"],\"articleSection\":[\"Noticias\"],\"inLanguage\":\"es-AR\",\"potentialAction\":[{\"@type\":\"CommentAction\",\"name\":\"Comment\",\"target\":[\"https:\/\/www.fmtrance.com\/online\/llega-la-noche-de-las-librerias-a-la-ciudad\/#respond\"]}]},{\"@type\":\"WebPage\",\"@id\":\"https:\/\/www.fmtrance.com\/online\/llega-la-noche-de-las-librerias-a-la-ciudad\/\",\"url\":\"https:\/\/www.fmtrance.com\/online\/llega-la-noche-de-las-librerias-a-la-ciudad\/\",\"name\":\"Llega La Noche de las Librer\u00edas a la Ciudad | FM Trance 103.3\",\"isPartOf\":{\"@id\":\"https:\/\/www.fmtrance.com\/online\/#website\"},\"primaryImageOfPage\":{\"@id\":\"https:\/\/www.fmtrance.com\/online\/llega-la-noche-de-las-librerias-a-la-ciudad\/#primaryimage\"},\"image\":{\"@id\":\"https:\/\/www.fmtrance.com\/online\/llega-la-noche-de-las-librerias-a-la-ciudad\/#primaryimage\"},\"thumbnailUrl\":\"https:\/\/www.fmtrance.com\/online\/wp-content\/uploads\/2023\/03\/6401f77b49b2a_800x533.jpg\",\"datePublished\":\"2023-03-03T15:30:39+00:00\",\"dateModified\":\"2023-03-10T15:31:39+00:00\",\"breadcrumb\":{\"@id\":\"https:\/\/www.fmtrance.com\/online\/llega-la-noche-de-las-librerias-a-la-ciudad\/#breadcrumb\"},\"inLanguage\":\"es-AR\",\"potentialAction\":[{\"@type\":\"ReadAction\",\"target\":[\"https:\/\/www.fmtrance.com\/online\/llega-la-noche-de-las-librerias-a-la-ciudad\/\"]}]},{\"@type\":\"ImageObject\",\"inLanguage\":\"es-AR\",\"@id\":\"https:\/\/www.fmtrance.com\/online\/llega-la-noche-de-las-librerias-a-la-ciudad\/#primaryimage\",\"url\":\"https:\/\/www.fmtrance.com\/online\/wp-content\/uploads\/2023\/03\/6401f77b49b2a_800x533.jpg\",\"contentUrl\":\"https:\/\/www.fmtrance.com\/online\/wp-content\/uploads\/2023\/03\/6401f77b49b2a_800x533.jpg\",\"width\":800,\"height\":533},{\"@type\":\"BreadcrumbList\",\"@id\":\"https:\/\/www.fmtrance.com\/online\/llega-la-noche-de-las-librerias-a-la-ciudad\/#breadcrumb\",\"itemListElement\":[{\"@type\":\"ListItem\",\"position\":1,\"name\":\"Inicio\",\"item\":\"https:\/\/www.fmtrance.com\/online\/\"},{\"@type\":\"ListItem\",\"position\":2,\"name\":\"Llega La Noche de las Librer\u00edas a la Ciudad\"}]},{\"@type\":\"WebSite\",\"@id\":\"https:\/\/www.fmtrance.com\/online\/#website\",\"url\":\"https:\/\/www.fmtrance.com\/online\/\",\"name\":\"FM Trance 103.3\",\"description\":\"CABA. Radio de musica electronica\",\"publisher\":{\"@id\":\"https:\/\/www.fmtrance.com\/online\/#organization\"},\"potentialAction\":[{\"@type\":\"SearchAction\",\"target\":{\"@type\":\"EntryPoint\",\"urlTemplate\":\"https:\/\/www.fmtrance.com\/online\/?s={search_term_string}\"},\"query-input\":{\"@type\":\"PropertyValueSpecification\",\"valueRequired\":true,\"valueName\":\"search_term_string\"}}],\"inLanguage\":\"es-AR\"},{\"@type\":\"Organization\",\"@id\":\"https:\/\/www.fmtrance.com\/online\/#organization\",\"name\":\"FM TRANCE\",\"url\":\"https:\/\/www.fmtrance.com\/online\/\",\"logo\":{\"@type\":\"ImageObject\",\"inLanguage\":\"es-AR\",\"@id\":\"https:\/\/www.fmtrance.com\/online\/#\/schema\/logo\/image\/\",\"url\":\"https:\/\/www.fmtrance.com\/online\/wp-content\/uploads\/2025\/03\/LOGO-WEB.png\",\"contentUrl\":\"https:\/\/www.fmtrance.com\/online\/wp-content\/uploads\/2025\/03\/LOGO-WEB.png\",\"width\":500,\"height\":500,\"caption\":\"FM TRANCE\"},\"image\":{\"@id\":\"https:\/\/www.fmtrance.com\/online\/#\/schema\/logo\/image\/\"},\"sameAs\":[\"https:\/\/www.facebook.com\/fmtrance\",\"https:\/\/x.com\/fmtrance\",\"https:\/\/www.instagram.com\/fmtrance\"]},{\"@type\":\"Person\",\"@id\":\"https:\/\/www.fmtrance.com\/online\/#\/schema\/person\/686af7f826dd2f08b36b4760b7dcdddd\",\"name\":\"Redaccion FM Trance\",\"image\":{\"@type\":\"ImageObject\",\"inLanguage\":\"es-AR\",\"@id\":\"https:\/\/www.fmtrance.com\/online\/#\/schema\/person\/image\/\",\"url\":\"https:\/\/secure.gravatar.com\/avatar\/c9d0afa8b0785bea8046a42861739f0a26fb9e8da739ce032e6598dc2981bc38?s=96&r=g\",\"contentUrl\":\"https:\/\/secure.gravatar.com\/avatar\/c9d0afa8b0785bea8046a42861739f0a26fb9e8da739ce032e6598dc2981bc38?s=96&r=g\",\"caption\":\"Redaccion FM Trance\"},\"description\":\"Fundador y Director general de FM Trance. Nacido el 24 de Septiembre de 1987, en Caballito, Ciudad Autonoma de Buenos Aires. Alguien de Radio desde siempre: ya a los 9 a\u00f1os de edad como radioescucha, sintonizando estaci\u00f3nes de AM, FM, onda corta, TV UHF\/VHF, y dem\u00e1s servicios. Se desempe\u00f1\u00f3 como Operador T\u00e9cnico en diferentes emisoras locales de CABA y GBA, y hasta el dia de hoy sigue ejerciendo desde la parte t\u00e9cnica, realizando trabajos en varias Radios. Egresado del ISER de la carrera de Operador Tecnico de Planta Transmisora, cursando actualmente la carrera de Operador Tecnico de Estudios de Radio en dicha instituci\u00f3n, y flamante radioaficionado (habiendo completado el curso en el Radioclub Buenos Aires), distintiva LU2DBK.\",\"url\":\"https:\/\/www.fmtrance.com\/online\/author\/fmtrance\/\"}]}<\/script>\n<!-- \/ Yoast SEO plugin. -->","yoast_head_json":{"title":"Llega La Noche de las Librer\u00edas a la Ciudad | FM Trance 103.3","robots":{"index":"index","follow":"follow","max-snippet":"max-snippet:-1","max-image-preview":"max-image-preview:large","max-video-preview":"max-video-preview:-1"},"canonical":"https:\/\/www.fmtrance.com\/online\/llega-la-noche-de-las-librerias-a-la-ciudad\/","og_locale":"es_ES","og_type":"article","og_title":"Llega La Noche de las Librer\u00edas a la Ciudad | FM Trance 103.3","og_description":"A 40 a\u00f1os del retorno de la democracia en Argentina, el Ministerio de Cultura porte\u00f1o propone una edici\u00f3n especial de","og_url":"https:\/\/www.fmtrance.com\/online\/llega-la-noche-de-las-librerias-a-la-ciudad\/","og_site_name":"FM Trance 103.3","article_publisher":"https:\/\/www.facebook.com\/fmtrance","article_published_time":"2023-03-03T15:30:39+00:00","article_modified_time":"2023-03-10T15:31:39+00:00","og_image":[{"width":800,"height":533,"url":"https:\/\/www.fmtrance.com\/online\/wp-content\/uploads\/2023\/03\/6401f77b49b2a_800x533.jpg","type":"image\/jpeg"}],"author":"Redaccion FM Trance","twitter_card":"summary_large_image","twitter_creator":"@fmtrance","twitter_site":"@fmtrance","twitter_misc":{"Escrito por":"Redaccion FM Trance","Tiempo de lectura":"4 minutos"},"schema":{"@context":"https:\/\/schema.org","@graph":[{"@type":"Article","@id":"https:\/\/www.fmtrance.com\/online\/llega-la-noche-de-las-librerias-a-la-ciudad\/#article","isPartOf":{"@id":"https:\/\/www.fmtrance.com\/online\/llega-la-noche-de-las-librerias-a-la-ciudad\/"},"author":{"name":"Redaccion FM Trance","@id":"https:\/\/www.fmtrance.com\/online\/#\/schema\/person\/686af7f826dd2f08b36b4760b7dcdddd"},"headline":"Llega La Noche de las Librer\u00edas a la Ciudad","datePublished":"2023-03-03T15:30:39+00:00","dateModified":"2023-03-10T15:31:39+00:00","mainEntityOfPage":{"@id":"https:\/\/www.fmtrance.com\/online\/llega-la-noche-de-las-librerias-a-la-ciudad\/"},"wordCount":865,"commentCount":0,"publisher":{"@id":"https:\/\/www.fmtrance.com\/online\/#organization"},"image":{"@id":"https:\/\/www.fmtrance.com\/online\/llega-la-noche-de-las-librerias-a-la-ciudad\/#primaryimage"},"thumbnailUrl":"https:\/\/www.fmtrance.com\/online\/wp-content\/uploads\/2023\/03\/6401f77b49b2a_800x533.jpg","keywords":["Uncategorized"],"articleSection":["Noticias"],"inLanguage":"es-AR","potentialAction":[{"@type":"CommentAction","name":"Comment","target":["https:\/\/www.fmtrance.com\/online\/llega-la-noche-de-las-librerias-a-la-ciudad\/#respond"]}]},{"@type":"WebPage","@id":"https:\/\/www.fmtrance.com\/online\/llega-la-noche-de-las-librerias-a-la-ciudad\/","url":"https:\/\/www.fmtrance.com\/online\/llega-la-noche-de-las-librerias-a-la-ciudad\/","name":"Llega La Noche de las Librer\u00edas a la Ciudad | FM Trance 103.3","isPartOf":{"@id":"https:\/\/www.fmtrance.com\/online\/#website"},"primaryImageOfPage":{"@id":"https:\/\/www.fmtrance.com\/online\/llega-la-noche-de-las-librerias-a-la-ciudad\/#primaryimage"},"image":{"@id":"https:\/\/www.fmtrance.com\/online\/llega-la-noche-de-las-librerias-a-la-ciudad\/#primaryimage"},"thumbnailUrl":"https:\/\/www.fmtrance.com\/online\/wp-content\/uploads\/2023\/03\/6401f77b49b2a_800x533.jpg","datePublished":"2023-03-03T15:30:39+00:00","dateModified":"2023-03-10T15:31:39+00:00","breadcrumb":{"@id":"https:\/\/www.fmtrance.com\/online\/llega-la-noche-de-las-librerias-a-la-ciudad\/#breadcrumb"},"inLanguage":"es-AR","potentialAction":[{"@type":"ReadAction","target":["https:\/\/www.fmtrance.com\/online\/llega-la-noche-de-las-librerias-a-la-ciudad\/"]}]},{"@type":"ImageObject","inLanguage":"es-AR","@id":"https:\/\/www.fmtrance.com\/online\/llega-la-noche-de-las-librerias-a-la-ciudad\/#primaryimage","url":"https:\/\/www.fmtrance.com\/online\/wp-content\/uploads\/2023\/03\/6401f77b49b2a_800x533.jpg","contentUrl":"https:\/\/www.fmtrance.com\/online\/wp-content\/uploads\/2023\/03\/6401f77b49b2a_800x533.jpg","width":800,"height":533},{"@type":"BreadcrumbList","@id":"https:\/\/www.fmtrance.com\/online\/llega-la-noche-de-las-librerias-a-la-ciudad\/#breadcrumb","itemListElement":[{"@type":"ListItem","position":1,"name":"Inicio","item":"https:\/\/www.fmtrance.com\/online\/"},{"@type":"ListItem","position":2,"name":"Llega La Noche de las Librer\u00edas a la Ciudad"}]},{"@type":"WebSite","@id":"https:\/\/www.fmtrance.com\/online\/#website","url":"https:\/\/www.fmtrance.com\/online\/","name":"FM Trance 103.3","description":"CABA. Radio de musica electronica","publisher":{"@id":"https:\/\/www.fmtrance.com\/online\/#organization"},"potentialAction":[{"@type":"SearchAction","target":{"@type":"EntryPoint","urlTemplate":"https:\/\/www.fmtrance.com\/online\/?s={search_term_string}"},"query-input":{"@type":"PropertyValueSpecification","valueRequired":true,"valueName":"search_term_string"}}],"inLanguage":"es-AR"},{"@type":"Organization","@id":"https:\/\/www.fmtrance.com\/online\/#organization","name":"FM TRANCE","url":"https:\/\/www.fmtrance.com\/online\/","logo":{"@type":"ImageObject","inLanguage":"es-AR","@id":"https:\/\/www.fmtrance.com\/online\/#\/schema\/logo\/image\/","url":"https:\/\/www.fmtrance.com\/online\/wp-content\/uploads\/2025\/03\/LOGO-WEB.png","contentUrl":"https:\/\/www.fmtrance.com\/online\/wp-content\/uploads\/2025\/03\/LOGO-WEB.png","width":500,"height":500,"caption":"FM TRANCE"},"image":{"@id":"https:\/\/www.fmtrance.com\/online\/#\/schema\/logo\/image\/"},"sameAs":["https:\/\/www.facebook.com\/fmtrance","https:\/\/x.com\/fmtrance","https:\/\/www.instagram.com\/fmtrance"]},{"@type":"Person","@id":"https:\/\/www.fmtrance.com\/online\/#\/schema\/person\/686af7f826dd2f08b36b4760b7dcdddd","name":"Redaccion FM Trance","image":{"@type":"ImageObject","inLanguage":"es-AR","@id":"https:\/\/www.fmtrance.com\/online\/#\/schema\/person\/image\/","url":"https:\/\/secure.gravatar.com\/avatar\/c9d0afa8b0785bea8046a42861739f0a26fb9e8da739ce032e6598dc2981bc38?s=96&r=g","contentUrl":"https:\/\/secure.gravatar.com\/avatar\/c9d0afa8b0785bea8046a42861739f0a26fb9e8da739ce032e6598dc2981bc38?s=96&r=g","caption":"Redaccion FM Trance"},"description":"Fundador y Director general de FM Trance. Nacido el 24 de Septiembre de 1987, en Caballito, Ciudad Autonoma de Buenos Aires. Alguien de Radio desde siempre: ya a los 9 a\u00f1os de edad como radioescucha, sintonizando estaci\u00f3nes de AM, FM, onda corta, TV UHF\/VHF, y dem\u00e1s servicios. Se desempe\u00f1\u00f3 como Operador T\u00e9cnico en diferentes emisoras locales de CABA y GBA, y hasta el dia de hoy sigue ejerciendo desde la parte t\u00e9cnica, realizando trabajos en varias Radios. Egresado del ISER de la carrera de Operador Tecnico de Planta Transmisora, cursando actualmente la carrera de Operador Tecnico de Estudios de Radio en dicha instituci\u00f3n, y flamante radioaficionado (habiendo completado el curso en el Radioclub Buenos Aires), distintiva LU2DBK.","url":"https:\/\/www.fmtrance.com\/online\/author\/fmtrance\/"}]}},"_links":{"self":[{"href":"https:\/\/www.fmtrance.com\/online\/wp-json\/wp\/v2\/posts\/3924","targetHints":{"allow":["GET"]}}],"collection":[{"href":"https:\/\/www.fmtrance.com\/online\/wp-json\/wp\/v2\/posts"}],"about":[{"href":"https:\/\/www.fmtrance.com\/online\/wp-json\/wp\/v2\/types\/post"}],"author":[{"embeddable":true,"href":"https:\/\/www.fmtrance.com\/online\/wp-json\/wp\/v2\/users\/1"}],"replies":[{"embeddable":true,"href":"https:\/\/www.fmtrance.com\/online\/wp-json\/wp\/v2\/comments?post=3924"}],"version-history":[{"count":1,"href":"https:\/\/www.fmtrance.com\/online\/wp-json\/wp\/v2\/posts\/3924\/revisions"}],"predecessor-version":[{"id":3926,"href":"https:\/\/www.fmtrance.com\/online\/wp-json\/wp\/v2\/posts\/3924\/revisions\/3926"}],"wp:featuredmedia":[{"embeddable":true,"href":"https:\/\/www.fmtrance.com\/online\/wp-json\/wp\/v2\/media\/3925"}],"wp:attachment":[{"href":"https:\/\/www.fmtrance.com\/online\/wp-json\/wp\/v2\/media?parent=3924"}],"wp:term":[{"taxonomy":"category","embeddable":true,"href":"https:\/\/www.fmtrance.com\/online\/wp-json\/wp\/v2\/categories?post=3924"},{"taxonomy":"post_tag","embeddable":true,"href":"https:\/\/www.fmtrance.com\/online\/wp-json\/wp\/v2\/tags?post=3924"}],"curies":[{"name":"wp","href":"https:\/\/api.w.org\/{rel}","templated":true}]}}