{"id":3921,"date":"2023-03-03T12:28:06","date_gmt":"2023-03-03T15:28:06","guid":{"rendered":"http:\/\/www.fmtrance.com\/online\/?p=3921"},"modified":"2023-03-10T12:29:46","modified_gmt":"2023-03-10T15:29:46","slug":"vecinos-de-caballito-realizaron-un-semaforazo-contra-el-parque-lineal-de-honorio-pueyrredon","status":"publish","type":"post","link":"https:\/\/www.fmtrance.com\/online\/vecinos-de-caballito-realizaron-un-semaforazo-contra-el-parque-lineal-de-honorio-pueyrredon\/","title":{"rendered":"Vecinos de Caballito realizaron un semaforazo contra el parque lineal de Honorio Pueyrred\u00f3n"},"content":{"rendered":"<p><strong><em>Los vecinos de Caballito volvieron a protestar por la reanudaci\u00f3n de las obras en el parque lineal de Honorio Pueyrred\u00f3n.<\/em><\/strong><\/p>\n<p>Vecinos del barrio de <strong>Caballito\u00a0<\/strong>realizaron el mi\u00e9rcoles pasado un\u00a0<strong>semaforazo<\/strong>\u00a0ante el monumento al\u00a0<strong>Cid Campeador<\/strong>\u00a0para reclamar contra la construcci\u00f3n del\u00a0<strong>parque lineal en la avenida Honorio Pueyrred\u00f3n.\u00a0<\/strong>Luego de que la<strong>\u00a0Justicia porte\u00f1a<\/strong> tomara la decisi\u00f3n de rehabilitar las obras, los vecinos volvieron a salir a las calles para reclamar que el <strong>Gobierno porte\u00f1o\u00a0<\/strong>acepte modificaciones al proyecto a trav\u00e9s de la iniciativa que presentaron las agrupaciones barriales.<\/p>\n<p><em>&#8220;Exigimos la cancelaci\u00f3n definitiva del falso parque que destruir\u00e1 la avenida y que hoy ya genera\u00a0<strong>caos de tr\u00e1nsito<\/strong>\u00a0y aumento de la<strong>\u00a0contaminaci\u00f3n ac\u00fastica y ambiental<\/strong>&#8220;,\u00a0<\/em>advirtieron los vecinos en un comunicado.<\/p>\n<p>La protesta comenz\u00f3 pasadas las 19 horas del mi\u00e9rcoles a solo metros de la \u00fanica cuadra del\u00a0<strong>parque lineal\u00a0<\/strong>ya habilitada. Sobre el proyecto alternativo que proponen, las agrupaciones explicaron a P\u00e1gina 12 que<em>\u00a0&#8220;implica la parquizaci\u00f3n de las veredas y del primer carril de la mano norte-sur, dejando los dos carriles restantes para la circulaci\u00f3n vehicular&#8221;.<\/em><\/p>\n<p>El\u00a0<strong>Juez en lo Contencioso Administrativo y Tributario de la Ciudad de Buenos Aires, V\u00edctor Trionfetti\u00a0<\/strong>autoriz\u00f3 al\u00a0<strong>Gobierno de la Ciudad<\/strong>\u00a0a continuar con los trabajos para la construcci\u00f3n del\u00a0<strong>Corredor Verde de la Avenida Honorio Pueyrred\u00f3n\u00a0<\/strong>del barrio de\u00a0<strong>Caballito.<\/strong>\u00a0En diciembre del 2022, la\u00a0<strong>Justicia de la Ciudad<\/strong>\u00a0hab\u00eda ordenado la suspensi\u00f3n de la obra, tras darle lugar a un\u00a0<strong>recurso de amparo<\/strong>\u00a0presentado por la asociaci\u00f3n de vecinos\u00a0<strong>SOS Caballito.<br \/>\n<\/strong><br \/>\nSeg\u00fan expresaron desde el\u00a0<strong>Ministerio de Espacio P\u00fablico e Higiene Urbana,\u00a0<\/strong>la\u00a0<strong>Justicia porte\u00f1a<\/strong>\u00a0aval\u00f3 reanudar las tareas para la creaci\u00f3n del<strong>\u00a0Parque Lineal,<\/strong>\u00a0con la condici\u00f3n de presentar los informes mensuales sobre la\u00a0<strong>contaminaci\u00f3n sonora<\/strong>\u00a0provocada por los trabajos en la zona, que ser\u00e1n monitoreados por la<strong>\u00a0Subgerencia Operativa de Impacto Ac\u00fastico de la Ciudad.<\/strong>\u00a0Por tal motivo, se tomar\u00e1n las medidas necesarias para mitigar los ruidos que puedan ocasionar las retroexcavadoras, los camiones hormigoneros y los martillos neum\u00e1ticos, entre otros.<\/p>\n<p>Los vecinos de\u00a0<strong>Caballito<\/strong>\u00a0contin\u00faan reclamando por la suspensi\u00f3n definitiva de la obra, y presentaron un proyecto alternativo denominado<strong>\u00a0\u201cHonorio m\u00e1s Verde\u201d,<\/strong>\u00a0que comprende incorporar nueva superficie verde, absorbente y arbolado, pero tambi\u00e9n garantizar la circulaci\u00f3n vial y la conectividad norte-sur de la ciudad, tomando el primer carril para sumar 6.520 metros cuadrados de superficie verde y mantener los dos carriles centrales de cada mano de la avenida.<\/p>\n<p>Por otra parte, el proyecto inicial del\u00a0<strong>Gobierno de la Ciudad,<\/strong>\u00a0propone crear un\u00a0<strong>Corredor Verde<\/strong>\u00a0de ocho cuadras de extensi\u00f3n sobre\u00a0<strong>Honorio Pueyrred\u00f3n<\/strong>, entre Av. Gaona y Neuqu\u00e9n, en el barrio de\u00a0<strong>Caballito<\/strong>. El proyecto conectar\u00e1 la\u00a0<strong>Plaza 24 de Septiembre y la Plaza Giordano Bruno<\/strong>, sumando un total de\u00a0<strong>16.623 m2 de espacios verdes<\/strong>.\u00a0 Por tal motivo, la avenida Honorio Pueyrred\u00f3n pasar\u00e1 a tener una mano \u00fanica hacia el norte de la ciudad. En tanto el\u00a0<strong>Parque Lineal\u00a0<\/strong>le quitar\u00e1 los tres carriles hacia el sur de la\u00a0<strong>Ciudad\u00a0<\/strong>a lo largo de las ocho cuadras del\u00a0<strong>Corredor Verde<\/strong>, por lo tanto, el tr\u00e1nsito vehicular que quiera circular hacia el sur, deber\u00e1 desviarse por las calles Rojas, Hidalgo y la avenida Acoyte.<\/p>\n<p>Los trabajos estuvieron suspendidos por varios meses y hasta el momento solo se construy\u00f3 la primera cuadra del\u00a0<strong>Parque Lineal Honorio Pueyrred\u00f3n,<\/strong>\u00a0entre Av. Gaona y Franklin, se estima que a comienzos de marzo se reanudar\u00e1n las tareas.<\/p>\n","protected":false},"excerpt":{"rendered":"<p>Los vecinos de Caballito volvieron a protestar por la reanudaci\u00f3n de las obras en el parque lineal de Honorio Pueyrred\u00f3n.<\/p>\n","protected":false},"author":1,"featured_media":3922,"comment_status":"open","ping_status":"closed","sticky":false,"template":"","format":"standard","meta":{"footnotes":""},"categories":[1],"tags":[1726],"class_list":["post-3921","post","type-post","status-publish","format-standard","has-post-thumbnail","hentry","category-uncategorized","tag-uncategorized"],"yoast_head":"<!-- This site is optimized with the Yoast SEO plugin v24.6 - https:\/\/yoast.com\/wordpress\/plugins\/seo\/ -->\n<title>Vecinos de Caballito realizaron un semaforazo contra el parque lineal de Honorio Pueyrred\u00f3n | FM Trance 103.3<\/title>\n<meta name=\"robots\" content=\"index, follow, max-snippet:-1, max-image-preview:large, max-video-preview:-1\" \/>\n<link rel=\"canonical\" href=\"https:\/\/www.fmtrance.com\/online\/vecinos-de-caballito-realizaron-un-semaforazo-contra-el-parque-lineal-de-honorio-pueyrredon\/\" \/>\n<meta property=\"og:locale\" content=\"es_ES\" \/>\n<meta property=\"og:type\" content=\"article\" \/>\n<meta property=\"og:title\" content=\"Vecinos de Caballito realizaron un semaforazo contra el parque lineal de Honorio Pueyrred\u00f3n | FM Trance 103.3\" \/>\n<meta property=\"og:description\" content=\"Los vecinos de Caballito volvieron a protestar por la reanudaci\u00f3n de las obras en el parque lineal de Honorio Pueyrred\u00f3n.\" \/>\n<meta property=\"og:url\" content=\"https:\/\/www.fmtrance.com\/online\/vecinos-de-caballito-realizaron-un-semaforazo-contra-el-parque-lineal-de-honorio-pueyrredon\/\" \/>\n<meta property=\"og:site_name\" content=\"FM Trance 103.3\" \/>\n<meta property=\"article:publisher\" content=\"https:\/\/www.facebook.com\/fmtrance\" \/>\n<meta property=\"article:published_time\" content=\"2023-03-03T15:28:06+00:00\" \/>\n<meta property=\"article:modified_time\" content=\"2023-03-10T15:29:46+00:00\" \/>\n<meta property=\"og:image\" content=\"https:\/\/www.fmtrance.com\/online\/wp-content\/uploads\/2023\/03\/6401ec0e5c9ed_800x488.jpg\" \/>\n\t<meta property=\"og:image:width\" content=\"800\" \/>\n\t<meta property=\"og:image:height\" content=\"488\" \/>\n\t<meta property=\"og:image:type\" content=\"image\/jpeg\" \/>\n<meta name=\"author\" content=\"Redaccion FM Trance\" \/>\n<meta name=\"twitter:card\" content=\"summary_large_image\" \/>\n<meta name=\"twitter:creator\" content=\"@fmtrance\" \/>\n<meta name=\"twitter:site\" content=\"@fmtrance\" \/>\n<meta name=\"twitter:label1\" content=\"Escrito por\" \/>\n\t<meta name=\"twitter:data1\" content=\"Redaccion FM Trance\" \/>\n\t<meta name=\"twitter:label2\" content=\"Tiempo de lectura\" \/>\n\t<meta name=\"twitter:data2\" content=\"3 minutos\" \/>\n<script type=\"application\/ld+json\" class=\"yoast-schema-graph\">{\"@context\":\"https:\/\/schema.org\",\"@graph\":[{\"@type\":\"Article\",\"@id\":\"https:\/\/www.fmtrance.com\/online\/vecinos-de-caballito-realizaron-un-semaforazo-contra-el-parque-lineal-de-honorio-pueyrredon\/#article\",\"isPartOf\":{\"@id\":\"https:\/\/www.fmtrance.com\/online\/vecinos-de-caballito-realizaron-un-semaforazo-contra-el-parque-lineal-de-honorio-pueyrredon\/\"},\"author\":{\"name\":\"Redaccion FM Trance\",\"@id\":\"https:\/\/www.fmtrance.com\/online\/#\/schema\/person\/686af7f826dd2f08b36b4760b7dcdddd\"},\"headline\":\"Vecinos de Caballito realizaron un semaforazo contra el parque lineal de Honorio Pueyrred\u00f3n\",\"datePublished\":\"2023-03-03T15:28:06+00:00\",\"dateModified\":\"2023-03-10T15:29:46+00:00\",\"mainEntityOfPage\":{\"@id\":\"https:\/\/www.fmtrance.com\/online\/vecinos-de-caballito-realizaron-un-semaforazo-contra-el-parque-lineal-de-honorio-pueyrredon\/\"},\"wordCount\":620,\"commentCount\":0,\"publisher\":{\"@id\":\"https:\/\/www.fmtrance.com\/online\/#organization\"},\"image\":{\"@id\":\"https:\/\/www.fmtrance.com\/online\/vecinos-de-caballito-realizaron-un-semaforazo-contra-el-parque-lineal-de-honorio-pueyrredon\/#primaryimage\"},\"thumbnailUrl\":\"https:\/\/www.fmtrance.com\/online\/wp-content\/uploads\/2023\/03\/6401ec0e5c9ed_800x488.jpg\",\"keywords\":[\"Uncategorized\"],\"articleSection\":[\"Noticias\"],\"inLanguage\":\"es-AR\",\"potentialAction\":[{\"@type\":\"CommentAction\",\"name\":\"Comment\",\"target\":[\"https:\/\/www.fmtrance.com\/online\/vecinos-de-caballito-realizaron-un-semaforazo-contra-el-parque-lineal-de-honorio-pueyrredon\/#respond\"]}]},{\"@type\":\"WebPage\",\"@id\":\"https:\/\/www.fmtrance.com\/online\/vecinos-de-caballito-realizaron-un-semaforazo-contra-el-parque-lineal-de-honorio-pueyrredon\/\",\"url\":\"https:\/\/www.fmtrance.com\/online\/vecinos-de-caballito-realizaron-un-semaforazo-contra-el-parque-lineal-de-honorio-pueyrredon\/\",\"name\":\"Vecinos de Caballito realizaron un semaforazo contra el parque lineal de Honorio Pueyrred\u00f3n | FM Trance 103.3\",\"isPartOf\":{\"@id\":\"https:\/\/www.fmtrance.com\/online\/#website\"},\"primaryImageOfPage\":{\"@id\":\"https:\/\/www.fmtrance.com\/online\/vecinos-de-caballito-realizaron-un-semaforazo-contra-el-parque-lineal-de-honorio-pueyrredon\/#primaryimage\"},\"image\":{\"@id\":\"https:\/\/www.fmtrance.com\/online\/vecinos-de-caballito-realizaron-un-semaforazo-contra-el-parque-lineal-de-honorio-pueyrredon\/#primaryimage\"},\"thumbnailUrl\":\"https:\/\/www.fmtrance.com\/online\/wp-content\/uploads\/2023\/03\/6401ec0e5c9ed_800x488.jpg\",\"datePublished\":\"2023-03-03T15:28:06+00:00\",\"dateModified\":\"2023-03-10T15:29:46+00:00\",\"breadcrumb\":{\"@id\":\"https:\/\/www.fmtrance.com\/online\/vecinos-de-caballito-realizaron-un-semaforazo-contra-el-parque-lineal-de-honorio-pueyrredon\/#breadcrumb\"},\"inLanguage\":\"es-AR\",\"potentialAction\":[{\"@type\":\"ReadAction\",\"target\":[\"https:\/\/www.fmtrance.com\/online\/vecinos-de-caballito-realizaron-un-semaforazo-contra-el-parque-lineal-de-honorio-pueyrredon\/\"]}]},{\"@type\":\"ImageObject\",\"inLanguage\":\"es-AR\",\"@id\":\"https:\/\/www.fmtrance.com\/online\/vecinos-de-caballito-realizaron-un-semaforazo-contra-el-parque-lineal-de-honorio-pueyrredon\/#primaryimage\",\"url\":\"https:\/\/www.fmtrance.com\/online\/wp-content\/uploads\/2023\/03\/6401ec0e5c9ed_800x488.jpg\",\"contentUrl\":\"https:\/\/www.fmtrance.com\/online\/wp-content\/uploads\/2023\/03\/6401ec0e5c9ed_800x488.jpg\",\"width\":800,\"height\":488},{\"@type\":\"BreadcrumbList\",\"@id\":\"https:\/\/www.fmtrance.com\/online\/vecinos-de-caballito-realizaron-un-semaforazo-contra-el-parque-lineal-de-honorio-pueyrredon\/#breadcrumb\",\"itemListElement\":[{\"@type\":\"ListItem\",\"position\":1,\"name\":\"Inicio\",\"item\":\"https:\/\/www.fmtrance.com\/online\/\"},{\"@type\":\"ListItem\",\"position\":2,\"name\":\"Vecinos de Caballito realizaron un semaforazo contra el parque lineal de Honorio Pueyrred\u00f3n\"}]},{\"@type\":\"WebSite\",\"@id\":\"https:\/\/www.fmtrance.com\/online\/#website\",\"url\":\"https:\/\/www.fmtrance.com\/online\/\",\"name\":\"FM Trance 103.3\",\"description\":\"CABA. Radio de musica electronica\",\"publisher\":{\"@id\":\"https:\/\/www.fmtrance.com\/online\/#organization\"},\"potentialAction\":[{\"@type\":\"SearchAction\",\"target\":{\"@type\":\"EntryPoint\",\"urlTemplate\":\"https:\/\/www.fmtrance.com\/online\/?s={search_term_string}\"},\"query-input\":{\"@type\":\"PropertyValueSpecification\",\"valueRequired\":true,\"valueName\":\"search_term_string\"}}],\"inLanguage\":\"es-AR\"},{\"@type\":\"Organization\",\"@id\":\"https:\/\/www.fmtrance.com\/online\/#organization\",\"name\":\"FM TRANCE\",\"url\":\"https:\/\/www.fmtrance.com\/online\/\",\"logo\":{\"@type\":\"ImageObject\",\"inLanguage\":\"es-AR\",\"@id\":\"https:\/\/www.fmtrance.com\/online\/#\/schema\/logo\/image\/\",\"url\":\"https:\/\/www.fmtrance.com\/online\/wp-content\/uploads\/2025\/03\/LOGO-WEB.png\",\"contentUrl\":\"https:\/\/www.fmtrance.com\/online\/wp-content\/uploads\/2025\/03\/LOGO-WEB.png\",\"width\":500,\"height\":500,\"caption\":\"FM TRANCE\"},\"image\":{\"@id\":\"https:\/\/www.fmtrance.com\/online\/#\/schema\/logo\/image\/\"},\"sameAs\":[\"https:\/\/www.facebook.com\/fmtrance\",\"https:\/\/x.com\/fmtrance\",\"https:\/\/www.instagram.com\/fmtrance\"]},{\"@type\":\"Person\",\"@id\":\"https:\/\/www.fmtrance.com\/online\/#\/schema\/person\/686af7f826dd2f08b36b4760b7dcdddd\",\"name\":\"Redaccion FM Trance\",\"image\":{\"@type\":\"ImageObject\",\"inLanguage\":\"es-AR\",\"@id\":\"https:\/\/www.fmtrance.com\/online\/#\/schema\/person\/image\/\",\"url\":\"https:\/\/secure.gravatar.com\/avatar\/c9d0afa8b0785bea8046a42861739f0a26fb9e8da739ce032e6598dc2981bc38?s=96&r=g\",\"contentUrl\":\"https:\/\/secure.gravatar.com\/avatar\/c9d0afa8b0785bea8046a42861739f0a26fb9e8da739ce032e6598dc2981bc38?s=96&r=g\",\"caption\":\"Redaccion FM Trance\"},\"description\":\"Fundador y Director general de FM Trance. Nacido el 24 de Septiembre de 1987, en Caballito, Ciudad Autonoma de Buenos Aires. Alguien de Radio desde siempre: ya a los 9 a\u00f1os de edad como radioescucha, sintonizando estaci\u00f3nes de AM, FM, onda corta, TV UHF\/VHF, y dem\u00e1s servicios. Se desempe\u00f1\u00f3 como Operador T\u00e9cnico en diferentes emisoras locales de CABA y GBA, y hasta el dia de hoy sigue ejerciendo desde la parte t\u00e9cnica, realizando trabajos en varias Radios. Egresado del ISER de la carrera de Operador Tecnico de Planta Transmisora, cursando actualmente la carrera de Operador Tecnico de Estudios de Radio en dicha instituci\u00f3n, y flamante radioaficionado (habiendo completado el curso en el Radioclub Buenos Aires), distintiva LU2DBK.\",\"url\":\"https:\/\/www.fmtrance.com\/online\/author\/fmtrance\/\"}]}<\/script>\n<!-- \/ Yoast SEO plugin. -->","yoast_head_json":{"title":"Vecinos de Caballito realizaron un semaforazo contra el parque lineal de Honorio Pueyrred\u00f3n | FM Trance 103.3","robots":{"index":"index","follow":"follow","max-snippet":"max-snippet:-1","max-image-preview":"max-image-preview:large","max-video-preview":"max-video-preview:-1"},"canonical":"https:\/\/www.fmtrance.com\/online\/vecinos-de-caballito-realizaron-un-semaforazo-contra-el-parque-lineal-de-honorio-pueyrredon\/","og_locale":"es_ES","og_type":"article","og_title":"Vecinos de Caballito realizaron un semaforazo contra el parque lineal de Honorio Pueyrred\u00f3n | FM Trance 103.3","og_description":"Los vecinos de Caballito volvieron a protestar por la reanudaci\u00f3n de las obras en el parque lineal de Honorio Pueyrred\u00f3n.","og_url":"https:\/\/www.fmtrance.com\/online\/vecinos-de-caballito-realizaron-un-semaforazo-contra-el-parque-lineal-de-honorio-pueyrredon\/","og_site_name":"FM Trance 103.3","article_publisher":"https:\/\/www.facebook.com\/fmtrance","article_published_time":"2023-03-03T15:28:06+00:00","article_modified_time":"2023-03-10T15:29:46+00:00","og_image":[{"width":800,"height":488,"url":"https:\/\/www.fmtrance.com\/online\/wp-content\/uploads\/2023\/03\/6401ec0e5c9ed_800x488.jpg","type":"image\/jpeg"}],"author":"Redaccion FM Trance","twitter_card":"summary_large_image","twitter_creator":"@fmtrance","twitter_site":"@fmtrance","twitter_misc":{"Escrito por":"Redaccion FM Trance","Tiempo de lectura":"3 minutos"},"schema":{"@context":"https:\/\/schema.org","@graph":[{"@type":"Article","@id":"https:\/\/www.fmtrance.com\/online\/vecinos-de-caballito-realizaron-un-semaforazo-contra-el-parque-lineal-de-honorio-pueyrredon\/#article","isPartOf":{"@id":"https:\/\/www.fmtrance.com\/online\/vecinos-de-caballito-realizaron-un-semaforazo-contra-el-parque-lineal-de-honorio-pueyrredon\/"},"author":{"name":"Redaccion FM Trance","@id":"https:\/\/www.fmtrance.com\/online\/#\/schema\/person\/686af7f826dd2f08b36b4760b7dcdddd"},"headline":"Vecinos de Caballito realizaron un semaforazo contra el parque lineal de Honorio Pueyrred\u00f3n","datePublished":"2023-03-03T15:28:06+00:00","dateModified":"2023-03-10T15:29:46+00:00","mainEntityOfPage":{"@id":"https:\/\/www.fmtrance.com\/online\/vecinos-de-caballito-realizaron-un-semaforazo-contra-el-parque-lineal-de-honorio-pueyrredon\/"},"wordCount":620,"commentCount":0,"publisher":{"@id":"https:\/\/www.fmtrance.com\/online\/#organization"},"image":{"@id":"https:\/\/www.fmtrance.com\/online\/vecinos-de-caballito-realizaron-un-semaforazo-contra-el-parque-lineal-de-honorio-pueyrredon\/#primaryimage"},"thumbnailUrl":"https:\/\/www.fmtrance.com\/online\/wp-content\/uploads\/2023\/03\/6401ec0e5c9ed_800x488.jpg","keywords":["Uncategorized"],"articleSection":["Noticias"],"inLanguage":"es-AR","potentialAction":[{"@type":"CommentAction","name":"Comment","target":["https:\/\/www.fmtrance.com\/online\/vecinos-de-caballito-realizaron-un-semaforazo-contra-el-parque-lineal-de-honorio-pueyrredon\/#respond"]}]},{"@type":"WebPage","@id":"https:\/\/www.fmtrance.com\/online\/vecinos-de-caballito-realizaron-un-semaforazo-contra-el-parque-lineal-de-honorio-pueyrredon\/","url":"https:\/\/www.fmtrance.com\/online\/vecinos-de-caballito-realizaron-un-semaforazo-contra-el-parque-lineal-de-honorio-pueyrredon\/","name":"Vecinos de Caballito realizaron un semaforazo contra el parque lineal de Honorio Pueyrred\u00f3n | FM Trance 103.3","isPartOf":{"@id":"https:\/\/www.fmtrance.com\/online\/#website"},"primaryImageOfPage":{"@id":"https:\/\/www.fmtrance.com\/online\/vecinos-de-caballito-realizaron-un-semaforazo-contra-el-parque-lineal-de-honorio-pueyrredon\/#primaryimage"},"image":{"@id":"https:\/\/www.fmtrance.com\/online\/vecinos-de-caballito-realizaron-un-semaforazo-contra-el-parque-lineal-de-honorio-pueyrredon\/#primaryimage"},"thumbnailUrl":"https:\/\/www.fmtrance.com\/online\/wp-content\/uploads\/2023\/03\/6401ec0e5c9ed_800x488.jpg","datePublished":"2023-03-03T15:28:06+00:00","dateModified":"2023-03-10T15:29:46+00:00","breadcrumb":{"@id":"https:\/\/www.fmtrance.com\/online\/vecinos-de-caballito-realizaron-un-semaforazo-contra-el-parque-lineal-de-honorio-pueyrredon\/#breadcrumb"},"inLanguage":"es-AR","potentialAction":[{"@type":"ReadAction","target":["https:\/\/www.fmtrance.com\/online\/vecinos-de-caballito-realizaron-un-semaforazo-contra-el-parque-lineal-de-honorio-pueyrredon\/"]}]},{"@type":"ImageObject","inLanguage":"es-AR","@id":"https:\/\/www.fmtrance.com\/online\/vecinos-de-caballito-realizaron-un-semaforazo-contra-el-parque-lineal-de-honorio-pueyrredon\/#primaryimage","url":"https:\/\/www.fmtrance.com\/online\/wp-content\/uploads\/2023\/03\/6401ec0e5c9ed_800x488.jpg","contentUrl":"https:\/\/www.fmtrance.com\/online\/wp-content\/uploads\/2023\/03\/6401ec0e5c9ed_800x488.jpg","width":800,"height":488},{"@type":"BreadcrumbList","@id":"https:\/\/www.fmtrance.com\/online\/vecinos-de-caballito-realizaron-un-semaforazo-contra-el-parque-lineal-de-honorio-pueyrredon\/#breadcrumb","itemListElement":[{"@type":"ListItem","position":1,"name":"Inicio","item":"https:\/\/www.fmtrance.com\/online\/"},{"@type":"ListItem","position":2,"name":"Vecinos de Caballito realizaron un semaforazo contra el parque lineal de Honorio Pueyrred\u00f3n"}]},{"@type":"WebSite","@id":"https:\/\/www.fmtrance.com\/online\/#website","url":"https:\/\/www.fmtrance.com\/online\/","name":"FM Trance 103.3","description":"CABA. Radio de musica electronica","publisher":{"@id":"https:\/\/www.fmtrance.com\/online\/#organization"},"potentialAction":[{"@type":"SearchAction","target":{"@type":"EntryPoint","urlTemplate":"https:\/\/www.fmtrance.com\/online\/?s={search_term_string}"},"query-input":{"@type":"PropertyValueSpecification","valueRequired":true,"valueName":"search_term_string"}}],"inLanguage":"es-AR"},{"@type":"Organization","@id":"https:\/\/www.fmtrance.com\/online\/#organization","name":"FM TRANCE","url":"https:\/\/www.fmtrance.com\/online\/","logo":{"@type":"ImageObject","inLanguage":"es-AR","@id":"https:\/\/www.fmtrance.com\/online\/#\/schema\/logo\/image\/","url":"https:\/\/www.fmtrance.com\/online\/wp-content\/uploads\/2025\/03\/LOGO-WEB.png","contentUrl":"https:\/\/www.fmtrance.com\/online\/wp-content\/uploads\/2025\/03\/LOGO-WEB.png","width":500,"height":500,"caption":"FM TRANCE"},"image":{"@id":"https:\/\/www.fmtrance.com\/online\/#\/schema\/logo\/image\/"},"sameAs":["https:\/\/www.facebook.com\/fmtrance","https:\/\/x.com\/fmtrance","https:\/\/www.instagram.com\/fmtrance"]},{"@type":"Person","@id":"https:\/\/www.fmtrance.com\/online\/#\/schema\/person\/686af7f826dd2f08b36b4760b7dcdddd","name":"Redaccion FM Trance","image":{"@type":"ImageObject","inLanguage":"es-AR","@id":"https:\/\/www.fmtrance.com\/online\/#\/schema\/person\/image\/","url":"https:\/\/secure.gravatar.com\/avatar\/c9d0afa8b0785bea8046a42861739f0a26fb9e8da739ce032e6598dc2981bc38?s=96&r=g","contentUrl":"https:\/\/secure.gravatar.com\/avatar\/c9d0afa8b0785bea8046a42861739f0a26fb9e8da739ce032e6598dc2981bc38?s=96&r=g","caption":"Redaccion FM Trance"},"description":"Fundador y Director general de FM Trance. Nacido el 24 de Septiembre de 1987, en Caballito, Ciudad Autonoma de Buenos Aires. Alguien de Radio desde siempre: ya a los 9 a\u00f1os de edad como radioescucha, sintonizando estaci\u00f3nes de AM, FM, onda corta, TV UHF\/VHF, y dem\u00e1s servicios. Se desempe\u00f1\u00f3 como Operador T\u00e9cnico en diferentes emisoras locales de CABA y GBA, y hasta el dia de hoy sigue ejerciendo desde la parte t\u00e9cnica, realizando trabajos en varias Radios. Egresado del ISER de la carrera de Operador Tecnico de Planta Transmisora, cursando actualmente la carrera de Operador Tecnico de Estudios de Radio en dicha instituci\u00f3n, y flamante radioaficionado (habiendo completado el curso en el Radioclub Buenos Aires), distintiva LU2DBK.","url":"https:\/\/www.fmtrance.com\/online\/author\/fmtrance\/"}]}},"_links":{"self":[{"href":"https:\/\/www.fmtrance.com\/online\/wp-json\/wp\/v2\/posts\/3921","targetHints":{"allow":["GET"]}}],"collection":[{"href":"https:\/\/www.fmtrance.com\/online\/wp-json\/wp\/v2\/posts"}],"about":[{"href":"https:\/\/www.fmtrance.com\/online\/wp-json\/wp\/v2\/types\/post"}],"author":[{"embeddable":true,"href":"https:\/\/www.fmtrance.com\/online\/wp-json\/wp\/v2\/users\/1"}],"replies":[{"embeddable":true,"href":"https:\/\/www.fmtrance.com\/online\/wp-json\/wp\/v2\/comments?post=3921"}],"version-history":[{"count":1,"href":"https:\/\/www.fmtrance.com\/online\/wp-json\/wp\/v2\/posts\/3921\/revisions"}],"predecessor-version":[{"id":3923,"href":"https:\/\/www.fmtrance.com\/online\/wp-json\/wp\/v2\/posts\/3921\/revisions\/3923"}],"wp:featuredmedia":[{"embeddable":true,"href":"https:\/\/www.fmtrance.com\/online\/wp-json\/wp\/v2\/media\/3922"}],"wp:attachment":[{"href":"https:\/\/www.fmtrance.com\/online\/wp-json\/wp\/v2\/media?parent=3921"}],"wp:term":[{"taxonomy":"category","embeddable":true,"href":"https:\/\/www.fmtrance.com\/online\/wp-json\/wp\/v2\/categories?post=3921"},{"taxonomy":"post_tag","embeddable":true,"href":"https:\/\/www.fmtrance.com\/online\/wp-json\/wp\/v2\/tags?post=3921"}],"curies":[{"name":"wp","href":"https:\/\/api.w.org\/{rel}","templated":true}]}}